{"id":1025,"date":"2014-02-03T18:39:20","date_gmt":"2014-02-03T18:39:20","guid":{"rendered":"http:\/\/heidysandovalruiz.com\/?p=1025"},"modified":"2014-02-19T18:10:28","modified_gmt":"2014-02-19T18:10:28","slug":"la-cara-amiga-de-blanca-lidia","status":"publish","type":"post","link":"https:\/\/heidysandovalruiz.com\/?p=1025","title":{"rendered":"La cara amiga de \u00abBlanca Lidia\u00bb"},"content":{"rendered":"<p style=\"text-align: justify;\"><span style=\"color: #333399;\">La \u201c<strong>Cara amiga de los invitados de Heidy\u201d<\/strong>, contin\u00faa en este mes de febrero presentando a figuras del arte guatemalteco que han dejado una huella musical muy importante.\u00a0 En esta oportunidad presento a una int\u00e9rprete caracterizada por su car\u00e1cter alegre y su don de gente.\u00a0 Al estar en el escenario transmite en cada canci\u00f3n esa energ\u00eda, esa pasi\u00f3n que la hecho consentida del p\u00fablico.\u00a0 Ella es <strong>Blanca Lidia<\/strong>, la invitada con la que hoy haremos un recuerdo de aquellos a\u00f1os de sus inicios y de lo que ha pasado durante este tiempo en su vida profesional, su retiro y a qu\u00e9 hace ahora despu\u00e9s de haberse retirado de la actividad art\u00edstica.\u00a0 Doy la bienvenida a Blanca Lidia a este espacio donde se puede decir lo que se quiere y lo que en otros medios no se puede.<\/span><\/p>\n<p style=\"text-align: justify;\"><span style=\"color: #333399;\">Originaria de Santa Luc\u00eda Cotzumalguapa, esta artista decidi\u00f3 un d\u00eda dedicarse al canto y es ella quien nos cuenta cuando sucede esto que le dar\u00eda oportunidades para iniciar una larga carrera art\u00edstica.<\/span><\/p>\n<p style=\"text-align: justify;\"><span style=\"color: #333399;\"><b>C\u00f3mo llegas a ser parte de una de la Orquesta Rojas, una de las m\u00e1s importantes de Guatemala?<\/b> Trabajaba en la \u201cHora Cultural del Ej\u00e9rcito\u201d cuando me llam\u00f3 Guillermo Rojas para integrarme a su orquesta en la que me qued\u00e9 por muchos a\u00f1os y donde por supuesto hice muchos y queridos amigos.<\/span><\/p>\n<p style=\"text-align: justify;\"><span style=\"color: #333399;\"><b>Qu\u00e9 tipo de canciones interpretabas en este grupo?<\/b> Interpretaba de todo pues muchas veces el ambiente era apto para interpretar las canciones alegres de la \u00e9poca y algunas veces los boleros y baladas de moda.<\/span><\/p>\n<figure id=\"attachment_1027\" aria-describedby=\"caption-attachment-1027\" style=\"width: 150px\" class=\"wp-caption alignleft\"><a href=\"https:\/\/heidysandovalruiz.com\/wp-content\/uploads\/2014\/02\/74352_589124497781213_455454334_n.jpg\"><img loading=\"lazy\" decoding=\"async\" class=\"size-thumbnail wp-image-1027 \" alt=\"\" src=\"https:\/\/heidysandovalruiz.com\/wp-content\/uploads\/2014\/02\/74352_589124497781213_455454334_n-150x150.jpg\" width=\"150\" height=\"150\" \/><\/a><figcaption id=\"caption-attachment-1027\" class=\"wp-caption-text\">Compartiendo con Taco y Chal\u00edo<\/figcaption><\/figure>\n<p style=\"text-align: justify;\"><span style=\"color: #333399;\"><b>Qu\u00e9 an\u00e9cdota recuerdas de tu vida musical en esta Orquesta?<\/b> Que no puedo olvidar a mis compa\u00f1eros y con frecuencia nos llamamos y nos reunimos los de la foto.\u00a0\u00a0 Algo \u00a0que no olvido fue que varios de ellos me dijeron que me iba a morir de hambre como crooner. Adi\u00f3s gracias saque a mis hijos con una profesi\u00f3n y tengo donde vivir en Villa Nueva y en Escuintla.<\/span><\/p>\n<p style=\"text-align: justify;\"><span style=\"color: #333399;\"><b>Cu\u00e1l era tu artista preferida y que dijeras\u2026esas canciones las canto yo<\/b>? Por supuesto Celia Cruz, Oscar de Le\u00f3n, Billos Caracas Boys y los Mel\u00f3dicos de Puerto Rico y Venezuela<\/span><\/p>\n<p style=\"text-align: justify;\"><span style=\"color: #333399;\"><b>Crees que hay alguna diferencia entre el p\u00fablico de los sesentas al de nuestros d\u00edas?<\/b> Claro que si\u00a0 aunque depende de la edad y del gusto pero yo sigo con lo m\u00edo, pienso que todo lo que viv\u00ed en esos momentos ha dejado una importante huella en mi vida.<\/span><\/p>\n<figure id=\"attachment_1028\" aria-describedby=\"caption-attachment-1028\" style=\"width: 150px\" class=\"wp-caption alignright\"><a href=\"https:\/\/heidysandovalruiz.com\/wp-content\/uploads\/2014\/02\/228380_175174679203348_2502511_n.jpg\"><img loading=\"lazy\" decoding=\"async\" class=\"size-thumbnail wp-image-1028 \" alt=\"228380_175174679203348_2502511_n\" src=\"https:\/\/heidysandovalruiz.com\/wp-content\/uploads\/2014\/02\/228380_175174679203348_2502511_n-150x150.jpg\" width=\"150\" height=\"150\" \/><\/a><figcaption id=\"caption-attachment-1028\" class=\"wp-caption-text\">Compartiendo con Paola y Lucy<\/figcaption><\/figure>\n<p><b style=\"color: #333399;\">En que otros grupos art\u00edsticos participaste?<\/b><span style=\"color: #333399;\"> A parte de la Orquesta Rojas en la Hora Cultural del Ej\u00e9rcito donde estuve tambi\u00e9n 20 a\u00f1os, y \u00a0grabaciones con India Maya, Uni\u00f3n Ideal \u00a0y como solista mis discos de 45 revoluciones en el grupo de Orlando Men\u00e9ndez Lechuga Q.E.P.D, m\u00fasica de Ger\u00f3nimo Orantes Navas.<\/span><\/p>\n<p style=\"text-align: justify;\"><span style=\"color: #333399;\"><b>Recuerdas c\u00f3mo era el ambiente art\u00edstico a finales de los sesentas?<\/b> Era m\u00e1s tranquilo, hab\u00edan m\u00e1s oportunidades de trabajo en varias empresas y en por supuesto en espacios en la televisi\u00f3n, m\u00e1s uni\u00f3n y caravanas en diferentes departamentos por eso conoc\u00ed todo mi pa\u00eds.<\/span><\/p>\n<p style=\"text-align: justify;\"><span style=\"color: #333399;\"><b>A qu\u00e9 compa\u00f1eros recuerdas y con quienes compartiste el escenario<\/b>? Karim May, Paco C\u00e1ceres, \u00d3scar Paredes, Luis Arnoldo, Alicia Azurdia, \u00c9dgar Alvarado, Daniel Salazar, \u00c1lvaro Torres, Ar\u00edstides Paz, los hermanos Dard\u00f3n y otros m\u00e1s que recuerdo con mucho cari\u00f1o<\/span><\/p>\n<p style=\"text-align: justify;\"><span style=\"color: #333399;\"><b>Amando Parrilla o Jos\u00e9 Ernesto Monz\u00f3n, con cu\u00e1l de estos dos compositores te identificas m\u00e1s?<\/b> Me encantan las composiciones de don Jos\u00e9 Ernesto Monz\u00f3n el Cantor del paisaje.<\/span><\/p>\n<p style=\"text-align: justify;\"><span style=\"color: #333399;\"><b>Tienes buen car\u00e1cter, siempre ha sido as\u00ed?<\/b> A Dios gracias, a trav\u00e9s del tiempo he mejorado y aceptado las cosas de la vida.<\/span><\/p>\n<p style=\"text-align: justify;\"><span style=\"color: #333399;\"><b>Ya retirada del ambiente art\u00edstico que tipo de actividad realizas?<\/b> Trabajo ad honorem\u00a0 con un grupo de adultos y de la tercera edad los lunes, mi\u00e9rcoles y viernes \u00a0en actividades f\u00edsicas jornadas m\u00e9dicas y excursiones, y esto realmente me ha dado la oportunidad de conocer y saber que la vida se divide en etapas, y hoy disfruto lo que realizo.<\/span><\/p>\n<figure id=\"attachment_1029\" aria-describedby=\"caption-attachment-1029\" style=\"width: 150px\" class=\"wp-caption alignleft\"><a href=\"https:\/\/heidysandovalruiz.com\/wp-content\/uploads\/2014\/02\/394834_589124581114538_1624958589_n.jpg\"><img loading=\"lazy\" decoding=\"async\" class=\"size-thumbnail wp-image-1029 \" alt=\"394834_589124581114538_1624958589_n\" src=\"https:\/\/heidysandovalruiz.com\/wp-content\/uploads\/2014\/02\/394834_589124581114538_1624958589_n-150x150.jpg\" width=\"150\" height=\"150\" \/><\/a><figcaption id=\"caption-attachment-1029\" class=\"wp-caption-text\">Hora Cultural de Ejercito<br \/>13 de diciembre de 1974<\/figcaption><\/figure>\n<p style=\"text-align: justify;\"><span style=\"color: #333399;\"><b>Si te invitaran ahora, a hacer un dueto a quien elegir\u00edas y porqu\u00e9 (hombre o mujer)?<\/b> Creo que con cualquier compa\u00f1ero pero en especial con Karim May mi comadre y la que por cierto estoy enterada que ya viene en este mes para compartir contigo muchos aspectos de su carrera art\u00edstica.<\/span><\/p>\n<p style=\"text-align: justify;\"><span style=\"color: #333399;\"><b>Hace 38 a\u00f1os fue el terremoto, d\u00f3nde te encontrabas y que hiciste?<\/b> En mi casa con mis hijos y sal\u00ed corriendo jajajajajaja<\/span><\/p>\n<figure id=\"attachment_1030\" aria-describedby=\"caption-attachment-1030\" style=\"width: 150px\" class=\"wp-caption alignright\"><a href=\"https:\/\/heidysandovalruiz.com\/wp-content\/uploads\/2014\/02\/247089_173016066088840_6992210_n.jpg\"><img loading=\"lazy\" decoding=\"async\" class=\"size-thumbnail wp-image-1030 \" alt=\"247089_173016066088840_6992210_n\" src=\"https:\/\/heidysandovalruiz.com\/wp-content\/uploads\/2014\/02\/247089_173016066088840_6992210_n-150x150.jpg\" width=\"150\" height=\"150\" \/><\/a><figcaption id=\"caption-attachment-1030\" class=\"wp-caption-text\">Con Paola y Karim May<\/figcaption><\/figure>\n<p style=\"text-align: justify;\"><span style=\"color: #333399;\">Ha sido para m\u00ed un gran gusto conversar contigo y conocer m\u00e1s de cerca tu trayectoria art\u00edstica, gracias por aceptar ser parte de \u201c<b>Los invitados de Heidy\u201d.<\/b><\/span><\/p>\n<p>&nbsp;<\/p>\n<p>&nbsp;<\/p>\n<p>&nbsp;<\/p>\n<p><strong>Les invitamos a darle me gusta a nuestras Fan Page<\/strong><\/p>\n<p>\u00abGala de la Canci\u00f3n Guatemalteca\u00bb y \u00abLos invitados de Heidy\u00bb<\/p>\n<p><a title=\"Gala de la Canci\u00f3n Guatemalteca\" href=\"http:\/\/on.fb.me\/1kXE6cH\">http:\/\/on.fb.me\/1kXE6cH<\/a><\/p>\n<p><a title=\"Los invitados de Heidy\" href=\"http:\/\/on.fb.me\/1cnno1t\">http:\/\/on.fb.me\/1cnno1t<\/a><\/p>\n<p style=\"text-align: justify;\"><em><strong><span style=\"color: #333399;\">Entrevista Realizada por Heidy Sandoval Ruiz<\/span><\/strong><\/em><\/p>\n","protected":false},"excerpt":{"rendered":"<div class=\"mh-excerpt\"><p>La \u201cCara amiga de los invitados de Heidy\u201d, contin\u00faa en este mes de febrero presentando a figuras del arte guatemalteco que han dejado una huella <a class=\"mh-excerpt-more\" href=\"https:\/\/heidysandovalruiz.com\/?p=1025\" title=\"La cara amiga de \u00abBlanca Lidia\u00bb\">[&#8230;]<\/a><\/p>\n<\/div>","protected":false},"author":4,"featured_media":1026,"comment_status":"closed","ping_status":"closed","sticky":false,"template":"","format":"standard","meta":{"footnotes":""},"categories":[16],"tags":[80],"class_list":["post-1025","post","type-post","status-publish","format-standard","has-post-thumbnail","hentry","category-la-cara-amiga","tag-la-cara-amiga-de-blanca-lidia"],"_links":{"self":[{"href":"https:\/\/heidysandovalruiz.com\/index.php?rest_route=\/wp\/v2\/posts\/1025","targetHints":{"allow":["GET"]}}],"collection":[{"href":"https:\/\/heidysandovalruiz.com\/index.php?rest_route=\/wp\/v2\/posts"}],"about":[{"href":"https:\/\/heidysandovalruiz.com\/index.php?rest_route=\/wp\/v2\/types\/post"}],"author":[{"embeddable":true,"href":"https:\/\/heidysandovalruiz.com\/index.php?rest_route=\/wp\/v2\/users\/4"}],"replies":[{"embeddable":true,"href":"https:\/\/heidysandovalruiz.com\/index.php?rest_route=%2Fwp%2Fv2%2Fcomments&post=1025"}],"version-history":[{"count":5,"href":"https:\/\/heidysandovalruiz.com\/index.php?rest_route=\/wp\/v2\/posts\/1025\/revisions"}],"predecessor-version":[{"id":1177,"href":"https:\/\/heidysandovalruiz.com\/index.php?rest_route=\/wp\/v2\/posts\/1025\/revisions\/1177"}],"wp:featuredmedia":[{"embeddable":true,"href":"https:\/\/heidysandovalruiz.com\/index.php?rest_route=\/wp\/v2\/media\/1026"}],"wp:attachment":[{"href":"https:\/\/heidysandovalruiz.com\/index.php?rest_route=%2Fwp%2Fv2%2Fmedia&parent=1025"}],"wp:term":[{"taxonomy":"category","embeddable":true,"href":"https:\/\/heidysandovalruiz.com\/index.php?rest_route=%2Fwp%2Fv2%2Fcategories&post=1025"},{"taxonomy":"post_tag","embeddable":true,"href":"https:\/\/heidysandovalruiz.com\/index.php?rest_route=%2Fwp%2Fv2%2Ftags&post=1025"}],"curies":[{"name":"wp","href":"https:\/\/api.w.org\/{rel}","templated":true}]}}