{"id":1039,"date":"2014-02-04T17:55:15","date_gmt":"2014-02-04T17:55:15","guid":{"rendered":"http:\/\/heidysandovalruiz.com\/?p=1039"},"modified":"2014-02-19T18:07:41","modified_gmt":"2014-02-19T18:07:41","slug":"visite-la-pagina-web-de-la-apg","status":"publish","type":"post","link":"https:\/\/heidysandovalruiz.com\/?p=1039","title":{"rendered":"Visite la p\u00e1gina web de la APG"},"content":{"rendered":"<p style=\"text-align: justify;\"><span style=\"color: #003366;\">La Junta Directiva de la Asociaci\u00f3n de Periodista de Guatemala, APG,\u00a0 presidida por el Licenciado Hugo Rolando L\u00f3pez, present\u00f3 recientemente su p\u00e1gina web, por lo que invitamos a quienes nos leen para que visiten\u00a0 <a href=\"http:\/\/apg-gt.org\"><span style=\"color: #003366;\">http:\/\/apg-gt.org<\/span><\/a> y se enteren de las actividades, historia, comunicados entre otros.<\/span><\/p>\n<p><span style=\"color: #003366;\"><b>Junta Directiva 2014-2015<\/b><\/span><\/p>\n<ul>\n<li><span style=\"color: #003366;\">Hugo Rolando L\u00f3pez-Presidente<\/span><\/li>\n<li><span style=\"color: #003366;\">V\u00edctor Manuel Ram\u00edrez-Vice-Presidente<\/span><\/li>\n<li><span style=\"color: #003366;\">Leonel Estrada Furl\u00e1n- Director Primero<\/span><\/li>\n<li><span style=\"color: #003366;\">Ofelia Calder\u00f3n de Titus-Director Segundo<\/span><\/li>\n<li><span style=\"color: #003366;\">Rony Osorio-Director Tercero<\/span><\/li>\n<li><span style=\"color: #003366;\">Ricardo Valladares-Director Cuarto<\/span><\/li>\n<li><span style=\"color: #003366;\">Secretario-Rafael Ca\u00f1as<\/span><\/li>\n<li><span style=\"color: #003366;\">Pro-Secretario-Sa\u00fal David Oliva<\/span><\/li>\n<li><span style=\"color: #003366;\">Favio Hern\u00e1ndez-Tesorero<\/span><\/li>\n<\/ul>\n<p>&nbsp;<\/p>\n<p><strong>Les invitamos a darle me gusta a nuestras Fan Page<\/strong><\/p>\n<p>\u00abGala de la Canci\u00f3n Guatemalteca\u00bb y \u00abLos invitados de Heidy\u00bb<\/p>\n<p><a title=\"Gala de la Canci\u00f3n Guatemalteca\" href=\"http:\/\/on.fb.me\/1kXE6cH\">http:\/\/on.fb.me\/1kXE6cH<\/a><\/p>\n<p><a title=\"Los invitados de Heidy\" href=\"http:\/\/on.fb.me\/1cnno1t\">http:\/\/on.fb.me\/1cnno1t<\/a><\/p>\n","protected":false},"excerpt":{"rendered":"<div class=\"mh-excerpt\"><p>La Junta Directiva de la Asociaci\u00f3n de Periodista de Guatemala, APG,\u00a0 presidida por el Licenciado Hugo Rolando L\u00f3pez, present\u00f3 recientemente su p\u00e1gina web, por lo <a class=\"mh-excerpt-more\" href=\"https:\/\/heidysandovalruiz.com\/?p=1039\" title=\"Visite la p\u00e1gina web de la APG\">[&#8230;]<\/a><\/p>\n<\/div>","protected":false},"author":4,"featured_media":1042,"comment_status":"closed","ping_status":"closed","sticky":false,"template":"","format":"standard","meta":{"footnotes":""},"categories":[5],"tags":[],"class_list":["post-1039","post","type-post","status-publish","format-standard","has-post-thumbnail","hentry","category-entrevistas"],"_links":{"self":[{"href":"https:\/\/heidysandovalruiz.com\/index.php?rest_route=\/wp\/v2\/posts\/1039","targetHints":{"allow":["GET"]}}],"collection":[{"href":"https:\/\/heidysandovalruiz.com\/index.php?rest_route=\/wp\/v2\/posts"}],"about":[{"href":"https:\/\/heidysandovalruiz.com\/index.php?rest_route=\/wp\/v2\/types\/post"}],"author":[{"embeddable":true,"href":"https:\/\/heidysandovalruiz.com\/index.php?rest_route=\/wp\/v2\/users\/4"}],"replies":[{"embeddable":true,"href":"https:\/\/heidysandovalruiz.com\/index.php?rest_route=%2Fwp%2Fv2%2Fcomments&post=1039"}],"version-history":[{"count":2,"href":"https:\/\/heidysandovalruiz.com\/index.php?rest_route=\/wp\/v2\/posts\/1039\/revisions"}],"predecessor-version":[{"id":1174,"href":"https:\/\/heidysandovalruiz.com\/index.php?rest_route=\/wp\/v2\/posts\/1039\/revisions\/1174"}],"wp:featuredmedia":[{"embeddable":true,"href":"https:\/\/heidysandovalruiz.com\/index.php?rest_route=\/wp\/v2\/media\/1042"}],"wp:attachment":[{"href":"https:\/\/heidysandovalruiz.com\/index.php?rest_route=%2Fwp%2Fv2%2Fmedia&parent=1039"}],"wp:term":[{"taxonomy":"category","embeddable":true,"href":"https:\/\/heidysandovalruiz.com\/index.php?rest_route=%2Fwp%2Fv2%2Fcategories&post=1039"},{"taxonomy":"post_tag","embeddable":true,"href":"https:\/\/heidysandovalruiz.com\/index.php?rest_route=%2Fwp%2Fv2%2Ftags&post=1039"}],"curies":[{"name":"wp","href":"https:\/\/api.w.org\/{rel}","templated":true}]}}