{"id":1065,"date":"2014-02-10T19:00:26","date_gmt":"2014-02-10T19:00:26","guid":{"rendered":"http:\/\/heidysandovalruiz.com\/?p=1065"},"modified":"2014-02-19T18:06:38","modified_gmt":"2014-02-19T18:06:38","slug":"la-cara-amiga-de-mellina","status":"publish","type":"post","link":"https:\/\/heidysandovalruiz.com\/?p=1065","title":{"rendered":"La cara amiga de \u00abMellina\u00bb"},"content":{"rendered":"<p style=\"text-align: justify;\"><span style=\"color: #000080;\">Hoy en \u201c<b>La cara amiga de los invitados de Heidy<\/b>\u201d, conversaremos con una int\u00e9rprete que nos encant\u00f3 con su estilo desde que la escuchamos en las diferentes radios, ella es\u00a0<b>Mellina<\/b>\u00a0quien surgi\u00f3 en el programa Campi\u00f1a de Canal 11 y de all\u00ed se le abrieron las puertas para presentarse en los mejores hoteles y night clubs de la \u00e9poca.\u00a0\u00a0Varios reconocimientos entre ellos el que la APG le otorg\u00f3 en\u00a01982\u00a0como cantante destacada.\u00a0\u00a0Mujer, madre y artista,\u00a0\u00a0ha sabido combinar las tres cosas perfectamente y hoy reside en Chicago desde hace varios a\u00f1os.<em><\/em><\/span><\/p>\n<p style=\"text-align: justify;\"><span style=\"color: #000080;\">Doy la bienvenida a Mellina a este espacio, donde se puede decir lo que se quiere y lo que en otros medios no se puede.<\/span><\/p>\n<p style=\"text-align: justify;\"><span style=\"color: #000080;\">Primero que nada d\u00e9jame darte las gracias Heidy,\u00a0\u00a0por la oportunidad que me das de compartir contigo, con tus seguidores\u00a0\u00a0y los amantes del arte nacional en este espacio que los mantendr\u00e1 informados\u00a0\u00a0y actualizados de lo que pasa con nosotros los artistas.<\/span><\/p>\n<p style=\"text-align: justify;\"><span style=\"color: #000080;\">Gracias Mellina y pues ustedes saben que este espacio se hace con cari\u00f1o para mantener de alguna manera vigente la vida de cada artista que quiera compartir sus inquietudes.\u00a0\u00a0Pero bueno damos inicio a esta entrevista que les aseguro est\u00e1 llena de muchos recuerdos.<\/span><\/p>\n<p style=\"text-align: justify;\"><span style=\"color: #000080;\"><b>Sin duda alguna tu ni\u00f1ez marc\u00f3 algo muy importante en tu vida, c\u00f3mo fue que llegas a Buscando Estrellas?\u00a0<\/b>D\u00e9jame\u00a0\u00a0regresar en el tiempo\u2026. Los primeros recuerdos que tengo se remontan a mis 5 o 6 a\u00f1os de edad,\u00a0\u00a0cantando en reuniones familiares o de amigos de mis padres, aprend\u00ed\u00a0\u00a0muchas canciones que le gustaban a mi madre y nunca olvido que sol\u00eda cantar:<\/span><\/p>\n<p style=\"text-align: justify;\"><span style=\"color: #000080;\">\u201cEn una casita chiquita y muy blanca, camino del Puerto de Santa Mar\u00eda, habita y una vieja muy buena y muy santa , muy buena y muy santa que es la madre m\u00eda \u201d.\u00a0\u00a0Tambi\u00e9n\u00a0\u00a0recuerdo El Polichinela, sol\u00edamos cantarlo con mi hermana Sandra, nos vest\u00edan id\u00e9nticas y hac\u00edamos un peque\u00f1o show, era divertido. Luego\u00a0\u00a0mi hermana mayor\u00a0\u00a0Mayra tendr\u00eda\u00a0\u00a015 a\u00f1os y cantaba y hacia fono m\u00edmicas,\u00a0\u00a0fue ella quien nos inicio en la T.V en el programa\u00a0\u00a0\u201cArtistas Nacionales\u201d\u00a0\u00a0que posteriormente se llam\u00f3 \u201cBuscando Estrellas\u201d yo tendr\u00eda 9 a\u00f1os.<\/span><\/p>\n<p style=\"text-align: justify;\"><span style=\"color: #000080;\"><b><a href=\"https:\/\/heidysandovalruiz.com\/wp-content\/uploads\/2014\/02\/8917763.jpg\"><img loading=\"lazy\" decoding=\"async\" class=\"size-thumbnail wp-image-1072 alignleft\" alt=\"8917763\" src=\"https:\/\/heidysandovalruiz.com\/wp-content\/uploads\/2014\/02\/8917763-150x150.jpg\" width=\"150\" height=\"150\" \/><\/a>Qu\u00e9 recuerdos tienes\u00a0\u00a0de los programas de\u00a0\u00a0T.V.\u00a0\u00a0de los 60\u2019s especialmente de Campi\u00f1a?<\/b>\u00a0\u00a0Ser\u00eda 1965 o 66\u00a0\u00a0Cuando empezamos en T.V. en Artistas Nacionales (Buscando Estrellas)\u00a0\u00a0\u00a0Recuerdo que\u00a0\u00a0\u00e9ramos\u00a0\u00a04 ni\u00f1as formando el cuerpo de baile de mi hermana mayor, dos amigas hermanas, Anabela\u00a0\u00a0y\u00a0\u00a0Anahi, mi hermana Sandra y yo, ensay\u00e1bamos muy duro toda la semana para actuar los s\u00e1bados en el show que conduc\u00eda Jorge M\u00e9ndez, recuerdo a Jorgito Qui\u00f1ones pint\u00e1ndonos las piernas con rallas blanco y negro, como calcetas o botas altas, nos peinaban y maquillaban muy bonito, y al final luc\u00edamos muy bien.\u00a0\u00a0Recuerdo la m\u00fasica de Roc\u00edo D\u00farcal en sus inicios, aquella canci\u00f3n de\u00a0\u00a0Mi Sombrero Viejecito,\u00a0\u00a0no la olvido\u00a0\u00a0hasta la fecha, Pili y Mili,\u00a0\u00a0te acuerdas? Bueno yo crec\u00ed escuchando\u00a0\u00a0esa m\u00fasica. Creo que la T.V. era todav\u00eda, blanco y negro y si no me equivoco el productor era Julio Cesar del Valle.<\/span><\/p>\n<p style=\"text-align: justify;\"><span style=\"color: #000080;\">El programa Campi\u00f1a, es otra historia, d\u00e9jame contarte. Yo estudi\u00e9 en Quetzaltenango parte de mi primaria y secundaria durante la cual fui adquiriendo experiencia art\u00edstica ya que no perd\u00eda oportunidad de participar en eventos y competencias art\u00edsticas, as\u00ed fue como ingres\u00e9 al Grupo Folkl\u00f3rico Sigu\u00e1n Tinimit como solista, adquir\u00ed gran experiencia esc\u00e9nica\u00a0\u00a0con ellos\u00a0\u00a0actuando\u00a0\u00a0por todo el pa\u00eds y por toda Centro Am\u00e9rica.<\/span><\/p>\n<p style=\"text-align: justify;\"><span style=\"color: #000080;\">En 1975 me gradu\u00e9 de secretaria en el Colegio La Patria, en ese tiempo viv\u00eda en casa de mi t\u00eda Esther, ella fue como una madre para m\u00ed, la quise mucho pero yo\u00a0\u00a0estaba decidida a luchar por mis sue\u00f1os,\u00a0\u00a0mi familia no apoyaba mi idea de ser artista\u00a0\u00a0por eso me escap\u00e9 de la casa y me fui a la capital, s\u00e9 que no fue lo correcto pero no ten\u00eda otra alternativa.\u00a0\u00a0\u00a0Empec\u00e9 trabajando\u00a0\u00a0como secretaria,\u00a0\u00a0para 1977 o 78 trabajaba\u00a0\u00a0en\u00a0\u00a0la agencia publicitaria Publinta.\u00a0\u00a0Sale la oportunidad de participar en el\u00a0\u00a0concurso de canto en Campi\u00f1a y\u00a0\u00a0al mismo tiempo\u00a0\u00a0mi jefe Francis Ram\u00edrez\u00a0\u00a0de la\u00a0\u00a0agencia publicitaria\u00a0\u00a0me consigue la oportunidad de cantar por\u00a0\u00a0primera vez\u00a0\u00a0en el Night Club de mas categor\u00eda en aquel entonces,\u00a0\u00a0Bonapart, para ser exacta.<a href=\"https:\/\/heidysandovalruiz.com\/wp-content\/uploads\/2014\/02\/Scan00261.jpg\"><img loading=\"lazy\" decoding=\"async\" class=\"size-thumbnail wp-image-1077 alignleft\" alt=\"Scan00261\" src=\"https:\/\/heidysandovalruiz.com\/wp-content\/uploads\/2014\/02\/Scan00261-150x150.jpg\" width=\"150\" height=\"150\" \/><\/a> <\/span><\/p>\n<p style=\"text-align: justify;\"><span style=\"color: #000080;\">Por esa raz\u00f3n, ya\u00a0\u00a0no pude continuar en el concurso de canto en Campi\u00f1a pues se corri\u00f3 la voz entre los participantes que protestaron ( no todos pero algunos),\u00a0\u00a0alegando que yo ya era una profesional,\u00a0\u00a0al final\u00a0\u00a0\u00a0gracias a eso, Campi\u00f1a me contrat\u00f3 como una de sus artistas exclusivas por largo tiempo.\u00a0\u00a0\u00a0All\u00ed conoc\u00ed a muchos de mis amigos cantantes como Roberto Rey, Mar\u00eda Velazco, Linda Sard\u00e1,\u00a0\u00a0entre otros y a los formidables hermanos Duarte quienes musicalmente me apoyaron much\u00edsimo.<\/span><\/p>\n<p style=\"text-align: justify;\"><span style=\"color: #000080;\"><b>Jorge M\u00e9ndez, Chalo Hern\u00e1ndez y Julio C\u00e9sar del Valle tuvieron alguna conexi\u00f3n en tu carrera?<\/b>\u00a0\u00a0Como te dec\u00eda, Campi\u00f1a fue mi reencuentro con las c\u00e1maras de T.V, pero esta vez yo ten\u00eda conciencia, metas y sue\u00f1os que cumplir.\u00a0\u00a0Jorge M\u00e9ndez, Julio Cesar del Valle\u00a0\u00a0y Jorge Qui\u00f1ones,\u00a0\u00a0a quienes recuerdo siempre con cari\u00f1o, fueron como mis padrinos, mis c\u00f3mplices, mis gu\u00edas, en esa nueva aventura art\u00edstica. <\/span><\/p>\n<p><span style=\"color: #000080;\">Me presentaba creo que cada dos semanas en el show y ensayaba\u00a0\u00a0mucho durante la semana.\u00a0\u00a0Campi\u00f1a\u00a0\u00a0fue mi escuela y ellos fueron mis maestros,\u00a0\u00a0les debo mucho de mi carrera, siempre tuvieron palabras de aliento\u00a0\u00a0y sabios consejos, me dieron \u00e1nimo\u00a0\u00a0para seguir adelante y luchar por lo que amaba, como olvidarlos? Imposible. Con\u00a0\u00a0Chalo Hern\u00e1ndez casi no tuve relaci\u00f3n art\u00edstica, o al menos no algo que me marcara. Pero si hubo otras personas que\u00a0\u00a0me apoyaron a trav\u00e9s de mi carrera como: Carlos de Triana, Edgar Gudiel, Pepe Estrada, V\u00edctor Manuel Chinchilla, Eduardo Bocaletti, Jorge Sierra, Cesar Romero y muchas personas m\u00e1s del medio radial y escrito a quienes los guardo en mi coraz\u00f3n.<a href=\"https:\/\/heidysandovalruiz.com\/wp-content\/uploads\/2014\/02\/2367605.jpg\"><img loading=\"lazy\" decoding=\"async\" class=\"size-thumbnail wp-image-1069 alignright\" alt=\"2367605\" src=\"https:\/\/heidysandovalruiz.com\/wp-content\/uploads\/2014\/02\/2367605-150x150.jpg\" width=\"150\" height=\"150\" srcset=\"https:\/\/heidysandovalruiz.com\/wp-content\/uploads\/2014\/02\/2367605-150x150.jpg 150w, https:\/\/heidysandovalruiz.com\/wp-content\/uploads\/2014\/02\/2367605.jpg 252w\" sizes=\"auto, (max-width: 150px) 100vw, 150px\" \/><\/a><\/span><\/p>\n<p style=\"text-align: justify;\"><span style=\"color: #000080;\"><b>Cu\u00e1l fue tu primer \u00e9xito que suena\u00a0\u00a0en la radio y te lanza a la popularidad?<\/b>\u00a0\u00a0Para 1979, grab\u00e9 mi primer disco gracias a un fan, una persona maravillosa que desinteresadamente me brind\u00f3 su apoyo y me dio el impulso de dar este paso adelante.\u00a0\u00a0Grab\u00e9 dos temas m\u00edos, \u201cTe vas amor\u201d y \u201cLa lluvia\u201d, el director musical fue Vinicio Quezada en unos estudios de la zona 12. No fue un gran \u00e9xito pero logr\u00f3 sonar en la radio, pero mi segundo sencillo \u201cSi quieres verme llorar\u201d fue el que realmente me abri\u00f3 las puertas de la popularidad en Guatemala y en otros pa\u00edses.<\/span><\/p>\n<p style=\"text-align: justify;\"><span style=\"color: #000080;\"><b>En qu\u00e9 lugares de moda te presentabas?<\/b>\u00a0Como coment\u00e9 anteriormente, el primer lugar donde me present\u00e9 se llamaba BONAPART,\u00a0\u00a0era un centro nocturno precioso, de primera categor\u00eda\u00a0\u00a0muy selecto. Pude compartir con grandes estrellas como Sara Montiel de Espa\u00f1a, Ib\u00f3n Naranjo de Puerto Rico, El Grupo Light House de M\u00e9xico entre otros. Despu\u00e9s de eso lleg\u00f3 una seria de presentaciones por todos los lugares de moda y hoteles del pa\u00eds, para nombrarte algunos dir\u00e9:<\/span><\/p>\n<ul>\n<li><span style=\"color: #000080;\">Barrocos, aqu\u00ed compart\u00ed experiencias con Daniel Salazar y M\u00f3nica Jos\u00e9, dos grandes voces de Guatemala.<\/span><\/li>\n<li><span style=\"color: #000080;\">Bombijou, donde por largo tiempo compart\u00ed con \u00c1lvaro Torres, Eddy Riva y Alex de Guatemala.<\/span><\/li>\n<li><span style=\"color: #000080;\">Friend\u2019s, aqu\u00ed compart\u00ed con mi gran amigo Rodolfo Yela y con Mariel Castro.<\/span><\/li>\n<li><span style=\"color: #000080;\">Regin\u2019s en la Av. La Reforma, era un precioso lugar, compart\u00ed con Julio Enrique, Roberto Rey.<\/span><\/li>\n<li><span style=\"color: #000080;\">El Kayuko, en Baja Mar, aqu\u00ed compart\u00ed con Valentino de Espa\u00f1a.<\/span><\/li>\n<li><span style=\"color: #000080;\">Boleriiiiiiisimo, que recuerdos tan bellos tengo de este lugar, compart\u00ed con Hansel gran pianista, cantante y compositor.<\/span><\/li>\n<li><span style=\"color: #000080;\">Blue Night Cocktails, Los A\u00f1os Maravillos, Okland\u2019s, Oracios Restaurante, Grillos Night Bar, Hotel del Centro en Bar Los Arcos, Bar El Refugio del Hotel Sheraton, Bar Biltmore del Hotel Camino Real entre otros.<\/span><\/li>\n<\/ul>\n<p style=\"text-align: justify;\"><span style=\"color: #000080;\"><b><a href=\"https:\/\/heidysandovalruiz.com\/wp-content\/uploads\/2014\/02\/6944546.jpg\"><img loading=\"lazy\" decoding=\"async\" class=\"size-thumbnail wp-image-1071 alignleft\" alt=\"6944546\" src=\"https:\/\/heidysandovalruiz.com\/wp-content\/uploads\/2014\/02\/6944546-150x150.jpg\" width=\"150\" height=\"150\" \/><\/a>Con que sello haces tus grabaciones y cuantos discos tienes en tu haber?<\/b>\u00a0mi amigo fan era\u00a0\u00a0vecino y amigo de la disquera\u00a0\u00a0Dideca\u00a0\u00a0que en ese tiempo estaba localizada en la 12 calle de la zona 1. Cuando grabamos mi primer disco \u00e9l fue quien me quien me hizo el contacto (que Dios lo bendiga donde quiera que est\u00e9, el fue mi \u00e1ngel). Fue as\u00ed como yo logr\u00e9 entrar\u00a0\u00a0en Dideca y para el 80 grab\u00e9 mi segundo disco \u201cSi Quieres verme Llorar\u201d ( cover del original de Liza L\u00f3pez) que fue un gran \u00e9xito. Por supuesto tengo que agradecer el apoyo que me dio la radio en Guatemala, fue incre\u00edble.<\/span><\/p>\n<p style=\"text-align: justify;\"><span style=\"color: #000080;\">Dideca se convirti\u00f3 en mi casa disquera a partir de 1980, grabe varios sencillos<\/span><\/p>\n<p style=\"text-align: justify;\"><span style=\"color: #000080;\">\u00a01. Si Quieres verme Llorar\/Johnny Rivera<\/span><\/p>\n<p style=\"text-align: justify;\"><span style=\"color: #000080;\">2. Liberada de tu amor\/Alex de Guatemala<\/span><\/p>\n<p style=\"text-align: justify;\"><span style=\"color: #000080;\">3. Lo Siento\/\u00c1lvaro Torres<\/span><\/p>\n<p style=\"text-align: justify;\"><span style=\"color: #000080;\">4. Amor no te guardo rencor\/Rivas<\/span><\/p>\n<p style=\"text-align: justify;\"><span style=\"color: #000080;\">5. Lanza perfumes\/Rita Lee, Roberto de Carballo\/Lee Armstrong<\/span><\/p>\n<p style=\"text-align: justify;\"><span style=\"color: #000080;\">6. Que me dej\u00f3 tu amor\/Lilo Campos<\/span><\/p>\n<p style=\"text-align: justify;\"><span style=\"color: #000080;\">7. Amor de mis Sue\u00f1os\/KC Porter<\/span><\/p>\n<p style=\"text-align: justify;\"><span style=\"color: #000080;\">8 .Nada de mi\/KC Porter<\/span><\/p>\n<p style=\"text-align: justify;\"><span style=\"color: #000080;\">9. Posteriormente grab\u00e9 un LP con diez temas 100% nacionales de compositores como Chito Ordo\u00f1ez, Rodolfo Castillo, KC Porter, Rafael Dom\u00ednguez, entre otros.\u00a0\u00a0Luego discos sencillos.<\/span><\/p>\n<p style=\"text-align: justify;\"><span style=\"color: #000080;\">10. Me hiciste cambiar\/Mellina<\/span><\/p>\n<p style=\"text-align: justify;\"><span style=\"color: #000080;\">11. Momentos\/Mellina y Karin Rivas<\/span><\/p>\n<p style=\"text-align: justify;\"><span style=\"color: #000080;\">12. Como te va<\/span><\/p>\n<p style=\"text-align: justify;\"><span style=\"color: #000080;\">13. Libertad<\/span><\/p>\n<p style=\"text-align: justify;\"><span style=\"color: #000080;\">13. Hogar dulce hogar\/\u00c1lvaro Torres<\/span><\/p>\n<p style=\"text-align: justify;\"><span style=\"color: #000080;\">14. No te cambiaria por nadie\/Mellina<\/span><\/p>\n<p style=\"text-align: justify;\"><span style=\"color: #000080;\">M\u00e1s adelante grabe varios temas por mi cuenta\u00a0\u00a0y Saque un CD con temas que fueron \u00e9xitos y algunos\u00a0\u00a0nuevos, entre ellos<\/span><\/p>\n<p style=\"text-align: justify;\"><span style=\"color: #000080;\">15. No puede ser\/ Hansel<\/span><\/p>\n<p style=\"text-align: justify;\"><span style=\"color: #000080;\">16. Gracias madre M\u00eda\/Mellina<\/span><\/p>\n<p style=\"text-align: justify;\"><span style=\"color: #000080;\">17. Como sombra tras de mi<\/span><\/p>\n<p style=\"text-align: justify;\"><span style=\"color: #000080;\">18. Drogas No\/Vicente Ferrer\/Mellina<\/span><\/p>\n<p style=\"text-align: justify;\"><span style=\"color: #000080;\">Tambi\u00e9n me ha gustado mucho escribir m\u00fasica infantil, \u201cDel Color del amor\u201d, gano el 2\u00ba lugar en un festival\u00a0\u00a0\u00a0de Televisiete dirigido por Luis Pellecer\u00a0\u00a0y grab\u00e9 algunos temas\u00a0\u00a0como:<\/span><\/p>\n<p style=\"text-align: justify;\"><span style=\"color: #000080;\">19. A ritmo de Gol,\u00a0\u00a0la escrib\u00ed especialmente para mi hijo Rolando cuando el tenia como 8 a\u00f1os.<\/span><\/p>\n<p style=\"text-align: justify;\"><span style=\"color: #000080;\">20. Papas Fritas, Tema que hice para mi hija Gaby cuando ella ten\u00eda como 5 a\u00f1itos.<\/span><\/p>\n<p style=\"text-align: justify;\"><span style=\"color: #000080;\"><b>Tuviste representante o tu misma manejabas tu carrera?<\/b>\u00a0\u00a0No, siempre me contactaron directamente o a trav\u00e9s de mi disquera y algunas veces a trav\u00e9s de lugares donde me presentaba\u00a0\u00a0pero realmente no se acostumbraba a excepci\u00f3n de presentaciones fuera del pa\u00eds.<\/span><\/p>\n<p style=\"text-align: justify;\"><span style=\"color: #000080;\"><b>C\u00f3mo recuerdas la vida nocturna en Guatemala?<\/b>\u00a0\u00a0Creo que todav\u00eda tuve suerte, era una \u00e9poca muy bella, hab\u00edan muchos lugares para escoger\u00a0\u00a0donde pasar un buen rato, relajarte, bailar y cantar\u00a0\u00a0al ritmo latino. No hab\u00eda tanta violencia ni peligro como ahora. La vida nocturna a nivel art\u00edstico era una gran fuente de trabajo para miles de personas.\u00a0\u00a0Muchas\u00a0\u00a0oportunidades\u00a0\u00a0para los artistas y m\u00fasicos durante la noche. Hab\u00eda m\u00e1s entretenimiento\u00a0\u00a0para ofrecer al turista local y extranjero y una\u00a0\u00a0gran fuente de diversi\u00f3n y cultura musical para nuestra gente.<a href=\"https:\/\/heidysandovalruiz.com\/wp-content\/uploads\/2014\/02\/4034257.jpg\"><img loading=\"lazy\" decoding=\"async\" class=\"size-thumbnail wp-image-1070 alignright\" alt=\"4034257\" src=\"https:\/\/heidysandovalruiz.com\/wp-content\/uploads\/2014\/02\/4034257-150x150.jpg\" width=\"150\" height=\"150\" \/><\/a><\/span><\/p>\n<p style=\"text-align: justify;\"><span style=\"color: #000080;\"><b>Cu\u00e1l de las canciones que interpretaste\u00a0 recuerdas con m\u00e1s cari\u00f1o y porque?<\/b>\u00a0 Es una pregunta dif\u00edcil de contestar\u00a0 pues todas y cada una de ellas tiene una historia o algo que las hace\u00a0 especiales.\u00a0 Las canciones\u00a0\u00a0 como tus hijos, no puedes querer m\u00e1s a uno que a otro, a todas las quiero por igual. Pero si tengo que decir algo dir\u00e9 que \u201cSi Quieres verme llorar\u201d definitivamente marco mi vida hasta el d\u00eda de hoy\u00a0 pues fue la llave para abrir muchas puertas en el dif\u00edcil mundo del espect\u00e1culo. \u201cLo siento\u201d de \u00c1lvaro Torres fue como un sello de una gran amistad\u00a0 que nos une hasta la fecha.\u00a0 \u201cAmor de mis sue\u00f1os\u201d y \u201cNada de m\u00ed\u201d, un orgullo haber podido grabar la m\u00fasica de K.C. Porter quien ahora est\u00e1 en la cima y es casi inalcanzable.<\/span><\/p>\n<p style=\"text-align: justify;\"><span style=\"color: #000080;\"><b>Acompa\u00f1ada de grupo, orquesta o mariachi, cu\u00e1l es tu preferido?<\/b>\u00a0Cantar acompa\u00f1ada de una gran orquesta es sencillamente espectacular, adoro los violines, las trompetas y otros instrumentos que llenan los sentidos y tocan las fibras m\u00e1s profundas del alma, pero es como m\u00e1s responsabilidad, mas profesionalismo.\u00a0\u00a0Cantar con mariachi ha sido una experiencia fabulosa, he ganado\u00a0\u00a0versatilidad y dominio en este g\u00e9nero musical.\u00a0\u00a0Cantar con grupo es definitivamente\u00a0\u00a0mi preferido, me da la sensaci\u00f3n de libertad en el escenario, me siento m\u00e1s segura y confiada. Adem\u00e1s me da la oportunidad de improvisar\u00a0\u00a0e\u00a0\u00a0interactuar\u00a0\u00a0con el p\u00fablico jugando musicalmente. Es definitivamente\u00a0\u00a0m\u00e1s relajado.<\/span><\/p>\n<p style=\"text-align: justify;\"><span style=\"color: #000080;\">C<b>on que artistas internacionales compartiste escenario?<\/b>\u00a0Much\u00edsimos, pero te puedo mencionar algunos de los m\u00e1s conocidos, Sarita Montiel,\u00a0\u00a0Pedro Pardo, Miguel Gallardo, Dyango , Ang\u00e9lica Mar\u00eda, Nidia Caro, Mar\u00eda Marta Serra Lima, \u00c1lvaro Torres, Los Chamos, Alberto Cort\u00e9z, entre muchos.<\/span><\/p>\n<p style=\"text-align: justify;\"><span style=\"color: #000080;\"><b>De los artistas de tu \u00e9poca a quienes recuerdas con cari\u00f1o?<\/b>\u00a0A todos, los 80\u201ds y 90\u201ds fueron los mejores a\u00f1os de mi vida y\u00a0\u00a0todos los cantantes y m\u00fasicos\u00a0\u00a0de esa \u00e9poca\u00a0\u00a0\u00e9ramos como una gran familia. Siempre me sent\u00ed apreciada por todos y no recuerdo que hubiera envidias ni celos profesionales, nos apoy\u00e1bamos unos a otros y hasta la fecha conservo una gran amistad\u00a0\u00a0con la mayor\u00eda de ellos. Y hoy me das la oportunidad de decirles a trav\u00e9s de este medio lo mucho que los quiero y respeto\u00a0\u00a0a todos, que guardo los recuerdos m\u00e1s hermosos de mi juventud junto a ellos y\u00a0\u00a0que son parte del cap\u00edtulo m\u00e1s bello del\u00a0\u00a0libro de mi vida.<\/span><\/p>\n<p style=\"text-align: justify;\"><span style=\"color: #000080;\"><b><a href=\"https:\/\/heidysandovalruiz.com\/wp-content\/uploads\/2014\/02\/melli12.jpg\"><img loading=\"lazy\" decoding=\"async\" class=\"size-thumbnail wp-image-1068 alignleft\" alt=\"melli12\" src=\"https:\/\/heidysandovalruiz.com\/wp-content\/uploads\/2014\/02\/melli12-150x150.jpg\" width=\"150\" height=\"150\" \/><\/a>El arte siempre ha sido parte importante en tu vida y tengo conocimiento que tambi\u00e9n lo has enfocado en otras actividades como lo es la alta costura, que nos puedes contar de ello?<\/b>\u00a0Bien desde ni\u00f1a aprend\u00ed el arte de la costura\u00a0\u00a0y en toda mi carrera art\u00edstica nunca dej\u00e9 de practicar otros dones que Dios me dio, en 1984 me gradu\u00e9 de \u201cModista de Alta Costura\u201d de la Academia Judith Serrano de Prado, tambi\u00e9n estudi\u00e9 Administraci\u00f3n de Empresas en Fisicc-Idea de la Universidad Francisco Marroqu\u00edn, no pude terminar la carrera pero todos mis conocimientos combinados fueron las herramientas para impulsar un taller de moda con mi socia, amiga y maestra Mary de Ramos. El taller lo dedique 100% a la rama art\u00edstica, algunos ejemplos:\u00a0<\/span><\/p>\n<ul style=\"text-align: justify;\">\n<li><span style=\"color: #000080;\">Inici\u00e9 haciendo el vestuario la Academia de Ang\u00e9lica Rosa con el musical\u00a0\u00a0El Barberillo de Lavapi\u00e9s.<\/span><\/li>\n<li><span style=\"color: #000080;\">Para\u00a0\u00a0el Ballet Guatemala, con Carlitos Marroqu\u00edn\u00a0\u00a0haciendo parcialmente\u00a0\u00a0varias temporadas<\/span><\/li>\n<li><span style=\"color: #000080;\">Tuve el honor de hacer algunos trabajos para\u00a0\u00a0Mary Farrington\u00a0\u00a0en dise\u00f1os de de Baile Espa\u00f1ol.<\/span><\/li>\n<li><span style=\"color: #000080;\">Para Espect\u00e1culos\u00a0\u00a0Marcel vestuario de much\u00edsimos personajes de entretenimiento con dise\u00f1os muy coloridos\u00a0\u00a0y creativos.<\/span><\/li>\n<li><span style=\"color: #000080;\">Vestuario de la obra El Jorobado de Notredame de Espect\u00e1culos Marcel.<\/span><\/li>\n<li><span style=\"color: #000080;\">Performing Arts y mi querida y respetada Silvia Garc\u00eda Granados\u00a0\u00a0me dio la oportunidad de ganar m\u00e1s\u00a0\u00a0experiencia con diferentes dise\u00f1os.<\/span><\/li>\n<li><span style=\"color: #000080;\">Dise\u00f1os para Karina Flores presentados en el 39 Festival Folkl\u00f3rico \u201cReinado de Bambuco y Muestra Folkl\u00f3rica Internacional de Colombia, auspiciada por la C\u00e1mara de Turismo de Guatemala CAMTUR.<\/span><\/li>\n<li><span style=\"color: #000080;\">Dise\u00f1os exclusivos para artistas independientes como Josu\u00e9 Morales, Chito Ordo\u00f1ez, Cherokee\u00a0\u00a0y m\u00e1s.<\/span><\/li>\n<li><span style=\"color: #000080;\">Vestuarios de personajes y producci\u00f3n de algunos eventos navide\u00f1os.<\/span><\/li>\n<li><span style=\"color: #000080;\">Producci\u00f3n y montaje\u00a0\u00a0total del Show\u00a0\u00a0Homenaje a Frank Sinatra presentado en el Hotel Sheraton en la voz y piano de Hansel Enr\u00edquez, conducido por mi amigo periodista y cr\u00edtico de jazz Jorge Sierra en 1998.<\/span><\/li>\n<li><span style=\"color: #000080;\">Adem\u00e1s\u00a0\u00a0\u00a0trabaj\u00e9 para campa\u00f1as\u00a0\u00a0publicitarias como La Guerra de las Galaxias de la Yo si Sideral.<\/span><\/li>\n<li><span style=\"color: #000080;\">Presentaci\u00f3n de los personajes y el programa radial A TODO DAR.<\/span><\/li>\n<li><span style=\"color: #000080;\">Espacio Art\u00edstico Mellina, fue adem\u00e1s un lugar para entretenimiento vacacional\u00a0\u00a0infantil, donde impartimos clases de baile, canto, pintura, juegos,\u00a0\u00a0manualidades y mucho m\u00e1s.<\/span><\/li>\n<\/ul>\n<p style=\"text-align: justify;\"><span style=\"color: #000080;\">Tuve el gusto de decorar\u00a0\u00a0uno de los parques y\u00a0\u00a0teatros\u00a0\u00a0del IRTRA en su 30 aniversario,\u00a0\u00a0que por cierto justo antes de venirme a U.S .A. en el 2000 me\u00a0\u00a0ofreci\u00f3 la oportunidad de trabajar para ellos permanentemente,\u00a0\u00a0lo cual ya no fue posible.<\/span><\/p>\n<p style=\"text-align: justify;\"><span style=\"color: #000080;\"><b>La Asociaci\u00f3n de Periodistas de Guatemala, APG, te otorga en 1982 el trofeo como cantante destacada, que otros reconocimientos has obtenido?<\/b>\u00a0\u00a0Bien te dir\u00e9 que desde muy joven tuve el honor de recibir\u00a0\u00a0reconocimientos, puedo mencionarte algunos que a trav\u00e9s de mi carrera de m\u00e1s de 25\u00a0\u00a0a\u00f1os me dieron mucho orgullo y satisfacci\u00f3n.\u00a0<\/span><\/p>\n<ul style=\"text-align: justify;\">\n<li><span style=\"color: #000080;\">1966 2\u00ba Lugar Concurso de Canto Individual a nivel departamental, patrocinado por El Colegio La Patria.<\/span><\/li>\n<li><span style=\"color: #000080;\">1973 Honor al M\u00e9rito participaci\u00f3n en el Coro del Instituto Normal para Se\u00f1oritas de Occidente.<\/span><\/li>\n<li><span style=\"color: #000080;\">1975 1er Lugar III Festival Juvenil Nacional de la Canci\u00f3n de Estudiantes de Nivel Medio.<\/span><\/li>\n<li><span style=\"color: #000080;\">1980 Reconocimiento de participaci\u00f3n en Festival OTI de la Canci\u00f3n Guatemala.<\/span><\/li>\n<li><span style=\"color: #000080;\">1980 International Honorary Citizen Latin American Musical Festival, New Orleans.<\/span><\/li>\n<li><span style=\"color: #000080;\">1981y 1982 Dama de Plata Cantante Femenina Destacada, Radio Ciros y La Voz de las Am\u00e9ricas.<\/span><\/li>\n<li><span style=\"color: #000080;\">1981 Diploma de reconocimiento y Amigo de los IV Juegos Especiales por el\u00a0\u00a0Comit\u00e9 Organizador<\/span><\/li>\n<li><span style=\"color: #000080;\">1981 International Honorary Citizen, por participar en el RIVERGETE Latin Show in New Orleans.<\/span><\/li>\n<li><span style=\"color: #000080;\">1982 diploma por Destacado Artista Nacional, Radio Mundial-Emperador-Variedades.<\/span><\/li>\n<li><span style=\"color: #000080;\">1983 diploma Honor al M\u00e9rito\u00a0\u00a0y Alumna Distinguida\u00a0\u00a0por Academia de Canto Martha Bola\u00f1os de Prado.<\/span><\/li>\n<li><span style=\"color: #000080;\">1990 Honorary Citizen\u00a0\u00a0por participaci\u00f3n en varias actividades en Sprin Fiesta Festival- Spanish Heritage en New Orleans.<\/span><\/li>\n<li><span style=\"color: #000080;\">1991 International Honorary Citizen\u00a0\u00a0por participaci\u00f3n en\u00a0\u00a0XII Festival de la Canci\u00f3n Latinoamericana, New Orleans, Luisiana.<\/span><\/li>\n<li><span style=\"color: #000080;\">1996 Medalla de Honor Ernesto Avalos Guti\u00e9rrez por ACPG.<\/span><\/li>\n<li><span style=\"color: #000080;\">1997 y 1998 diplomas de reconocimiento FUNDELE.<\/span><\/li>\n<li><span style=\"color: #000080;\">2000 diploma de reconocimiento por participaci\u00f3n en \u201cVII Gala del Artista Nacional por Gobernaci\u00f3n del\u00a0\u00a0Departamento de Guatemala\u201d.<\/span><\/li>\n<li><span style=\"color: #000080;\">2002 Trofeo Oro a la Excelencia de la Voz, otorgado por Joya 93.3 FM y Dideca Internacional.<\/span><\/li>\n<li><span style=\"color: #000080;\">2010 Diploma de Reconocimiento por Comisi\u00f3n Coordinadora Guatemalteca en Chicago.<\/span><\/li>\n<\/ul>\n<p style=\"text-align: justify;\"><span style=\"color: #000080;\"><b style=\"color: #073763;\">La calidad vocal con que interpretas es el resultado del estudio constante, que maestros te han apoyado en tu profesi\u00f3n?<\/b>\u00a0\u00a0A finales de los 70\u2019s cuando mi carrera realmente estaba dando paso a otro nivel, decid\u00ed que ten\u00eda que esforzarme m\u00e1s y prepararme para competir en el medio art\u00edstico. Inici\u00e9 tomando clases de piano, guitarra y m\u00fasica en el Conservatorio Nacional y maestros particulares,\u00a0\u00a0yo quer\u00eda tocar alg\u00fan instrumento pero descubr\u00ed que no ten\u00eda ese talento as\u00ed que me enfoqu\u00e9 en lo m\u00edo.<\/span><\/p>\n<p style=\"text-align: justify;\"><span style=\"color: #000080;\">La Academia de Canto Martha Bola\u00f1os de Prado fue mi primera escuela, Marinita como sol\u00edamos llamarla, fue quien me incorpor\u00f3 en el mundo profesional vocal por alrededor de 3\u00a0\u00a0a\u00f1os. Posteriormente Ang\u00e9lica Rosa, excelente maestra de Puerto Rico,\u00a0\u00a0con quien aprend\u00ed t\u00e9cnicas m\u00e1s avanzadas de vocalizaci\u00f3n y el manejo del aire con ejercicios corporales incre\u00edbles, esto durante el 88 al 91. Despu\u00e9s de esto Performing Arts y Silvia Garc\u00eda Granados abrieron la oportunidad de estudiar canto con grandes maestros de M\u00e9xico como el Maestro David Soule y Willy Guti\u00e9rrez con quienes aprend\u00ed aun m\u00e1s durante el 94, 95 y 96 al mismo tiempo que tomaba clases de Jazz , Tap y Baile Latino lo que fue una gran experiencia para m\u00ed.<a href=\"https:\/\/heidysandovalruiz.com\/wp-content\/uploads\/2014\/02\/9139062.jpg\"><img loading=\"lazy\" decoding=\"async\" class=\"size-thumbnail wp-image-1066 alignright\" alt=\"9139062\" src=\"https:\/\/heidysandovalruiz.com\/wp-content\/uploads\/2014\/02\/9139062-150x150.jpg\" width=\"150\" height=\"150\" \/><\/a><\/span><\/p>\n<p style=\"text-align: justify;\"><span style=\"color: #000080;\">Adem\u00e1s Silvia me dio la oportunidad de trabajar en sus proyectos como asistente de producci\u00f3n,\u00a0\u00a0como vez, a trav\u00e9s de todos estos adquir\u00ed conocimientos del arte musical en sus diferentes \u00e1reas y\u00a0\u00a0me han proporcionado gran cultura en el medio art\u00edstico y abrieron un nuevo horizonte en mi mundo, crec\u00ed como persona y como artista, todo el esfuerzo vali\u00f3 la pena.<\/span><\/p>\n<p style=\"text-align: justify;\"><span style=\"color: #000080;\"><b>Desde cuando vives en chicago? que recuerdos vienen a tu mente los d\u00edas previos a tomar el avi\u00f3n que te llevar\u00eda lejos de tu pa\u00eds, pensaste que te quedar\u00edas all\u00e1?\u00a0<\/b>Me\u00a0\u00a0vine a finales del 2000, ten\u00eda sue\u00f1os y proyectos en mente aunque sab\u00eda que tendr\u00eda que pagar el precio y empezar de cero. Dejar atr\u00e1s familia, amigos, tus logros y\u00a0\u00a0todo lo que amas no es nada f\u00e1cil.\u00a0\u00a0Fue todo un proceso, una mezcla de emociones, alegr\u00edas y tristezas, sonrisas y muuuuuuuchas lagrimas. Con algunas conexiones empec\u00e9 cantando en un bonito Restaurant\u00a0\u00a0y Club nocturno cubano e ingres\u00e9 al College, quer\u00eda superarme,\u00a0\u00a0pero la muerte de mi esposo Rolando, dio a mi vida un giro de 90 grados.<\/span><\/p>\n<p style=\"text-align: justify;\"><span style=\"color: #000080;\">Viaj\u00e9 constantemente\u00a0\u00a0de U.S.A a Guatemala\u00a0\u00a0por largo tiempo pero por otras razones que no ten\u00edan nada que ver con mi carrera. Me vi pr\u00e1cticamente obligada por las circunstancias a olvidarme de mi casi por completo. Ten\u00eda que sacar adelante a mis hijos, aun eran peque\u00f1os y eran mi prioridad. Fue la etapa m\u00e1s dif\u00edcil de mi vida.\u00a0\u00a0Ahora que ha pasado alg\u00fan tiempo puedo decirte con orgullo que\u00a0\u00a0vali\u00f3 la pena ya que\u00a0\u00a0puedo ver a mis dos amores enfocados en su futuro, luchando por sus sue\u00f1os como personas de bien.<\/span><\/p>\n<p style=\"text-align: justify;\"><span style=\"color: #000080;\">Hoy por hoy tengo un poco de tiempo para m\u00ed, pero mi vida ha cambiado, la econom\u00eda nos ha golpeado muy duro y hay que esforzarse el doble para salir adelante en este pa\u00eds.\u00a0\u00a0Por otra parte me considero\u00a0\u00a0muy afortunada de haber encontrado en mi camino a tantas personas que me brindaron su apoyo y confiaron en m\u00ed en alg\u00fan momento de mi vida. La palabra\u00a0<b>GRACIAS\u00a0<\/b>\u00a0no es suficiente que Dios los bendiga abundantemente.\u00a0\u00a0He logrado\u00a0\u00a0varias de mis metas a trav\u00e9s de mi historia pero creo firmemente que si dejas de so\u00f1ar dejas de vivir y yo siempre he sido una persona que no le teme a los retos\u00a0\u00a0por dif\u00edcil que\u00a0\u00a0sean.\u00a0<\/span><\/p>\n<p style=\"text-align: justify;\"><span style=\"color: #000080;\">Mellina te recordamos con mucho cari\u00f1o, has sabido ganarte el respeto de tus amigos, seguidores y amigos que como yo te extra\u00f1amos.<\/span><\/p>\n<p style=\"text-align: justify;\"><span style=\"color: #000080;\"><i><\/i><b>Gracia a ti por dejarme abrir mi coraz\u00f3n y el ba\u00fal de mis recuerdos para entregarles pedacitos de de mi vida con todo mi amor.<\/b><\/span><\/p>\n<div id='gallery-1' class='gallery galleryid-1065 gallery-columns-5 gallery-size-thumbnail'><figure class='gallery-item'>\n\t\t\t<div class='gallery-icon landscape'>\n\t\t\t\t<a href='https:\/\/heidysandovalruiz.com\/?attachment_id=1082'><img loading=\"lazy\" decoding=\"async\" width=\"150\" height=\"150\" src=\"https:\/\/heidysandovalruiz.com\/wp-content\/uploads\/2014\/02\/5-150x150.jpg\" class=\"attachment-thumbnail size-thumbnail no-lazy\" alt=\"\" \/><\/a>\n\t\t\t<\/div><\/figure><figure class='gallery-item'>\n\t\t\t<div class='gallery-icon landscape'>\n\t\t\t\t<a href='https:\/\/heidysandovalruiz.com\/?attachment_id=1080'><img loading=\"lazy\" decoding=\"async\" width=\"150\" height=\"150\" src=\"https:\/\/heidysandovalruiz.com\/wp-content\/uploads\/2014\/02\/2-150x150.jpg\" class=\"attachment-thumbnail size-thumbnail no-lazy\" alt=\"\" \/><\/a>\n\t\t\t<\/div><\/figure><figure class='gallery-item'>\n\t\t\t<div class='gallery-icon landscape'>\n\t\t\t\t<a href='https:\/\/heidysandovalruiz.com\/?attachment_id=1078'><img loading=\"lazy\" decoding=\"async\" width=\"150\" height=\"150\" src=\"https:\/\/heidysandovalruiz.com\/wp-content\/uploads\/2014\/02\/4-150x150.jpg\" class=\"attachment-thumbnail size-thumbnail no-lazy\" alt=\"\" \/><\/a>\n\t\t\t<\/div><\/figure><figure class='gallery-item'>\n\t\t\t<div class='gallery-icon landscape'>\n\t\t\t\t<a href='https:\/\/heidysandovalruiz.com\/?attachment_id=1079'><img loading=\"lazy\" decoding=\"async\" width=\"150\" height=\"150\" src=\"https:\/\/heidysandovalruiz.com\/wp-content\/uploads\/2014\/02\/1-150x150.jpg\" class=\"attachment-thumbnail size-thumbnail no-lazy\" alt=\"\" \/><\/a>\n\t\t\t<\/div><\/figure>\n\t\t<\/div>\n\n<p style=\"text-align: justify;\"><span style=\"color: #000080;\">\u00a0<\/span><\/p>\n<p style=\"text-align: justify;\"><span style=\"color: #000080;\"><b>\u00a0<\/b><\/span><\/p>\n<p><strong>Les invitamos a darle me gusta a nuestras Fan Page<\/strong><\/p>\n<p style=\"text-align: justify;\">\n<p>\u00abGala de la Canci\u00f3n Guatemalteca\u00bb y \u00abLos invitados de Heidy\u00bb<\/p>\n<p style=\"text-align: justify;\">\n<p><a title=\"Gala de la Canci\u00f3n Guatemalteca\" href=\"http:\/\/on.fb.me\/1kXE6cH\">http:\/\/on.fb.me\/1kXE6cH<\/a><\/p>\n<p style=\"text-align: justify;\">\n<p><a title=\"Los invitados de Heidy\" href=\"http:\/\/on.fb.me\/1cnno1t\">http:\/\/on.fb.me\/1cnno1t<\/a><\/p>\n<p style=\"text-align: justify;\">\n<p><span style=\"color: #000080;\"><b><i>Entrevista realizada por Heidy Sandoval Ruiz<\/i><\/b><\/span><\/p>\n","protected":false},"excerpt":{"rendered":"<div class=\"mh-excerpt\"><p>Hoy en \u201cLa cara amiga de los invitados de Heidy\u201d, conversaremos con una int\u00e9rprete que nos encant\u00f3 con su estilo desde que la escuchamos en <a class=\"mh-excerpt-more\" href=\"https:\/\/heidysandovalruiz.com\/?p=1065\" title=\"La cara amiga de \u00abMellina\u00bb\">[&#8230;]<\/a><\/p>\n<\/div>","protected":false},"author":4,"featured_media":1076,"comment_status":"closed","ping_status":"closed","sticky":false,"template":"","format":"standard","meta":{"footnotes":""},"categories":[16],"tags":[74],"class_list":["post-1065","post","type-post","status-publish","format-standard","has-post-thumbnail","hentry","category-la-cara-amiga","tag-la-cara-amiga-de-mellina"],"_links":{"self":[{"href":"https:\/\/heidysandovalruiz.com\/index.php?rest_route=\/wp\/v2\/posts\/1065","targetHints":{"allow":["GET"]}}],"collection":[{"href":"https:\/\/heidysandovalruiz.com\/index.php?rest_route=\/wp\/v2\/posts"}],"about":[{"href":"https:\/\/heidysandovalruiz.com\/index.php?rest_route=\/wp\/v2\/types\/post"}],"author":[{"embeddable":true,"href":"https:\/\/heidysandovalruiz.com\/index.php?rest_route=\/wp\/v2\/users\/4"}],"replies":[{"embeddable":true,"href":"https:\/\/heidysandovalruiz.com\/index.php?rest_route=%2Fwp%2Fv2%2Fcomments&post=1065"}],"version-history":[{"count":10,"href":"https:\/\/heidysandovalruiz.com\/index.php?rest_route=\/wp\/v2\/posts\/1065\/revisions"}],"predecessor-version":[{"id":1172,"href":"https:\/\/heidysandovalruiz.com\/index.php?rest_route=\/wp\/v2\/posts\/1065\/revisions\/1172"}],"wp:featuredmedia":[{"embeddable":true,"href":"https:\/\/heidysandovalruiz.com\/index.php?rest_route=\/wp\/v2\/media\/1076"}],"wp:attachment":[{"href":"https:\/\/heidysandovalruiz.com\/index.php?rest_route=%2Fwp%2Fv2%2Fmedia&parent=1065"}],"wp:term":[{"taxonomy":"category","embeddable":true,"href":"https:\/\/heidysandovalruiz.com\/index.php?rest_route=%2Fwp%2Fv2%2Fcategories&post=1065"},{"taxonomy":"post_tag","embeddable":true,"href":"https:\/\/heidysandovalruiz.com\/index.php?rest_route=%2Fwp%2Fv2%2Ftags&post=1065"}],"curies":[{"name":"wp","href":"https:\/\/api.w.org\/{rel}","templated":true}]}}