{"id":1139,"date":"2014-02-17T22:47:35","date_gmt":"2014-02-17T22:47:35","guid":{"rendered":"http:\/\/heidysandovalruiz.com\/?p=1139"},"modified":"2014-02-19T18:03:31","modified_gmt":"2014-02-19T18:03:31","slug":"diplomado-sobre-seguridad-y-defensa","status":"publish","type":"post","link":"https:\/\/heidysandovalruiz.com\/?p=1139","title":{"rendered":"Diplomado sobre Seguridad y Defensa"},"content":{"rendered":"<p style=\"text-align: justify;\"><span style=\"color: #000080;\">El d\u00eda de ma\u00f1ana martes 18 a las 4:00 P.M. se inaugurar\u00e1 el octavo diplomado sobre Seguridad y Defensa del Centro de Estudios de Pol\u00edtica de Defensa del Ministerio de la Defensa Nacional. Dicha actividad se realizar\u00e1 en el Centro de Conferencias del Ej\u00e9rcito \u201cGeneral de Divisi\u00f3n H\u00e9ctor Alejandro Gramajo Morales\u201d, ubicado en el interior del Ministerio de la Defensa; Avenida Reforma 1-45 zona 10 de esta ciudad.<\/span><\/p>\n<p style=\"text-align: justify;\"><span style=\"color: #000080;\">El diplomado sobre Seguridad y Defensa tiene como finalidad construir una cultura de defensa dentro del marco de las pol\u00edticas de seguridad, as\u00ed como dar a conocer los objetivos de la pol\u00edtica nacional en materia de seguridad y sus instrumentos. A lo largo del diplomado se definir\u00e1 el poder nacional, se analizaran otros sistemas de seguridad y defensa, as\u00ed como los protocolos existentes para facilitar comunicaci\u00f3n estrat\u00e9gica entre los componentes del sistema nacional de defensa y otros \u00e1mbitos.<\/span><\/p>\n<p style=\"text-align: justify;\"><span style=\"color: #000080;\">Las conferencias identificar\u00e1n ambientes en los que se desarrollan amenazas al sistema de seguridad, as\u00ed como la generaci\u00f3n de estrategias para reducir riesgos y vulnerabilidades en el Estado. El octavo diplomado estar\u00e1 integrado por 70 profesionales civiles y 30 profesionales militares, quienes participar\u00e1n en el desarrollo del curso que tendr\u00e1 una duraci\u00f3n de siete meses, finalizando el 18 de septiembre.\u00a0<\/span><\/p>\n<p style=\"text-align: justify;\">\n<p><strong>Les invitamos a darle me gusta a nuestras Fan Page<\/strong><\/p>\n<p>\u00abGala de la Canci\u00f3n Guatemalteca\u00bb y \u00abLos invitados de Heidy\u00bb<\/p>\n<p><a title=\"Gala de la Canci\u00f3n Guatemalteca\" href=\"http:\/\/on.fb.me\/1kXE6cH\">http:\/\/on.fb.me\/1kXE6cH<\/a><\/p>\n<p><a title=\"Los invitados de Heidy\" href=\"http:\/\/on.fb.me\/1cnno1t\">http:\/\/on.fb.me\/1cnno1t<\/a><\/p>\n","protected":false},"excerpt":{"rendered":"<div class=\"mh-excerpt\"><p>El d\u00eda de ma\u00f1ana martes 18 a las 4:00 P.M. se inaugurar\u00e1 el octavo diplomado sobre Seguridad y Defensa del Centro de Estudios de Pol\u00edtica <a class=\"mh-excerpt-more\" href=\"https:\/\/heidysandovalruiz.com\/?p=1139\" title=\"Diplomado sobre Seguridad y Defensa\">[&#8230;]<\/a><\/p>\n<\/div>","protected":false},"author":4,"featured_media":1140,"comment_status":"closed","ping_status":"closed","sticky":false,"template":"","format":"standard","meta":{"footnotes":""},"categories":[63],"tags":[],"class_list":["post-1139","post","type-post","status-publish","format-standard","has-post-thumbnail","hentry","category-varios"],"_links":{"self":[{"href":"https:\/\/heidysandovalruiz.com\/index.php?rest_route=\/wp\/v2\/posts\/1139","targetHints":{"allow":["GET"]}}],"collection":[{"href":"https:\/\/heidysandovalruiz.com\/index.php?rest_route=\/wp\/v2\/posts"}],"about":[{"href":"https:\/\/heidysandovalruiz.com\/index.php?rest_route=\/wp\/v2\/types\/post"}],"author":[{"embeddable":true,"href":"https:\/\/heidysandovalruiz.com\/index.php?rest_route=\/wp\/v2\/users\/4"}],"replies":[{"embeddable":true,"href":"https:\/\/heidysandovalruiz.com\/index.php?rest_route=%2Fwp%2Fv2%2Fcomments&post=1139"}],"version-history":[{"count":2,"href":"https:\/\/heidysandovalruiz.com\/index.php?rest_route=\/wp\/v2\/posts\/1139\/revisions"}],"predecessor-version":[{"id":1168,"href":"https:\/\/heidysandovalruiz.com\/index.php?rest_route=\/wp\/v2\/posts\/1139\/revisions\/1168"}],"wp:featuredmedia":[{"embeddable":true,"href":"https:\/\/heidysandovalruiz.com\/index.php?rest_route=\/wp\/v2\/media\/1140"}],"wp:attachment":[{"href":"https:\/\/heidysandovalruiz.com\/index.php?rest_route=%2Fwp%2Fv2%2Fmedia&parent=1139"}],"wp:term":[{"taxonomy":"category","embeddable":true,"href":"https:\/\/heidysandovalruiz.com\/index.php?rest_route=%2Fwp%2Fv2%2Fcategories&post=1139"},{"taxonomy":"post_tag","embeddable":true,"href":"https:\/\/heidysandovalruiz.com\/index.php?rest_route=%2Fwp%2Fv2%2Ftags&post=1139"}],"curies":[{"name":"wp","href":"https:\/\/api.w.org\/{rel}","templated":true}]}}