{"id":1147,"date":"2014-02-18T23:11:36","date_gmt":"2014-02-18T23:11:36","guid":{"rendered":"http:\/\/heidysandovalruiz.com\/?p=1147"},"modified":"2014-02-19T18:02:08","modified_gmt":"2014-02-19T18:02:08","slug":"ensamble-de-marimbas-de-concierto","status":"publish","type":"post","link":"https:\/\/heidysandovalruiz.com\/?p=1147","title":{"rendered":"Ensamble de Marimbas de Concierto"},"content":{"rendered":"<p align=\"center\"><strong><span style=\"color: #333399;\">Gran Ensamble de Marimbas de Concierto<\/span><\/strong><\/p>\n<p align=\"center\"><strong><\/strong><strong><span style=\"color: #333399;\">presentar\u00e1 el Centro Cultural Universitario\u00a0 -CCU-<\/span><\/strong><\/p>\n<p style=\"text-align: justify;\" align=\"center\"><span style=\"color: #333399;\">\u00a0<\/span><span style=\"color: #333399;\">Como parte de las actividades de la Direcci\u00f3n General de Extensi\u00f3n de la Universidad de San Carlos, el Centro Cultural Universitario \u2013CCU- culminar\u00e1\u00a0 el pr\u00f3ximo jueves 27 de febrero, a las 18:00 horas, en su Sal\u00f3n Mayor, el mes dedicado al instrumento musical de Guatemala.<\/span><\/p>\n<p style=\"text-align: justify;\"><span style=\"color: #333399;\">Se trata de \u00a0la participaci\u00f3n, en ensamble,\u00a0 de tres prestigiosas\u00a0 marimbas \u00a0de concierto: la \u00a0\u00a0de la Universidad de San Carlos de Guatemala; la de la Escuela Superior de Arte USAC y la de la Marimba Nacional de Concierto.<\/span><\/p>\n<p style=\"text-align: justify;\"><span style=\"color: #333399;\">El formato de este gran ensamble es, en la primera parte, la intervenci\u00f3n de cada uno de los conjuntos marimb\u00edsticos citados; y en la segunda, una actuaci\u00f3n en conjunto.<\/span><\/p>\n<p style=\"text-align: justify;\"><span style=\"color: #333399;\">La Marimba de Concierto de la Escuela Superior de Arte USAC, dirigida por el Lic. Juan Carlos P\u00e9rez D\u00edaz, interpretar\u00e1, de Mardoqueo Gir\u00f3n: \u201cTecp\u00e1n Guatemala\u201d, \u201cLa Soberana\u201d; \u00a0y la obertura de \u201cLas Bodas de F\u00edgaro\u201d, de Wolfang Amadeus Mozart.<\/span><\/p>\n<p style=\"text-align: justify;\"><span style=\"color: #333399;\">Por su parte, la Marimba de Concierto de la Universidad de San Carlos, dirigida por el maestro Edgar Jon\u00e1s Sosa\u00a0 incluir\u00e1 en su participaci\u00f3n, \u00a0la obra de Wotzbeli Aguilar, \u201cActualidad\u201d; de Domingo Bethancourt, \u201cAntonieta\u201d y el vals popular de Juli\u00e1n Paniagua Mart\u00ednez, \u201cTec\u00fan Um\u00e1n\u201d.<\/span><\/p>\n<p style=\"text-align: justify;\"><span style=\"color: #333399;\">\u201cSanta Mar\u00eda Nebaj\u201d, de Lester Homero God\u00ednez; \u201cLos Toritos\u201d, de Jes\u00fas Castillo; y el allegro del concierto\u00a0 \u201cLa Primavera\u201d, de Antonio Vivaldi, ser\u00e1n las obras que interpretar\u00e1 la Marimba Nacional de Concierto,\u00a0 que dirige su fundador, el maestro Lester Homero God\u00ednez.<\/span><\/p>\n<p style=\"text-align: justify;\"><span style=\"color: #333399;\">En gran ensamble, las tres marimbas de concierto cerrar\u00e1n el evento interpretando \u201cEl Ferrocarril de los Altos\u201d, de Domingo Bethancourt; \u201cLuna de Xelaj\u00fa\u201d, de Paco P\u00e9rez y \u201cEl Grito\u201d, de Everardo de Le\u00f3n Cifuentes.<\/span><\/p>\n<p style=\"text-align: justify;\"><span style=\"color: #333399;\"><b>Las marimbas en ensamble:<\/b><\/span><\/p>\n<p style=\"text-align: justify;\"><span style=\"color: #333399;\">La creaci\u00f3n y funcionamiento de las marimbas de concierto responden al concepto inicial planteado por el maestro Lester Homero God\u00ednez, en cuanto a la valoraci\u00f3n, rescate, creaci\u00f3n y divulgaci\u00f3n de obras interpretadas total o parcialmente por el instrumento nacional de Guatemala.\u00a0 Asimismo, se promueve la dignificaci\u00f3n de los creadores de m\u00fasica de marimba, del marimbista como int\u00e9rprete y del marimbero como artesano; a m\u00e1s de incorporar al repertorio marimb\u00edstico, obras de los grandes maestros del arte musical universal.\u00a0 Los tres conjuntos han participado en eventos nacionales e internacionales.<\/span><\/p>\n<p style=\"text-align: justify;\"><span style=\"color: #333399;\">Fundada en 1975 por el maestro Lester Homero God\u00ednez, la Marimba Nacional de Concierto es una entidad cultural privada, dedicada al estudio, promoci\u00f3n, difusi\u00f3n y difusi\u00f3n y desarrollo de la marimba.\u00a0Ha desarrollado una intensa labor de difusi\u00f3n en Europa, Norte, Centro y Sudam\u00e9rica; Jap\u00f3n y Taiwan.<\/span><\/p>\n<p style=\"text-align: justify;\"><span style=\"color: #333399;\">La Marimba de Concierto de la USAC\u00a0 ofreci\u00f3 su primer concierto en mayo de 1983, Ha sido dirigida por los maestros Julio An\u00edbal Delgado Requena, Leopoldo Rodas Santizo y, actualmente, por el maestro Edgar Jon\u00e1s Sosa Vela.<\/span><\/p>\n<p style=\"text-align: justify;\"><span style=\"color: #333399;\">Fundada en el 2012, la Marimba de Concierto de la Escuela Superior de Arte de la USAC, responde a la demanda de personas interesadas en profesionalizarse como licenciados en m\u00fasica con especialidad en la \u00a0marimba guatemalteca. Se encuentra bajo la direcci\u00f3n y coordinaci\u00f3n del Licenciado y maestro Juan Carlos P\u00e9rez.<\/span><\/p>\n<p style=\"text-align: justify;\"><span style=\"color: #333399;\">Los conjuntos marimb\u00edsticos mencionados, cuya sede se encuentra en el Centro Cultural Universitario,\u00a0 unir\u00e1n sus calidades t\u00e9cnicas e interpretativas para brindar un digno cierre de las diferentes actividades que fueron presentadas durante febrero, mes dedicado a la marimba.<\/span><\/p>\n<p align=\"center\"><strong><span style=\"color: #333399;\"><i>Febrero, el mes dedicado a la Marimba, culminar\u00e1 con la participaci\u00f3n de tres conjuntos representativos del instrumento musical de Guatemala<\/i><\/span><\/strong><\/p>\n<p align=\"center\"><strong><span style=\"color: #333399;\"><i>El evento se llevar\u00e1 a cabo el jueves 27 de febrero, a las 18:00 horas, en el Sal\u00f3n Mayor del CCU<\/i><\/span><\/strong><\/p>\n<p style=\"text-align: left;\" align=\"center\">\n<p style=\"text-align: left;\" align=\"center\"><a title=\"&quot;Los invitados de Heidy&quot;\" href=\"http:\/\/on.fb.me\/1cnno1t\">http:\/\/on.fb.me\/1cnno1t<\/a><\/p>\n<p><strong>Les invitamos a darle me gusta a nuestras Fan Page<\/strong><\/p>\n<p>\u00abGala de la Canci\u00f3n Guatemalteca\u00bb y \u00abLos invitados de Heidy\u00bb<\/p>\n<p><a title=\"Gala de la Canci\u00f3n Guatemalteca\" href=\"http:\/\/on.fb.me\/1kXE6cH\">http:\/\/on.fb.me\/1kXE6cH<\/a><\/p>\n<p><a title=\"Los invitados de Heidy\" href=\"http:\/\/on.fb.me\/1cnno1t\">http:\/\/on.fb.me\/1cnno1t<\/a><\/p>\n<p><strong>\u00a0<\/strong><\/p>\n<p style=\"text-align: left;\" align=\"center\">\n","protected":false},"excerpt":{"rendered":"<div class=\"mh-excerpt\"><p>Gran Ensamble de Marimbas de Concierto presentar\u00e1 el Centro Cultural Universitario\u00a0 -CCU- \u00a0Como parte de las actividades de la Direcci\u00f3n General de Extensi\u00f3n de la <a class=\"mh-excerpt-more\" href=\"https:\/\/heidysandovalruiz.com\/?p=1147\" title=\"Ensamble de Marimbas de Concierto\">[&#8230;]<\/a><\/p>\n<\/div>","protected":false},"author":4,"featured_media":1149,"comment_status":"closed","ping_status":"closed","sticky":false,"template":"","format":"standard","meta":{"footnotes":""},"categories":[63],"tags":[76],"class_list":["post-1147","post","type-post","status-publish","format-standard","has-post-thumbnail","hentry","category-varios","tag-ensamble-de-marimbas-de-concierto"],"_links":{"self":[{"href":"https:\/\/heidysandovalruiz.com\/index.php?rest_route=\/wp\/v2\/posts\/1147","targetHints":{"allow":["GET"]}}],"collection":[{"href":"https:\/\/heidysandovalruiz.com\/index.php?rest_route=\/wp\/v2\/posts"}],"about":[{"href":"https:\/\/heidysandovalruiz.com\/index.php?rest_route=\/wp\/v2\/types\/post"}],"author":[{"embeddable":true,"href":"https:\/\/heidysandovalruiz.com\/index.php?rest_route=\/wp\/v2\/users\/4"}],"replies":[{"embeddable":true,"href":"https:\/\/heidysandovalruiz.com\/index.php?rest_route=%2Fwp%2Fv2%2Fcomments&post=1147"}],"version-history":[{"count":5,"href":"https:\/\/heidysandovalruiz.com\/index.php?rest_route=\/wp\/v2\/posts\/1147\/revisions"}],"predecessor-version":[{"id":1164,"href":"https:\/\/heidysandovalruiz.com\/index.php?rest_route=\/wp\/v2\/posts\/1147\/revisions\/1164"}],"wp:featuredmedia":[{"embeddable":true,"href":"https:\/\/heidysandovalruiz.com\/index.php?rest_route=\/wp\/v2\/media\/1149"}],"wp:attachment":[{"href":"https:\/\/heidysandovalruiz.com\/index.php?rest_route=%2Fwp%2Fv2%2Fmedia&parent=1147"}],"wp:term":[{"taxonomy":"category","embeddable":true,"href":"https:\/\/heidysandovalruiz.com\/index.php?rest_route=%2Fwp%2Fv2%2Fcategories&post=1147"},{"taxonomy":"post_tag","embeddable":true,"href":"https:\/\/heidysandovalruiz.com\/index.php?rest_route=%2Fwp%2Fv2%2Ftags&post=1147"}],"curies":[{"name":"wp","href":"https:\/\/api.w.org\/{rel}","templated":true}]}}