{"id":1151,"date":"2014-02-19T00:16:46","date_gmt":"2014-02-19T00:16:46","guid":{"rendered":"http:\/\/heidysandovalruiz.com\/?p=1151"},"modified":"2014-02-20T00:53:56","modified_gmt":"2014-02-20T00:53:56","slug":"la-cara-amiga-de-rodolfo-yela","status":"publish","type":"post","link":"https:\/\/heidysandovalruiz.com\/?p=1151","title":{"rendered":"La cara amiga de \u00abRodolfo Yela\u00bb"},"content":{"rendered":"<p style=\"text-align: justify;\"><span style=\"color: #003366;\">Hoy presentamos a ustedes en \u201c<b>La cara amiga de los invitados de Heidy<\/b>\u201d, a uno de esos artistas que recordamos con una agradable sonrisa y por supuesto las canciones que nos dej\u00f3 entre las que recordamos \u201cA todas las chicas que am\u00e9\u201d y \u201cLuces de New York\u201d y \u201cPrimera noche de amor\u201d\u00a0 que fue un \u00e9xito internacional. Nuestro invitado <b>Rodolfo Yela<\/b>, quien nos platicar\u00e1 de su trayectoria art\u00edstica. Actualmente radica en Fontana, California y dedica junto a su esposa el tiempo para\u00a0 entrenar corredores amateur de distancia de 21 y 42 kil\u00f3metros.<\/span><\/p>\n<p style=\"text-align: justify;\"><span style=\"color: #003366;\">Doy la bienvenida a este espacio, donde se puede decir lo que se quiere y lo que en otros medios no se puede a Rodolfo Yela quien nos compartir\u00e1 muchos aspectos de su vida.<\/span><\/p>\n<p style=\"text-align: justify;\"><span style=\"color: #003366;\"><b>Qu\u00e9 nos puedes contar de tu vida personal antes de 1979? Tu ni\u00f1ez, adolescencia d\u00f3nde viv\u00edas?<\/b> Tuve una ni\u00f1ez normal jugando futbol, haciendo travesuras y aplicado en mis estudios. Nac\u00ed en la zona 1, crec\u00ed en la zona 3 y en mi adolescencia viv\u00ed en el Proyecto 4\/4 zona 6 y Colonia Justo Rufino Barrios Zona 21. \u00c9pocas inolvidables, cada una en su momento.<\/span><\/p>\n<p style=\"text-align: justify;\"><span style=\"color: #003366;\"><b>C\u00f3mo surge en ti el deseo de ser cantante, inspirado en alguien o por un deseo propio?<\/b> F\u00edjate Heidy que es una pregunta que nos hacen siempre a los artistas y mi respuesta siempre es que se nace con ese don, se nutre con el entorno y se exterioriza con las vivencias. Yo tuve una madre con un gusto musical exquisito y variado el cual disfrut\u00e9 desde la cuna. Cuando ni\u00f1o, me regalaron un radio peque\u00f1o de transistores que junto con la pelota de futbol eran mis tesoros m\u00e1s preciados. Me dorm\u00eda escuchando m\u00fasica y de all\u00ed surgi\u00f3 mi gusto por Raphael, Carlos Lico, Armando Manzanero, Marco Antonio Mu\u00f1iz, Jos\u00e9 Jos\u00e9, Roberto Carlos, Camilo Sesto, Nelson Ned, Jos\u00e9 Luis Rodr\u00edguez y Los \u00c1ngeles Negros. Muy variado no? Mi familia fueron mi primer p\u00fablico y despu\u00e9s la novia de turno era la que me aplaud\u00eda ja,ja,ja. Siempre so\u00f1\u00e9 con grabar mi voz y el sue\u00f1o se cumpli\u00f3 en grande. Por eso es tan importante so\u00f1ar despierto<\/span><\/p>\n<p style=\"text-align: justify;\"><span style=\"color: #003366;\"><b>Para triunfar en la vida de la m\u00fasica se tiene que contar con el apoyo de personas o empresas que crean y conf\u00eden en ti, qui\u00e9nes te apoyaron en el inicio de tu carrera?<\/b> Siempre encontr\u00e9 \u00e1ngeles en mi camino y soy muy agradecido y bendecido. La lista es larga pero mencionar\u00e9 personajes claves en mi carrera, pido disculpas de antemano si con el tiempo se me borraron un par de nombres. Roberto Mendizabal, Neto Ruiz y Alex Lugo de FONICA, a DIDECA, Marinita Prado, Alberto Navas, Jorge Raudales, Jorge Estrada, Manuel Celada, Vinicio Quezada, Alex Enamorado, Alvaro Torres, Alejandro Jaen, Enrique Arce Behrens, Alberto Antoniotti, Chalo Hern\u00e1ndez, Jorge M\u00e9ndez, Meme Pinto, Ren\u00e9 Funes, Chal\u00edo, V\u00edctor Manuel Chinchilla, Pepe Estrada, Richard Shaw, Alex Chargorodski, Otto Ramos, Ricardo Trejo, Enrique P\u00e9rez Luna, Eva Martha P\u00e9rez, Jos\u00e9 Ram\u00f3n Espinoza, Martha de Melara, Vida Amor de Paz y Andr\u00e9s Martinez de Velasco. En radio estoy agradecido a todas las radioemisoras del pa\u00eds entero especialmente Radio Ciros, TGW, Radio Mundial y Radio Tropicana en Escuintla y a TODOS los canales de televisi\u00f3n.\u00a0<\/span><\/p>\n<p style=\"text-align: justify;\"><span style=\"color: #003366;\"><b>C\u00f3mo recuerdas la \u00e9poca en la que estabas en tu apogeo? Qu\u00e9 discotecas o lugares eran los de moda?<\/b> Mi mejor \u00e9poca en Guatemala fue entre 1980 a 1986, Fue una \u00e9poca notable por la cantidad y CALIDAD de los artistas que surgieron en esos a\u00f1os. Los lugares de moda eran el Mau-Mau, Barrocos, Las Parejas, Gitanillos, AfterEight, Concherto,Friend\u2019s, Blue Night y los Hoteles Guatemala Fiesta, El Dorado, Sheraton y Panamericano. Hubo mucha oportunidad y por ende muchos logramos mostrarnos al p\u00fablico. Fue una \u00e9poca dorada.<\/span><\/p>\n<p><span style=\"color: #003366;\"><b>Qui\u00e9nes dentro del medio art\u00edstico fueron tus entra\u00f1ables amigos? <\/b>En general respeto y admiro a TODOS mis compa\u00f1eros artistas pero puedo mencionar que conviv\u00ed m\u00e1s con Jos\u00e9 Juan, Alex Enamorado, Alvaro Torres, Mellina, Sheny Terraza, Cherokee, Elizabeth, Mariana, Mariel Castro, Sandra Patricia, Arkangel De Leon, Gloria Marina, Ar\u00edstides Paz, Luis Arnoldo, Ana Beatriz, Sandy Cardona y Daniel Salazar.\u00a0 Menci\u00f3n especial para los m\u00fasicos y grupos con los que conviv\u00ed como Oro S\u00f3lido, Grupo Las Parejas, Grupo Santa Mar\u00eda y Super Banda Raudales.<a href=\"https:\/\/heidysandovalruiz.com\/wp-content\/uploads\/2014\/02\/rodolfo-yela-2.jpg\"><img loading=\"lazy\" decoding=\"async\" class=\"size-thumbnail wp-image-1153 alignright\" alt=\"rodolfo yela 2\" src=\"https:\/\/heidysandovalruiz.com\/wp-content\/uploads\/2014\/02\/rodolfo-yela-2-150x150.jpg\" width=\"150\" height=\"150\" \/><\/a><b><\/b><\/span><\/p>\n<p style=\"text-align: justify;\"><span style=\"color: #003366;\"><b>Recuerdas en qu\u00e9 lugares presentabas tu show<\/b>? Mayormente en Las Parejas, After Eight, Concherto, Friends, Queen\u2019s, Blue Night, Sheraton y Guatemala Fiesta.<\/span><\/p>\n<p style=\"text-align: justify;\"><span style=\"color: #003366;\"><b>Tus grabaciones sonaban en los medios radiales, qu\u00e9 locutores recuerdas que te hayan dado apoyo para impulsar tu m\u00fasica?<\/b> Aqu\u00ed si va mi agradecimiento a todo el gremio de la locuci\u00f3n y programadores por su apoyo. MIL gracias!<\/span><\/p>\n<p style=\"text-align: justify;\"><span style=\"color: #003366;\"><b>Cu\u00e1les fueron tus mayores \u00e9xitos?<\/b> Curiosamente yo empec\u00e9 al rev\u00e9s que la mayor\u00eda. Primero grab\u00e9 y empec\u00e9 a sonar en las radio emisoras y hacer programas de televisi\u00f3n, antes de trabajar en alg\u00fan centro nocturno. Los \u00e9xitos de mas difusi\u00f3n fueron: No, No, Estoy atormentado, As\u00ed soy yo, Primera noche de amor, Luces de Nueva York, A todas las chicas que am\u00e9, El tema ganador de el OTI 86 Amistad y Esperanza, Garra de Le\u00f3n, Puedo vivir sin ti, Muchacha bonita y La noche. Cabe mencionar que todas las canciones que menciono fueron \u00e9xitos en varios pa\u00edses de Latinoam\u00e9rica y que gracias a DIOS me abrieron las puertas para la internacionalizaci\u00f3n a partir de 1981.<\/span><\/p>\n<p style=\"text-align: justify;\"><span style=\"color: #003366;\"><b>Recuerdas alguno de los m\u00fasicos que te acompa\u00f1aban al hacer tus grabaciones y presentaciones?<\/b> Tuve la suerte de ser acompa\u00f1ado por grandes m\u00fasicos y grupos nacionales entre los que menciono a Oro S\u00f3lido, Santa Mar\u00eda, Super Banda Raudales, Sinf\u00f3nica Nacional, Orquesta OTI y dirigido por talentos como Jorge Sarmientos, Igor Sarmientos, Oscar Conde, Manuel Celada, Vinicio Quezada, Jorge Raudales, Jorge Estrada, Eduardo Magallanes, Alejandro Jaen, Alvaro Torres, Lucas Apestegui y Daniel \u00c1vila.<\/span><\/p>\n<p style=\"text-align: justify;\"><span style=\"color: #003366;\"><b>Cu\u00e1ntos discos tienes en tu haber?<\/b> 9 discos de 45 RPM y 6 CDs (dos grabados en Guatemala, uno en Espa\u00f1a y los 3 \u00faltimos en California USA).<\/span><\/p>\n<p style=\"text-align: justify;\"><span style=\"color: #003366;\"><b>Eres int\u00e9rprete y compositor, tus canciones las interpretas solo t\u00fa o se las has dado a otros int\u00e9rpretes?<\/b> He cantado canciones de grandes compositores y he compuesto canciones para dos solistas y para dos grupos mexicanos<\/span><\/p>\n<p style=\"text-align: justify;\"><span style=\"color: #003366;\"><b>Cu\u00e9ntanos de un disco que grabaste como un homenaje a tus padres?<\/b> Crec\u00ed escuchando y admirando a Los \u00c1ngeles Negros. Mi madrecita QEPD siempre me pidi\u00f3 que le grabara sus canciones favoritas de ellos en un cassete con guitarra. Por desidia nunca lo hice. Cuando ella falleci\u00f3, me doli\u00f3 tanto no haberla complacido que a mi regreso a USA contact\u00e9 a dos prestigiosos arreglistas y m\u00fasicos argentinos Lucas Apestegui y Daniel \u00c1vila para realizar un proyecto a su memoria. De esa idea surgieron Entre \u00c1ngeles I y II sin dudar son mis m\u00e1s preciadas joyas. La idea de el nombre es porque es de los ANGELES Negros, hecho en Los ANGELES California y dedicado a mis ANGELES en el cielo que son mi madrecita, mi padre y mi hijo Neil.<\/span><\/p>\n<p style=\"text-align: justify;\"><span style=\"color: #003366;\"><b>Llevaste tu m\u00fasica a alg\u00fan festival o concurso que fuera importante para nuestro pa\u00eds?<\/b> Fui bendecido en ese sentido pues asist\u00ed a muchos, te mencionar\u00e9 algunos como las Teletones de El Salvador (2) Costa Rica 1985, Panam\u00e1 1985, Guatemala 1986, OTI 1986, Buga 1987, Vi\u00f1a del Mar (pre-clasificaci\u00f3n 1987) Festival Latinoamericano de New Orleans 1985, Festival Sol de Miami 1985, Festival Chiriqui, Panam\u00e1 1986, Festival Tapachula 1987, Fiestas de Octubre en Guadalajara, M\u00e9xico 1984, Miss Mundo Guatemala 1985 &amp; 1986, Miss Guatemala 1984, Festival de la Voz en San Andr\u00e9s, Colombia 1987, Se\u00f1orita El Salvador 1986, Calle Boadway Los \u00c1ngeles California 1990, Premios Cesar LA California 1990, Miss OK LA 1990 &amp; 1993 y otros que se me escapan por el momento de la memoria. Gran orgullo el representar a mi Patria querida.<a href=\"https:\/\/heidysandovalruiz.com\/wp-content\/uploads\/2014\/02\/rodolfo-yela.jpg\"><img loading=\"lazy\" decoding=\"async\" class=\"size-thumbnail wp-image-1152 alignleft\" alt=\"rodolfo yela\" src=\"https:\/\/heidysandovalruiz.com\/wp-content\/uploads\/2014\/02\/rodolfo-yela-150x150.jpg\" width=\"150\" height=\"150\" \/><\/a><\/span><\/p>\n<p style=\"text-align: justify;\"><span style=\"color: #003366;\"><b>Qu\u00e9 pasa cuando Rodolfo Yela decide viajar a otros pa\u00edses llevando su m\u00fasica y talento?<\/b> Decido afrontar la responsabilidad de mostrar lo que Guatemala tiene, con dignidad y orgullo.<\/span><\/p>\n<p style=\"text-align: justify;\"><span style=\"color: #003366;\"><b>En qu\u00e9 momento se tu carrera decides radicarte en el exterior, espec\u00edficamente en California? <\/b>En 1984 emigr\u00e9 a M\u00e9xico con un contrato por un a\u00f1o, en 1985 radiqu\u00e9 en Miami por medio de la disquera que distribu\u00eda mi disco grabado en Espa\u00f1a y buscando el lugar adecuado para impulsar mi carrera, decid\u00ed vivir en California definitivamente en 1987 hasta la fecha.<\/span><\/p>\n<p style=\"text-align: justify;\"><span style=\"color: #003366;\"><b>Qu\u00e9 apoyo has recibido en tu estancia en ese pa\u00eds musicalmente hablando? <\/b>Vine en una \u00e9poca de transici\u00f3n en la m\u00fasica especialmente en M\u00e9xico y California cuando las radios y programaciones se volcaron a la onda grupera primero y a la m\u00fasica de Banda despu\u00e9s. Este cambio limito la difusi\u00f3n de la balada, el bolero y el pop latino. Aunque siempre se recibi\u00f3 mi m\u00fasica y presentaciones\u00a0 con respeto y admiraci\u00f3n, decid\u00ed en 1993 retirarme como artista activo y me dediqu\u00e9 a la composici\u00f3n y producci\u00f3n, sin olvidarme de presentaciones para causas ben\u00e9ficas o representativas.<\/span><\/p>\n<p style=\"text-align: justify;\"><span style=\"color: #003366;\">En el a\u00f1o 2007, fui requerido en M\u00e9xico para firmarme con los Cds Entre \u00c1ngeles I y II, pero debido a mis actuales ocupaciones y la distancia, rechac\u00e9 una oferta que a\u00f1os antes hubiera sido la realizaci\u00f3n de mi carrera. Esa oferta me hizo saber que hice las cosas bien, pero no me arrepiento de haberla rechazado.<b><\/b><\/span><\/p>\n<p style=\"text-align: justify;\"><span style=\"color: #003366;\"><b>A qu\u00e9 te dedicas actualmente?<\/b> Trabajo en la industria Bancaria y Financiera desde 1996 y adem\u00e1s soy entrenador y corredor de carreras de larga distancia (maratones) con m\u00e1s de 44 competencias completadas. Felizmente casado, con 5 hijos y 9 nietos!!<\/span><\/p>\n<p style=\"text-align: justify;\"><span style=\"color: #003366;\"><b>C\u00f3mo promueves en esas tierras el arte, la cultura y el folklore guatemalteco? <\/b>Solamente lo apoyo y admiro.<b><\/b><\/span><\/p>\n<p style=\"text-align: justify;\"><span style=\"color: #003366;\">Que extra\u00f1as de tu Guatemala? Mi gente, mi barrio y mi cultura.<\/span><\/p>\n<p style=\"text-align: justify;\"><span style=\"color: #003366;\"><b>Por qu\u00e9 crees\u00a0 que las radios de nuestro pa\u00eds no apoyan al artista guatemalteco radicado en otros pa\u00edses?<\/b> Creo que es por falta de contacto y comunicaci\u00f3n por parte del artista y los medios, adem\u00e1s de la influencia de moda de g\u00e9neros musicales y artistas de otros pa\u00edses mejor promocionados<\/span><\/p>\n<p style=\"text-align: justify;\"><span style=\"color: #003366;\"><b>Regresar\u00edas a Guatemala si te invitaran a un show para presentar tu m\u00fasica? <\/b>De todo coraz\u00f3n. Hubo gestiones para que presentara mis Cds Entre \u00c1ngeles en un conocido programa matutino y tambi\u00e9n en el Telet\u00f3n, pero nunca se termin\u00f3 de concretar.<b><\/b><\/span><\/p>\n<p style=\"text-align: justify;\"><span style=\"color: #003366;\"><b>Que mensaje le das a quienes leen \u201cLas entrevistas de Heidy\u201d <\/b>Que luchen por sus sue\u00f1os, que se sientan orgullosos de sus ra\u00edces y que aprecien el esfuerzo de personas como t\u00fa Heidy que traes memorias a quienes nos conocieron y tambi\u00e9n informaci\u00f3n a quienes nos conocen por primera vez. Gracias MIL por tu invitaci\u00f3n y el privilegio de ser parte de tu espacio. Espero verte en nuestra tierra o aqu\u00ed tambi\u00e9n sabes que tienes tu casa, Un abrazo.<b><\/b><\/span><\/p>\n<p style=\"text-align: justify;\"><span style=\"color: #003366;\">Ver fotos y video en:<\/span><\/p>\n<p style=\"text-align: justify;\">\n<p><strong>Les invitamos a darle me gusta a nuestras Fan Page<\/strong><\/p>\n<p>\u00abGala de la Canci\u00f3n Guatemalteca\u00bb y \u00abLos invitados de Heidy\u00bb<\/p>\n<p><a title=\"Gala de la Canci\u00f3n Guatemalteca\" href=\"http:\/\/on.fb.me\/1kXE6cH\">http:\/\/on.fb.me\/1kXE6cH<\/a><\/p>\n<p><a title=\"Los invitados de Heidy\" href=\"http:\/\/on.fb.me\/1cnno1t\">http:\/\/on.fb.me\/1cnno1t<\/a><\/p>\n<p style=\"text-align: justify;\"><strong>\u00a0<\/strong><\/p>\n<p><span style=\"color: #003366;\"><b>Entrevista realizada por Heidy Sandoval Ruiz<\/b><\/span><\/p>\n","protected":false},"excerpt":{"rendered":"<div class=\"mh-excerpt\"><p>Hoy presentamos a ustedes en \u201cLa cara amiga de los invitados de Heidy\u201d, a uno de esos artistas que recordamos con una agradable sonrisa y <a class=\"mh-excerpt-more\" href=\"https:\/\/heidysandovalruiz.com\/?p=1151\" title=\"La cara amiga de \u00abRodolfo Yela\u00bb\">[&#8230;]<\/a><\/p>\n<\/div>","protected":false},"author":4,"featured_media":1154,"comment_status":"closed","ping_status":"closed","sticky":false,"template":"","format":"standard","meta":{"footnotes":""},"categories":[16],"tags":[77],"class_list":["post-1151","post","type-post","status-publish","format-standard","has-post-thumbnail","hentry","category-la-cara-amiga","tag-la-cara-amiga-de-rodolfo-yela"],"_links":{"self":[{"href":"https:\/\/heidysandovalruiz.com\/index.php?rest_route=\/wp\/v2\/posts\/1151","targetHints":{"allow":["GET"]}}],"collection":[{"href":"https:\/\/heidysandovalruiz.com\/index.php?rest_route=\/wp\/v2\/posts"}],"about":[{"href":"https:\/\/heidysandovalruiz.com\/index.php?rest_route=\/wp\/v2\/types\/post"}],"author":[{"embeddable":true,"href":"https:\/\/heidysandovalruiz.com\/index.php?rest_route=\/wp\/v2\/users\/4"}],"replies":[{"embeddable":true,"href":"https:\/\/heidysandovalruiz.com\/index.php?rest_route=%2Fwp%2Fv2%2Fcomments&post=1151"}],"version-history":[{"count":4,"href":"https:\/\/heidysandovalruiz.com\/index.php?rest_route=\/wp\/v2\/posts\/1151\/revisions"}],"predecessor-version":[{"id":1165,"href":"https:\/\/heidysandovalruiz.com\/index.php?rest_route=\/wp\/v2\/posts\/1151\/revisions\/1165"}],"wp:featuredmedia":[{"embeddable":true,"href":"https:\/\/heidysandovalruiz.com\/index.php?rest_route=\/wp\/v2\/media\/1154"}],"wp:attachment":[{"href":"https:\/\/heidysandovalruiz.com\/index.php?rest_route=%2Fwp%2Fv2%2Fmedia&parent=1151"}],"wp:term":[{"taxonomy":"category","embeddable":true,"href":"https:\/\/heidysandovalruiz.com\/index.php?rest_route=%2Fwp%2Fv2%2Fcategories&post=1151"},{"taxonomy":"post_tag","embeddable":true,"href":"https:\/\/heidysandovalruiz.com\/index.php?rest_route=%2Fwp%2Fv2%2Ftags&post=1151"}],"curies":[{"name":"wp","href":"https:\/\/api.w.org\/{rel}","templated":true}]}}