{"id":1223,"date":"2014-03-05T23:00:58","date_gmt":"2014-03-05T23:00:58","guid":{"rendered":"http:\/\/heidysandovalruiz.com\/?p=1223"},"modified":"2014-03-06T01:02:51","modified_gmt":"2014-03-06T01:02:51","slug":"el-espacio-de-los-artistas","status":"publish","type":"post","link":"https:\/\/heidysandovalruiz.com\/?p=1223","title":{"rendered":"Luis Garist\u00fa interpreta \u00abAl partir\u00bb"},"content":{"rendered":"<p style=\"text-align: left;\">En la \u00ab<strong>XX Gala de la Canci\u00f3n Guatemalteca<\/strong>\u00ab, particip\u00f3 nuestro amigo Luis Garist\u00fa quien desde hace m\u00e1s e una d\u00e9cada es parte de los presentadores del evento. \u00a0En esta oportunidad interpret\u00f3 de Fel\u00edcito T\u00e9nas \u00abAl partir\u00bb.<\/p>\n<p style=\"text-align: justify;\">Tambi\u00e9n les comentamos que en la \u201c<b>Cara amiga de los invitados de Heidy<\/b>\u201d en este mismo sitio, se present\u00f3 la entrevista a Luis Garist\u00fa un caballero de amplia sonrisa que ingresa a trav\u00e9s de la pantalla chica a nuestros hogares en Tele-Diario. \u00a0Est\u00e1\u00a0considerado como el primer actor-presentador que destaca a nivel nacional incluso internacional.<\/p>\n<p style=\"text-align: justify;\">Nacido en Santa Mar\u00eda Cahab\u00f3n Luis se ha destacado en varias facetas de las que nos hablar\u00e1, y mucho m\u00e1s que conoceremos de nuestro invitado que hoy comparte en este espacio donde se puede decir lo que se quiere y lo que en otros medios no se puede. \u00a0Pueden leer la entrevista completa en\u00a0<\/p>\n<p style=\"text-align: left;\">Se comparte el video para que puedan vivir tambi\u00e9n este momento.<\/p>\n<p style=\"text-align: justify;\">El video fue grabado por Pablo Gonz\u00e1lez, colaborador de la \u00ab<strong>Gala de la Canci\u00f3n Guatemalteca<\/strong>\u00ab.<\/p>\n<p><strong>Les invitamos a darle me gusta a nuestras Fan Page<\/strong><\/p>\n<p>\u00abGala de la Canci\u00f3n Guatemalteca\u00bb y \u00abLos invitados de Heidy\u00bb<\/p>\n<p><a title=\"Gala de la Canci\u00f3n Guatemalteca\" href=\"http:\/\/on.fb.me\/1kXE6cH\">http:\/\/on.fb.me\/1kXE6cH<\/a><\/p>\n<p><a title=\"Los invitados de Heidy\" href=\"http:\/\/on.fb.me\/1cnno1t\">http:\/\/on.fb.me\/1cnno1t<\/a><\/p>\n<p style=\"text-align: center;\"><iframe loading=\"lazy\" src=\"\/\/www.youtube.com\/embed\/qVEPOuuzXRY\" height=\"315\" width=\"420\" allowfullscreen=\"\" frameborder=\"0\"><\/iframe><\/p>\n","protected":false},"excerpt":{"rendered":"<div class=\"mh-excerpt\"><p>En la \u00abXX Gala de la Canci\u00f3n Guatemalteca\u00ab, particip\u00f3 nuestro amigo Luis Garist\u00fa quien desde hace m\u00e1s e una d\u00e9cada es parte de los presentadores <a class=\"mh-excerpt-more\" href=\"https:\/\/heidysandovalruiz.com\/?p=1223\" title=\"Luis Garist\u00fa interpreta \u00abAl partir\u00bb\">[&#8230;]<\/a><\/p>\n<\/div>","protected":false},"author":4,"featured_media":1235,"comment_status":"closed","ping_status":"closed","sticky":false,"template":"","format":"standard","meta":{"footnotes":""},"categories":[5],"tags":[],"class_list":["post-1223","post","type-post","status-publish","format-standard","has-post-thumbnail","hentry","category-entrevistas"],"_links":{"self":[{"href":"https:\/\/heidysandovalruiz.com\/index.php?rest_route=\/wp\/v2\/posts\/1223","targetHints":{"allow":["GET"]}}],"collection":[{"href":"https:\/\/heidysandovalruiz.com\/index.php?rest_route=\/wp\/v2\/posts"}],"about":[{"href":"https:\/\/heidysandovalruiz.com\/index.php?rest_route=\/wp\/v2\/types\/post"}],"author":[{"embeddable":true,"href":"https:\/\/heidysandovalruiz.com\/index.php?rest_route=\/wp\/v2\/users\/4"}],"replies":[{"embeddable":true,"href":"https:\/\/heidysandovalruiz.com\/index.php?rest_route=%2Fwp%2Fv2%2Fcomments&post=1223"}],"version-history":[{"count":15,"href":"https:\/\/heidysandovalruiz.com\/index.php?rest_route=\/wp\/v2\/posts\/1223\/revisions"}],"predecessor-version":[{"id":1242,"href":"https:\/\/heidysandovalruiz.com\/index.php?rest_route=\/wp\/v2\/posts\/1223\/revisions\/1242"}],"wp:featuredmedia":[{"embeddable":true,"href":"https:\/\/heidysandovalruiz.com\/index.php?rest_route=\/wp\/v2\/media\/1235"}],"wp:attachment":[{"href":"https:\/\/heidysandovalruiz.com\/index.php?rest_route=%2Fwp%2Fv2%2Fmedia&parent=1223"}],"wp:term":[{"taxonomy":"category","embeddable":true,"href":"https:\/\/heidysandovalruiz.com\/index.php?rest_route=%2Fwp%2Fv2%2Fcategories&post=1223"},{"taxonomy":"post_tag","embeddable":true,"href":"https:\/\/heidysandovalruiz.com\/index.php?rest_route=%2Fwp%2Fv2%2Ftags&post=1223"}],"curies":[{"name":"wp","href":"https:\/\/api.w.org\/{rel}","templated":true}]}}