{"id":1252,"date":"2014-03-06T22:18:36","date_gmt":"2014-03-06T22:18:36","guid":{"rendered":"http:\/\/heidysandovalruiz.com\/?p=1252"},"modified":"2014-03-06T22:41:18","modified_gmt":"2014-03-06T22:41:18","slug":"la-cara-amiga-de-marina-coronado","status":"publish","type":"post","link":"https:\/\/heidysandovalruiz.com\/?p=1252","title":{"rendered":"La cara amiga de \u00abMarina Coronado\u00bb"},"content":{"rendered":"<p style=\"text-align: justify;\"><span style=\"color: #003366;\">Para los lectores es importante conocer por medio de \u201c<b>La cara amiga de los Invitados de Heidy\u201d<\/b> a connotados profesionales de la comunicaci\u00f3n como en este caso la <b>Licenciada Marina Coronado de Noriega<\/b>.\u00a0 Una persona que por su calidad humana y su talento ha sido capaz de captar el inter\u00e9s y alegr\u00eda de chicos y grandes, hombres y mujeres de todas las edades. As\u00ed es Marina, una mujer que contagia su entusiasmo y que seg\u00fan ella, \u201csu madre era muy activa y cree que ese talento \u00a0lo \u00a0hered\u00f3 de ella.<\/span><\/p>\n<p style=\"text-align: justify;\"><span style=\"color: #003366;\"><b>En tu ni\u00f1ez, como te recuerdas que eras\u00a0 una ni\u00f1a t\u00edmida<\/b>?\u00a0 Jjajajajajaja\u2026 yo creo que nunca fui t\u00edmida.\u00a0 Siempre me encant\u00f3 actuar y participar en las diversas actividades que se organizaban en el colegio.<\/span><\/p>\n<p style=\"text-align: justify;\"><span style=\"color: #003366;\"><b>A que edad te inicias en el teatro? \u00a0<\/b>Recuerdo que mis inicios fueron en Radio Teatro Infantil a cargo de Martha Bola\u00f1os de Prado en Radio Nacional TGW.\u00a0 Una maestra brillante y a ella le debo todo el conocimiento b\u00e1sico adquirido.\u00a0 <b><\/b><\/span><\/p>\n<p style=\"text-align: justify;\"><span style=\"color: #003366;\"><b>Y como nace la inquietud por trabajar en teatro? \u00a0<\/b>Despu\u00e9s de las experiencias en el colegio y el aprendizaje alcanzado en el radio teatro de la TGW, logr\u00e9 identificar que desde muy peque\u00f1a me gustaba esto, la actuaci\u00f3n y hablar ante el p\u00fablico.\u00a0 As\u00ed, mi primera experiencia en las tablas fue en la obra \u201cLa\u00a0 Casa de Bernarda Alba\u201d y\u00a0 \u201cCoraz\u00f3n del Espanta p\u00e1jaro\u201d, bajo la direcci\u00f3n del dramaturgo Hugo\u00a0 Carrillo.\u00a0 Recuerdo que me declar\u00f3 como la revelaci\u00f3n del a\u00f1o como actriz.\u00a0 A\u00fan no era mayor de edad.\u00a0 En aquella \u00e9poca tuve la oportunidad de trabajar con las grandes figuras del teatro como: Samara de C\u00f3rdova, Ligia Bernal, Norma Carrillo, para mencionar algunas.<b><\/b><\/span><\/p>\n<p style=\"text-align: justify;\"><span style=\"color: #003366;\"><b><a href=\"https:\/\/heidysandovalruiz.com\/wp-content\/uploads\/2014\/03\/51.jpg\"><img loading=\"lazy\" decoding=\"async\" class=\"size-thumbnail wp-image-1256 alignright\" alt=\"5\" src=\"https:\/\/heidysandovalruiz.com\/wp-content\/uploads\/2014\/03\/51-150x150.jpg\" width=\"150\" height=\"150\" \/><\/a>Luego del teatro como llegas a la radio?\u00a0 <\/b>La verdad es que ya para este entonces, me hab\u00eda casado y ten\u00eda a mi peque\u00f1o Herberth Estuardo.\u00a0 As\u00ed fue como al no ganar nada por trabajar en teatro, me sali\u00f3 la oportunidad de trabajar en radio novelas en La Voz de las Am\u00e9ricas, Radio Reloj, Radio Ciros, Radio Nuevo Mundo.\u00a0 Aqu\u00ed conoc\u00ed a grandes estrellas de la locuci\u00f3n y de las radio novelas.\u00a0 Entre algunos puedo recordar: Rodolfo Mart\u00edn, Olga de Arce, Olga Mendoza, Carmen Arriaza, Amanda Mazariegos (mi comadre), Luis Cifuentes Cant\u00f3, Cesar Garc\u00eda (Chal\u00edo), Mar\u00eda Luisa Arag\u00f3n, Conny Arag\u00f3n, Horacio Ruano, Herberth Meneses, Antonio Almorza, Luis Morales Orellana, V\u00edctor Molina, Adolfo M\u00e9ndez Zepeda, Gilda Pinto Bonilla, entre otros.<b><\/b><\/span><\/p>\n<p style=\"text-align: justify;\"><b style=\"color: #003366;\">Ahora tu trabajo como locutora, en que momento se da?\u00a0 <\/b><span style=\"color: #003366;\">Todo empez\u00f3 con un concurso que organiz\u00f3 la TGW con Rodolfo Guti\u00e9rrez Machado, para locutores y locutoras, en donde participaron m\u00e1s de 300 personas y entre todos los m\u00e1s destacados fuimos Marco Tulio de la Roca y yo.\u00a0 Esto nos dio la oportunidad de iniciar una nueva carrera.\u00a0 As\u00ed fue como me inici\u00e9 como locutora profesional produciendo mis propios programas como: \u201c<\/span><b style=\"color: #003366;\">Barriendo y cantando<\/b><span style=\"color: #003366;\">\u201d en Radio Mil; posteriormente el \u201c<\/span><b style=\"color: #003366;\">Club de la Olla y la Sart\u00e9n\u201d<\/b><span style=\"color: #003366;\"> en la Voz de las Am\u00e9ricas, en donde los radioescuchas pod\u00edan disfrutar de entrevistas, concursos, en las distintas zonas de la capital, promoviendo desde aquellos tiempos el desarrollo de la mujer.\u00a0 Recuerdo que llegamos a aglutinar m\u00e1s de 350 mil mujeres a nivel nacional, a quienes les ofrec\u00edamos capacitaci\u00f3n en sus hogares, muchas de ellas ahora son profesionales o empresarias.\u00a0 Se le daba especial atenci\u00f3n a la autoestima.\u00a0 Quiz\u00e1s esta fue la principal causa de irme al exilio, porque el gobierno de turno temi\u00f3 a la organizaci\u00f3n popular. Se cre\u00f3 tambi\u00e9n el Bazar de la Olla y la Sart\u00e9n un centro de capacitaci\u00f3n para la mujer guatemalteca.\u00a0 Luego en radio Fabulosa, decid\u00ed independizarme y compr\u00e9 un espacio diario para transmitir mi propio programa.<\/span><\/p>\n<p style=\"text-align: justify;\"><span style=\"color: #003366;\"><b>Algunas personas desconocen que estuviste en la BBC de Londres como llegas a trabajar a esa cadena? \u00a0<\/b>Todo empez\u00f3 cuando por azares del destino, tuve que huir debido a la persecuci\u00f3n pol\u00edtica que hab\u00eda en aquella \u00e9poca, all\u00e1 por los a\u00f1os 80.\u00a0 Estando en Londres,\u00a0 sin trabajo el Sindicato Ingl\u00e9s de Periodistas me ayud\u00f3 y cuando se conoci\u00f3, de un concurso convocado por la BBC de Londres, en donde participaron m\u00e1s de 500 mujeres periodistas y locutoras de todo el mundo de habla hispana, logr\u00e9 ganar la audici\u00f3n que me permiti\u00f3 trabajar en el programa \u201c<b>El Mundo de la Mujer<\/b>\u201d, el cual como lo hab\u00eda hecho ac\u00e1 en Guatemala, tuve que producirlo y dirigirlo.\u00a0 Para poderlo realizar, deb\u00eda investigar los temas, redactarlos, hacer entrevistas, etc.<b><\/b><\/span><\/p>\n<p style=\"text-align: justify;\"><span style=\"color: #003366;\"><b><a href=\"https:\/\/heidysandovalruiz.com\/wp-content\/uploads\/2014\/03\/13.jpg\"><img loading=\"lazy\" decoding=\"async\" class=\"size-thumbnail wp-image-1258 alignleft\" alt=\"13\" src=\"https:\/\/heidysandovalruiz.com\/wp-content\/uploads\/2014\/03\/13-150x150.jpg\" width=\"150\" height=\"150\" \/><\/a>Pasando a otra cosa, como surge el programa Club de la Familia? \u00a0<\/b>Se da al regresar a Guatemala.\u00a0 Recuerdo, el grato recibimiento que tuve de Radio Nuevo Mundo, donde se me abrieron las puertas para producir un programa de entrevistas y entretenimiento, investigaci\u00f3n, dirigido a las amas de casa, con el prop\u00f3sito de ayudarlas a su desarrollo e incorporaci\u00f3n social.\u00a0 As\u00ed surge el Club de la Familia.<b><\/b><\/span><\/p>\n<p style=\"text-align: justify;\"><span style=\"color: #003366;\"><b>Ahora, que nos puedes decir de tus c\u00e9lebres frases: ANIMO\u2026.ANIMO\u2026. ANIMO\u00a0 y QUE TAL\u2026.QUE TAL\u2026.QUE TAL? <\/b>En realidad, son frases muy propias desde hace m\u00e1s de 20 a\u00f1os, que surgieron como una motivaci\u00f3n por el regreso a mi terru\u00f1o.\u00a0 Me sent\u00eda tan alegre y con tanto entusiasmo que surg\u00eda la necesidad de proyectarlos a mis radioescuchas.\u00a0 La verdad es que luego de permanecer en el exilio por casi cinco a\u00f1os, me sent\u00eda dichosa de poder estar de vuelta en Guatemala.<b><\/b><\/span><\/p>\n<p style=\"text-align: justify;\"><span style=\"color: #003366;\"><b>En tu faceta de periodista cu\u00e1les son algunos de tus principales logros?\u00a0 <\/b>En realidad son tantos que muchos quiz\u00e1s se me olviden, pero entre algunos podr\u00eda mencionar haber sido la primera presidenta de la m\u00e1xima entidad de prensa en el pa\u00eds, la Asociaci\u00f3n de Periodistas de Guatemala \u2013APG-.\u00a0 Tambi\u00e9n haber sido designada\u00a0 por el gobierno de Guatemala para participar en la Asamblea General de la Organizaci\u00f3n de Naciones Unidas, en calidad de embajadora.\u00a0 Mantener firme mi defensa por la libertad de expresi\u00f3n y la independencia a trav\u00e9s de los programas El Club de la Familia y Di\u00e1logo en Estaciones Nuevo Mundo. \u00a0Uno de los m\u00e1s recientes, haberme graduado con el grado de licenciatura en Periodismo en la Universidad de San Carlos con honores de Cum Launden.<b><\/b><\/span><\/p>\n<p style=\"text-align: justify;\"><span style=\"color: #003366;\"><b>Desde esta perspectiva, que consejo le puedes dar a los j\u00f3venes que se inician en el periodismo? <\/b>En primer lugar, \u00a0mantener la frente en alto con dignidad, no dejarse sobornar o presionar, bajo ning\u00fan pretexto por las autoridades de turno o cualquier otro grupo o sector de poder.\u00a0 En segundo lugar, ser garante de la \u00e9tica profesional como comunicadores y para ello, mantener la objetividad en todo momento.<b><\/b><\/span><\/p>\n<p style=\"text-align: justify;\"><span style=\"color: #003366;\"><b>Ahora retomando tus cualidades como mujer, como te sientes como madre y abuela? <\/b>Muy satisfecha y feliz, de haberme graduado desde muy joven en ambos papeles.\u00a0 De esta forma, poder disfrutar a mis dos hijos, Estuardo y Rolando, as\u00ed como a mis tres nietas, ahora mujeres profesionales. <b><\/b><\/span><\/p>\n<p style=\"text-align: justify;\"><span style=\"color: #003366;\"><b>Con motivo de la celebraci\u00f3n del D\u00eda Internacional de la Mujer y coincidentemente de tu cumplea\u00f1os, que mensaje puedes enviarle a las mujeres del mundo? <\/b>Recordarles a todas las mujeres del mundo, que a pesar de mantenerse a la orden del d\u00eda, la liberaci\u00f3n femenina, no perder la perspectiva de que como mujeres tenemos una dignidad que respetar, velar por el respeto a los derechos humanos como madres, esposas, hermanas e hijas.\u00a0 En este sentido, promover el amor en el seno familiar, para lograr los cambios y transformaciones que tanta falta hace, actualmente, en nuestra sociedad y en todo el mundo.<\/span><\/p>\n<p style=\"text-align: justify;\"><span style=\"color: #003366;\">Agradezco a Marina Coronado \u201cMary\u201d para quienes le conocemos y hemos compartido con ella much\u00edsimas aventuras y actividades que se recuerdan por siempre.\u00a0 Aprovecho para desearle un feliz cumplea\u00f1os y que est\u00e9 rodeada del cari\u00f1o de sus seres queridos y amigos.<\/span><\/p>\n<p style=\"text-align: justify;\"><span style=\"color: #003366;\">\u00a0Ver varias fotos en este link: \u00a0<\/span><\/p>\n<p><strong>Les invitamos a darle me gusta a nuestras Fan Page<\/strong><\/p>\n<p>\u00abGala de la Canci\u00f3n Guatemalteca\u00bb y \u00abLos invitados de Heidy\u00bb<\/p>\n<p><a title=\"Gala de la Canci\u00f3n Guatemalteca\" href=\"http:\/\/on.fb.me\/1kXE6cH\">http:\/\/on.fb.me\/1kXE6cH<\/a><\/p>\n<p><a title=\"Los invitados de Heidy\" href=\"http:\/\/on.fb.me\/1cnno1t\">http:\/\/on.fb.me\/1cnno1t<\/a><\/p>\n<p><span style=\"color: #003366;\"><b>Entrevista realizada por Heidy Sandoval Ruiz<\/b><\/span><\/p>\n","protected":false},"excerpt":{"rendered":"<div class=\"mh-excerpt\"><p>Para los lectores es importante conocer por medio de \u201cLa cara amiga de los Invitados de Heidy\u201d a connotados profesionales de la comunicaci\u00f3n como en <a class=\"mh-excerpt-more\" href=\"https:\/\/heidysandovalruiz.com\/?p=1252\" title=\"La cara amiga de \u00abMarina Coronado\u00bb\">[&#8230;]<\/a><\/p>\n<\/div>","protected":false},"author":4,"featured_media":1262,"comment_status":"closed","ping_status":"closed","sticky":false,"template":"","format":"standard","meta":{"footnotes":""},"categories":[16],"tags":[90],"class_list":["post-1252","post","type-post","status-publish","format-standard","has-post-thumbnail","hentry","category-la-cara-amiga","tag-la-cara-amiga-de-marina-coronado"],"_links":{"self":[{"href":"https:\/\/heidysandovalruiz.com\/index.php?rest_route=\/wp\/v2\/posts\/1252","targetHints":{"allow":["GET"]}}],"collection":[{"href":"https:\/\/heidysandovalruiz.com\/index.php?rest_route=\/wp\/v2\/posts"}],"about":[{"href":"https:\/\/heidysandovalruiz.com\/index.php?rest_route=\/wp\/v2\/types\/post"}],"author":[{"embeddable":true,"href":"https:\/\/heidysandovalruiz.com\/index.php?rest_route=\/wp\/v2\/users\/4"}],"replies":[{"embeddable":true,"href":"https:\/\/heidysandovalruiz.com\/index.php?rest_route=%2Fwp%2Fv2%2Fcomments&post=1252"}],"version-history":[{"count":5,"href":"https:\/\/heidysandovalruiz.com\/index.php?rest_route=\/wp\/v2\/posts\/1252\/revisions"}],"predecessor-version":[{"id":1264,"href":"https:\/\/heidysandovalruiz.com\/index.php?rest_route=\/wp\/v2\/posts\/1252\/revisions\/1264"}],"wp:featuredmedia":[{"embeddable":true,"href":"https:\/\/heidysandovalruiz.com\/index.php?rest_route=\/wp\/v2\/media\/1262"}],"wp:attachment":[{"href":"https:\/\/heidysandovalruiz.com\/index.php?rest_route=%2Fwp%2Fv2%2Fmedia&parent=1252"}],"wp:term":[{"taxonomy":"category","embeddable":true,"href":"https:\/\/heidysandovalruiz.com\/index.php?rest_route=%2Fwp%2Fv2%2Fcategories&post=1252"},{"taxonomy":"post_tag","embeddable":true,"href":"https:\/\/heidysandovalruiz.com\/index.php?rest_route=%2Fwp%2Fv2%2Ftags&post=1252"}],"curies":[{"name":"wp","href":"https:\/\/api.w.org\/{rel}","templated":true}]}}