{"id":1285,"date":"2014-03-12T23:54:54","date_gmt":"2014-03-12T23:54:54","guid":{"rendered":"http:\/\/heidysandovalruiz.com\/?p=1285"},"modified":"2016-03-16T00:54:35","modified_gmt":"2016-03-16T00:54:35","slug":"la-cara-amiga-del-grupo-caballo-loco","status":"publish","type":"post","link":"https:\/\/heidysandovalruiz.com\/?p=1285","title":{"rendered":"La cara amiga del Grupo \u00abCaballo Loco\u00bb"},"content":{"rendered":"<p style=\"text-align: justify;\"><span style=\"color: #003366;\">En <b>\u201cLa cara amiga de los invitados de Heidy\u201d,<\/b> hoy quiero compartir con ustedes la entrevista realizada a <b>George Melgar<\/b> ex integrante del \u201c<b>Grupo Caballo Loco<\/b>\u201d, grupo que tuvo un gran auge en la d\u00e9cada de los setentas y marc\u00f3 sin duda alguna una \u00e9poca con sus recordadas interpretaciones como Satisfaction, Cocaine y adem\u00e1s, cuando se presentaba esta banda sus seguidores abarrotaban los lugares.<\/span><\/p>\n<p style=\"text-align: justify;\"><span style=\"color: #003366;\">Para conocer c\u00f3mo surgi\u00f3, que ha pasado con este grupo platicaremos con George Melgar quien compartir\u00e1 con nosotros aspectos importantes en este espacio, donde se puede decir lo que se quiere y lo que en otros medios no se puede.<\/span><\/p>\n<p style=\"text-align: justify;\"><span style=\"color: #003366;\"><b>Hola George para empezar quiero que nos comentes en qu\u00e9 a\u00f1o nace la agrupaci\u00f3n y porque le llaman \u201cCaballo Loco\u201d? <\/b>Bueno primeramente te doy las gracias por tomarnos en cuenta y s\u00e9 que has entrevistado a grandes artistas y personalidades del \u00e1mbito nacional e internacional y eso es de mucho orgullo para los guatemaltecos y ojal\u00e1 tuvi\u00e9ramos muchas Heidys, t\u00fa eres un gran ejemplo para nuestra patria. Volviendo a la pregunta te cuento que la banda de rock Caballo Loco la iniciamos a principios de 1971 y f\u00edjate que el primer ensayo lo hicimos en mi casa la cual se localizaba en la 1\u00aa. calle de Candelaria entre 16 y 17 ave.<\/span><\/p>\n<p style=\"text-align: justify;\"><span style=\"color: #003366;\">Recuerdo muy bien ese s\u00e1bado que ensayamos unas 5 canciones entre ellas Satisfacci\u00f3n de los Rolling Stones y al siguiente d\u00eda hab\u00eda un Festival de Aniversario de la Discoteca Futillos Herrera de la Florida zona 19, en donde iban a estar las mejores bandas entre ellas: Apple Pie, Pl\u00e1stico Pesado, Cuerpo y Alma, La Compa\u00f1\u00eda Banda Cl\u00e1sica, Pastel de Fresa y mis disculpas a las otras bandas por no acordarme en estos momentos, pero igualmente de un gran nivel la cuesti\u00f3n estuvo que nos aventamos a ir a ese festival.\u00a0<\/span><\/p>\n<figure id=\"attachment_1288\" aria-describedby=\"caption-attachment-1288\" style=\"width: 300px\" class=\"wp-caption alignright\"><a href=\"https:\/\/heidysandovalruiz.com\/wp-content\/uploads\/2014\/03\/1.jpg\"><img loading=\"lazy\" decoding=\"async\" class=\"wp-image-1288 size-medium\" src=\"https:\/\/heidysandovalruiz.com\/wp-content\/uploads\/2014\/03\/1-300x201.jpg\" alt=\"George Melgar\" width=\"300\" height=\"201\" srcset=\"https:\/\/heidysandovalruiz.com\/wp-content\/uploads\/2014\/03\/1-300x201.jpg 300w, https:\/\/heidysandovalruiz.com\/wp-content\/uploads\/2014\/03\/1.jpg 550w\" sizes=\"auto, (max-width: 300px) 100vw, 300px\" \/><\/a><figcaption id=\"caption-attachment-1288\" class=\"wp-caption-text\">George Melgar<\/figcaption><\/figure>\n<p style=\"text-align: justify;\"><span style=\"color: #003366;\">Llegamos el domingo temprano a la discoteca pero incre\u00edblemente ya estaba lleno el lugar y la verdad entramos de pansazo, porque obviamente nadie nos conoc\u00eda, somos Caballo Loco dijimos a la entrada y a nosotros qu\u00e9? (nos importa), ten\u00edan raz\u00f3n; ya adentro y con todo ese ambiente a todo volumen nos pic\u00f3 el gusanito de tocar y les empezamos a prestar las chivas(instrumentos) a las bandas y varios nos dijeron que ibamos arruinar el concierto, que no era el momento para experimentos m\u00e1s sin embargo, hubo una banda que pensabamos eran los mas caqueros (llenos de cuentos),que a la primera que les dijimos nos prestaron todo los instrumentos, todav\u00eda los recuerdo con cari\u00f1o a Pastel de Fresa un grupaso y c\u00f3mo no recordar a mi gran amigo Jorge Sarmientos, primera guitarra triunfando de esa banda y que lleg\u00f3 a ser director de la Sinf\u00f3nica del Brazil y que actualmente sigue triunfando por all\u00e1.\u00a0 <\/span><\/p>\n<p style=\"text-align: justify;\"><span style=\"color: #003366;\">Tambi\u00e9n mis agradecimientos a Ricardo Monz\u00f3n el baterista que despu\u00e9s fue uno de mis maestros, otro triunfador en USA y que tambi\u00e9n toc\u00f3 para la banda Azucar otra banda que dio mucho de que hablar; bueno volviendo al rollo de la discoteca, solo empezamos a tocar y la gente se prendi\u00f3, incluyendo a los m\u00fasicos de las otras bandas nadie pod\u00eda creer lo que estaban oyendo, nosotros tocando con el alma y el coraz\u00f3n y para no cansarte y te lo digo sinceramente, ese primer toque fue suficiente para destronar a todas las bandas de Guate, ten\u00edamos una energ\u00eda impresionante y sab\u00edamos lo que hac\u00edamos, incluso logramos improvisar porque la gente no paraba de gritar y aplaudirnos y a lo mejor tocamos m\u00e1s de una hora, a partir de esa tocada el nombre de la banda se esparci\u00f3 como p\u00f3lvora.<\/span><\/p>\n<p style=\"text-align: justify;\"><span style=\"color: #003366;\">Respecto al nombre \u201c<strong>Caballo Loco<\/strong>\u201d recuerdo que hicimos una especie de sorteo entre los 4 m\u00fasicos y el que sali\u00f3 ganador fue el nombre del cantante Cracker (Caballo Loco) Crazy Horse se llam\u00f3 el indio Siux de USA que fue un luchador por la Justicia Social y amante de la Naturaleza.\u00a0\u00a0 <b><\/b><\/span><\/p>\n<p><span style=\"color: #003366;\"><b>Qui\u00e9nes conformaron desde un principio esta banda? <\/b>Bueno uno de los mejores guitarristas de Latinoam\u00e9rica, mi gran amigo y hermano Ra\u00fal Maquin, uno de los mejores cantantes de rock que ha tenido Centroam\u00e9rica: Marco Tulio Qui\u00f1\u00f3nez (Cracker) un gran ser humano, amigo y hermano; Carlos Zepeda bajista, guitarrista, cantante, compositor y por ser mayor que nosotros y de buenos principios, era un buen gu\u00eda para la banda, un super hermano hasta el d\u00eda de hoy y un servidor en la bataca (bateria) y coros=George Melgar.\u00a0\u00a0 <b><\/b><\/span><\/p>\n<p style=\"text-align: justify;\"><span style=\"color: #003366;\"><b>Qu\u00e9 tipo de m\u00fasica era la que interpretan y c\u00f3mo se puede llamar a este g\u00e9nero? <\/b>Lo defino como Rock Cl\u00e1sico y en un 90% eran covers los que toc\u00e1bamos y un10% original.<b><\/b><\/span><\/p>\n<p style=\"text-align: justify;\"><span style=\"color: #003366;\"><b>Las canciones originales del grupo las escrib\u00edan en conjunto o hab\u00eda un compositor? <\/b>El compositor principal era el bajista Carlos Zepeda, pero todos colabor\u00e1bamos con los arreglos.<b><\/b><\/span><\/p>\n<p style=\"text-align: justify;\"><span style=\"color: #003366;\"><b>Ten\u00edas apodos los integrantes del grupo? <\/b>Como si fuera un equipo de f\u00fatbol por supuesto que s\u00ed.<b><\/b><\/span><\/p>\n<p style=\"text-align: justify;\"><span style=\"color: #003366;\"><b>Recuerdas d\u00f3nde ensayaban? Puedes contarnos alguna an\u00e9cdota al respecto? <\/b>Bueno, a parte de mi casa tuvimos varios lugares para ensayar, por ejemplo en la colonia Bel\u00e9n, en la colonia Santa Marta de la Florida, en la zona 3 cerca del Cementerio General y 16 calle, en la 15 calle y no estoy seguro si 2da ave zona 1 lo que s\u00ed recuerdo de este lugar de ensayo y en el cual ten\u00edamos nuestras oficinas, es que el due\u00f1o de este lugar era nuestro manager en ese momento don Manuel Berducido antig\u00fce\u00f1o \u00e9l, y como an\u00e9cdota puedo comentarte que fue fundador de la primer disco en Guate (Disco Servi), creo que \u00e9l fue de los primeros en armar tarimas y ten\u00eda carpinteros para hacer los cajones de las bocinas que mandaba a comprar a Miami, don Manuel pensaba en grande y siempre ten\u00eda ideas nuevas, tambi\u00e9n fue el fundador de la banda Solar, en donde hizo un mix de m\u00fasicos de varias bandas.\u00a0\u00a0\u00a0\u00a0\u00a0 <b><\/b><\/span><\/p>\n<p style=\"text-align: justify;\"><span style=\"color: #003366;\"><b>Qu\u00e9 conjuntos recuerdas que alternaban con ustedes en esa \u00e9poca?<a href=\"https:\/\/heidysandovalruiz.com\/wp-content\/uploads\/2014\/03\/3.jpg\"><img loading=\"lazy\" decoding=\"async\" class=\"alignleft wp-image-1290 size-medium\" src=\"https:\/\/heidysandovalruiz.com\/wp-content\/uploads\/2014\/03\/3-300x291.jpg\" alt=\"3\" width=\"300\" height=\"291\" srcset=\"https:\/\/heidysandovalruiz.com\/wp-content\/uploads\/2014\/03\/3-300x291.jpg 300w, https:\/\/heidysandovalruiz.com\/wp-content\/uploads\/2014\/03\/3.jpg 546w\" sizes=\"auto, (max-width: 300px) 100vw, 300px\" \/><\/a> <\/b>Siglo XX, Banda Az\u00facar ,Apple Pie, Pl\u00e1stico Pesado, Banda Cl\u00e1sica, Cuerpo y Alma, La Compa\u00f1\u00eda, Pastel de Fresas, Abraxas, La Imagen Perdida, Grupo SantaFe, Banda Solar, Grupo La Bestia, Opus 3, Mano de Hierro, Banda Caf\u00e9, Los \u00c1ngeles Azules, Grupo F\u00e9nix, La orquesta de Guillermo Rojas, Manolo Coronado El Combo de Fito Ortiz, Fito Alegria, El Combo 7,La India Maya, Alma Tuneca, Ecos del Pac\u00edfico, Ecos Manzaneros y perd\u00f3n pero s\u00e9 que dej\u00e9 de mencionar a muchos m\u00e1s.<b><\/b><\/span><\/p>\n<p style=\"text-align: justify;\"><span style=\"color: #003366;\"><b>Cu\u00e9ntanos si participaban en festivales? <\/b>Si en muchos y recuerdo que yo fui el primero en utilizar el sal\u00f3n 3 del parque de la Industria, para festivales de m\u00fasica, junto con un amigo que le dec\u00edamos el Super Cuero, pero no porque fuera guapo, sino porque no ten\u00eda verg\u00fcenza y te cuento que los compa\u00f1eros de la banda no cre\u00edan que fuera a llegar la gente, pero invit\u00e9 a unas 9 bandas m\u00e1s para celebrar el primer aniversario del Caballo Loco y fue todo un \u00e9xito, empezando a las 10 am, para las 8 pm m\u00e1s o menos, despu\u00e9s de eso a todos se les prendi\u00f3 el foco para hacer festivales o simplemente fiestas sin ning\u00fan super motivo, incluyendo las marimbas orquestas del momento.\u00a0 En uno de los festivales que tocamos en ese parque los fans botaron la puerta, m\u00e1s bien el port\u00f3n de metal,\u00a0 calculo fueron m\u00e1s de 500 que entraron en estampida, con tal de no perderse un lugar para escucharnos.\u00a0\u00a0\u00a0 <b><\/b><\/span><\/p>\n<p style=\"text-align: justify;\"><span style=\"color: #003366;\"><b>D\u00f3nde se presentaban ustedes y cu\u00e1l era el p\u00fablico que los segu\u00eda? <\/b>En demasiados lugares algunos ejemplos: Institutos como Rafael Aqueche, Central, La Normal, Inca, G\u00f3mez Carrillo, Bel\u00e9n ,Adri\u00e1n Zapata, Comercio, La Universidad de San Carlos y muchos colegios e institutos m\u00e1s.<\/span><\/p>\n<p style=\"text-align: justify;\"><span style=\"color: #003366;\"><b>Pero ustedes tambi\u00e9n hac\u00edan labor social?<\/b> Efectivamente toc\u00e1bamos en ocasiones para La Cruz Roja, Los Bomberos, fuimos a tocar para los presos de Pav\u00f3n, as\u00ed como para los presos de Salcaj\u00e1 en Quetzaltenango y algo un poco m\u00e1s incre\u00edble, es que tocamos para los cuates-as del Manicomio, dentro de ese despelote, no se sab\u00eda qui\u00e9nes estaban m\u00e1s locos, si ellos o nosotros, ah\u00ed encontr\u00e9 a una amiga, que recuerdo que me dijo que su esposo la hab\u00eda metido en ese centro a la fuerza y que m\u00e1s bien era porque su esposo andaba con otra, esto sucedi\u00f3 en diciembre y me dijo que en unos d\u00edas sal\u00eda, para el 24 Noche Buena, por lo que le d\u00ed la sorpresa llev\u00e1ndole un disco de la banda y se puso a llorar y eso no se me olvida.\u00a0 Tambi\u00e9n ibamos a la mayor\u00eda de los departamentos para los aniversarios de los colegios, institutos o festividades de la regi\u00f3n, ferias etc. etc. respecto al p\u00fablico obviamente alumnos-as,maestros-as y p\u00fablico en general.\u00a0\u00a0\u00a0\u00a0 <b><\/b><\/span><\/p>\n<p style=\"text-align: justify;\"><span style=\"color: #003366;\"><b>C\u00f3mo recuerdas que era el ambiente musical en esa \u00e9poca? <\/b>Muy bueno porque hab\u00eda competencia, qui\u00e9rase o no, siempre los m\u00fasicos tratando de sobresalir y por ende las bandas para empezar por m\u00ed, recuerdo una vez que llegue a la casa de David de Gandarias (baterista de la Banda\u00a0 SOS)yo estaba empezando a tocar el instrumento y \u00e9l que me hizo un solo de bater\u00eda, que me dej\u00f3 con la boca abierta y en ese entonces era de lo mejor de Centroam\u00e9rica y despu\u00e9s de darme el show solo me dijo: si vas a tocar la bater\u00eda, ten\u00e9s que ser el mejor, sino ni lo intent\u00e9s, \u00e9l fue uno de mis maestros y anduvo por Europa con mucho \u00e9xito, actualmente es maestro en el Conservatorio Nacional. Yo tambi\u00e9n iba a ver como andaba la competencia para no quedarme atr\u00e1s, igualmente los guitarristas, bajistas, se andaban mirando el uno al otro pero de cualquier manera fue una \u00e9poca preciosa y tambi\u00e9n los 60s no se queda natr\u00e1s, muy buenas bandas.\u00a0 <b><\/b><\/span><\/p>\n<p style=\"text-align: justify;\"><span style=\"color: #003366;\"><b>Alguna vez tuvieron problemas por utilizar el pelo largo? <\/b>La raz\u00f3n exacta no la s\u00e9, pero como cosa rara pienso que nosotros fuimos de los pocos que no nos molestaron, porque lo del corte de pelo (y no era a la carta, ja,ja,ja),fue para todos los peludos a nivel general y no hablo del Presidente Arana, que era el que mandaba en ese entonces, m\u00e1s sin embargo, el hijo de \u00e9l (TITO ARANA) era seguidor del Caballo Loco, a lo mejor nos hecho una manita de gato, pero siempre tuvimos el pelo largo y los pantalones con campana y con colores extravagantes.\u00a0\u00a0\u00a0\u00a0\u00a0\u00a0\u00a0\u00a0\u00a0 <b><\/b><\/span><\/p>\n<p style=\"text-align: justify;\"><span style=\"color: #003366;\"><b>Alternaron con artistas internacionales? <\/b>Si con muchos, todas las bandas que han dejado huella en El Salvador como Fiebre Amarilla, The Lovers, Compania 10,American Brass, Grupo Macho, Hielo Ardiente, Orquesta de Los Hermanos Flores, etc.etc. perd\u00f3n por dejar a muchos otros sin mencionar. Tambi\u00e9n bandas de Costa Rica, de M\u00e9xico, El Barrabas de Espa\u00f1a, que por cierto ven\u00edan con alguno-s m\u00fasicos de Los Brincos y estaban sonando mucho en todas las radios, pero paso algo extra\u00f1o para variar, esa vez tocamos en El Palacio de la M\u00fasica en la zona 5 y ellos entraron al sal\u00f3n en limosina, pero no se bajaron ni siquiera para estar en back stage y cuando empezamos a tocar y viendo ellos la reacci\u00f3n de la gente y la m\u00fasica, se bajaron a escucharnos y el manager de ellos le dijo al promotor del evento que ya no nos dejara tocar, porque les est\u00e1bamos robando el show y solo tocamos 3 canciones y nos pagaron por todo el concierto, pero ese no era el chiste porque antes m\u00fasicos que comerciantes, de todas maneras nos aplaudieron mucho y ellos se llevaron del p\u00fablico el premio de una rechifla y no recuerdo que escusas dio el promotor, pero todav\u00eda le faltaba la cereza al cake porque ten\u00edamos que alternar con ellos en una de las mejores discotecas en una buena zona, pero no recuerdo el nombre en estos momentos y prefirieron pagarnos el concierto y no dejarlos en rid\u00edculo a los de la banda Barrabas; en ese mismo Palacio de la M\u00fasica alternamos con Leo Dan, tambi\u00e9n con algunas bandas de USA, con nombres que no recuerdo.\u00a0\u00a0\u00a0\u00a0 <b><\/b><\/span><\/p>\n<p style=\"text-align: justify;\"><span style=\"color: #003366;\"><a href=\"https:\/\/heidysandovalruiz.com\/wp-content\/uploads\/2014\/03\/2.jpg\"><img loading=\"lazy\" decoding=\"async\" class=\"wp-image-1289 size-medium alignright\" src=\"https:\/\/heidysandovalruiz.com\/wp-content\/uploads\/2014\/03\/2-300x236.jpg\" alt=\"2\" width=\"300\" height=\"236\" srcset=\"https:\/\/heidysandovalruiz.com\/wp-content\/uploads\/2014\/03\/2-300x236.jpg 300w, https:\/\/heidysandovalruiz.com\/wp-content\/uploads\/2014\/03\/2.jpg 546w\" sizes=\"auto, (max-width: 300px) 100vw, 300px\" \/><\/a><\/span><b style=\"color: #003366;\">Qu\u00e9 grupo guatemalteco de los 70s admiraban los integrantes de \u201cCaballo Loco\u201d? <\/b><span style=\"color: #003366;\">Bueno ser\u00eda injusto mencionar uno solo porque admir\u00e1bamos a varios entre ellos a Los SOS con el Super cantante Rony De Le\u00f3n que en algunas oportunidades\u00a0 se avent\u00f3 el palomaso (improviso con Caballo loco) y ellos son parte de la historia del rock guatemalteco; Apple Pie, Pl\u00e1stico Pesado, Cuerpo y Alma, Santa Fe\u2026mejor ni sigo porque son varios y puedo pecar de injusto por alg\u00fan olvido.<\/span><\/p>\n<p style=\"text-align: justify;\"><span style=\"color: #003366;\"><b>Qu\u00e9 grupo consideras marcaba alguna rivalidad con ustedes? <\/b>Bueno, cuando nosotros ten\u00edamos acaparada como quien dice toda la afici\u00f3n se escuchaban fuertes rumores de que por ah\u00ed andaba una banda tratando de salir a escena y ya ten\u00edan 2 o m\u00e1s a\u00f1os de ensayo, pero por nuestra popularidad, ellos no pod\u00edan salir a flote y no fue que hasta que Caballo Loco desapareci\u00f3 de la noche a la ma\u00f1ana, pudieron surgir ellos, pero honestamente y en ning\u00fan momento sentimos alguna envidia por ellos, m\u00e1s bien sentimos admiraci\u00f3n, por toda la m\u00fasica original que han hecho y muy bella toda, lo que si pienso y esto es personal, que a nosotros nos toc\u00f3 lo m\u00e1s dif\u00edcil y cuando ellos lanzaron su disco, ya hab\u00eda pasado la tormenta porque estoy seguro que en medio de guerrilla y gobierno no podr\u00eda haber sonado=Alto Al Fuego o sea que para ser optimistas al final les fue bien y si muy merecido, aunque por experiencia propia, en m\u00e1s de una oportunidad ellos pidieron no alternar con nosotros y eso pas\u00f3 en Los \u00c1ngeles California, a m\u00ed en lo personal me encantan la mayor\u00eda de sus canciones y es una de las mejores bandas de los 80s Alux Nahual yo los considero mis amigos y ante todo que somos colegas.\u00a0\u00a0 <b><\/b><\/span><\/p>\n<p style=\"text-align: justify;\"><span style=\"color: #003366;\"><b>Qu\u00e9 acontecimientos importantes marcaron a Guatemala en la \u00e9poca en que ustedes estaban en su apogeo? <\/b>Bueno se hablo mucho del rio Motagua pintado de rojo, el perseguimiento a la gente por su forma diferente de pensar, incluyendo a los m\u00fasicos y las redadas que hac\u00edan al p\u00fablico en salones de baile, discotecas, jalando parejo con hombres y mujeres y la susodicha guinda al cake, un golpe de estado, no olvidemos lo de la Embajada de Espa\u00f1a y lo del pueblo de Rigoberta Mench\u00fa, por mencionar algunos.<\/span><\/p>\n<p style=\"text-align: justify;\"><span style=\"color: #003366;\"><b>Caballo Loco particip\u00f3 en las presentaciones que se hac\u00edan en los cines?? <\/b>si tocamos en el cine Cali, Real, el cine de la colonia Santa Luisa alias el cucarachero, otro cine en la Florida que no recuerdo el nombre y otros m\u00e1s.\u00a0 <b><\/b><\/span><\/p>\n<p style=\"text-align: justify;\"><span style=\"color: #003366;\"><b>Cu\u00e1ntos a\u00f1os estuvo vigente \u201cCaballo Loco\u201d y por qu\u00e9 se desintegra? <\/b>Unos 10 a\u00f1os y nos desintegra el gobierno de una manera Salom\u00f3nica, como as\u00ed dir\u00e1n ustedes, bueno pues nosotros ten\u00edamos de 3 a 6 conciertos por semana, la mayor\u00eda en los institutos, pero las asociaciones de los mismos como que andaban metidas en rollos contra el gobierno y eso nos vino afectar, como dice el Chavo, sin querer queriendo, porque como reun\u00edamos a mucha gente, esto no le conven\u00eda al gobierno y nos pusieron como condici\u00f3n que solo toc\u00e1ramos una vez por a\u00f1o en cada lugar; y en una reuni\u00f3n que hicimos los de la banda y valga la aclaraci\u00f3n a estas alturas ya ten\u00edamos otro integrante como segunda guitarra y vos=Victor Hugo De Le\u00f3n (Chichi) se hizo una votaci\u00f3n y como el 50% ya no quer\u00edan seguir porque ya no era rentable pues a m\u00ed me toc\u00f3 que dar el voto final y pens\u00e9 que si 2 de los m\u00fasicos ya no quer\u00edan no val\u00eda la pena continuar.\u00a0\u00a0\u00a0\u00a0\u00a0\u00a0 <b><\/b><\/span><\/p>\n<p style=\"text-align: justify;\"><span style=\"color: #003366;\"><b>Qu\u00e9 ha sido de sus ex integrantes de la banda? <\/b>De los 4 originales el bajista Carlos Zepeda, es Pastor de una iglesia y en alg\u00fan momento que sali\u00f3 una buena oportunidad en USA, Cracker y Ra\u00fal Maquin, trataron de convencerlo pero \u00e9l\u00a0 les dio un rotundo no, m\u00e1s bien dijo que todo eso era del demonio y que el ya hab\u00eda quemado todo lo relacionado a la banda, en una de las veces que estuve por ac\u00e1, lo visit\u00e9 y logr\u00e9 rescatar un album con unas cuantas fotos, que yo se lo hab\u00eda prestado de cualquier manera nos queremos y apreciamos; respecto al cantante=Cracker, se dedica a la pintura, Ra\u00fal Maqu\u00edn al dibujo y supe que en alguna oportunidad trabaj\u00f3 para la compa\u00f1\u00eda Disney, de mi parte tengo un titulo de gerente de restaurantes.\u00a0\u00a0\u00a0\u00a0\u00a0 <b><\/b><\/span><\/p>\n<p style=\"text-align: justify;\"><span style=\"color: #003366;\"><b>Se ha pensado en alg\u00fan momento en volver a reunirse y regresar a los escenarios? <\/b>Por supuesto que es lo que quiero hacer, reunir a la banda con la mayor\u00eda de los m\u00fasicos originales y tenemos que incorporar a los m\u00fasicos que sean necesarios porque si hay mucha gente que nos quiere escuchar y porque no si por ah\u00ed andan Los Rolling Stones, Eagles, Aerosmith, Paul MacArtney, banda Chicago y tantos otros.<b><\/b><\/span><\/p>\n<p style=\"text-align: justify;\"><span style=\"color: #003366;\"><b>Qu\u00e9 a\u00f1ora \u201cCaballo Loco\u201d de aquella \u00e9poca? <\/b>En primer lugar la juventud ,ja,ja,ja, no ya en serio, toda esa gente linda que nos dio su apoyo, sus aplausos y supo reconocer el esfuerzo de la banda para que la pasaran de lo mejor, pero los medios jugaron un papel importante, para que se escuchara la banda por doquier, una emisora que nos anunciaba cada semana era La Exclusiva, de la cual guardo gratos recuerdos, con entrevistas a cada poco en varias ocasiones llegaban los canales de tv a los conciertos, pero no tengo ning\u00fan video.<b><\/b><\/span><\/p>\n<p style=\"text-align: justify;\"><span style=\"color: #003366;\"><b>Han pensado recopilar sus grabaciones? <\/b>Podr\u00eda ser, porque no, pero en aquel entonces solamente grabamos un 45 con 2 canciones y las dem\u00e1s que andan por ah\u00ed los fans las rescataron de los cassettes que grabaron en vivo y obviamente no tienen buen sonido, pero de cualquier manera fue un lindo gesto de quienes tuvieron la oportunidad de guardarlos todo eso se agradece y no tiene precio.<b><\/b><\/span><\/p>\n<p><span style=\"color: #003366;\"><b>Qui\u00e9nes de los ex integrantes siguen en la m\u00fasica? <\/b>Bueno Raul Maquin ha estado activo, Cracker ha cantado de vez en cuando y como que le tenemos que dar algunos galones de miel de abeja para recuperarlo, de mi parte dej\u00e9 de hacer m\u00fasica por un tiempo, pero pienso recuperar ese tiempo perdido, porque la m\u00fasica la llevo en las venas.<a href=\"https:\/\/heidysandovalruiz.com\/wp-content\/uploads\/2014\/03\/5.jpg\"><img loading=\"lazy\" decoding=\"async\" class=\"alignleft wp-image-1287 size-medium\" src=\"https:\/\/heidysandovalruiz.com\/wp-content\/uploads\/2014\/03\/5-243x300.jpg\" alt=\"5\" width=\"243\" height=\"300\" srcset=\"https:\/\/heidysandovalruiz.com\/wp-content\/uploads\/2014\/03\/5-243x300.jpg 243w, https:\/\/heidysandovalruiz.com\/wp-content\/uploads\/2014\/03\/5.jpg 422w\" sizes=\"auto, (max-width: 243px) 100vw, 243px\" \/><\/a><\/span><\/p>\n<p style=\"text-align: justify;\"><b style=\"color: #003366;\">Qu\u00e9 mensaje le das a los seguidores de las \u201cEntrevistas de Heidy\u201d:<\/b><span style=\"color: #003366;\"> \u00a0Pues que te sigan apoyando, ya que te mereces eso y m\u00e1s y por supuesto que apoyen a la banda Caballo Loco Tercera Edici\u00f3n, pues nosotros les vamos a dar todo nuestro talento o m\u00e1s bien el que Dios nos hizo el favor de darnos y nuevamente gracias Heidy de todo coraz\u00f3n, gracias por aguantarme.<\/span><\/p>\n<p style=\"text-align: justify;\"><span style=\"color: #003366;\">Para finalizar te dir\u00eda que a esta historia yo le llamar\u00eda \u201cCaballo Loco Primera Edici\u00f3n\u201d, porque falta contarte Caballo Loco Segunda Edici\u00f3n, con otros m\u00fasicos y otro panorama y otro pa\u00eds; pero no puedo dejar de nombrar a los m\u00fasicos que integraron la banda en USA, en la l\u00edder guitar, compositor, arreglista, chorus: Mike Mazariegos; en la 2<sup>a.<\/sup> guitar, singer, compositor, arreglista: Rony Perdomo, bass guitar, keyboard, singer, compositor, arreglista, ingeniero de sonido: Sergio Palacios y George Melgar, baterista, arreglista, chorus.<\/span><\/p>\n<p style=\"text-align: justify;\"><span style=\"color: #003366;\">A todos mis amigos-as o que no me conocen, les pido disculpas por algunas o muchas cosas que haya olvidado, saludos.<\/span><\/p>\n<p style=\"text-align: justify;\"><span style=\"color: #003366;\">Ha sido un enorme gusto compartir con George Melgar, datos e historia de una de las agrupaciones que ha dejado huella en los archivos musicales de nuestro pa\u00eds y les digo que me goc\u00e9 esta entrevista pues con tantos detalles por momentos me sent\u00ed ubicada en muchos de esos lugares que nunca conoc\u00ed pero que a trav\u00e9s de las an\u00e9cdotas viaj\u00e9 en el tiempo \u00a0y porque no decirles que esta historia\u2026<b>CONTINUAR\u00c1<\/b>\u2026<\/span><\/p>\n<p style=\"text-align: justify;\"><span style=\"color: #003366;\">\u00a0<\/span><\/p>\n<p><iframe loading=\"lazy\" src=\"https:\/\/www.youtube.com\/embed\/zpBiwrLyMM4\" width=\"520\" height=\"415\" frameborder=\"0\" allowfullscreen=\"allowfullscreen\"><\/iframe><br \/>\n<strong>Les invitamos a darle me gusta a nuestras Fan Page<\/strong><\/p>\n<p>\u00abGala de la Canci\u00f3n Guatemalteca\u00bb y \u00abLos invitados de Heidy\u00bb<\/p>\n<p><a title=\"Gala de la Canci\u00f3n Guatemalteca\" href=\"http:\/\/on.fb.me\/1kXE6cH\">http:\/\/on.fb.me\/1kXE6cH<\/a><\/p>\n<p><a title=\"Los invitados de Heidy\" href=\"http:\/\/on.fb.me\/1cnno1t\">http:\/\/on.fb.me\/1cnno1t<\/a><\/p>\n<p><span style=\"color: #003366;\"><b>Entrevista realizada por Heidy Sandoval Ruiz<\/b><\/span><\/p>\n<p><b>\u00a0<\/b><\/p>\n<p>&nbsp;<\/p>\n","protected":false},"excerpt":{"rendered":"<div class=\"mh-excerpt\"><p>En \u201cLa cara amiga de los invitados de Heidy\u201d, hoy quiero compartir con ustedes la entrevista realizada a George Melgar ex integrante del \u201cGrupo Caballo <a class=\"mh-excerpt-more\" href=\"https:\/\/heidysandovalruiz.com\/?p=1285\" title=\"La cara amiga del Grupo \u00abCaballo Loco\u00bb\">[&#8230;]<\/a><\/p>\n<\/div>","protected":false},"author":4,"featured_media":1286,"comment_status":"closed","ping_status":"closed","sticky":false,"template":"","format":"standard","meta":{"footnotes":""},"categories":[16],"tags":[94],"class_list":["post-1285","post","type-post","status-publish","format-standard","has-post-thumbnail","hentry","category-la-cara-amiga","tag-la-cara-amiga-del-grupo-caballo-loco"],"_links":{"self":[{"href":"https:\/\/heidysandovalruiz.com\/index.php?rest_route=\/wp\/v2\/posts\/1285","targetHints":{"allow":["GET"]}}],"collection":[{"href":"https:\/\/heidysandovalruiz.com\/index.php?rest_route=\/wp\/v2\/posts"}],"about":[{"href":"https:\/\/heidysandovalruiz.com\/index.php?rest_route=\/wp\/v2\/types\/post"}],"author":[{"embeddable":true,"href":"https:\/\/heidysandovalruiz.com\/index.php?rest_route=\/wp\/v2\/users\/4"}],"replies":[{"embeddable":true,"href":"https:\/\/heidysandovalruiz.com\/index.php?rest_route=%2Fwp%2Fv2%2Fcomments&post=1285"}],"version-history":[{"count":5,"href":"https:\/\/heidysandovalruiz.com\/index.php?rest_route=\/wp\/v2\/posts\/1285\/revisions"}],"predecessor-version":[{"id":3687,"href":"https:\/\/heidysandovalruiz.com\/index.php?rest_route=\/wp\/v2\/posts\/1285\/revisions\/3687"}],"wp:featuredmedia":[{"embeddable":true,"href":"https:\/\/heidysandovalruiz.com\/index.php?rest_route=\/wp\/v2\/media\/1286"}],"wp:attachment":[{"href":"https:\/\/heidysandovalruiz.com\/index.php?rest_route=%2Fwp%2Fv2%2Fmedia&parent=1285"}],"wp:term":[{"taxonomy":"category","embeddable":true,"href":"https:\/\/heidysandovalruiz.com\/index.php?rest_route=%2Fwp%2Fv2%2Fcategories&post=1285"},{"taxonomy":"post_tag","embeddable":true,"href":"https:\/\/heidysandovalruiz.com\/index.php?rest_route=%2Fwp%2Fv2%2Ftags&post=1285"}],"curies":[{"name":"wp","href":"https:\/\/api.w.org\/{rel}","templated":true}]}}