{"id":1300,"date":"2014-03-17T23:28:20","date_gmt":"2014-03-17T23:28:20","guid":{"rendered":"http:\/\/heidysandovalruiz.com\/?p=1300"},"modified":"2014-03-18T22:17:00","modified_gmt":"2014-03-18T22:17:00","slug":"la-cara-amiga-de-mario-vides","status":"publish","type":"post","link":"https:\/\/heidysandovalruiz.com\/?p=1300","title":{"rendered":"La cara amiga de \u00abMario Vides\u00bb"},"content":{"rendered":"<p style=\"text-align: justify;\"><span style=\"color: #0000ff;\">Hoy en \u201c<b>La cara amiga de los invitados de Heidy<\/b>\u201d, traemos a ustedes a un personaje que cuenta con m\u00e1s de 40 a\u00f1os de carrera art\u00edstica \u00e9l es\u00a0<b>Mario Vides<\/b>.\u00a0Su canci\u00f3n \u201cVivir\u00e1s por alguien\u201d gan\u00f3 el segundo premio OTI de Guatemala,\u00a0\u00a0escribi\u00f3 el tema de \u201cTelet\u00f3n\u201d,\u00a0\u00a0adem\u00e1s es considerado un AJQUIJ MAYA (Gu\u00eda espiritual) y acaba de ser nombrado Anciano Maya, el \u00fanico nombrado despu\u00e9s del 13 Baktun.<\/span><\/p>\n<p style=\"text-align: justify;\"><span style=\"color: #0000ff;\">Doy la bienvenida a este espacio, donde se puede decir lo que se quiere y lo que en otros medios no se puede.<\/span><\/p>\n<p style=\"text-align: justify;\"><span style=\"color: #0000ff;\">Hablar de Mario Vides es hacer un recorrido de m\u00e1s de 40 a\u00f1os de arte, m\u00fasica y sentimiento y como cada camino tiene un inicio, esta entrevista tambi\u00e9n, por lo que quisiera como primer punto preguntarte \u00bf<b>si tu ni\u00f1ez estuvo rodeada de m\u00fasica, tus pap\u00e1s tocaban alg\u00fan instrumento?<\/b><\/span><\/p>\n<p style=\"text-align: justify;\"><span style=\"color: #0000ff;\">Si mi padre era violinista de la Sinf\u00f3nica Nacional de Guatemala y mi mam\u00e1 pianista con maestro en casa pero muy profesional tambi\u00e9n, mi padre fue el segundo viol\u00edn de la orquesta y fund\u00f3 la \u00fanica Orquesta Sinf\u00f3nica Ind\u00edgena hace 40 a\u00f1os, donde yo toqu\u00e9 cuando ten\u00eda 8 a\u00f1os. Viol\u00edn.<\/span><\/p>\n<p style=\"text-align: justify;\"><b><span style=\"color: #0000ff;\">Qu\u00e9 momentos recuerdas de tu etapa estudiantil como artista?<\/span><\/b><\/p>\n<p style=\"text-align: justify;\"><span style=\"color: #0000ff;\">Bueno gane muchos festivales de la canci\u00f3n cuando estudie en el Liceo Guatemala, y gane una bolsa de estudios\u00a0\u00a0en el Conservatorio Nacional, con la que pude pagar una gran parte de mis estudios de primaria y parte de secundaria.<\/span><\/p>\n<p style=\"text-align: justify;\"><span style=\"color: #0000ff;\"><a href=\"https:\/\/heidysandovalruiz.com\/wp-content\/uploads\/2014\/03\/FOTO-ULTIMA-MAYA-MARIO-VIDES.jpg\"><img loading=\"lazy\" decoding=\"async\" class=\"size-thumbnail wp-image-1301 alignleft\" alt=\"FOTO ULTIMA MAYA MARIO VIDES\" src=\"https:\/\/heidysandovalruiz.com\/wp-content\/uploads\/2014\/03\/FOTO-ULTIMA-MAYA-MARIO-VIDES-150x150.jpg\" width=\"150\" height=\"150\" \/><\/a><\/span><b><span style=\"color: #0000ff;\">Cu\u00e1l crees que fue el evento que te dio el impulso para iniciar tu carrera como artista?<\/span><\/b><\/p>\n<p style=\"text-align: justify;\"><span style=\"color: #0000ff;\">Hay muchos, empec\u00e9 a los 11 a\u00f1os cantando por Europa, interpretando una canci\u00f3n que compuse para Miguel \u00c1ngel Asturias, Premio Nobel, llamada \u201c<b>Hombres de ma\u00edz<\/b>\u201d aqu\u00ed me di a conocer mundialmente.<\/span><\/p>\n<p style=\"text-align: justify;\"><b><span style=\"color: #0000ff;\">Cu\u00e1les recuerdas que fueron los primeros escenarios en los que comenzaste a proyectarte, colegios, veladas estudiantiles? C\u00f3mo fue esa parte de tu vida cuando recuerdo estudiabas en el Liceo Guatemala?<\/span><\/b><\/p>\n<p style=\"text-align: justify;\"><span style=\"color: #0000ff;\">Como te dije gane muchos festivales de la canci\u00f3n y no se me olvida algo, tambi\u00e9n me tocaron la campana en un programa de aficionados, por error de la llamada llorona, pero no import\u00f3 esto me hizo lograr cosas incre\u00edbles, pues el mismo a\u00f1o gane 4 festivales en el pa\u00eds y uno de los grupos centroamericanos y del Caribe. Adem\u00e1s al a\u00f1o siguiente gane la oposici\u00f3n para representar a mi pa\u00eds en San Juan de Puerto Rico en OTI 1975.<\/span><\/p>\n<p style=\"text-align: justify;\"><b><\/b><b><span style=\"color: #0000ff;\">A qu\u00e9 edad decides que \u00e9sta ser\u00e1 tu profesi\u00f3n y dedicas de lleno tu tiempo a prepararte?<\/span><\/b><\/p>\n<p style=\"text-align: justify;\"><span style=\"color: #0000ff;\">Bueno yo empec\u00e9 a tocar de o\u00eddo a los 6 a\u00f1os de edad, luego tuve mi entrevista en el Conservatorio Nacional de M\u00fasica y gan\u00e9 la \u201cBolsa de Estudios\u201d, donde me pagaban por estudiar. Y con esto pagu\u00e9 parte de mis estudios en el Liceo Guatemala.<\/span><\/p>\n<p style=\"text-align: justify;\"><b><span style=\"color: #0000ff;\">Qu\u00e9 representa para ti el Festival OTI tanto en Guatemala como el internacional?<\/span><\/b><\/p>\n<p style=\"text-align: justify;\"><span style=\"color: #0000ff;\">Ha sido y ser\u00e1 el m\u00e1s importante de los FESTIVALES\u00a0\u00a0que ha habido, tuve oportunidad de participar como en seis, cuatro como compositor y director y dos como int\u00e9rprete, en Valencia en el 93 y en Puerto Rico en el 75.<\/span><\/p>\n<p style=\"text-align: justify;\"><b><span style=\"color: #0000ff;\">En qu\u00e9 otros festivales participaste y cu\u00e1l fue tu experiencia?<\/span><\/b><\/p>\n<p style=\"text-align: justify;\"><span style=\"color: #0000ff;\">Gan\u00e9 un tercer lugar como compositor en Vi\u00f1a del Mar. Logr\u00e9 estar en Tayz\u00e9, Francia representando a mi pa\u00eds en una reuni\u00f3n mundial de j\u00f3venes cristianos. y cant\u00e9 ante 50,000.<\/span><\/p>\n<p style=\"text-align: justify;\"><b><span style=\"color: #0000ff;\">Tu identificaci\u00f3n con Guatemala y sus problemas te ha llevado a colaborar con entidades que trabajan\u00a0\u00a0para mejorar el nivel de vida de los guatemaltecos, uno de ellos sabemos que fue \u201cTelet\u00f3n\u201d, cu\u00e1l ha sido tu participaci\u00f3n en este evento con m\u00e1s de 2 d\u00e9cadas de existencia?<a href=\"https:\/\/heidysandovalruiz.com\/wp-content\/uploads\/2014\/03\/1376756784_537428833_1-Fotos-de-Mario-vides-metodo-cibernetico-de-canto-canta-como-nunca-en-horas.jpg\"><img loading=\"lazy\" decoding=\"async\" class=\"size-thumbnail wp-image-1302 alignright\" alt=\"1376756784_537428833_1-Fotos-de--Mario-vides-metodo-cibernetico-de-canto-canta-como-nunca-en-horas\" src=\"https:\/\/heidysandovalruiz.com\/wp-content\/uploads\/2014\/03\/1376756784_537428833_1-Fotos-de-Mario-vides-metodo-cibernetico-de-canto-canta-como-nunca-en-horas-150x150.jpg\" width=\"150\" height=\"150\" \/><\/a><\/span><\/b><\/p>\n<p style=\"text-align: justify;\"><b><\/b><span style=\"color: #0000ff;\">Se me reconoci\u00f3 15 a\u00f1os despu\u00e9s como el creador del himno del Telet\u00f3n \u201cJUNTOS TODO ES POSIBLE\u201d, esto ocurri\u00f3 porque algunos de los de esta \u00e9poca viajaron, y los dem\u00e1s cantantes conocidos lo cantaron y siempre fue diferente. Hasta que una vez muchos a\u00f1os despu\u00e9s me llamaron para que cantara con otros tres cantantes m\u00e1s el himno, ah\u00ed fue donde ante la prensa nacional les di la idea y lo corroboraron.<\/span><\/p>\n<p style=\"text-align: justify;\"><b><span style=\"color: #0000ff;\">Muchos pa\u00edses han conocido el arte y sentimiento de Mario Vides, pero creemos que Cuba tiene una magia especial para ti, qu\u00e9 nos puedes contar al respecto?<\/span><\/b><\/p>\n<p style=\"text-align: justify;\"><span style=\"color: #0000ff;\">Fue un placer representar a mi pa\u00eds Guatemala en uno de los Festivales de Boleros de Oro, sino uno el m\u00e1s importante Festival de boleros, llev\u00e9 con mucho honor la representaci\u00f3n de cantar m\u00fasica de mi amigo y amigo de mi padre AMANDO PARRILLA, QEPD. Logramos un \u00e9xito sin precedentes. Tambi\u00e9n cant\u00e9 una canci\u00f3n de Pablo Milan\u00e9s, Yolanda.<\/span><\/p>\n<p style=\"text-align: justify;\"><b><span style=\"color: #0000ff;\">Qu\u00e9 otros pa\u00edses has visitado llevando t\u00fa m\u00fasica y c\u00f3mo te han recibido?<\/span><\/b><\/p>\n<p style=\"text-align: justify;\"><span style=\"color: #0000ff;\">Llevo alrededor de 15 donde he actuado, y en todos los lugares he cosechado los mejores \u00e9xitos.<\/span><\/p>\n<p style=\"text-align: justify;\"><b><span style=\"color: #0000ff;\">Hablando de Mario Vides compositor cu\u00e1les han sido tus m\u00e1ximas obras musicales y a las que tienes m\u00e1s cari\u00f1o?<\/span><\/b><\/p>\n<p style=\"text-align: justify;\"><span style=\"color: #0000ff;\">Quiero que sepas mi viejo, a MI PADRE, Jos\u00e9 de los cubanos dedicado a Jos\u00e9 Mart\u00ed, Cosas claras de la vida, dedicada al GABO, Gabriel Garc\u00eda M\u00e1rquez, VAMOS PATRIA dedicada al Premio Nobel, Dra. Rigoberta Menchu Tun.<\/span><\/p>\n<p style=\"text-align: justify;\"><b><span style=\"color: #0000ff;\">Sabemos que admiras las composiciones de Amando Parrilla, qu\u00e9 otros compositores o m\u00fasicos nacionales admiras y por qu\u00e9?<\/span><\/b><\/p>\n<p style=\"text-align: justify;\"><span style=\"color: #0000ff;\">Al creador de la Gallinita Josefina, V\u00edctor Manuel Porras, QEPD, por ser mi amigo bueno, a \u00c1lvaro Torres, un artista buen compositor, Arjona por sus canciones y porque como m\u00e9dico, logr\u00e9 curar a sus padres que fueron mis pacientes un tiempo.<\/span><\/p>\n<p style=\"text-align: justify;\"><b><span style=\"color: #0000ff;\">Cu\u00e1les son los artistas internacionales con los que has compartido escenario e interpretado sus canciones?<\/span><\/b><\/p>\n<p style=\"text-align: justify;\"><span style=\"color: #0000ff;\">Con muchos en festivales Internacionales, serian demasiados si los menciono pero algunos, la negra de Colombia, Gladys mercado del Per\u00fa, Gualberto Castro de M\u00e9xico, Nidia Caro de Puerto Rico, el Grupo Mocedades, Espa\u00f1a y muchos m\u00e1s. Estuve en giras con Serrat, Alberto Cortez, Facundo Cabral por toda Europa.<\/span><\/p>\n<p style=\"text-align: justify;\"><span style=\"color: #0000ff;\"><a href=\"https:\/\/heidysandovalruiz.com\/wp-content\/uploads\/2014\/03\/original_navidad_y_clases_003.jpg\"><img loading=\"lazy\" decoding=\"async\" class=\"size-thumbnail wp-image-1303 alignleft\" alt=\"original_navidad_y_clases_003\" src=\"https:\/\/heidysandovalruiz.com\/wp-content\/uploads\/2014\/03\/original_navidad_y_clases_003-150x150.jpg\" width=\"150\" height=\"150\" \/><\/a><\/span><b><span style=\"color: #0000ff;\">Hemos hablado de tu etapa de int\u00e9rprete y compositor, pero tambi\u00e9n tienes otra faceta que es la de maestro musical, qu\u00e9 nos dices al respecto?<\/span><\/b><\/p>\n<p style=\"text-align: justify;\"><span style=\"color: #0000ff;\">He sido violinista, primer viol\u00edn de orquestas varias, Director de Orquesta, Arreglista, y canta-autor. He montado unas 19 Academias de M\u00fasica en mi vida desde los 19 a\u00f1os.<\/span><\/p>\n<p style=\"text-align: justify;\"><b><span style=\"color: #0000ff;\">Qu\u00e9 representa para ti la espiritualidad maya, el 13 Baktun?<\/span><\/b><\/p>\n<p style=\"text-align: justify;\"><span style=\"color: #0000ff;\">Es un cambio de era, se cumplieron los 5,200 a\u00f1os donde tuve el honor de cantar una canci\u00f3n en castellano y en kakchiquel, y luego fui nombrado Anciano maya en enero.<\/span><\/p>\n<p style=\"text-align: justify;\"><b><span style=\"color: #0000ff;\">Crees que en Guatemala, se le ha dado el justo lugar a un artista que le ha dado tanto a su pa\u00eds?<\/span><\/b><\/p>\n<p style=\"text-align: justify;\"><span style=\"color: #0000ff;\">Dios sabe porque hace las cosas, no me quejo de nada, al rev\u00e9s vivo y naci para servir y dar clases, as\u00ed que as\u00ed morir\u00e9, sin embargo, he hecho much\u00edsimo sin parar de servir. Soy muy espiritual y creador de m\u00e9todos incre\u00edbles dicen como lo era mi santo padre. Y mi maestro tambi\u00e9n SUZUKI, el creador de la ESTIMULACION TEMPRANA, del Jap\u00f3n.<\/span><\/p>\n<p style=\"text-align: justify;\"><b><span style=\"color: #0000ff;\">Desde tu punto de vista crees que el Ministerio de Cultura cumple la funci\u00f3n que deber\u00eda de desempe\u00f1ar?<\/span><\/b><\/p>\n<p style=\"text-align: justify;\"><span style=\"color: #0000ff;\">No, le hace falta mucho, empezando porque el Director deber\u00eda de ser un m\u00fasico y artista\u00a0\u00a0y a la vez un empresario con mucha visi\u00f3n.<\/span><\/p>\n<p style=\"text-align: justify;\"><b><span style=\"color: #0000ff;\">Como maestro y formador de nuevo valores, que consejo les dar\u00edas para triunfar en este dif\u00edcil trabajo que es el arte?<\/span><\/b><\/p>\n<p style=\"text-align: justify;\"><span style=\"color: #0000ff;\">Entrar a una buena academia, donde no quieran hacer dinero contigo sino realmente ense\u00f1arte, yo al menos hago un examen de evaluaci\u00f3n primero.<\/span><\/p>\n<p style=\"text-align: justify;\"><b><span style=\"color: #0000ff;\">Qu\u00e9 m\u00e1s tiene preparado Mario Vides para un futuro cercano?<\/span><\/b><\/p>\n<p style=\"text-align: justify;\"><span style=\"color: #0000ff;\">Voy camino a Miami, hay unas entrevistas, con don Francisco. Posiblemente otro periodista famoso me har\u00e1 mi libro biograf\u00eda, y tambi\u00e9n est\u00e1 pendiente una pel\u00edcula en Hollywood. Si mi se\u00f1or as\u00ed lo quiere.<\/span><\/p>\n<p style=\"text-align: justify;\"><b><span style=\"color: #0000ff;\">Para saber m\u00e1s de tu historia y tus proyectos, que medios tienes para compartirlos con nuestros lectores?<\/span><\/b><\/p>\n<p style=\"text-align: justify;\"><span style=\"color: #0000ff;\">Pueden entrar a Google, y tendr\u00e1n 500,000 links, Youtube hay un buen n\u00famero de canciones\u00a0\u00a0muy famosas y tambi\u00e9n sobre cosmovisi\u00f3n maya, adem\u00e1s ya les subir\u00e9 mas sobre mi segundo disco que lo grab\u00e9 hace una semana.<\/span><\/p>\n<p style=\"text-align: justify;\"><b><span style=\"color: #0000ff;\">Qu\u00e9 mensaje les das a los lectores de \u201cLas entrevistas de Heidy\u201d?<\/span><\/b><\/p>\n<p style=\"text-align: justify;\"><span style=\"color: #0000ff;\">Primero que para m\u00ed Heidy es una de las mejores periodistas que ha tenido Guatemala en el campo de lo que a espect\u00e1culos se refiere. Y adem\u00e1s es una magnifica amiga, como un \u00e1ngel para este servidor. No es primera vez que me entrevista ya lo hab\u00eda hecho y muy bien y lindamente en Cuesti\u00f3n de Minutos.<\/span><\/p>\n<p style=\"text-align: justify;\"><span style=\"color: #0000ff;\">Agradezco a Mario Vides la oportunidad que nos ha brindado de compartir con los lectores parte de su trayectoria, vivencias y \u00e9xitos.\u00a0\u00a0Esperamos tenerte siempre en este espacio.<\/span><\/p>\n<p style=\"text-align: justify;\"><span style=\"color: #0000ff;\">Les recordamos de las clases de m\u00fasica en la \u00a0Academia de Mario Vides telefonos 5784-1399 y 5301-9404 siempre regalando becas a talentos.<\/span><\/p>\n<p style=\"text-align: justify;\"><span style=\"color: #0000ff;\">Les invito a ver videos y m\u00e1s fotos en \u00a0<\/span>\u00a0<\/p>\n<p>&nbsp;<\/p>\n<p><span style=\"color: #0000ff;\"><strong>Les invitamos a darle me gusta a nuestras Fan Page<\/strong><\/span><\/p>\n<p><span style=\"color: #0000ff;\">\u00abGala de la Canci\u00f3n Guatemalteca\u00bb y \u00abLos invitados de Heidy\u00bb<\/span><\/p>\n<p><a title=\"Gala de la Canci\u00f3n Guatemalteca\" href=\"http:\/\/on.fb.me\/1kXE6cH\">http:\/\/on.fb.me\/1kXE6cH<\/a><\/p>\n<p><a title=\"Los invitados de Heidy\" href=\"http:\/\/on.fb.me\/1cnno1t\">http:\/\/on.fb.me\/1cnno1t<\/a><\/p>\n<p>&nbsp;<\/p>\n<p>&nbsp;<\/p>\n<p><b><\/b><b><span style=\"color: #0000ff;\">Entrevista realizada por Heidy Sandoval Ruiz<\/span><\/b><\/p>\n<p>&nbsp;<\/p>\n<p>&nbsp;<\/p>\n<p>&nbsp;<\/p>\n","protected":false},"excerpt":{"rendered":"<div class=\"mh-excerpt\"><p>Hoy en \u201cLa cara amiga de los invitados de Heidy\u201d, traemos a ustedes a un personaje que cuenta con m\u00e1s de 40 a\u00f1os de carrera <a class=\"mh-excerpt-more\" href=\"https:\/\/heidysandovalruiz.com\/?p=1300\" title=\"La cara amiga de \u00abMario Vides\u00bb\">[&#8230;]<\/a><\/p>\n<\/div>","protected":false},"author":4,"featured_media":1304,"comment_status":"closed","ping_status":"closed","sticky":false,"template":"","format":"standard","meta":{"footnotes":""},"categories":[16],"tags":[95],"class_list":["post-1300","post","type-post","status-publish","format-standard","has-post-thumbnail","hentry","category-la-cara-amiga","tag-la-cara-amiga-de-mario-vides"],"_links":{"self":[{"href":"https:\/\/heidysandovalruiz.com\/index.php?rest_route=\/wp\/v2\/posts\/1300","targetHints":{"allow":["GET"]}}],"collection":[{"href":"https:\/\/heidysandovalruiz.com\/index.php?rest_route=\/wp\/v2\/posts"}],"about":[{"href":"https:\/\/heidysandovalruiz.com\/index.php?rest_route=\/wp\/v2\/types\/post"}],"author":[{"embeddable":true,"href":"https:\/\/heidysandovalruiz.com\/index.php?rest_route=\/wp\/v2\/users\/4"}],"replies":[{"embeddable":true,"href":"https:\/\/heidysandovalruiz.com\/index.php?rest_route=%2Fwp%2Fv2%2Fcomments&post=1300"}],"version-history":[{"count":8,"href":"https:\/\/heidysandovalruiz.com\/index.php?rest_route=\/wp\/v2\/posts\/1300\/revisions"}],"predecessor-version":[{"id":1312,"href":"https:\/\/heidysandovalruiz.com\/index.php?rest_route=\/wp\/v2\/posts\/1300\/revisions\/1312"}],"wp:featuredmedia":[{"embeddable":true,"href":"https:\/\/heidysandovalruiz.com\/index.php?rest_route=\/wp\/v2\/media\/1304"}],"wp:attachment":[{"href":"https:\/\/heidysandovalruiz.com\/index.php?rest_route=%2Fwp%2Fv2%2Fmedia&parent=1300"}],"wp:term":[{"taxonomy":"category","embeddable":true,"href":"https:\/\/heidysandovalruiz.com\/index.php?rest_route=%2Fwp%2Fv2%2Fcategories&post=1300"},{"taxonomy":"post_tag","embeddable":true,"href":"https:\/\/heidysandovalruiz.com\/index.php?rest_route=%2Fwp%2Fv2%2Ftags&post=1300"}],"curies":[{"name":"wp","href":"https:\/\/api.w.org\/{rel}","templated":true}]}}