{"id":1408,"date":"2014-04-21T21:34:16","date_gmt":"2014-04-21T21:34:16","guid":{"rendered":"http:\/\/heidysandovalruiz.com\/?p=1408"},"modified":"2022-02-26T20:35:44","modified_gmt":"2022-02-26T20:35:44","slug":"la-cara-amiga-de-paquito-diaz","status":"publish","type":"post","link":"https:\/\/heidysandovalruiz.com\/?p=1408","title":{"rendered":"La cara amiga de \u00abPaquito D\u00edaz\u00bb"},"content":{"rendered":"<p style=\"text-align: justify;\"><span style=\"color: #333399;\">Hoy en \u201c<b>La cara amiga de los invitados de Heidy<\/b>\u201d, les compartiremos la historia de un locutor, animador y promotor art\u00edstico, quien se qued\u00f3 en el recuerdo de muchas personas con el entonces muy gustado programa de radio \u201c<b>La hora de Camilo<\/b>\u201d en cual se transmit\u00eda en \u201cLa Voz de las Am\u00e9ricas\u201d\u00a0 Su nombre <b>Paquito D\u00edaz<\/b>, quien desde hace m\u00e1s de tres d\u00e9cadas ha trabajado en este medio y adem\u00e1s, apoyado a muchos artistas nacionales.<\/span><\/p>\n<p style=\"text-align: justify;\"><span style=\"color: #333399;\">Doy la bienvenida a nuestro muy buen amigo Paquito D\u00edaz, a este espacio donde se puede decir lo que se quiere y lo que en otros medios no se puede.<\/span><\/p>\n<p style=\"text-align: justify;\"><span style=\"color: #333399;\"><b>Los inicios de tu carrera fue en el medio radial, \u00bfrecuerdas cu\u00e1l era la l\u00ednea musical de tu programa y de qu\u00e9 a\u00f1o hablamos?<\/b><\/span><\/p>\n<p style=\"text-align: justify;\"><span style=\"color: #333399;\">Primero que todo quiero decirte que para m\u00ed es un honor haber sido tomado en cuenta para aparecer en esta secci\u00f3n en donde desfilan tantas personalidades y te felicito por la calidad de entrevistas que nos presentas, la verdad las he le\u00eddo y me encanta esa comunicaci\u00f3n que se ha logrado a trav\u00e9s de \u201cLos invitados de Heidy\u201d, pienso que es una maravillosa opci\u00f3n para que los artistas y personalidades te cuenten su historia\u00a0 Y sobre la pregunta, pues efectivamente empec\u00e9\u00a0 en este medio trabajando en varias emisoras transmitiendo\u00a0 programas de todo tipo de m\u00fasica, eso fue en los a\u00f1os 70\u00b4s.<\/span><\/p>\n<p style=\"text-align: justify;\"><span style=\"color: #333399;\"><b>\u00bfC\u00f3mo era el ambiente radial de ese entonces?<\/b><\/span><\/p>\n<figure id=\"attachment_4950\" aria-describedby=\"caption-attachment-4950\" style=\"width: 225px\" class=\"wp-caption alignright\"><a href=\"https:\/\/heidysandovalruiz.com\/wp-content\/uploads\/2014\/04\/Paquito-D\u00edaz-con-Celia-Recinos.jpg\"><img loading=\"lazy\" decoding=\"async\" class=\"wp-image-4950 size-medium\" src=\"https:\/\/heidysandovalruiz.com\/wp-content\/uploads\/2014\/04\/Paquito-D\u00edaz-con-Celia-Recinos-225x300.jpg\" alt=\"Paquito D\u00edaz con Celia Recinos\" width=\"225\" height=\"300\" \/><\/a><figcaption id=\"caption-attachment-4950\" class=\"wp-caption-text\"><span style=\"color: #000080;\">Paquito D\u00edaz con Celia Recinos<\/span><\/figcaption><\/figure>\n<p style=\"text-align: justify;\"><span style=\"color: #333399;\">Muy alegre, aunque s\u00ed reconozco que un poco indisciplinado y emp\u00edrico.\u00a0 Hoy la mayor\u00eda de locutores han cursado carreras de nivel medio y universitarios, en aquel tiempo eran contadas excepciones, aunque s\u00ed hab\u00eda mucha vocaci\u00f3n y entusiasmo.<\/span><\/p>\n<p style=\"text-align: justify;\"><span style=\"color: #333399;\">Muchas personas te recuerdan por un programa que transmit\u00edas en La Voz de las Am\u00e9ricas \u201c<b>De vacaciones con Camilo<\/b>\u201d que luego se llam\u00f3 \u201c<b>Una hora con Camilo<\/b>\u201d, <b>\u00bfqu\u00e9 recuerdos traigo a tu memoria con esta etapa de tu vida y cu\u00e9ntanos como participaba la audiencia?<\/b><\/span><\/p>\n<p style=\"text-align: justify;\"><span style=\"color: #333399;\">S\u00ed, muchos me recuerdan por el programa de Camilo.\u00a0 Hasta la fecha me encuentro gente que me lo menciona, aunque tambi\u00e9n me asocian con programas de marimba, un show del Grupo Miramar y otros.\u00a0 El programa de Camilo trae a mi memoria la gran audiencia que acapar\u00f3 desde el principio y la gente participaba por tel\u00e9fono, por carta (en aquel tiempo no hab\u00eda redes sociales) e incluso personalmente visit\u00e1ndonos en la cabina.<\/span><\/p>\n<p style=\"text-align: justify;\"><span style=\"color: #333399;\"><b>\u00bfA qu\u00e9 locutores recuerdas de esa \u00e9poca porque su estilo cambiara la l\u00ednea de locuci\u00f3n que hasta ese entonces se llevaba?<\/b><\/span><\/p>\n<p style=\"text-align: justify;\"><span style=\"color: #333399;\">Lo que pasa es que la locuci\u00f3n era muy libre y no hab\u00eda un estilo que alguien viniera a romper.\u00a0 Era la \u00e9poca de Chalo Hern\u00e1ndez, Chilo P\u00e9rez y otros que llegaron a ser muy populares.<\/span><\/p>\n<p style=\"text-align: justify;\"><span style=\"color: #333399;\"><b>Y a prop\u00f3sito \u00bfcon qu\u00e9 locutores compartiste en alg\u00fan momento micr\u00f3fono?<\/b><\/span><\/p>\n<p style=\"text-align: justify;\"><span style=\"color: #333399;\">Tuve el gran honor de trabajar en la Radio Ciro\u00b4s en donde compart\u00ed con gente de la talla de C\u00e9sar Romero, el mismo Chilo P\u00e9rez, el Lic. Eduardo Mendoza, Abd\u00f3n Rodr\u00edguez Zea, H\u00e9ctor Gait\u00e1n entre otros.\u00a0 Vi\u00e9ndolo a la distancia me asombro de esa oportunidad que se me present\u00f3.\u00a0 Luego precisamente en el ya mencionado programa de Camilo fui compa\u00f1ero de un joven llamado Javier Peralta, hoy una de las voces comerciales m\u00e1s cotizadas.\u00a0 Con Jorgito Beteta no\u00a0 compartimos en cabina pero fuimos parte del equipo de La Sabrosona\u00a0 y con quien formamos una gran mancuerna.<\/span><\/p>\n<p style=\"text-align: justify;\"><span style=\"color: #333399;\">Casi todos conocemos a los locutores que comparten con nosotros m\u00fasica, noticias e informaci\u00f3n general, pero de los due\u00f1os o directores de las radios es poco lo que se conoce, \u00bf<b>a qui\u00e9nes recuerdas y qu\u00e9 nos puedes contar, pues sabemos que eres una biblia de la radio?<\/b><\/span><\/p>\n<p style=\"text-align: justify;\"><span style=\"color: #333399;\">Gracias.\u00a0 En aquel tiempo estaba don Antonio Mourra, propietario de Radio Mundial y Emperador, as\u00ed como los canales de TV 11 y 13, fue un poderoso empresario.\u00a0 Pero todo pasa.<\/span><\/p>\n<p style=\"text-align: justify;\"><span style=\"color: #333399;\">Tambi\u00e9n estaba don Haroldo Castillo, que lleg\u00f3 a tener muchas radios: Doble S, Se\u00f1orial, Fresa, Femenina, Ejecutiva,\u00a0 la 5-60, la Conga y otras, hoy yo por lo menos no s\u00e9 que ser\u00e1 de \u00e9l.<\/span><\/p>\n<figure style=\"width: 225px\" class=\"wp-caption alignleft\"><a href=\"https:\/\/heidysandovalruiz.com\/wp-content\/uploads\/2014\/04\/2013-09-24-15.26.431.jpg\"><img loading=\"lazy\" decoding=\"async\" class=\"size-medium wp-image-4951\" src=\"https:\/\/heidysandovalruiz.com\/wp-content\/uploads\/2014\/04\/2013-09-24-15.26.431-225x300.jpg\" alt=\"Paquito D\u00edaz con Aracely Arambula\" width=\"225\" height=\"300\" \/><\/a><figcaption class=\"wp-caption-text\"><span style=\"color: #333399;\">Paquito D\u00edaz con Aracely Arambula<\/span><\/figcaption><\/figure>\n<p style=\"text-align: justify;\"><span style=\"color: #333399;\">Estaba don Alfredo Gonz\u00e1lez \u00a0propietario de la Nuevo Mundo y la Sensaci\u00f3n, \u00e9l por el contrario en la actualidad tiene el Sistema de Estaciones Nuevo Mundo, La Sabrosona, las 40 principales y otras, con muchas radios a nivel nacional.\u00a0 La familia Alc\u00e1zar y los se\u00f1ores Archila, pioneros de la radio y que se mantienen vigentes, junto a los nuevos magnates de la radio y la televisi\u00f3n nacionales.<\/span><\/p>\n<p style=\"text-align: justify;\"><span style=\"color: #333399;\"><b>Otra etapa de tu vida es la de promotor musical, \u00bfcon qu\u00e9 compa\u00f1\u00eda trabajaste y a qu\u00e9 artistas impulsaste?<\/b><\/span><\/p>\n<p style=\"text-align: justify;\"><span style=\"color: #333399;\">Uff, trabaj\u00e9 en varias compa\u00f1\u00edas disqueras, pero creo que merecen menci\u00f3n especial Fonica y Vypro (hoy Difosa) y entre los artistas que puedo mencionar est\u00e1n Fidel Funes, Checha y su India Maya, Tormenta, La Gran Familia, Miguel \u00c1ngel y su Grupo Cari\u00f1o, Marito Rivera, Banda Blanca, Zona Roja, Jossie Esteban, Fabi\u00e1n Brindis y bueno, fueron muchos m\u00e1s.<\/span><\/p>\n<p style=\"text-align: justify;\"><span style=\"color: #333399;\"><b>Hablando de este tema \u00bfa que promotores de esa \u00e9poca recuerdas?<\/b><\/span><\/p>\n<p style=\"text-align: justify;\"><span style=\"color: #333399;\">Recuerdo a C\u00e9sar Garc\u00eda, Alex Lugo y Ren\u00e9 Piril (ya fallecidos) y a Ernesto Barrios y Rodolfo Mendoza.<\/span><\/p>\n<p style=\"text-align: justify;\"><b style=\"color: #333399;\">Sabemos que a algunos artistas les diste nombre, qu\u00e9 an\u00e9cdotas tienes en ese sentido?<\/b><\/p>\n<p style=\"text-align: justify;\"><span style=\"color: #333399;\">Pues entre tanta relaci\u00f3n con los artistas tuve la oportunidad de que tomaran en cuenta mi opini\u00f3n cuando hubo que darle nombre a una marimba que empezaba y recuerdo que le dije al due\u00f1o \u201cpon\u00e9le tu nombre, pon\u00e9le Fidel Funes y su Marimba Orquesta\u201d, de esto hace ya casi 34 a\u00f1os.<\/span><\/p>\n<p style=\"text-align: justify;\"><span style=\"color: #333399;\">Luego conoc\u00ed a un cantante ranchero que se llamaba HEISENBERG y le dije: \u201cEse tu nombre nada que ver con lo ranchero\u201d y lo bautic\u00e9 como VALENTIN DE LEON, nombre que peg\u00f3 porque luego hasta en su casa no sab\u00edan su verdadero nombre y le dec\u00edan\u00a0 VALENTIN. Lamentablemente falleci\u00f3 prematuramente y se perdi\u00f3 un gran valor.<\/span><\/p>\n<p style=\"text-align: justify;\"><span style=\"color: #333399;\"><b>\u00bfQu\u00e9 diferencia a tu criterio encuentras entre el movimiento art\u00edstico de los 80s con el actual?<\/b><\/span><\/p>\n<p style=\"text-align: justify;\"><span style=\"color: #333399;\">La diferencia es que han surgido nuevos estilos, conforme la \u00e9poca, pero siempre hay que luchar por lograr el apoyo de los medios, lo cual siempre ha sido dif\u00edcil, pero que s\u00ed lo hay.<\/span><\/p>\n<figure style=\"width: 300px\" class=\"wp-caption alignright\"><a href=\"https:\/\/heidysandovalruiz.com\/wp-content\/uploads\/2014\/04\/FRANCISCO-ESCOBAR-768.jpg\"><img loading=\"lazy\" decoding=\"async\" class=\"size-medium wp-image-4952\" src=\"https:\/\/heidysandovalruiz.com\/wp-content\/uploads\/2014\/04\/FRANCISCO-ESCOBAR-768-300x225.jpg\" alt=\"Con H\u00e9ctor Cabrera y Heidy Sandoval Ruiz\" width=\"300\" height=\"225\" \/><\/a><figcaption class=\"wp-caption-text\"><span style=\"color: #333399;\">Con H\u00e9ctor Cabrera y Heidy Sandoval Ruiz<\/span><\/figcaption><\/figure>\n<p style=\"text-align: justify;\"><span style=\"color: #333399;\"><b>Es f\u00e1cil o dif\u00edcil ser promotor art\u00edstico en nuestro medio?<\/b><\/span><\/p>\n<p style=\"text-align: justify;\"><span style=\"color: #333399;\">Todo trabajo tiene sus dificultades, pero si es tu vocaci\u00f3n te las ingenias para salir adelante<\/span><\/p>\n<p style=\"text-align: justify;\"><span style=\"color: #333399;\"><b>Sabemos que eres un fan\u00e1tico del f\u00fatbol, \u00bfqu\u00e9 opini\u00f3n te merece el que casi siempre hayan trifulcas en los encuentros?<\/b><\/span><\/p>\n<p style=\"text-align: justify;\"><span style=\"color: #333399;\">No es muy seguido, lo que pasa es que hay partidos tan importantes que las pasiones se desbordan.\u00a0 Lo gracioso es que pelean m\u00e1s los aficionados entre s\u00ed que los propios jugadores que dicen \u201csomos rivales, pero no enemigos\u201d<\/span><\/p>\n<p style=\"text-align: justify;\"><span style=\"color: #333399;\"><b>\u00bfCu\u00e1les son las cualidades que debe tener un buen promotor art\u00edstico?<\/b><\/span><\/p>\n<p style=\"text-align: justify;\"><span style=\"color: #333399;\">Primero que le agrade su trabajo, ser creativo para beneficiar a sus artistas y tenaz para no \u201cdesinflarse\u201d al primer obst\u00e1culo.<\/span><\/p>\n<p style=\"text-align: justify;\"><span style=\"color: #333399;\"><b>\u00bfQu\u00e9 nos puedes contar de tu amistad con tres importantes personajes de la m\u00fasica\u00a0 en Guatemala: Ren\u00e9 Piril, Fidel Funes y C\u00e9sar G\u00e1lvez \u201cChecha\u201d?<\/b><\/span><\/p>\n<p style=\"text-align: justify;\"><span style=\"color: #333399;\">Pues de los 3 he dicho que han sido mis amigos, mis jefes y mis socios. Trabaj\u00e9 para todos, compart\u00ed fuera del trabajo con todos y organic\u00e9 eventos con todos. Aparte soy admirador de los 3 por sus logros, y lamento que ya no est\u00e9n con nosotros Checha y Ren\u00e9, y me alegra que Fidel siga con gran actividad y siempre luchando por su grupo<\/span><\/p>\n<p style=\"text-align: justify;\"><span style=\"color: #333399;\"><b>Un mensaje a los seguidores de \u201cLos Invitados de Heidy\u201d:<\/b><\/span><\/p>\n<p style=\"text-align: justify;\"><span style=\"color: #333399;\">Mi mensaje es que admiro mucho a Heidy por el apoyo que brinda desinteresadamente a todos los artistas, ojal\u00e1 todos la sigamos apoyando para que siga con su labor.\u00a0 0jal\u00e1 tuvi\u00e9ramos a otras cuantas Heidys para que todos fueran m\u00e1s reconocidos por su trabajo art\u00edstico.<\/span><\/p>\n<p style=\"text-align: justify;\"><span style=\"color: #333399;\">Y gracias por permitirme contar un poquito de lo mucho que he vivido en este trabajo.<\/span><\/p>\n<p style=\"text-align: justify;\"><span style=\"color: #333399;\">Agradezco a Paquito D\u00edaz el haber compartido con nosotros su historia, la cual nos hizo conocerle mejor y sobretodo conocer su trayectoria en los medios.<\/span><\/p>\n<p style=\"text-align: justify;\"><em><strong><span style=\"color: #333399;\">Lamentablemente nuestro querido amigo Paquito Diaz perdi\u00f3 la batalla y \u00a0falleci\u00f3 el 9 de junio de 2016.<\/span><\/strong><\/em><\/p>\n<p style=\"text-align: justify;\"><span style=\"color: #333399;\">Les invitamos para que se unan al grupo de \u00ab<strong>Artistas de Guatemala para el Mundo<\/strong>\u00bb en este link<\/span> <a href=\"http:\/\/on.fb.me\/1sn2wSf\">http:\/\/on.fb.me\/1sn2wSf<\/a>\u00a0 <span style=\"color: #333399;\">el cual tiene como prop\u00f3sito compartir videos, fotos, an\u00e9cdotas y todo lo de nuestros artistas en las diferentes d\u00e9cadas.<\/span><\/p>\n<p style=\"text-align: justify;\"><span style=\"color: #333399;\">Tambi\u00e9n ponemos a su disposici\u00f3n el grupo \u201c<strong>Un siglo de anuncios y algo m\u00e1s\u2026\u201d, <\/strong>un espacio donde pueden compartir o comentar los post que se publiquen<\/span> <a href=\"http:\/\/on.fb.me\/1vASm2g\">http:\/\/on.fb.me\/1vASm2g<\/a><\/p>\n<p><span style=\"color: #333399;\"><strong>Las entrevistas las pueden leer en los siguientes links:<\/strong><\/span><\/p>\n<p><a href=\"http:\/\/www.heidysandovalruiz.com\">http:\/\/www.heidysandovalruiz.com<\/a><\/p>\n<p><a href=\"http:\/\/lasentrevistasdeheidy.blogspot.com\">http:\/\/lasentrevistasdeheidy.blogspot.com<\/a><\/p>\n<p><em><span style=\"color: #333399;\"><strong>Entrevista realizada por Heidy Sandoval Ruiz<\/strong><\/span><\/em><\/p>\n","protected":false},"excerpt":{"rendered":"<div class=\"mh-excerpt\"><p>Hoy en \u201cLa cara amiga de los invitados de Heidy\u201d, les compartiremos la historia de un locutor, animador y promotor art\u00edstico, quien se qued\u00f3 en <a class=\"mh-excerpt-more\" href=\"https:\/\/heidysandovalruiz.com\/?p=1408\" title=\"La cara amiga de \u00abPaquito D\u00edaz\u00bb\">[&#8230;]<\/a><\/p>\n<\/div>","protected":false},"author":4,"featured_media":4953,"comment_status":"closed","ping_status":"closed","sticky":false,"template":"","format":"standard","meta":{"footnotes":""},"categories":[16],"tags":[106],"class_list":["post-1408","post","type-post","status-publish","format-standard","has-post-thumbnail","hentry","category-la-cara-amiga","tag-la-cara-amiga-de-paquito-diaz"],"_links":{"self":[{"href":"https:\/\/heidysandovalruiz.com\/index.php?rest_route=\/wp\/v2\/posts\/1408","targetHints":{"allow":["GET"]}}],"collection":[{"href":"https:\/\/heidysandovalruiz.com\/index.php?rest_route=\/wp\/v2\/posts"}],"about":[{"href":"https:\/\/heidysandovalruiz.com\/index.php?rest_route=\/wp\/v2\/types\/post"}],"author":[{"embeddable":true,"href":"https:\/\/heidysandovalruiz.com\/index.php?rest_route=\/wp\/v2\/users\/4"}],"replies":[{"embeddable":true,"href":"https:\/\/heidysandovalruiz.com\/index.php?rest_route=%2Fwp%2Fv2%2Fcomments&post=1408"}],"version-history":[{"count":7,"href":"https:\/\/heidysandovalruiz.com\/index.php?rest_route=\/wp\/v2\/posts\/1408\/revisions"}],"predecessor-version":[{"id":7533,"href":"https:\/\/heidysandovalruiz.com\/index.php?rest_route=\/wp\/v2\/posts\/1408\/revisions\/7533"}],"wp:featuredmedia":[{"embeddable":true,"href":"https:\/\/heidysandovalruiz.com\/index.php?rest_route=\/wp\/v2\/media\/4953"}],"wp:attachment":[{"href":"https:\/\/heidysandovalruiz.com\/index.php?rest_route=%2Fwp%2Fv2%2Fmedia&parent=1408"}],"wp:term":[{"taxonomy":"category","embeddable":true,"href":"https:\/\/heidysandovalruiz.com\/index.php?rest_route=%2Fwp%2Fv2%2Fcategories&post=1408"},{"taxonomy":"post_tag","embeddable":true,"href":"https:\/\/heidysandovalruiz.com\/index.php?rest_route=%2Fwp%2Fv2%2Ftags&post=1408"}],"curies":[{"name":"wp","href":"https:\/\/api.w.org\/{rel}","templated":true}]}}