{"id":1457,"date":"2014-05-10T02:54:59","date_gmt":"2014-05-10T02:54:59","guid":{"rendered":"http:\/\/heidysandovalruiz.com\/?p=1457"},"modified":"2014-05-10T03:40:44","modified_gmt":"2014-05-10T03:40:44","slug":"la-cara-amiga-de-cynthia-arana","status":"publish","type":"post","link":"https:\/\/heidysandovalruiz.com\/?p=1457","title":{"rendered":"La cara amiga de Cynthia Arana"},"content":{"rendered":"<p style=\"text-align: justify;\"><span style=\"color: #003366;\">Hoy les invito a leer en \u201c<strong>La cara amiga de nuestros invitados<\/strong>\u201d, la entrevista realizada a una de las cantantes considerada la m\u00e1s cotizada del momento ella es <strong>Cynthia Arana<\/strong>, quien nos contar\u00e1 como fue que se involucr\u00f3 en el ambiente art\u00edstico, nos hablar\u00e1 de su papel de madre y adem\u00e1s conoceremos muchos aspectos de su vida profesional. Este 4 de mayo celebr\u00f3 10 a\u00f1os de constante trabajo eso ha hecho de la trayectoria de Cynthia un carrera de \u00e9xitos.<\/span><\/p>\n<p style=\"text-align: justify;\"><span style=\"color: #003366;\">Recibimos a Cynthia Arana en este espacio, donde se puede decir lo que se quiere y lo que en otros medios no se puede, aunque una de las \u00faltimas veces que compartimos fue en \u201cCuesti\u00f3n de Minutos\u201d.<\/span><\/p>\n<p style=\"text-align: justify;\"><span style=\"color: #003366;\">Hablar de Cynthia Arana es hablar de una d\u00e9cada de trabajo, de preparaci\u00f3n, de viajes y de muchas otras cosas que surgen en una carrera art\u00edstica tan activa como es la tuya, pero antes de ello vamos a regresar en el tiempo y quiero que nos cuentes <strong>\u00bfC\u00f3mo recuerdas tu ni\u00f1ez?<\/strong> Una infancia muy alegre jugueteando con mis hermanos y haciendo muchas travesuras, a pesar de ser una ni\u00f1a muy t\u00edmida.<\/span><\/p>\n<p style=\"text-align: justify;\"><span style=\"color: #003366;\"><strong>\u00bfCu\u00e1ndo eras adolescente que te gustaba hacer?<\/strong> Me gustaba mucho estudiar y jugar y bicicleta.<\/span><\/p>\n<p><span style=\"color: #003366;\"><strong><a href=\"https:\/\/heidysandovalruiz.com\/wp-content\/uploads\/2014\/05\/IMG_18592980217098.jpeg\"><span style=\"color: #003366;\"><img loading=\"lazy\" decoding=\"async\" class=\"size-thumbnail wp-image-1459 alignleft\" alt=\"IMG_18592980217098\" src=\"https:\/\/heidysandovalruiz.com\/wp-content\/uploads\/2014\/05\/IMG_18592980217098-150x150.jpeg\" width=\"150\" height=\"150\" \/><\/span><\/a>\u00bfYa participabas en actividades art\u00edsticas?<\/strong> Si en las del colegio y familiares.<\/span><\/p>\n<p style=\"text-align: justify;\"><span style=\"color: #003366;\"><strong> \u00bfQu\u00e9 canciones de tu \u00e9poca te gustaban y por qu\u00e9?<\/strong> Me gustaba mucho la del Hilari lari he de Xuxa (en el colegio) por ser una canci\u00f3n muy alegre que me hacia divertirme al cantarla.<\/span><\/p>\n<p style=\"text-align: justify;\"><span style=\"color: #003366;\"><strong>\u00bfRecuerdas como fue el momento cuando le dices a tu familia que quieres dedicarte a la carrera art\u00edstica?<\/strong> Le cont\u00e9 a mi pap\u00e1 que quer\u00eda ser modelo y \u00e9l me apoy\u00f3 y se puso muy feliz a pesar que \u00e9l ya no me pudo ver de cantante se que tambi\u00e9n me hubiera apoyado y compartido con migo todas estas alegr\u00edas.<\/span><\/p>\n<p style=\"text-align: justify;\"><span style=\"color: #003366;\"><strong>\u00bfC\u00f3mo ingresas al modelaje y d\u00f3nde participas por primera vez?<\/strong> Tomando cursos en academias y la primera vez no la recuerdo creo que fue en la clausura de la academia.<\/span><\/p>\n<p style=\"text-align: justify;\"><span style=\"color: #003366;\"><strong> \u00bfQu\u00e9 maestros han sido parte de tu formaci\u00f3n como artista?<\/strong> Mario Melgar de la Academia Bell Callas, Rogelio Maya de Mundo Maya (L.A.) y Ang\u00e9lica Rosa de Artes Esc\u00e9nicas de Ang\u00e9lica Rosa. (en lo musical).<\/span><\/p>\n<p style=\"text-align: justify;\"><span style=\"color: #003366;\"><strong>\u00bfQu\u00e9 experiencia te dej\u00f3 el participar en Las Olimpiadas Mundiales de las Artes?<\/strong> Una de las mejores de mi vida haber tenido la oportunidad de convivir con gente de tantos pa\u00edses me hizo crecer como persona y como artista confiar en mi trabajo.<\/span><\/p>\n<p><span style=\"color: #003366;\"><strong>\u00bfEl estilo grupero siempre fue tu l\u00ednea musical? Y \u00bfPor qu\u00e9 este estilo?<\/strong> Si siempre ha sido mi estilo por que me gusta llegar a la gente y verlos bailar y cantar con migo, es la m\u00fasica que llega al alma y el coraz\u00f3n y lo que mas me gusta es que la escucha toda la gente de todas las edades, aunque en lo personal amo las baladas.<\/span><\/p>\n<p style=\"text-align: justify;\"><span style=\"color: #003366;\"><strong>\u00bfCon qu\u00e9 artistas internacionales has compartido escenario?<\/strong> Son muchos pero entre los mas destacados Los Tigres Del Norte, AK 7, Kpaz de La sierra, Fidel Rueda, Vicente Fern\u00e1ndez, Rieleros del Norte, Patrulla 81 con ellos tuve la oportunidad de participar en USA en M\u00e9xico la Sonora Santanera, Pepe Aguilar, Cuicillos, Montes De Durango, Trono de M\u00e9xico, Ana B\u00e1rbara y en Guatemala con Lorena Herrara, El Chapo de Sinaloa, Marco Antonio Sol\u00eds, Joan Sebastian y muchos m\u00e1s.<\/span><\/p>\n<p><span style=\"color: #003366;\"><strong>A prop\u00f3sito \u00bfCon qu\u00e9 artistas te gustar\u00eda compartir escenario?<\/strong> Mi sue\u00f1o es Ana Gabriel, me hubiese encantado Rocio D\u00farcal, Camilo Sesto.<a href=\"https:\/\/heidysandovalruiz.com\/wp-content\/uploads\/2014\/05\/1555523_572771789467959_845065781_n.jpg\"><span style=\"color: #003366;\"><img loading=\"lazy\" decoding=\"async\" class=\"size-thumbnail wp-image-1461 alignright\" alt=\"1555523_572771789467959_845065781_n\" src=\"https:\/\/heidysandovalruiz.com\/wp-content\/uploads\/2014\/05\/1555523_572771789467959_845065781_n-150x150.jpg\" width=\"150\" height=\"150\" \/><\/span><\/a><\/span><\/p>\n<p style=\"text-align: justify;\"><span style=\"color: #003366;\"><strong>\u00bfHas pensado grabar un disco de duetos y si este fuera el caso a qui\u00e9nes seleccionar\u00edas?<\/strong> No un disco de duetos pero si me gustar\u00eda incluir unas temas en el que estoy empezando a trabajar, me gustar\u00eda un dueto con An\u00edbal Coro, Gansters, Malacates, El Tambor de la Tribu en cuanto a lo nacional se refiere y del extranjero si con alguno como Patrulla 81 o Majestad de La Sierra (que se qued\u00f3 el proyecto varado).<\/span><\/p>\n<p style=\"text-align: justify;\"><span style=\"color: #003366;\"><strong>Hablando de discos \u00bfnos puedes contar de tu primera grabaci\u00f3n?<\/strong> Mi primer disco fue para mi un sue\u00f1o echo realidad que don Ren\u00e9 Piril me aceptara a formar parte de su casa disquera, en cuanto a la grabaci\u00f3n me pon\u00eda nerviosa que \u00e9l llegara a ver cuando estaba en el proceso de grabaci\u00f3n por que lo ve\u00eda una persona muy enojada des pues me di cuenta que no, el disco llev\u00f3 el nombre de Simplemente Cynthia.<\/span><\/p>\n<p style=\"text-align: justify;\"><span style=\"color: #003366;\"><strong>\u00bfConsideras que tienes buen car\u00e1cter?<\/strong> La mayor\u00eda de veces si <strong>\u00bfQu\u00e9 te hace enojar?<\/strong> Que me mientan, la irresponsabilidad en la gente.<\/span><\/p>\n<p style=\"text-align: justify;\"><span style=\"color: #003366;\"><strong>Muchas personas no saben que has participado en teatro cu\u00e9ntanos \u00bfc\u00f3mo fue tu experiencia y en d\u00f3nde participaste?<\/strong>\u00a0Era teatro religioso el que yo hacia, nos presentamos varias veces en el Teatro Abril y otros mas, present\u00e1bamos pastorelas y obras de Jes\u00fas.<\/span><\/p>\n<p style=\"text-align: justify;\"><span style=\"color: #003366;\"><strong><a href=\"https:\/\/heidysandovalruiz.com\/wp-content\/uploads\/2014\/05\/IMG_138072181962725.jpeg\"><span style=\"color: #003366;\"><img loading=\"lazy\" decoding=\"async\" class=\"size-thumbnail wp-image-1462 alignleft\" alt=\"IMG_138072181962725\" src=\"https:\/\/heidysandovalruiz.com\/wp-content\/uploads\/2014\/05\/IMG_138072181962725-150x150.jpeg\" width=\"150\" height=\"150\" \/><\/span><\/a>\u00bfCu\u00e1les tipos de baile son los que practicas?<\/strong> Soy bailarina profesional de Jazz, he tomado clases de cumbia, salsa, punta, samba, (en general baile latino).<\/span><\/p>\n<p style=\"text-align: justify;\"><span style=\"color: #003366;\"><strong>\u00bfCu\u00e1ntos discos has grabado hasta el momento y cu\u00e1ntos videos?<\/strong> Llevo 4 discos y 4 videos.<\/span><\/p>\n<p style=\"text-align: justify;\"><span style=\"color: #003366;\"><strong>\u00bfC\u00f3mo te han recibido en los medios de comunicaci\u00f3n en M\u00e9xico y Estados Unidos?<\/strong> Incre\u00edblemente bien, es otra cultura y apoyan mucho al artista.<\/span><\/p>\n<p style=\"text-align: justify;\"><span style=\"color: #003366;\"><strong>Eres madre, \u00bfC\u00f3mo combinas tu tiempo para estar con tu familia?<\/strong> A veces me cuesta pero cuando amas lo que haces encuentras el tiempo para cada cosa y como siempre lo he dicho ella es mi motor.<\/span><\/p>\n<p style=\"text-align: justify;\"><span style=\"color: #003366;\"><strong>\u00bfHay alguna diferencia entre el p\u00fablico del norte, sur, oriente y occidente de nuestro pa\u00eds?<\/strong> Si mucha, hay unos lugares que la gente solo gusta de ver y al terminar tu participaci\u00f3n te aplauden, hay otros lugares que la gente interact\u00faa mucho con el artista.<\/span><\/p>\n<p style=\"text-align: justify;\"><span style=\"color: #003366;\"><strong>\u00bfQu\u00e9 es lo que m\u00e1s le gusta hacer a Cynthia cuando no est\u00e1 actuando?<\/strong> Me encanta ir al GYM me da energ\u00eda y disfruto cuando estoy haciendo el ejercicio.<\/span><\/p>\n<p style=\"text-align: justify;\"><span style=\"color: #003366;\"><strong>\u00bfQu\u00e9 compositor nacional es tu preferido y cu\u00e1les son tus canciones predilectas (nacionales por supuesto?<\/strong> Me gusta mucho como compone An\u00edbal, me gusta Mi Plegaria, Soy De Zacapa, Luna de Xelaj\u00fa, Por que Ser\u00e1.<\/span><\/p>\n<p style=\"text-align: justify;\"><span style=\"color: #003366;\"><strong>\u00bfQu\u00e9 piensas cuando los medios publican que eres la cantante m\u00e1s cotizada?<\/strong> Me emociona pero a la vez no lo creo.<\/span><\/p>\n<p style=\"text-align: justify;\"><span style=\"color: #003366;\"><strong>\u00bfCu\u00e1les comidas son las que te gustan?<\/strong> Me gusta la comida china, comida italiana y los antojitos t\u00edpicos.<\/span><\/p>\n<p><span style=\"color: #003366;\"><strong>\u00bfQu\u00e9 haces para mantenerte en forma con ese cuerpazo?<\/strong> Cuido mucho mi alimentaci\u00f3n y hago mucho ejercicio.<a href=\"https:\/\/heidysandovalruiz.com\/wp-content\/uploads\/2014\/05\/IMG_393684375207451.jpeg\"><span style=\"color: #003366;\"><img loading=\"lazy\" decoding=\"async\" class=\"size-thumbnail wp-image-1463 alignright\" alt=\"IMG_393684375207451\" src=\"https:\/\/heidysandovalruiz.com\/wp-content\/uploads\/2014\/05\/IMG_393684375207451-150x150.jpeg\" width=\"150\" height=\"150\" \/><\/span><\/a><\/span><\/p>\n<p style=\"text-align: justify;\"><span style=\"color: #003366;\"><strong>\u00bfC\u00f3mo seleccionas a tus bailarinas?<\/strong> Manejamos un est\u00e1ndar de lo que queremos (que sean atractivas de buen cuerpo) y en base a eso hacemos casting.<\/span><\/p>\n<p style=\"text-align: justify;\"><span style=\"color: #003366;\"><strong>Para finalizar \u00bfnos puedes contar como celebras el \u201cD\u00eda de la Madre\u201d?<\/strong> La mayor\u00eda de veces trabajando pero con la alegr\u00eda de saber que al llegar a casa me espera un enorme beso y alg\u00fan detalle de mi princesa.<\/span><\/p>\n<p style=\"text-align: justify;\"><span style=\"color: #003366;\"> <strong>\u00bfD\u00f3nde te localizan en las redes sociales tus seguidores?<\/strong> Tengo mi p\u00e1gina oficial que es www.cynthiaarana.com y en redes me pueden busca en facebook en : http:\/\/www.facebook.com\/cynthiaaranacantante<\/span><br \/>\n<span style=\"color: #003366;\"> http:\/\/www.facebook.com\/Cynthia.Arana.Grupera<\/span><br \/>\n<span style=\"color: #003366;\"> https:\/\/www.facebook.com\/cantantecynthiaarana<\/span><br \/>\n<span style=\"color: #003366;\"> en Twitter me pueden encontrar como @aranacynthia<\/span><\/p>\n<p style=\"text-align: justify;\"><span style=\"color: #003366;\"><strong>Un mensaje para \u201cLos invitados de Heidy\u201d:<\/strong><\/span><br \/>\n<span style=\"color: #003366;\"> Que luchen por sus sue\u00f1os y metas que no desmayen por alcanzarlos, que no importa cuantos tropiezos hayan en el camino por que si el camino fuera f\u00e1cil todos lo alcanzar\u00edan.<\/span><\/p>\n<p style=\"text-align: justify;\"><span style=\"color: #003366;\">Agradecemos a la guapa Cynthia Arana el haber compartido su historia en este espacio considerado como una ventana al artista nacional, dese\u00e1ndole que todas sus actividades sean exitosas y bueno \u2026.vamos por muchos a\u00f1os m\u00e1s para disfrutar del talento y simpat\u00eda de esta querida artista.<\/span><\/p>\n<p><span style=\"color: #003366;\"><strong>Les invitamos a darle me gusta a nuestras Fan Page<\/strong><\/span><\/p>\n<p><span style=\"color: #003366;\">\u00abGala de la Canci\u00f3n Guatemalteca\u00bb y \u00abLos invitados de Heidy\u00bb<\/span><\/p>\n<p><a title=\"Gala de la Canci\u00f3n Guatemalteca\" href=\"http:\/\/on.fb.me\/1kXE6cH\">http:\/\/on.fb.me\/1kXE6cH<\/a><\/p>\n<p><a title=\"Los invitados de Heidy\" href=\"http:\/\/on.fb.me\/1cnno1t\">http:\/\/on.fb.me\/1cnno1t<\/a><\/p>\n<p style=\"text-align: justify;\">\n<p style=\"text-align: justify;\"><span style=\"color: #003366;\"><strong>Entrevista realizada por Heidy Sandoval Ruiz<\/strong><\/span><\/p>\n","protected":false},"excerpt":{"rendered":"<div class=\"mh-excerpt\"><p>Hoy les invito a leer en \u201cLa cara amiga de nuestros invitados\u201d, la entrevista realizada a una de las cantantes considerada la m\u00e1s cotizada del <a class=\"mh-excerpt-more\" href=\"https:\/\/heidysandovalruiz.com\/?p=1457\" title=\"La cara amiga de Cynthia Arana\">[&#8230;]<\/a><\/p>\n<\/div>","protected":false},"author":4,"featured_media":1458,"comment_status":"closed","ping_status":"closed","sticky":false,"template":"","format":"standard","meta":{"footnotes":""},"categories":[16],"tags":[110],"class_list":["post-1457","post","type-post","status-publish","format-standard","has-post-thumbnail","hentry","category-la-cara-amiga","tag-la-cara-amiga-de-cynthia-arana"],"_links":{"self":[{"href":"https:\/\/heidysandovalruiz.com\/index.php?rest_route=\/wp\/v2\/posts\/1457","targetHints":{"allow":["GET"]}}],"collection":[{"href":"https:\/\/heidysandovalruiz.com\/index.php?rest_route=\/wp\/v2\/posts"}],"about":[{"href":"https:\/\/heidysandovalruiz.com\/index.php?rest_route=\/wp\/v2\/types\/post"}],"author":[{"embeddable":true,"href":"https:\/\/heidysandovalruiz.com\/index.php?rest_route=\/wp\/v2\/users\/4"}],"replies":[{"embeddable":true,"href":"https:\/\/heidysandovalruiz.com\/index.php?rest_route=%2Fwp%2Fv2%2Fcomments&post=1457"}],"version-history":[{"count":4,"href":"https:\/\/heidysandovalruiz.com\/index.php?rest_route=\/wp\/v2\/posts\/1457\/revisions"}],"predecessor-version":[{"id":1468,"href":"https:\/\/heidysandovalruiz.com\/index.php?rest_route=\/wp\/v2\/posts\/1457\/revisions\/1468"}],"wp:featuredmedia":[{"embeddable":true,"href":"https:\/\/heidysandovalruiz.com\/index.php?rest_route=\/wp\/v2\/media\/1458"}],"wp:attachment":[{"href":"https:\/\/heidysandovalruiz.com\/index.php?rest_route=%2Fwp%2Fv2%2Fmedia&parent=1457"}],"wp:term":[{"taxonomy":"category","embeddable":true,"href":"https:\/\/heidysandovalruiz.com\/index.php?rest_route=%2Fwp%2Fv2%2Fcategories&post=1457"},{"taxonomy":"post_tag","embeddable":true,"href":"https:\/\/heidysandovalruiz.com\/index.php?rest_route=%2Fwp%2Fv2%2Ftags&post=1457"}],"curies":[{"name":"wp","href":"https:\/\/api.w.org\/{rel}","templated":true}]}}