{"id":15,"date":"2013-06-12T01:05:14","date_gmt":"2013-06-12T01:05:14","guid":{"rendered":"http:\/\/heidysandovalruiz.com\/?p=15"},"modified":"2017-01-29T05:30:51","modified_gmt":"2017-01-29T05:30:51","slug":"la-cara-amiga-de-radio-panamericana","status":"publish","type":"post","link":"https:\/\/heidysandovalruiz.com\/?p=15","title":{"rendered":"La cara amiga de \u00abRadio Panamericana\u00bb"},"content":{"rendered":"<p style=\"text-align: justify;\"><span style=\"color: #000080;\">Por m\u00e1s de seis d\u00e9cadas<strong> Radio Panamericana<\/strong> se ha mantenido en el gusto del p\u00fablico exigente que se inclina por un espacio musical relajado y con miles de temas que hacen recordar a muchas personas aquellos a\u00f1os de juventud.\u00a0\u00a0Sin embargo, para mantener vigente a esta emisora l\u00f3gicamente se cuenta con su Director <strong>Mario David Paniagua<\/strong>, quien ha logrado con su esfuerzo que Radio Panamericana\u00a0\u00a0se contin\u00fae escuchando.\u00a0\u00a0Por lo que nos avocamos a \u00e9l para que nos comentara algo de esta emisora.<\/span><\/p>\n<p style=\"text-align: justify;\"><span style=\"color: #000080;\"> Cu\u00e1ndo sale al aire Radio Panamericana y quien inaugura la primera transmisi\u00f3n?\u00a0<b>Radio Panamericana\u00a0\u00a0sale al\u00a0\u00a0aire\u00a0\u00a0el 15 de septiembre de 1947\u00a0\u00a0y\u00a0\u00a0fue\u00a0\u00a0inaugurada\u00a0\u00a0por sus\u00a0\u00a0propietarios\u00a0\u00a0y fundadores don Jaime Paniagua Salvatierra y do\u00f1a Maria Antonieta Saravia de Paniagua<\/b><\/span><\/p>\n<p style=\"text-align: justify;\"><span style=\"color: #000080;\">Qu\u00e9 tipo de programaci\u00f3n se present\u00f3 en los primeros a\u00f1os\u00a0<b>M\u00fasica\u00a0\u00a0de\u00a0\u00a0marimba\u00a0\u00a0en vivo,\u00a0\u00a0luego\u00a0\u00a0otros\u00a0\u00a0g\u00e9neros\u00a0\u00a0como sudamericana y americana.<\/b><\/span><\/p>\n<p style=\"text-align: justify;\"><span style=\"color: #000080;\"> Podemos recordar algunos de los locutores que desfilaron por esta emisora?<\/span><br \/>\n<span style=\"color: #000080;\"> <b>Marcelo Gayt\u00e1n S\u00e1nchez,\u00a0\u00a0Hainz\u00a0\u00a0Ch\u00e1vez,\u00a0\u00a0Marco Tulio de la Roca, Romeo Alvarado Polanco, Joe\u00a0\u00a0Killhauer.<\/b><\/span><\/p>\n<p style=\"text-align: justify;\"><span style=\"color: #000080;\">El archivo musical de Panamericana cu\u00e1ntas \u00e9pocas recopila?<b>1930\u00a0\u00a0a\u00a0\u00a01970\u00a0\u00a0y algunas\u00a0\u00a0\u00a0colecciones\u00a0\u00a0de esta\u00a0\u00a0\u00e9poca con arreglos\u00a0\u00a0instrumentales.<\/b><\/span><\/p>\n<p style=\"text-align: justify;\"><span style=\"color: #000080;\"><img loading=\"lazy\" decoding=\"async\" class=\"size-medium wp-image-16 alignright\" style=\"color: #0000ee; font-weight: bold;\" alt=\"panamericana\" src=\"https:\/\/heidysandovalruiz.com\/wp-content\/uploads\/2013\/11\/panamericana-300x177.jpg\" width=\"300\" height=\"177\" \/><\/span><\/p>\n<p style=\"text-align: justify;\"><span style=\"color: #000080;\">Cu\u00e1l era el slogan con la que Radio Panamerican\u00a0a se identificaba?\u00a0<b>En sus inicios\u00a0\u00a0\u201cla\u00a0\u00a0voz de la marimba\u201d\u00a0\u00a0\u00a0lue<\/b><b>go\u00a0<\/b><b>\u201cla emisora del automovilista\u201d ahora \u201cla radio de ayer\u00a0\u00a0de\u00a0\u00a0hoy y de siempre\u201d.<\/b><\/span><\/p>\n<p style=\"text-align: justify;\"><span style=\"color: #000080;\">En esta \u00e9poca que la tecnolog\u00eda juega un papel determinante en la sociedad, como se ha adaptado Radio Panamericana a ella. \u00a0P<b>ues\u00a0\u00a0ha\u00a0\u00a0sido\u00a0\u00a0dif\u00edcil\u00a0\u00a0t\u00e9cnicamente hablando\u00a0\u00a0pero si\u00a0\u00a0hemos realizado cambios, ya no se utilizan tornamesas de acetatos\u00a0\u00a0ahora\u00a0\u00a0toda\u00a0\u00a0nuestra\u00a0\u00a0programaci\u00f3n es computarizada\u00a0\u00a0as\u00ed mismo hemos incursionado\u00a0\u00a0en el mundo del internet a tr\u00e1ves de www.panamericanadeguatemala.net\u00a0\u00a0que\u00a0\u00a0actualmente contamos con m\u00e1s de\u00a0\u00a0100,000,00\u00a0\u00a0oyentes\u00a0\u00a0por\u00a0\u00a0este\u00a0\u00a0medio .<\/b><\/span><\/p>\n<p style=\"text-align: justify;\"><span style=\"color: #000080;\">Actualmente sabemos que tambi\u00e9n se imparten cursos de locuci\u00f3n, que requisitos deben llenar los interesados y a donde pueden comunicarse?<b style=\"color: #333399;\">Pues\u00a0\u00a0nuestros cursos de locuci\u00f3n\u00a0\u00a0son\u00a0\u00a0b\u00e1sicos\u00a0\u00a0ya que\u00a0\u00a0queremos\u00a0\u00a0compartir a las nuevas generaciones\u00a0\u00a0nuestra\u00a0\u00a0experiencia\u00a0\u00a0en el medio de una forma sencilla\u00a0\u00a0pero de calidad.<\/b><\/span><\/p>\n<p style=\"text-align: justify;\"><span style=\"color: #000080;\"><b style=\"color: #333399;\"> \u00a0 \u00a0 Los\u00a0\u00a0requisitos\u00a0\u00a0son\u00a0\u00a0muchas\u00a0\u00a0ganas\u00a0\u00a0de\u00a0\u00a0aprender a\u00a0\u00a0vocalizar, perder el miedo de hablar\u00a0\u00a0en p\u00fablico,\u00a0\u00a0como utilizar el micr\u00f3fono\u00a0\u00a0\u00a0t\u00e9cnicas\u00a0\u00a0b\u00e1sicas para este medio de la locuci\u00f3n.<\/b><\/span><\/p>\n<p style=\"text-align: justify;\"><span style=\"color: #000080;\"><b>Pueden\u00a0\u00a0comunicarse\u00a0\u00a0\u00a0a\u00a0\u00a0tel. 24 39 39 75\u00a0\u00a0la duraci\u00f3n de los cursos es de 4\u00a0\u00a0meses y se imparten los d\u00edas\u00a0\u00a0s\u00e1bados\u00a0\u00a0en horario de 09:00 a 12:00 hrs.<\/b><\/span><\/p>\n<p><iframe loading=\"lazy\" width=\"560\" height=\"315\" src=\"https:\/\/www.youtube.com\/embed\/8xvk4K2YsbQ\" frameborder=\"0\" allowfullscreen><\/iframe><\/p>\n<p><iframe loading=\"lazy\" width=\"560\" height=\"315\" src=\"https:\/\/www.youtube.com\/embed\/84hP74htSd0\" frameborder=\"0\" allowfullscreen><\/iframe><\/p>\n<p><iframe loading=\"lazy\" width=\"560\" height=\"315\" src=\"https:\/\/www.youtube.com\/embed\/W1OyVfW6vIA\" frameborder=\"0\" allowfullscreen><\/iframe><\/p>\n<p style=\"text-align: justify;\"><span style=\"color: #000080;\">Les invitamos para que se unan al grupo de \u00ab<b>Artistas de Guatemala para el Mundo<\/b>\u00bb en este link<\/span><b>\u00a0<\/b><a href=\"http:\/\/on.fb.me\/1sn2wSf\"><b>http:\/\/on.fb.me\/1sn2wSf<\/b><\/a>,\u00a0<span style=\"color: #000080;\">el cual tiene como prop\u00f3sito compartir videos, fotos, an\u00e9cdotas y todo lo de nuestros artistas en las diferentes d\u00e9cadas.<\/span><\/p>\n<p style=\"text-align: justify;\"><span style=\"color: #000080;\">Hemos creado el grupo \u201cLas entrevistas de Heidy\u201d que pueden localizar en<\/span> <a href=\"http:\/\/on.fb.me\/1QxKypc\">http:\/\/on.fb.me\/1QxKypc<\/a><\/p>\n<p style=\"text-align: justify;\"><span style=\"color: #000080;\">Tambi\u00e9n ponemos a su disposici\u00f3n el grupo \u201c<b>Un siglo de anuncios<\/b>\u201d, un espacio donde pueden compartir o comentar los post que se publiquen<\/span> <a href=\"http:\/\/on.fb.me\/1vASm2g\">http:\/\/on.fb.me\/1vASm2g<\/a><\/p>\n<p><span style=\"color: #000080;\"><b>\u00a0<\/b><\/span><\/p>\n<p><span style=\"color: #000080;\"><b>Las entrevistas las pueden leer en los siguientes links:<\/b><\/span><\/p>\n<p><a title=\"La cara amiga de Fernando Scheel\" href=\"http:\/\/www.heidysandovalruiz.com\/\">http:\/\/www.heidysandovalruiz.com<\/a><\/p>\n<p><a title=\"La Cara amiga de &quot;Fernando Scheel&quot;\" href=\"http:\/\/lasentrevistasdeheidy.blogspot.com\">http:\/\/lasentrevistasdeheidy.blogspot.com<\/a><\/p>\n<p><a title=\"Los invitados de Heidy\" href=\"https:\/\/www.facebook.com\/pages\/Los-invitados-de-Heidy\/892159284204965?ref=hl\">https:\/\/www.facebook.com\/pages\/Los-invitados-de-Heidy\/892159284204965?ref=hl<\/a><\/p>\n<p style=\"text-align: justify;\"><span style=\"color: #333399;\">\u00a0<\/span><\/p>\n<p style=\"text-align: justify;\"><strong><span style=\"color: #333399;\"><i>Entrevista realizada por: Heidy Sandoval Ruiz<\/i><\/span><\/strong><i><\/i><\/p>\n","protected":false},"excerpt":{"rendered":"<div class=\"mh-excerpt\"><p>Por m\u00e1s de seis d\u00e9cadas Radio Panamericana se ha mantenido en el gusto del p\u00fablico exigente que se inclina por un espacio musical relajado y <a class=\"mh-excerpt-more\" href=\"https:\/\/heidysandovalruiz.com\/?p=15\" title=\"La cara amiga de \u00abRadio Panamericana\u00bb\">[&#8230;]<\/a><\/p>\n<\/div>","protected":false},"author":4,"featured_media":17,"comment_status":"closed","ping_status":"closed","sticky":false,"template":"","format":"standard","meta":{"footnotes":""},"categories":[16],"tags":[3],"class_list":["post-15","post","type-post","status-publish","format-standard","has-post-thumbnail","hentry","category-la-cara-amiga","tag-la-cara-amiga-de-radio-panamericana"],"_links":{"self":[{"href":"https:\/\/heidysandovalruiz.com\/index.php?rest_route=\/wp\/v2\/posts\/15","targetHints":{"allow":["GET"]}}],"collection":[{"href":"https:\/\/heidysandovalruiz.com\/index.php?rest_route=\/wp\/v2\/posts"}],"about":[{"href":"https:\/\/heidysandovalruiz.com\/index.php?rest_route=\/wp\/v2\/types\/post"}],"author":[{"embeddable":true,"href":"https:\/\/heidysandovalruiz.com\/index.php?rest_route=\/wp\/v2\/users\/4"}],"replies":[{"embeddable":true,"href":"https:\/\/heidysandovalruiz.com\/index.php?rest_route=%2Fwp%2Fv2%2Fcomments&post=15"}],"version-history":[{"count":8,"href":"https:\/\/heidysandovalruiz.com\/index.php?rest_route=\/wp\/v2\/posts\/15\/revisions"}],"predecessor-version":[{"id":4406,"href":"https:\/\/heidysandovalruiz.com\/index.php?rest_route=\/wp\/v2\/posts\/15\/revisions\/4406"}],"wp:featuredmedia":[{"embeddable":true,"href":"https:\/\/heidysandovalruiz.com\/index.php?rest_route=\/wp\/v2\/media\/17"}],"wp:attachment":[{"href":"https:\/\/heidysandovalruiz.com\/index.php?rest_route=%2Fwp%2Fv2%2Fmedia&parent=15"}],"wp:term":[{"taxonomy":"category","embeddable":true,"href":"https:\/\/heidysandovalruiz.com\/index.php?rest_route=%2Fwp%2Fv2%2Fcategories&post=15"},{"taxonomy":"post_tag","embeddable":true,"href":"https:\/\/heidysandovalruiz.com\/index.php?rest_route=%2Fwp%2Fv2%2Ftags&post=15"}],"curies":[{"name":"wp","href":"https:\/\/api.w.org\/{rel}","templated":true}]}}