{"id":1504,"date":"2014-05-19T22:34:49","date_gmt":"2014-05-19T22:34:49","guid":{"rendered":"http:\/\/heidysandovalruiz.com\/?p=1504"},"modified":"2014-05-19T23:01:55","modified_gmt":"2014-05-19T23:01:55","slug":"la-cara-amiga-de-la-marimba-de-concierto","status":"publish","type":"post","link":"https:\/\/heidysandovalruiz.com\/?p=1504","title":{"rendered":"La cara amiga de \u00abLa Marimba de Concierto\u00bb"},"content":{"rendered":"<p style=\"text-align: justify;\"><span style=\"color: #003366;\">En esta oportunidad compartimos en\u00a0<b>\u201cLa cara amiga de los invitados de Heidy\u201d,\u00a0<\/b>la entrevista al\u00a0<b>Maestro Lester Homero God\u00ednez<\/b>, con quien platicamos del legado musical a trav\u00e9s de la Marimba de Concierto.\u00a0 El a\u00f1o pasado en la entrevista realizada Lester, nos comparti\u00f3 parte de su vida y de lo importante que fue el obsequio que le hizo su padre de una marimba a los 10 a\u00f1os de edad y lo que marcar\u00eda su amor y su lucha por la dignificaci\u00f3n de este instrumento.<\/span><\/p>\n<p style=\"text-align: justify;\"><span style=\"color: #003366;\">Gracias amigo por aceptar nuevamente compartir con nosotros el trabajo que has realizado a lo largo de m\u00e1s de cuatro d\u00e9cadas.\u00a0 Nos enriqueceremos con\u00a0 la informaci\u00f3n que nos proporciones del surgimiento y mantenimiento de la Marimba de Concierto.<\/span><\/p>\n<p style=\"text-align: justify;\"><span style=\"color: #003366;\">Gracias Heidy por tomarte el tiempo de dar a conocer el trabajo que realizamos los artistas, realmente este es un espacio que est\u00e1 innovando la informaci\u00f3n art\u00edstico-cultural y la que a mi parecer y el de muchos es una ventana al arte nacional muy profesional y bueno, tiene el sello de Heidy Sandoval.<\/span><\/p>\n<p style=\"text-align: justify;\"><span style=\"color: #003366;\"><b>Gracias Lester por tus palabras y dinos para dar inicio a nuestra entrevista me gustar\u00eda preguntarte \u00bfqu\u00e9 es para ti la marimba?<\/b><\/span><\/p>\n<p style=\"text-align: justify;\"><span style=\"color: #003366;\"><b>Marimba\u00a0<\/b>es \u201cun instrumento musical idi\u00f3fono percutido (no pulsativo), derivado del concepto de \u2018Agrupaci\u00f3n de Tablillas en Sucesi\u00f3n\u2019, surgido en Mesoam\u00e9rica entre 1492 y 1680 como resultado de la fusi\u00f3n de elementos culturales de Asia, \u00c1frica, Europa y Am\u00e9rica; su interpretaci\u00f3n es solista o colectiva y est\u00e1 compuesto por una sucesi\u00f3n de tablillas de madera dura, ordenadas de acuerdo al Sistema Musical Temperado europeo, debajo de las cuales pende una sucesi\u00f3n de elementos resonadores, temperados \u2014tablilla y resonador\u2014 en el mismo tono, todo ello sobre una estructura de madera com\u00fan o soporte con o sin patas de sost\u00e9n. El int\u00e9rprete o marimbista<b>\u00a0<\/b>percute las tablillas en forma mel\u00f3dica, arm\u00f3nica o r\u00edtmica con dos o hasta cuatro bolillos o baquetas.\u201d<b>\u00a0<\/b>(L. H. God\u00ednez, 1998<a title=\"\" href=\"file:\/\/\/C:\/Documents%20and%20Settings\/heydi%20sandoval\/Mis%20documentos\/LA%20CARA%20AMIGA%20DE%20NUESTROS%20ARTISTAS\/83-LESTER%20GOD%C3%8DNEZ-20%20MAYO2014\/3a_entrevista_de_HEIDY_SANDOVAL_A_Lester_God%C3%ADnez.docx#_edn1\"><span style=\"color: #003366;\">[i]<\/span><\/a>).<\/span><\/p>\n<p style=\"text-align: justify;\"><span style=\"color: #003366;\"><b>\u00bfD\u00f3nde tiene su\u00a0<\/b><b>asiento inicialmente y de d\u00f3nde es originaria?<\/b><\/span><\/p>\n<p style=\"text-align: justify;\"><span style=\"color: #003366;\">Ha de tenerse presente que todos los instrumentos musicales desarrollados al d\u00eda de hoy, no son sino el resultado de procesos evolutivos llevados de la mano del hombre hasta los m\u00e1s sofisticados perfeccionamientos. Todos esos procesos siempre parten de principios antropol\u00f3gicos primitivos que, en algunos casos, son comunes a distintos grupos humanos, como el desarrollo del tambor.<\/span><\/p>\n<p style=\"text-align: justify;\"><span style=\"color: #003366;\"><a href=\"https:\/\/heidysandovalruiz.com\/wp-content\/uploads\/2014\/05\/lester.jpg\"><img loading=\"lazy\" decoding=\"async\" class=\"size-thumbnail wp-image-1509 alignleft\" alt=\"lester\" src=\"https:\/\/heidysandovalruiz.com\/wp-content\/uploads\/2014\/05\/lester-150x150.jpg\" width=\"150\" height=\"150\" \/><\/a>Este instrumento emerge a partir del golpeteo de alg\u00fan tronco hueco de \u00e1rbol, al cual posteriormente le habr\u00edan colocado en sus extremos una piel de animal; o como el desarrollo del viol\u00edn, cuyo principio organol\u00f3gico se basa en la pulsaci\u00f3n o frotaci\u00f3n de \u201cuna cuerda tensada desde los extremos de un palo arqueado\u201d, o el corno franc\u00e9s y la trompeta que derivan del principio de la insuflaci\u00f3n del aliento a presi\u00f3n labial dentro de un cuerno de animal vacuno o caracol; o la flauta y los dem\u00e1s instrumentos de viento madera, que derivan del principio del aliento insuflado apropiadamente dentro de una ca\u00f1a o hueso hueco, procesos que irremediablemente han de identificar los modos y procedimientos particulares de soluci\u00f3n de problemas o desaf\u00edos a los que se han visto enfrentados los distintos grupos humanos en el devenir de su historia.<\/span><\/p>\n<p style=\"text-align: justify;\"><span style=\"color: #003366;\">De esa misma manera, hacia el encuentro de una taxonom\u00eda apropiada del instrumento o al buscar desentra\u00f1ar los misterios de su g\u00e9nesis, conviene preguntarnos \u00bfcu\u00e1l es el principio antropol\u00f3gico y organol\u00f3gico de la marimba? Deriva de un principio antropol\u00f3gico que llamaremos \u201c<b><i>concepto de agrupaci\u00f3n de tablillas en sucesi\u00f3n<\/i><\/b>\u201d, un principio que siendo de jerarqu\u00eda superior, determina un importante cambio de enfoque en el estudio del origen o procedencia de dicho instrumento.<\/span><\/p>\n<p style=\"text-align: justify;\"><span style=\"color: #003366;\"><b>\u00bfQui\u00e9nes son los precursores de la marimba en nuestro pa\u00eds?<\/b><\/span><\/p>\n<p style=\"text-align: justify;\"><span style=\"color: #003366;\">JUAN JOSEPH DE PADILLA (siglo XVIII) fue creador de la marimba sencilla, por medio del intento de reproducci\u00f3n de la marimba de tecomates. SEBASTI\u00c1N HURTADO, creador de la marimba de doble teclado. JULI\u00c1N PANIAGUA MART\u00cdNEZ, quien sugiere a los Hermanos Hurtado de la adici\u00f3n del doble teclado a la marimba sencilla (1894).<\/span><\/p>\n<p style=\"text-align: justify;\"><span style=\"color: #003366;\"><b>\u00bfC\u00f3mo nace en Lester God\u00ednez la idea de iniciar la Marimba de Concierto?<\/b><\/span><\/p>\n<p style=\"text-align: justify;\"><span style=\"color: #003366;\">En el caso particular de la marimba crom\u00e1tica, la llegada de la d\u00e9cada de 1970 sorprende a la marimba en una situaci\u00f3n dif\u00edcil, lo cual ya se hab\u00eda analizado, estableciendo que era menester un cambio de\u00a0<i>rol\u00a0<\/i>para el instrumento de hormigo, impulsando para ello algunas medidas como:<\/span><\/p>\n<ul style=\"text-align: justify;\">\n<li><span style=\"color: #003366;\">Sustraer a la marimba del rinc\u00f3n del sal\u00f3n de baile y la amenizaci\u00f3n;<\/span><\/li>\n<li><span style=\"color: #003366;\">Asignar al instrumento un sitial de\u00a0<b>concierto<\/b>\u00a0en auditorios o escenarios;<\/span><\/li>\n<li><span style=\"color: #003366;\">Reeducar al escucha:\u00a0<i>\u00a1La marimba y el marimbista merecen toda su atenci\u00f3n, aprecio y justa valoraci\u00f3n!<\/i><\/span><\/li>\n<li><span style=\"color: #003366;\">Una autotransformaci\u00f3n del marimbista hacia una mejor\u00eda en su formaci\u00f3n musical y su profesionalismo.<\/span><\/li>\n<\/ul>\n<p style=\"text-align: justify;\"><span style=\"color: #003366;\">Transformar el concepto de \u201cconjunto de marimba\u201d por el de \u201centidad musical\u201d.<\/span><\/p>\n<p style=\"text-align: justify;\"><span style=\"color: #003366;\">En tanto\u00a0<b>Entidad<\/b>\u00a0<b>Musical<\/b>, la marimba adquiere funciones tales como estudio, investigaci\u00f3n, rescate, desarrollo, promoci\u00f3n y difusi\u00f3n.<\/span><\/p>\n<p style=\"text-align: justify;\"><span style=\"color: #003366;\">El 10 de mayo de 1970<span style=\"text-decoration: underline;\">\u00a0L<\/span>ester Homero God\u00ednez Orantes manifiesta p\u00fablicamente el concepto que propiciar\u00eda el surgir de\u00a0\u00a0una nueva etapa para el instrumento que m\u00e1s tarde se difundir\u00eda como el concepto de\u00a0<b><i>Marimba de Concierto,<\/i><\/b>\u00a0mismo que se sustentaba sobre dos postulados fundamentales:<\/span><\/p>\n<p style=\"text-align: justify;\"><span style=\"color: #003366;\">1)\u00a0\u00a0\u00a0\u00a0<b><i>La Dignificaci\u00f3n de la Marimba como Instrumento de Concierto,\u00a0<\/i><\/b>y<\/span><\/p>\n<p style=\"text-align: justify;\"><span style=\"color: #003366;\">2)\u00a0\u00a0\u00a0\u00a0<b><i>La Dignificaci\u00f3n del Marimbista, poniendo en valor sus cualidades art\u00edsticas.<\/i><\/b><\/span><\/p>\n<p style=\"text-align: justify;\"><span style=\"color: #003366;\"><b>Antes de existir el concepto de Marimba de Concierto \u00bfc\u00f3mo era en s\u00ed la marimba?<\/b><\/span><\/p>\n<p style=\"text-align: justify;\"><span style=\"color: #003366;\">En el caso de la marimbas ubicadas en el \u00e1mbito urbano, mayoritariamente\u00a0<b>crom\u00e1ticas<\/b>, se observa la desaparici\u00f3n f\u00edsica, por ley natural, de los Grandes, los Titanes de la Marimba: las familias Hurtado, Bethancourt, Ovalle, etc., quienes comienzan a diezmarse; los intereses de la sociedad guatemalteca se orientan hacia otros valores, y ante el agotamiento y estancamiento del repertorio, la marimba doble tambi\u00e9n pierde su protagonismo y paulatinamente\u00a0<b><i>va siendo relegada al rinc\u00f3n del Sal\u00f3n de Baile<\/i><\/b><i>,\u00a0<\/i>en la funci\u00f3n de\u00a0<b>marimba para amenizar.<\/b><\/span><\/p>\n<p style=\"text-align: justify;\"><span style=\"color: #003366;\">En este\u00a0<i>rol,\u00a0<\/i>la marimba no es\u00a0<i>apreciada<\/i>\u00a0como es debido, no se le reconoce su valor cultural y el marimbista no es reconocido en su dimensi\u00f3n art\u00edstica, pues tal actividad solamente representa un medio de subsistencia para los int\u00e9rpretes y un medio de<i>\u00a0<\/i>solaz o recreaci\u00f3n para el usuario o escucha.\u00a0 Proliferan los conjuntos de m\u00fasica electr\u00f3nica tipo\u00a0<i>rock\u00a0<\/i>(guitarras el\u00e9ctricas, teclado y bater\u00eda), as\u00ed como tambi\u00e9n los \u00f3rganos electr\u00f3nicos, a veces con bajo y bater\u00eda, haci\u00e9ndole fuerte y ruidosa competencia a la marimba en la amenizaci\u00f3n de fiestas y desplaz\u00e1ndola de su \u201clugar reservado\u201d, haciendo m\u00e1s dif\u00edcil su subsistencia.<\/span><\/p>\n<p style=\"text-align: justify;\"><span style=\"color: #003366;\"><b>\u00bfCu\u00e1ntas piezas has compuesto?<\/b><\/span><\/p>\n<p style=\"text-align: justify;\"><span style=\"color: #003366;\">25 piezas, en su mayor\u00eda, m\u00fasica de ra\u00edz ind\u00edgena.<\/span><\/p>\n<p style=\"text-align: justify;\"><span style=\"color: #003366;\"><b>\u00bfEn qu\u00e9 pa\u00edses te has presentado con la Marimba de Concierto?<\/b><\/span><\/p>\n<p style=\"text-align: justify;\"><span style=\"color: #003366;\">Austria, Espa\u00f1a, Francia, Inglaterra, Italia, Portugal, Suecia, Rusia, Noruega, Estado de El Vaticano, Estados Unidos, M\u00e9xico, Canad\u00e1, Centro Am\u00e9rica, Colombia, Venezuela, Ecuador, Brasil, Chile, Jap\u00f3n, Israel y Taiw\u00e1n.<\/span><\/p>\n<p style=\"text-align: justify;\"><span style=\"color: #003366;\"><b>\u00bfCu\u00e1l consideras ha sido el pa\u00eds que les ha dado una bienvenida apote\u00f3sica?<\/b><\/span><\/p>\n<p style=\"text-align: justify;\"><span style=\"color: #003366;\">Jap\u00f3n, Taiw\u00e1n, M\u00e9xico<\/span><\/p>\n<p style=\"text-align: justify;\"><span style=\"color: #003366;\"><strong>\u00bfC\u00f3mo seleccionas a los m\u00fasicos que integran el grupo?<\/strong><\/span><\/p>\n<p style=\"text-align: justify;\"><span style=\"color: #003366;\">Los m\u00fasicos deben tener la m\u00edstica del concepto Marimba de Concierto, lectura musical e interpretaci\u00f3n de o\u00eddo.<\/span><\/p>\n<p style=\"text-align: justify;\"><span style=\"color: #003366;\"><b><\/b><b>\u00bfC\u00f3mo surge la idea de escribir tu libro La Marimba Guatemalteca?<\/b><\/span><\/p>\n<p style=\"text-align: justify;\"><span style=\"color: #003366;\">Inicialmente comienza como un simple verter de conocimientos y experiencias.<\/span><\/p>\n<p style=\"text-align: justify;\"><span style=\"color: #003366;\"><b>\u00bfQu\u00e9 respuesta te ha dado el p\u00fablico en las presentaciones que has tenido en el Paraninfo Universitario?<\/b><\/span><\/p>\n<p style=\"text-align: justify;\"><span style=\"color: #003366;\">Cada vez mayor. En la \u00faltima actividad realizada el 25 de abril, tuvimos un lleno completo como pocas veces se hab\u00eda observado, lo cual produce una gran satisfacci\u00f3n.<\/span><\/p>\n<p style=\"text-align: justify;\"><span style=\"color: #003366;\"><b>En una \u00e9poca en que la variedad musical se ha extendido entre los j\u00f3venes, \u00bfqu\u00e9 est\u00e1s haciendo para que ellos se involucren en el goce de este arte?<\/b><\/span><\/p>\n<p style=\"text-align: justify;\"><span style=\"color: #003366;\">Soy el creador de los conciertos did\u00e1cticos de Marimba de Concierto. Asimismo, la Escuela Superior de Arte de la USAC, cuenta con j\u00f3venes de ambos sexos, con una gran preparaci\u00f3n en el cultivo del Arte.<\/span><\/p>\n<p style=\"text-align: justify;\"><span style=\"color: #003366;\"><b>\u00bfCu\u00e1l ha sido tu aporte en la Asociaci\u00f3n de Marimbistas de Guatemala?<\/b><\/span><\/p>\n<p style=\"text-align: justify;\"><span style=\"color: #003366;\">Mantener unidos a los maestros colegas de la marimba, as\u00ed como tambi\u00e9n reconocer sus cualidades y valores.<\/span><\/p>\n<p style=\"text-align: justify;\"><span style=\"color: #003366;\"><b>Marimbisticamente \u00bfcu\u00e1les consideras han sido tus logros?<\/b><\/span><\/p>\n<p style=\"text-align: justify;\"><span style=\"color: #003366;\">Precisamente el impulso del Concepto Marimba de Concierto, por medio del cual se ha logrado la dignificaci\u00f3n del marimbista, al cual ahora se le respeta. Se reconoce el valor de la marimba.<\/span><\/p>\n<p style=\"text-align: justify;\"><span style=\"color: #003366;\"><b>Eres un defensor y un dignificador de la marimba \u00bfc\u00f3mo puedes involucrar a m\u00e1s personas para que tambi\u00e9n apoyen este concepto?<\/b><\/span><\/p>\n<p style=\"text-align: justify;\"><span style=\"color: #003366;\">Ahora es sumamente f\u00e1cil, pues por a\u00f1os se ha ido logrando el conocimiento del Concepto Marimba de Concierto, por lo que invitar a otros maestros a interpretar dentro de este esquema ya no es tan dif\u00edcil pues se sabe de qu\u00e9 se est\u00e1 hablando.<\/span><\/p>\n<p style=\"text-align: justify;\"><span style=\"color: #003366;\"><b><\/b><b>Cu\u00e9ntanos de tu labor en la\u00a0<\/b><b>Direcci\u00f3n General de Extensi\u00f3n Universitaria:<\/b><\/span><\/p>\n<figure id=\"attachment_1510\" aria-describedby=\"caption-attachment-1510\" style=\"width: 150px\" class=\"wp-caption alignright\"><a href=\"https:\/\/heidysandovalruiz.com\/wp-content\/uploads\/2014\/05\/lester-y-esposa.jpg\"><img loading=\"lazy\" decoding=\"async\" class=\"size-thumbnail wp-image-1510 \" alt=\"lester y esposa\" src=\"https:\/\/heidysandovalruiz.com\/wp-content\/uploads\/2014\/05\/lester-y-esposa-150x150.jpg\" width=\"150\" height=\"150\" \/><\/a><figcaption id=\"caption-attachment-1510\" class=\"wp-caption-text\">Lester y su inseparable compa\u00f1era<\/figcaption><\/figure>\n<p style=\"text-align: justify;\"><span style=\"color: #003366;\"><b>Tengo entendido que hay una celebraci\u00f3n muy importante \u00bfqu\u00e9 celebras?<\/b><\/span><\/p>\n<p style=\"text-align: justify;\"><span style=\"color: #003366;\">Durante el mes de junio 2014 estaremos llevando a cabo el I Festival Internacional de las Artes de la Universidad de San Carlos con m\u00e1s de 45 eventos de todo tipo, danza, teatro m\u00fasica, t\u00edteres, conferencias, mesas redondas, deporte, y la culminaci\u00f3n con una ma\u00f1ana infantil para los hijos de los trabajadores de la USAC. Algo realmente apote\u00f3sico, al cual esperamos la asistencia del p\u00fablico.<\/span><\/p>\n<p style=\"text-align: justify;\"><span style=\"color: #003366;\"><b>Puedes compartir un mensaje con las personas que leen \u201cLas entrevistas de Heidy\u201d:<\/b><\/span><\/p>\n<p style=\"text-align: justify;\"><span style=\"color: #003366;\">Para que sigan reconociendo todos los valores de nuestra cultura, que cuenta con una tradici\u00f3n de m\u00e1s de 1500 a\u00f1os.<\/span><\/p>\n<p style=\"text-align: justify;\"><span style=\"color: #003366;\">Agradezco al Maestro Lester Homero God\u00ednez por apoyar siempre este espacio para el arte nacional, realmente a trav\u00e9s de tu persona conocemos y nos enamoramos m\u00e1s de esos sonidos que salen de una teclas y que se convierten en maravillosas obras musicales.<\/span><\/p>\n<div>\n<p><span style=\"color: #003366;\"><b>Les invitamos a darle me gusta a nuestras Fan Page<\/b><\/span><\/p>\n<\/div>\n<div>\n<p><span style=\"color: #003366;\">\u00abGala de la Canci\u00f3n Guatemalteca\u00bb y \u00abLos invitados de Heidy\u00bb<\/span><\/p>\n<\/div>\n<div>\n<p><a title=\"Gala de la Canci\u00f3n Guatemalteca\" href=\"http:\/\/on.fb.me\/1kXE6cH\" data-blogger-escaped-data-mce-href=\"http:\/\/on.fb.me\/1kXE6cH\">http:\/\/on.fb.me\/1kXE6cH<\/a><\/p>\n<\/div>\n<div>\n<p><a title=\"Los invitados de Heidy\" href=\"http:\/\/on.fb.me\/1cnno1t\" data-blogger-escaped-data-mce-href=\"http:\/\/on.fb.me\/1cnno1t\">http:\/\/on.fb.me\/1cnno1t<\/a><\/p>\n<\/div>\n<p style=\"text-align: justify;\"><span style=\"color: #073763;\">\u00a0<\/span><\/p>\n<p><b><span style=\"color: #073763;\">Entrevista realizada por Heidy Sandoval Ruiz<\/span><\/b><\/p>\n<p><b><span style=\"color: #073763;\">\u00a0<\/span><\/b><\/p>\n<p>&nbsp;<\/p>\n","protected":false},"excerpt":{"rendered":"<div class=\"mh-excerpt\"><p>En esta oportunidad compartimos en\u00a0\u201cLa cara amiga de los invitados de Heidy\u201d,\u00a0la entrevista al\u00a0Maestro Lester Homero God\u00ednez, con quien platicamos del legado musical a trav\u00e9s <a class=\"mh-excerpt-more\" href=\"https:\/\/heidysandovalruiz.com\/?p=1504\" title=\"La cara amiga de \u00abLa Marimba de Concierto\u00bb\">[&#8230;]<\/a><\/p>\n<\/div>","protected":false},"author":4,"featured_media":1513,"comment_status":"closed","ping_status":"closed","sticky":false,"template":"","format":"standard","meta":{"footnotes":""},"categories":[16],"tags":[115],"class_list":["post-1504","post","type-post","status-publish","format-standard","has-post-thumbnail","hentry","category-la-cara-amiga","tag-la-cara-amiga-de-la-marimba-de-concierto"],"_links":{"self":[{"href":"https:\/\/heidysandovalruiz.com\/index.php?rest_route=\/wp\/v2\/posts\/1504","targetHints":{"allow":["GET"]}}],"collection":[{"href":"https:\/\/heidysandovalruiz.com\/index.php?rest_route=\/wp\/v2\/posts"}],"about":[{"href":"https:\/\/heidysandovalruiz.com\/index.php?rest_route=\/wp\/v2\/types\/post"}],"author":[{"embeddable":true,"href":"https:\/\/heidysandovalruiz.com\/index.php?rest_route=\/wp\/v2\/users\/4"}],"replies":[{"embeddable":true,"href":"https:\/\/heidysandovalruiz.com\/index.php?rest_route=%2Fwp%2Fv2%2Fcomments&post=1504"}],"version-history":[{"count":5,"href":"https:\/\/heidysandovalruiz.com\/index.php?rest_route=\/wp\/v2\/posts\/1504\/revisions"}],"predecessor-version":[{"id":1515,"href":"https:\/\/heidysandovalruiz.com\/index.php?rest_route=\/wp\/v2\/posts\/1504\/revisions\/1515"}],"wp:featuredmedia":[{"embeddable":true,"href":"https:\/\/heidysandovalruiz.com\/index.php?rest_route=\/wp\/v2\/media\/1513"}],"wp:attachment":[{"href":"https:\/\/heidysandovalruiz.com\/index.php?rest_route=%2Fwp%2Fv2%2Fmedia&parent=1504"}],"wp:term":[{"taxonomy":"category","embeddable":true,"href":"https:\/\/heidysandovalruiz.com\/index.php?rest_route=%2Fwp%2Fv2%2Fcategories&post=1504"},{"taxonomy":"post_tag","embeddable":true,"href":"https:\/\/heidysandovalruiz.com\/index.php?rest_route=%2Fwp%2Fv2%2Ftags&post=1504"}],"curies":[{"name":"wp","href":"https:\/\/api.w.org\/{rel}","templated":true}]}}