{"id":1535,"date":"2014-05-26T17:09:30","date_gmt":"2014-05-26T17:09:30","guid":{"rendered":"http:\/\/heidysandovalruiz.com\/?p=1535"},"modified":"2014-05-26T17:09:43","modified_gmt":"2014-05-26T17:09:43","slug":"la-cara-amiga-de-rodolfo-molina","status":"publish","type":"post","link":"https:\/\/heidysandovalruiz.com\/?p=1535","title":{"rendered":"La cara amiga de \u00abRodolfo Molina\u00bb"},"content":{"rendered":"<p style=\"text-align: justify;\"><span style=\"color: #003366;\">En la \u201c<b>Cara amiga de los invitados de Heidy<\/b>\u201d presento en esta oportunidad a un artista que con su personalidad, voz, guitarra y talento ha logrado incursionar en la m\u00fasica y colocarse en el gusto del p\u00fablico guatemalteco.\u00a0 Su nombre \u201c<b>Rodolfo Molina<\/b>\u201d, quien adem\u00e1s tiene en su haber varias canciones de su autor\u00eda entre ellas:\u00a0 Un lugar para el amor, Elijo vivir, Complicidad entre otras.\u00a0\u00a0 Rodolfo acept\u00f3 la invitaci\u00f3n para contar su historia en este espacio donde se puede decir lo que se quiere y en otros lados no se puede.<\/span><\/p>\n<p style=\"text-align: justify;\"><span style=\"color: #003366;\">Bienvenido y gracias por aceptar contar parte de tu historia, tus sue\u00f1os, logros, trabajo y mucho m\u00e1s que platicaremos para que las personas que lean nuestra entrevista conozcan m\u00e1s acerca de tu persona.<\/span><\/p>\n<p style=\"text-align: justify;\"><strong><span style=\"color: #003366;\">\u00bfC\u00f3mo surge en ti la idea de ser cantante, a qu\u00e9 edad despierta en ti el gusanito por la m\u00fasica?<\/span><\/strong><\/p>\n<p style=\"text-align: justify;\"><span style=\"color: #003366;\">Desde los 5 a\u00f1os cuando en los almuerzos familiares del domingo en casa de mi abuelo que era compositor de marimba. El fue el primero que me dio la oportunidad de cantar frente al p\u00fablico conformado principalmente por mis t\u00edas y t\u00edos.<\/span><\/p>\n<p style=\"text-align: justify;\"><strong><span style=\"color: #003366;\">\u00bfParticipabas en las actividades art\u00edsticas del colegio y qu\u00e9 recuerdas de esos a\u00f1os?<\/span><\/strong><\/p>\n<p style=\"text-align: justify;\"><span style=\"color: #003366;\">Recuerdo los nervios de mi primera presentaci\u00f3n en el gimnasio del colegio Don Bosco para una Kermesse. Luego los concursos internos para representar al colegio en Juventud. Tambi\u00e9n los ensayos de la orquesta y los viajes que hac\u00edamos al interior para presentarnos.<\/span><\/p>\n<p style=\"text-align: justify;\"><span style=\"color: #003366;\">\u00bfEn qu\u00e9 momento y en qu\u00e9 lugar compones tu primera canci\u00f3n?<\/span><\/p>\n<p style=\"text-align: justify;\"><span style=\"color: #003366;\">Fue una tarde en la adolescencia, sentado en la parada esperando el bus para ir a mi casa. Pensaba en una chica que me hab\u00eda robado el coraz\u00f3n. La canci\u00f3n se llama \u00bfpor qu\u00e9 te vas?<\/span><\/p>\n<p style=\"text-align: justify;\"><span style=\"color: #003366;\">\u00bfFue f\u00e1cil para ti empezar a incursionar en el ambiente art\u00edstico o tuviste alg\u00fan tropiezo?<\/span><\/p>\n<p style=\"text-align: justify;\"><span style=\"color: #003366;\">Fue algo inesperado. Luego de ganar el concurso de Cantautores Universitarios me hablaron para cantar en un bar llamado Gitanos en zona 10. No me pagaban mucho pero no importaba porque lo hac\u00eda con mucho amor por la m\u00fasica y la profesi\u00f3n de cantante. Estuve m\u00e1s de un a\u00f1o en cartelera. Luego vinieron otros lugares y otros eventos.<\/span><\/p>\n<p style=\"text-align: justify;\"><strong><span style=\"color: #003366;\">\u00bfCu\u00e1ntos a\u00f1os llevas en el ambiente art\u00edstico?<\/span><\/strong><\/p>\n<p style=\"text-align: justify;\"><span style=\"color: #003366;\">M\u00e1s o menos 23 a\u00f1os. Mi primera temporada art\u00edstica la realic\u00e9 en 1991 y mi primer concierto internacional fue el de Ricky Martin en Guatemala, en 1992.<\/span><\/p>\n<p style=\"text-align: justify;\"><strong><span style=\"color: #003366;\">\u00bfQu\u00e9 recuerdas de Juventud 87 y 88?<\/span><\/strong><\/p>\n<p style=\"text-align: justify;\"><span style=\"color: #003366;\">Son recuerdos hermosos. Aunque fui segundo lugar en mis participaciones, siempre recuerdo los esfuerzos que realic\u00e9 para ganar y eso sin duda form\u00f3 mi car\u00e1cter para ser un triunfador en el futuro, que gracias a Dios as\u00ed fue.<\/span><\/p>\n<p style=\"text-align: justify;\"><strong><span style=\"color: #003366;\">\u00bfQu\u00e9 maestros te han brindado estudios de canto y expresi\u00f3n art\u00edstica?<\/span><\/strong><\/p>\n<p style=\"text-align: justify;\"><span style=\"color: #003366;\">He tenido la fortuna de conocer y trabajar con grandes maestros, como Ang\u00e9lica Rosa y Do\u00f1a Marinita Prado Bola\u00f1os.\u00a0<\/span><\/p>\n<p><strong><span style=\"color: #003366;\"><a href=\"https:\/\/heidysandovalruiz.com\/wp-content\/uploads\/2014\/05\/6231_553499847999698_1541709468_n.jpg\"><img loading=\"lazy\" decoding=\"async\" class=\"size-thumbnail wp-image-1537 alignleft\" alt=\"6231_553499847999698_1541709468_n\" src=\"https:\/\/heidysandovalruiz.com\/wp-content\/uploads\/2014\/05\/6231_553499847999698_1541709468_n-150x150.jpg\" width=\"150\" height=\"150\" \/><\/a>\u00bfCu\u00e1l es tu experiencia de tu participaci\u00f3n en \u201cTelet\u00f3n 2013\u201d?<\/span><\/strong><\/p>\n<p style=\"text-align: justify;\"><span style=\"color: #003366;\">Escrib\u00ed, produje e interpret\u00e9 la canci\u00f3n de la campa\u00f1a. Se llama \u201cLo lograr\u00e9\u201d y fue una gran satisfacci\u00f3n porque tuve la oportunidad de integrarme a la gira nacional de Telet\u00f3n, de tener presencia en radio y televisi\u00f3n, pero sobre todo, el poder ayudar a cumplir la meta de esta instituci\u00f3n y con ello dar mayor esperanza a los pacientes que all\u00ed se esfuerzan por salir adelante.<\/span><\/p>\n<p style=\"text-align: justify;\"><strong><span style=\"color: #003366;\">Si tuvieras que grabar canciones nacionales a \u00bfcu\u00e1l de estos compositores escoger\u00edas y por qu\u00e9?\u00a0 Sergio Iv\u00e1n Sierra, Ricardo Arjona, Jos\u00e9 Ernesto Monz\u00f3n o Carlos del Llano<\/span><\/strong><\/p>\n<p style=\"text-align: justify;\"><span style=\"color: #003366;\">Los cuatro son grandes artistas y compositores que admiro mucho. Grabar\u00eda de todos por el romanticismo de Sergio Iv\u00e1n Sierra y Carlos del Llano y por la l\u00edrica y autenticidad de Jos\u00e9 Ernesto Monz\u00f3n y Ricardo Arjona.<\/span><\/p>\n<p style=\"text-align: justify;\"><strong><span style=\"color: #003366;\">\u00bfQu\u00e9 satisfacciones te ha dejado la producci\u00f3n \u201cVale so\u00f1ar\u201d?<\/span><\/strong><\/p>\n<p style=\"text-align: justify;\"><span style=\"color: #003366;\">Muchas. El poder haber trabajado con grandes m\u00fasicos del \u00e1mbito internacional, el llevarlo a lanzar Estados Unidos, conocer con mi m\u00fasica lugares que nunca pens\u00e9 visitar. Haber realizado una largu\u00edsima gira de medios y pisar los escenarios m\u00e1s emblem\u00e1ticos de nuestro pa\u00eds, como el Teatro Nacional para mi presentaci\u00f3n en la \u201cXX Gala de la Canci\u00f3n Guatemalteca\u201d en 2013.<\/span><\/p>\n<p style=\"text-align: justify;\"><strong><span style=\"color: #003366;\">A prop\u00f3sito de \u201cVale so\u00f1ar\u201d \u00bfqu\u00e9 m\u00fasicos te acompa\u00f1an en esta producci\u00f3n?<\/span><\/strong><\/p>\n<p style=\"text-align: justify;\"><span style=\"color: #003366;\">Tuve la bendici\u00f3n de contar con los mejores m\u00fasicos que pude haber so\u00f1ado. Personalidades que creyeron en el proyecto y aceptaron animosos a participar e involucrarse. Dan Warner y Lee Levin, productores de \u00faltimo disco de Ricardo Arjona, Richard Bravo en las percusiones, Ed Calle en el saxof\u00f3n y la secci\u00f3n de metales de la orquesta de Juan Luis Guerra son solo algunos de ellos.<\/span><\/p>\n<p style=\"text-align: justify;\"><span style=\"color: #003366;\"><strong>\u00bfC\u00f3mo se mantiene Rodolfo Molina vigente en el gusto de sus seguidores?<\/strong> <\/span><\/p>\n<p style=\"text-align: justify;\"><span style=\"color: #003366;\">Tratando siempre de participar en todos los eventos donde soy invitado. Nunca regatear una canci\u00f3n, nunca hacer dif\u00edcil el complacer cada vez que tomo una guitarra o entregarme al m\u00e1ximo cuando me paro en cualquier escenario, desde el m\u00e1s sencillo hasta el m\u00e1s glamoroso.<\/span><\/p>\n<p style=\"text-align: justify;\"><strong><span style=\"color: #003366;\">\u00bfCu\u00e1ntas producciones tienes en tu haber?<\/span><\/strong><\/p>\n<p style=\"text-align: justify;\"><span style=\"color: #003366;\">Tengo 5 nacionales y dos internacionales. Estoy trabajando en una tercera para finales del 2014 con un productor internacional. Ya les tendr\u00e9 m\u00e1s noticias al respecto.<\/span><\/p>\n<p style=\"text-align: justify;\"><strong><span style=\"color: #003366;\">\u00bfInterpretas canciones de otros compositores o solo tuyas en tus presentaciones?<\/span><\/strong><\/p>\n<p style=\"text-align: justify;\"><span style=\"color: #003366;\">Me gusta llegar a un show sin tener idea de lo que voy a cantar. Canto canciones m\u00edas y tambi\u00e9n intento siempre agradar al p\u00fablico cantando las canciones de los grandes compositores que desean escuchar.<\/span><\/p>\n<p><strong><span style=\"color: #003366;\">Definitivamente una de las canciones escritas por ti que en lo particular me encanta es \u201cElijo vivir\u201d, de hecho al escucharte en la radio recuerdo que esa fue la canci\u00f3n que te abri\u00f3 la puerta en la \u201cXX Gala de la Canci\u00f3n Guatemalteca\u201d y el p\u00fablico qued\u00f3 complacido con tu participaci\u00f3n, qu\u00e9 fue lo que te inspir\u00f3 a escribirla?<a href=\"https:\/\/heidysandovalruiz.com\/wp-content\/uploads\/2014\/05\/1477966_791980667484947_144939749_n.jpg\"><img loading=\"lazy\" decoding=\"async\" class=\"size-thumbnail wp-image-1538 alignright\" alt=\"1477966_791980667484947_144939749_n\" src=\"https:\/\/heidysandovalruiz.com\/wp-content\/uploads\/2014\/05\/1477966_791980667484947_144939749_n-150x150.jpg\" width=\"150\" height=\"150\" \/><\/a><\/span><\/strong><\/p>\n<p style=\"text-align: justify;\"><span style=\"color: #003366;\">Elijo Vivir es una canci\u00f3n que marca un antes y un despu\u00e9s en mi vida. La escribo en el 2102 porque percibo lo que pasa en este mundo convulsionado y siento la necesidad de escribir una canci\u00f3n que env\u00ede un mensaje optimista a nuestras sociedades que tanto lo necesitan, en medio de los problemas que enfrentamos diariamente. Decirles que todo lo bueno que nos espera debe empezar por cada uno de nosotros y que siempre tengamos la esperanza de que viviremos en un mundo mejor.<\/span><\/p>\n<p style=\"text-align: justify;\"><strong><span style=\"color: #003366;\">Un lugar para el amor es otra de tus preferidas, \u00bfc\u00f3mo surge la inspiraci\u00f3n para esta canci\u00f3n?<\/span><\/strong><\/p>\n<p style=\"text-align: justify;\"><span style=\"color: #003366;\">Las primeras ideas de esta canci\u00f3n surgieron en el a\u00f1o 2005 como resultado de un tiempo de reflexi\u00f3n sobre la realidad de nuestra Guatemala. Por la separaci\u00f3n que viv\u00edamos los guatemaltecos, hijos de una misma madre, de una misma nacionalidad. Tambi\u00e9n deja un mensaje positivo al final, animando a los chapines a que nos tomemos de la mano y salgamos adelante, para bien de todos y para gloria de nuestra tierra.<\/span><\/p>\n<p style=\"text-align: justify;\"><strong><span style=\"color: #003366;\">\u00bfHas presentado tu show fuera de Guatemala y cu\u00e1l ha sido el recibimiento?<\/span><\/strong><\/p>\n<p style=\"text-align: justify;\"><span style=\"color: #003366;\">He tenido la oportunidad de presentarme en varios pa\u00edses, como M\u00e9xico, Estados Unidos y toda Centroam\u00e9rica, gracias a Dios con muy buenos comentarios y rese\u00f1as en los medios locales, as\u00ed como el cari\u00f1o del p\u00fablico que me han entregado en cada pa\u00eds que he visitado.<\/span><\/p>\n<p style=\"text-align: justify;\"><strong><span style=\"color: #003366;\">\u00bfCon qu\u00e9 artistas internacionales\u00a0 has compartido escenario?<\/span><\/strong><\/p>\n<p style=\"text-align: justify;\"><span style=\"color: #003366;\">Con Ricky Martin, Mocedades, David Bisbal, Juanes y Juan Luis Guerra entre los m\u00e1s importantes.<\/span><\/p>\n<p style=\"text-align: justify;\"><strong><span style=\"color: #003366;\">\u00bfQu\u00e9 significa para ti la Chasah Tao?<\/span><\/strong><\/p>\n<p style=\"text-align: justify;\"><span style=\"color: #003366;\">Es un lugar m\u00e1gico, donde me form\u00e9 y aprend\u00ed las herramientas para aprender a ganarme la atenci\u00f3n y el cari\u00f1o del p\u00fablico. Desde 1992 La Chasah Tao ha recibido y cobijado a lo mejor del arte musical de Guatemala y me siento muy honrado de haber estado hasta hoy presente entre los amigos m\u00e1s asiduos al lugar.<\/span><\/p>\n<p style=\"text-align: justify;\"><strong><span style=\"color: #003366;\">\u00bfEn qu\u00e9 eventos has participado en los \u00faltimos seis meses?<\/span><\/strong><\/p>\n<p style=\"text-align: justify;\"><span style=\"color: #003366;\">En diciembre de 2013 me present\u00e9 como artista invitado en el evento \u201cSe\u00f1ora Guatemala\u201d y fue una gran experiencia que me dej\u00f3 muchas satisfacciones. En este 2014 me he dedicado a preparar mi nuevo material, por lo que solamente me he presentado en eventos privados que han estado programados desde tiempo atr\u00e1s, pero sigo con la ilusi\u00f3n de muy pronto tener una nueva temporada art\u00edstica en alg\u00fan lugar de la Ciudad de Guatemala.<\/span><\/p>\n<p style=\"text-align: justify;\"><strong><span style=\"color: #003366;\">Hablando de cl\u00e1sicos de los ochentas que artistas son tus preferidos para interpretar sus canciones?<\/span><\/strong><\/p>\n<p style=\"text-align: justify;\"><span style=\"color: #003366;\">Los baladistas tradicionales como Jos\u00e9 Jos\u00e9, Camilo Sesto, Jos\u00e9 Luis Perales siempre han sido de mis favoritos, pero en los ochentas tambi\u00e9n surgieron cantantes que admir\u00e9 mucho, entre ellos Mijares, Franco de Vita y Ricardo Montaner. Mis conciertos siempre incluyen temas de estos grandes artistas con arreglos distintos para darles una nueva frescura.<\/span><\/p>\n<p style=\"text-align: justify;\"><strong><span style=\"color: #003366;\">\u00bfPor qu\u00e9 Rudy Moll?<\/span><\/strong><\/p>\n<p style=\"text-align: justify;\"><span style=\"color: #003366;\">Jajaja ese fue el nombre con que me bautiz\u00f3 mi gran amiga Annaby en el 2004 cuando empec\u00e9 a trabajar en su nuevo centro nocturno Agavero Live Music donde estuve en cartelera tres d\u00edas a la semana por cerca de 15 meses. Rudy por Rodolfo y Moll por Molina. Sin embargo s\u00f3lo en ese lugar utilic\u00e9 ese nombre. Luego volv\u00ed a ser Rodolfo Molina.<\/span><\/p>\n<p style=\"text-align: justify;\"><strong><span style=\"color: #003366;\">\u00bfQu\u00e9 proyectos tienes para el resto de este 2014?<\/span><\/strong><\/p>\n<p style=\"text-align: justify;\"><span style=\"color: #003366;\">Har\u00e9 una temporada especial de 10 presentaciones con motivo del mundial Brasil 2014, luego una peque\u00f1a gira de medios y mi meta es tener listo mi nuevo material para finales de a\u00f1o.<\/span><\/p>\n<p style=\"text-align: justify;\"><strong><span style=\"color: #003366;\">\u00bfD\u00f3nde te presentas actualmente?<\/span><\/strong><\/p>\n<p style=\"text-align: justify;\"><span style=\"color: #003366;\">El lugar donde har\u00e9 las 10 presentaciones es el Teatro La Estancia, en la Calle Mont\u00fafar zona 9. Ah\u00ed me pueden apreciar los fines de semana de junio y julio.<\/span><\/p>\n<p style=\"text-align: justify;\"><strong><span style=\"color: #003366;\">Puedes compartir un mensaje para los lectores de \u201cLas entrevistas de Heidy\u201d:<\/span><\/strong><\/p>\n<p style=\"text-align: justify;\"><span style=\"color: #003366;\">Primero que todo el mensaje es para ti: Quiero agradecerte en nombre de todos los artistas guatemaltecos de ayer, de hoy y de siempre porque haces una hermosa labor que engrandece la m\u00fasica guatemalteca. Y los lectores invitarlos a que amen la m\u00fasica y a sus artistas, pues ustedes son nuestra raz\u00f3n de ser y es la pr\u00e1ctica de la cultura lo que engrandece a un pa\u00eds.<\/span><\/p>\n<p style=\"text-align: justify;\"><span style=\"color: #003366;\">Gracias Rodolfo por habernos abierto la puerta de tus sentimientos y conocer la historia de un artista que ha logrado un lugar en el gusto de los guatemaltecos.<\/span><\/p>\n<p><strong><span style=\"color: #003366;\">Ver videos y m\u00e1s fotos en:<\/span><\/strong><\/p>\n<p><span style=\"color: #003366;\"><b>Les invitamos a darle me gusta a nuestras FanPage<\/b><\/span><\/p>\n<div>\n<p><span style=\"color: #003366;\">\u00abGala de la Canci\u00f3n Guatemalteca\u00bb y \u00abLos invitados de Heidy\u00bb<\/span><\/p>\n<\/div>\n<div>\n<p><a title=\"Gala de la Canci\u00f3n Guatemalteca\" href=\"http:\/\/on.fb.me\/1kXE6cH\" data-blogger-escaped-data-mce-href=\"http:\/\/on.fb.me\/1kXE6cH\">http:\/\/on.fb.me\/1kXE6cH<\/a><\/p>\n<\/div>\n<div>\n<p><a title=\"Los invitados de Heidy\" href=\"http:\/\/on.fb.me\/1cnno1t\" data-blogger-escaped-data-mce-href=\"http:\/\/on.fb.me\/1cnno1t\">http:\/\/on.fb.me\/1cnno1t<\/a><\/p>\n<p>&nbsp;<\/p>\n<p><span style=\"color: #003366;\"><b>Entrevista realizada por Heidy Sandoval Ruiz<\/b><\/span><\/p>\n<\/div>\n","protected":false},"excerpt":{"rendered":"<div class=\"mh-excerpt\"><p>En la \u201cCara amiga de los invitados de Heidy\u201d presento en esta oportunidad a un artista que con su personalidad, voz, guitarra y talento ha <a class=\"mh-excerpt-more\" href=\"https:\/\/heidysandovalruiz.com\/?p=1535\" title=\"La cara amiga de \u00abRodolfo Molina\u00bb\">[&#8230;]<\/a><\/p>\n<\/div>","protected":false},"author":4,"featured_media":1536,"comment_status":"closed","ping_status":"closed","sticky":false,"template":"","format":"standard","meta":{"footnotes":""},"categories":[16],"tags":[118],"class_list":["post-1535","post","type-post","status-publish","format-standard","has-post-thumbnail","hentry","category-la-cara-amiga","tag-la-cara-amiga-de-rodolfo-molina"],"_links":{"self":[{"href":"https:\/\/heidysandovalruiz.com\/index.php?rest_route=\/wp\/v2\/posts\/1535","targetHints":{"allow":["GET"]}}],"collection":[{"href":"https:\/\/heidysandovalruiz.com\/index.php?rest_route=\/wp\/v2\/posts"}],"about":[{"href":"https:\/\/heidysandovalruiz.com\/index.php?rest_route=\/wp\/v2\/types\/post"}],"author":[{"embeddable":true,"href":"https:\/\/heidysandovalruiz.com\/index.php?rest_route=\/wp\/v2\/users\/4"}],"replies":[{"embeddable":true,"href":"https:\/\/heidysandovalruiz.com\/index.php?rest_route=%2Fwp%2Fv2%2Fcomments&post=1535"}],"version-history":[{"count":1,"href":"https:\/\/heidysandovalruiz.com\/index.php?rest_route=\/wp\/v2\/posts\/1535\/revisions"}],"predecessor-version":[{"id":1539,"href":"https:\/\/heidysandovalruiz.com\/index.php?rest_route=\/wp\/v2\/posts\/1535\/revisions\/1539"}],"wp:featuredmedia":[{"embeddable":true,"href":"https:\/\/heidysandovalruiz.com\/index.php?rest_route=\/wp\/v2\/media\/1536"}],"wp:attachment":[{"href":"https:\/\/heidysandovalruiz.com\/index.php?rest_route=%2Fwp%2Fv2%2Fmedia&parent=1535"}],"wp:term":[{"taxonomy":"category","embeddable":true,"href":"https:\/\/heidysandovalruiz.com\/index.php?rest_route=%2Fwp%2Fv2%2Fcategories&post=1535"},{"taxonomy":"post_tag","embeddable":true,"href":"https:\/\/heidysandovalruiz.com\/index.php?rest_route=%2Fwp%2Fv2%2Ftags&post=1535"}],"curies":[{"name":"wp","href":"https:\/\/api.w.org\/{rel}","templated":true}]}}