{"id":1552,"date":"2014-06-03T23:57:29","date_gmt":"2014-06-03T23:57:29","guid":{"rendered":"http:\/\/heidysandovalruiz.com\/?p=1552"},"modified":"2017-02-13T23:10:25","modified_gmt":"2017-02-13T23:10:25","slug":"luigi-lanuza-un-invitado-de-lujo","status":"publish","type":"post","link":"https:\/\/heidysandovalruiz.com\/?p=1552","title":{"rendered":"Luigi Lanuza un invitado de lujo"},"content":{"rendered":"<p style=\"text-align: justify;\"><span style=\"color: #003366;\">En este mes celebramos el primer aniversario de \u201c<b>Los invitados de Heidy<\/b>\u201d y cr\u00e9anme realmente que cuando eleg\u00ed a mi primer invitado no lo conoc\u00eda pero sab\u00eda de su trabajo, por lo que le coment\u00e9 a Gustavo mi esposo, que iniciar\u00eda esta aventura period\u00edstica pero quer\u00eda hacerlo con buen pi\u00e9 y han pasado casi 365 y hoy puedo decirles que hemos superado nuestras espectativas y que seguiremos adelante siempre pidi\u00e9ndoles apoyo.<\/span><\/p>\n<p style=\"text-align: justify;\"><span style=\"color: #003366;\">Pues bien con ese primer invitado hemos hecho una bonita amistad, hablo del destacado actor, prodcutor de cine y m\u00e9dico\u00a0<b>Luigi Lanuza<\/b>\u00a0quien fue el invitado que abri\u00f3 las puertas de una maravillosa oportunidad que ha logrado reunir a lo largo de este a\u00f1o, entrevistas con destacados guatemaltecos que residen dentro y fuera de nuestro pa\u00eds. <\/span><\/p>\n<p style=\"text-align: justify;\"><span style=\"color: #003366;\">Querido Luigi ha transcurrido un a\u00f1o y hemos seguido de cerca tu trabajo y esta es una buena oportunidad para que nos platiques que has hecho durante estos meses y por supuesto del montaje de \u201c<strong>La calle donde t\u00fa vives<\/strong>\u201d.<\/span><\/p>\n<p style=\"text-align: justify;\"><span style=\"color: #003366;\"><b>\u00bfC\u00f3mo surgi\u00f3 la idea de realizar la serie de la \u201cCalle donde t\u00fa vives\u201d?<\/b><\/span><\/p>\n<p style=\"text-align: justify;\"><span style=\"color: #003366;\">Hola Heidy, muchas gracias por la entrevista! Mi idea siempre ha sido resaltar los valores guatemaltecos, en esta oportunidad queremos mantener vivo el arduo trabajo del periodista, locutor, historiador y gran persona Don H\u00e9ctor Gait\u00e1n Alfaro. Son nueve libros los publicados hasta la fecha con el nombre de \u201cLa calle donde t\u00fa vives\u201d y lo que estamos haciendo es presentar las historias de una manera visual. Lo estamos trabajando con la calidad de cine pero en formato para la televisi\u00f3n.<\/span><\/p>\n<p style=\"text-align: justify;\"><span style=\"color: #003366;\"><b>\u00bfQui\u00e9nes est\u00e1n directamente involucrados en la ejecuci\u00f3n de esta serie?<\/b><\/span><\/p>\n<p style=\"text-align: justify;\"><span style=\"color: #003366;\">Mario Enriquez, Javier Corleto, Carlos Zece\u00f1a y Luigi Lanuza. Ademas contamos con el trabajo y apoyo de excelentes fot\u00f3grafos, camar\u00f3grafos, maquillista, t\u00e9cnicos, actores, actrices y muchas m\u00e1s personas.<\/span><\/p>\n<p style=\"text-align: justify;\"><span style=\"color: #003366;\"><b>\u00bfC\u00f3mo eligieron a los actores q<\/b><b>ue participan?<a href=\"https:\/\/heidysandovalruiz.com\/wp-content\/uploads\/2014\/06\/18.jpg\"><img loading=\"lazy\" decoding=\"async\" class=\"size-medium wp-image-4495 alignright\" src=\"https:\/\/heidysandovalruiz.com\/wp-content\/uploads\/2014\/06\/18-300x225.jpg\" alt=\"18\" width=\"300\" height=\"225\" srcset=\"https:\/\/heidysandovalruiz.com\/wp-content\/uploads\/2014\/06\/18-300x225.jpg 300w, https:\/\/heidysandovalruiz.com\/wp-content\/uploads\/2014\/06\/18-1024x768.jpg 1024w\" sizes=\"auto, (max-width: 300px) 100vw, 300px\" \/><\/a><\/b><\/span><\/p>\n<p style=\"text-align: justify;\"><span style=\"color: #003366;\">Gracias al patrocinio de los due\u00f1os de Casa Enriqueta en Centro Hist\u00f3rico, all\u00ed tuvimos audiciones para elegir a los actores y actrices, sorprendentemente tuvimos m\u00e1s de 200 personas en la audici\u00f3n, entre ni\u00f1os, j\u00f3venes, adultos, personas con gran experiencia as\u00ed como personas que no tienen experiencia pero que est\u00e1n en b\u00fasqueda de una oportunidad de incursionar en cine y tv.<\/span><\/p>\n<p style=\"text-align: justify;\"><span style=\"color: #003366;\"><b>\u00bfQu\u00e9 an\u00e9cdotas puedes contarnos?<\/b><\/span><\/p>\n<p style=\"text-align: justify;\"><span style=\"color: #003366;\">La mejor de todas fu\u00e9 el tener como invitada especial mi gran amiga periodista Heidy Sandoval quien nos sorprendi\u00f3 a todos con su excelente actuaci\u00f3n, naturalidad y belleza.<\/span><\/p>\n<p style=\"text-align: justify;\"><span style=\"color: #003366;\"><b>Adem\u00e1s de la serie \u201cLa calle donde t\u00fa vives\u201d \u00bfhay otros proyectos?<\/b><\/span><\/p>\n<p style=\"text-align: justify;\"><span style=\"color: #003366;\">De momento estamos trabajando en una superproducci\u00f3n, la cual ser\u00e1 una coproducci\u00f3n con dos pa\u00edses m\u00e1s y contaremos con la participaci\u00f3n de artistas nacionales y extranjeros.<\/span><\/p>\n<p style=\"text-align: justify;\"><span style=\"color: #003366;\"><b>A tu criterio \u00bfc\u00f3mo has visto el desarrollo de \u201cLos invitados de Heidy\u201d?<\/b><\/span><\/p>\n<p style=\"text-align: justify;\"><span style=\"color: #003366;\">\u00a0Heidy se las sabe todas, con su encanto y naturalidad sabe como entrevistar y hacer a los entrevistados confesar todos sus secretos. Los invitados de Heidy siempre al d\u00eda con las personas que est\u00e1n involucradas en el arte nacional.<\/span><\/p>\n<p style=\"text-align: justify;\"><span style=\"color: #003366;\"><b>\u00bfPuedes invitar a tus seguidores para que lean \u201cLos invitados de Heidy\u201d?<\/b><\/span><\/p>\n<p style=\"text-align: justify;\"><span style=\"color: #003366;\">Por supuesto! No se pierdan las entrevistas de \u201cLos invitados de Heidy\u201d, una forma relajada y amena de conocer a todos los hombres y mujeres que son parte de la historia del arte en Guatemala. Bendiciones Heidy para ti y tu estimado esposo y que contin\u00fae este maravilloso trabajo que tu haces con tanto amor.<\/span><\/p>\n<p><span style=\"color: #003366;\"><b>Les invitamos a darle me gusta a nuestras FanPage<\/b><\/span><\/p>\n<div>\n<p><span style=\"color: #003366;\">\u00abGala de la Canci\u00f3n Guatemalteca\u00bb y \u00abLos invitados de Heidy\u00bb<\/span><\/p>\n<p><span style=\"color: #003366;\">\u00a0<\/span><a title=\"Gala de la Canci\u00f3n Guatemalteca\" href=\"http:\/\/on.fb.me\/1kXE6cH\" data-blogger-escaped-data-mce-href=\"http:\/\/on.fb.me\/1kXE6cH\">http:\/\/on.fb.me\/1kXE6cH<\/a><\/p>\n<\/div>\n<div>\n<p><a title=\"Los invitados de Heidy\" href=\"http:\/\/on.fb.me\/1cnno1t\" data-blogger-escaped-data-mce-href=\"http:\/\/on.fb.me\/1cnno1t\">http:\/\/on.fb.me\/1cnno1t<\/a><\/p>\n<\/div>\n<p>&nbsp;<\/p>\n<p>&nbsp;<\/p>\n<p><iframe loading=\"lazy\" src=\"https:\/\/www.youtube.com\/embed\/nlaigQw6RiU?ecver=1\" width=\"560\" height=\"315\" frameborder=\"0\" allowfullscreen=\"allowfullscreen\"><\/iframe><\/p>\n<p><iframe loading=\"lazy\" src=\"https:\/\/www.youtube.com\/embed\/eAoFKGUvUjw?ecver=1\" width=\"560\" height=\"315\" frameborder=\"0\" allowfullscreen=\"allowfullscreen\"><\/iframe><\/p>\n<p><span style=\"color: #0000ff;\">\u00a0<\/span><\/p>\n<p><span style=\"color: #0000ff; font-size: small;\"><b>Entrevista realizada por Heidy Sandoval Ruiz<\/b><\/span><\/p>\n","protected":false},"excerpt":{"rendered":"<div class=\"mh-excerpt\"><p>En este mes celebramos el primer aniversario de \u201cLos invitados de Heidy\u201d y cr\u00e9anme realmente que cuando eleg\u00ed a mi primer invitado no lo conoc\u00eda <a class=\"mh-excerpt-more\" href=\"https:\/\/heidysandovalruiz.com\/?p=1552\" title=\"Luigi Lanuza un invitado de lujo\">[&#8230;]<\/a><\/p>\n<\/div>","protected":false},"author":4,"featured_media":1553,"comment_status":"closed","ping_status":"closed","sticky":false,"template":"","format":"standard","meta":{"footnotes":""},"categories":[16],"tags":[],"class_list":["post-1552","post","type-post","status-publish","format-standard","has-post-thumbnail","hentry","category-la-cara-amiga"],"_links":{"self":[{"href":"https:\/\/heidysandovalruiz.com\/index.php?rest_route=\/wp\/v2\/posts\/1552","targetHints":{"allow":["GET"]}}],"collection":[{"href":"https:\/\/heidysandovalruiz.com\/index.php?rest_route=\/wp\/v2\/posts"}],"about":[{"href":"https:\/\/heidysandovalruiz.com\/index.php?rest_route=\/wp\/v2\/types\/post"}],"author":[{"embeddable":true,"href":"https:\/\/heidysandovalruiz.com\/index.php?rest_route=\/wp\/v2\/users\/4"}],"replies":[{"embeddable":true,"href":"https:\/\/heidysandovalruiz.com\/index.php?rest_route=%2Fwp%2Fv2%2Fcomments&post=1552"}],"version-history":[{"count":5,"href":"https:\/\/heidysandovalruiz.com\/index.php?rest_route=\/wp\/v2\/posts\/1552\/revisions"}],"predecessor-version":[{"id":4496,"href":"https:\/\/heidysandovalruiz.com\/index.php?rest_route=\/wp\/v2\/posts\/1552\/revisions\/4496"}],"wp:featuredmedia":[{"embeddable":true,"href":"https:\/\/heidysandovalruiz.com\/index.php?rest_route=\/wp\/v2\/media\/1553"}],"wp:attachment":[{"href":"https:\/\/heidysandovalruiz.com\/index.php?rest_route=%2Fwp%2Fv2%2Fmedia&parent=1552"}],"wp:term":[{"taxonomy":"category","embeddable":true,"href":"https:\/\/heidysandovalruiz.com\/index.php?rest_route=%2Fwp%2Fv2%2Fcategories&post=1552"},{"taxonomy":"post_tag","embeddable":true,"href":"https:\/\/heidysandovalruiz.com\/index.php?rest_route=%2Fwp%2Fv2%2Ftags&post=1552"}],"curies":[{"name":"wp","href":"https:\/\/api.w.org\/{rel}","templated":true}]}}