{"id":1555,"date":"2014-06-04T23:09:27","date_gmt":"2014-06-04T23:09:27","guid":{"rendered":"http:\/\/heidysandovalruiz.com\/?p=1555"},"modified":"2014-06-04T23:17:23","modified_gmt":"2014-06-04T23:17:23","slug":"josue-morales-en-nuestro-aniversario","status":"publish","type":"post","link":"https:\/\/heidysandovalruiz.com\/?p=1555","title":{"rendered":"Josu\u00e9 Morales en nuestro aniversario"},"content":{"rendered":"<p style=\"text-align: justify;\"><span style=\"color: #333399;\">Bienvenido mi querido amigo \u00ab<strong>Josu\u00e9 Morales\u00bb<\/strong> t\u00fa como siempre sorprendi\u00e9ndonos con el trabajo que realizas y que compartes con nosotros, llevando entrevistas con destacados guatemaltecos que abarcan diferentes ramas, adem\u00e1s, apoyandonos cada vez que se te pide.<\/span><\/p>\n<p style=\"text-align: justify;\"><span style=\"color: #333399;\">Josu\u00e9 fuiste nuestro invitado en el a\u00f1o 2013 y don Cheyo a principios de este 2014, pero en este mes de aniversario queremos que nos cuentes que has hecho en los \u00faltimos meses.<\/span><\/p>\n<p style=\"text-align: justify;\"><span style=\"color: #333399;\"><b>\u00bfC\u00f3mo consideras que ha sido tu aceptaci\u00f3n en \u201cW Radio\u201d, ha sido fiel la audiencia de la Alfa?<\/b><\/span><\/p>\n<p style=\"text-align: justify;\"><span style=\"color: #333399;\">Me siento bienvenido y respetado.\u00a0 Respecto a la fidelidad de mis anteriores oyentes te digo que es dif\u00edcil hacer una medici\u00f3n para saber si siguen con migo. Por las redes sociales se de muchos que est\u00e1n en sinton\u00eda y de otros tantos que son nuevos<\/span><\/p>\n<p style=\"text-align: justify;\"><span style=\"color: #333399;\"><b>\u00bfEs dif\u00edcil iniciar un programa en una emisora donde digamos \u201ceres nuevo\u201d?<\/b><\/span><\/p>\n<p style=\"text-align: justify;\"><span style=\"color: #333399;\">Todo principio cuesta, no es f\u00e1cil posicionarse en otro medio, siempre es iniciar de cero pero eso no me asusta, estoy acostumbrado.\u00a0 Adem\u00e1s creo en Dios y le pido a diario que bendiga mi trabajo. Tambi\u00e9n lo hago con amor, y lo que se ama crece.\u00a0<\/span><\/p>\n<p style=\"text-align: justify;\"><span style=\"color: #333399;\"><b>A parte del programa de radio \u00bfqu\u00e9 otra actividad realizas?<\/b><\/span><\/p>\n<p style=\"text-align: justify;\"><span style=\"color: #333399;\">Por ahora preparo el show que presentar\u00e9 junto a mi hija Daniela el pr\u00f3ximo 17 de junio, \u201c<b>De Tal Padre Tal Astilla<\/b>\u201d.\u00a0 Un d\u00eda a la semana doy clases de locuci\u00f3n en un diplomado en CabSchool a estudiantes de secundaria.\u00a0 Me encanta la docencia siempre que los alumnos quieran aprender.\u00a0 Producir el programa tambi\u00e9n le toma tiempo. Son dos horas al aire y otras tanto en la preproducci\u00f3n tanto de guiones de mis personajes como grabaciones que realizo.\u00a0 Mi equipo de producci\u00f3n es mi asistente Caty Santizo, y yo que me divido en muchas otras personas para hacer la labor de creativo, escritor, locutor, comediante, entrevistador, y director del programa.<\/span><\/p>\n<p style=\"text-align: justify;\"><span style=\"color: #333399;\"><b>\u00bfQu\u00e9 le falta a Josu\u00e9 Morales llevar a cabo en el aspecto tanto art\u00edstico como locutor y presentador?<\/b><\/span><\/p>\n<p style=\"text-align: justify;\"><span style=\"color: #333399;\">Doblar una pel\u00edcula, es mi sue\u00f1o dorado.\u00a0 Tambi\u00e9n hacer algo en televisi\u00f3n<\/span><\/p>\n<p style=\"text-align: justify;\"><span style=\"color: #333399;\"><b>\u00bfQu\u00e9 proyectos tienes en mente para el resto de este a\u00f1o?<\/b><\/span><\/p>\n<p style=\"text-align: justify;\"><span style=\"color: #333399;\">Estoy escribiendo un libro sobre el m\u00e9todo Josu\u00e9 Morales de Caracterizaci\u00f3n. es mi meta terminarlo este a\u00f1o. Quiero tambi\u00e9n trabajar mas en docencia con gente que realmente quiera aprender, ense\u00f1ar me apasiona.<\/span><\/p>\n<p style=\"text-align: justify;\"><span style=\"color: #333399;\"><b>Puedes invitar a tus seguidores para que lean \u201cLos invitados de Heidy\u201d<\/b><\/span><\/p>\n<p style=\"text-align: justify;\"><span style=\"color: #333399;\">Extiendo una invitaci\u00f3n especial para que lean \u201c<b>Los invitados de Heidy\u201d<\/b>, siempre tiene algo nuevo e interesante que ofrecernos.\u00a0 Heidy hace un maravilloso trabajo y logra trasladarnos entrevistas entretenidas y enriquecedoras. Se los garantizo.\u00a0 Que la vida te sonr\u00eda querida Heidy un fuerte abrazo.<\/span><\/p>\n<p style=\"text-align: justify;\"><span style=\"color: #333399;\">Y les recordamos que el pr\u00f3ximo 17 de junio no se pierdan el show De Tal Pare Tal Astilla, \u00a0humor pol\u00edtico, imitaciones internacionales como Arjona y Gaby, La Trevy, Selena, Vicente y Alejandro Fernandez, Chayane, El Buky, Tina Turner, Azucar Moreno y otros. Canciones, parodias, Don Cheyo, Pancho Norte\u00f1o y m\u00e1s.\u00a0<\/span><br \/>\n<span style=\"color: #333399;\">mas informaci\u00f3n en nuestra pagina web.\u00a0<\/span><\/p>\n<p><a href=\"http:\/\/www.detalpadretalastilla.com\/\" target=\"_blank\" rel=\"nofollow nofollow\">www.detalpadretalastilla.com<\/a><\/p>\n<p style=\"text-align: justify;\"><span style=\"color: #333399;\">Ahhhh y nos vemos en septiembre en la \u00ab<strong>XXI Gala de la Canci\u00f3n Guatemalteca<\/strong>\u00bb eres nuestro presentador invitado.<\/span><\/p>\n<p style=\"text-align: justify;\"><span style=\"color: #333399;\">\u00a0<\/span><\/p>\n<p><span style=\"color: #333399;\"><b>Les invitamos a darle me gusta a nuestras FanPage<\/b><\/span><\/p>\n<div>\n<p><span style=\"color: #333399;\">\u00abGala de la Canci\u00f3n Guatemalteca\u00bb y \u00abLos invitados de Heidy\u00bb<\/span><\/p>\n<p>&nbsp;<\/p>\n<\/div>\n<div>\n<p><a title=\"Gala de la Canci\u00f3n Guatemalteca\" href=\"http:\/\/on.fb.me\/1kXE6cH\" data-blogger-escaped-data-mce-href=\"http:\/\/on.fb.me\/1kXE6cH\">http:\/\/on.fb.me\/1kXE6cH<\/a><\/p>\n<\/div>\n<div>\n<p><a title=\"Los invitados de Heidy\" href=\"http:\/\/on.fb.me\/1cnno1t\" data-blogger-escaped-data-mce-href=\"http:\/\/on.fb.me\/1cnno1t\">http:\/\/on.fb.me\/1cnno1t<\/a><\/p>\n<\/div>\n<p style=\"text-align: justify;\"><span style=\"color: #333399;\">\u00a0<\/span><\/p>\n<p style=\"text-align: justify;\"><span style=\"color: #333399;\"><b>Entrevista realizada por Heidy Sandoval Ruiz<\/b><\/span><\/p>\n<p>&nbsp;<\/p>\n","protected":false},"excerpt":{"rendered":"<div class=\"mh-excerpt\"><p>Bienvenido mi querido amigo \u00abJosu\u00e9 Morales\u00bb t\u00fa como siempre sorprendi\u00e9ndonos con el trabajo que realizas y que compartes con nosotros, llevando entrevistas con destacados guatemaltecos <a class=\"mh-excerpt-more\" href=\"https:\/\/heidysandovalruiz.com\/?p=1555\" title=\"Josu\u00e9 Morales en nuestro aniversario\">[&#8230;]<\/a><\/p>\n<\/div>","protected":false},"author":4,"featured_media":1556,"comment_status":"closed","ping_status":"closed","sticky":false,"template":"","format":"standard","meta":{"footnotes":""},"categories":[16],"tags":[121],"class_list":["post-1555","post","type-post","status-publish","format-standard","has-post-thumbnail","hentry","category-la-cara-amiga","tag-josue-morales-en-nuestro-aniversario"],"_links":{"self":[{"href":"https:\/\/heidysandovalruiz.com\/index.php?rest_route=\/wp\/v2\/posts\/1555","targetHints":{"allow":["GET"]}}],"collection":[{"href":"https:\/\/heidysandovalruiz.com\/index.php?rest_route=\/wp\/v2\/posts"}],"about":[{"href":"https:\/\/heidysandovalruiz.com\/index.php?rest_route=\/wp\/v2\/types\/post"}],"author":[{"embeddable":true,"href":"https:\/\/heidysandovalruiz.com\/index.php?rest_route=\/wp\/v2\/users\/4"}],"replies":[{"embeddable":true,"href":"https:\/\/heidysandovalruiz.com\/index.php?rest_route=%2Fwp%2Fv2%2Fcomments&post=1555"}],"version-history":[{"count":4,"href":"https:\/\/heidysandovalruiz.com\/index.php?rest_route=\/wp\/v2\/posts\/1555\/revisions"}],"predecessor-version":[{"id":1561,"href":"https:\/\/heidysandovalruiz.com\/index.php?rest_route=\/wp\/v2\/posts\/1555\/revisions\/1561"}],"wp:featuredmedia":[{"embeddable":true,"href":"https:\/\/heidysandovalruiz.com\/index.php?rest_route=\/wp\/v2\/media\/1556"}],"wp:attachment":[{"href":"https:\/\/heidysandovalruiz.com\/index.php?rest_route=%2Fwp%2Fv2%2Fmedia&parent=1555"}],"wp:term":[{"taxonomy":"category","embeddable":true,"href":"https:\/\/heidysandovalruiz.com\/index.php?rest_route=%2Fwp%2Fv2%2Fcategories&post=1555"},{"taxonomy":"post_tag","embeddable":true,"href":"https:\/\/heidysandovalruiz.com\/index.php?rest_route=%2Fwp%2Fv2%2Ftags&post=1555"}],"curies":[{"name":"wp","href":"https:\/\/api.w.org\/{rel}","templated":true}]}}