{"id":160,"date":"2013-07-11T00:26:17","date_gmt":"2013-07-11T00:26:17","guid":{"rendered":"http:\/\/heidysandovalruiz.com\/?p=160"},"modified":"2014-01-16T22:53:18","modified_gmt":"2014-01-16T22:53:18","slug":"la-cara-amiga-de-fernanda-ruiz","status":"publish","type":"post","link":"https:\/\/heidysandovalruiz.com\/?p=160","title":{"rendered":"La cara amiga de \u00abFernanda Ruiz\u00bb"},"content":{"rendered":"<p style=\"text-align: justify;\"><span style=\"color: #000080;\">El d\u00eda de hoy en \u201cLa cara amiga de nuestros artistas\u201d, conoceremos de cerca a una cantante que hace poco m\u00e1s de 25 a\u00f1os ha llevado su voz, su talento a los guatemaltecos.\u00a0 Con su estilo rom\u00e1ntico y gran profesionalismo, Fernanda Ruiz brinda a su p\u00fablico calidad en cada una de sus interpretaciones.\u00a0 Les invito a que conozcan m\u00e1s de cerca a nuestra invitada de hoy quien gustosamente comparte con nosotrosan\u00e9cdotas y recuerdos de esos 25 a\u00f1os de vida art\u00edstica.<\/span><\/p>\n<p style=\"text-align: justify;\"><strong><span style=\"color: #000080;\">Durante m\u00e1s de 25 a\u00f1os has dedicado tu vida a cantar, si haces una recopilaci\u00f3n de tu trayectoria, que momento es el m\u00e1s importante en tu carrera?<\/span><\/strong><\/p>\n<p style=\"text-align: justify;\"><span style=\"color: #000080;\">Antes de responderte quiero agradecer este espacio\u2026 pues son de las cosas m\u00e1s importantes que como artistas nos regala el creador y nos pone gente linda como t\u00fa, d\u00e1ndonos la oportunidad de proyectarnos un poquito m\u00e1s all\u00e1 del un escenario y estar en constante acercamiento con nuestro p\u00fablico.<\/span><\/p>\n<p style=\"text-align: justify;\"><span style=\"color: #000080;\">Hay muchos momentos, porque cada d\u00eda que subo a un escenario es una nueva experiencia. Pero si me pongo a pensar en mi trayectoria creo que la etapa m\u00e1s importante han sido mis inicios porque ah\u00ed fue donde conoc\u00ed a la mayor\u00eda de cantantes de la vieja guardia y de la \u00a0contempor\u00e1nea que hoy por hoy son los grandes, y gracias a Dios he aprendido mucho de ellos.\u00a0 Tambi\u00e9n, podr\u00eda decir que uno de los mejores momentos en mi vida fue haber sido alumna del Maestro Alberto Navas quien por mucho tiempo me dio clases de bell canto y a quien recuerdo con mucho cari\u00f1o pues \u00e9l fue la primera persona que me ayud\u00f3 a desarrollar mi voz y a poderme expresar en un escenario.<\/span><\/p>\n<p style=\"text-align: justify;\"><span style=\"color: #000080;\"><strong>Que sientes cuando est\u00e1s interpretando las canciones?<\/strong> Cada vez que entro\u00a0 a cantar me da como una especie de amnesia, se me olvida si tengo problemas, si me duele algo, si estoy triste o no s\u00e9, en si cada vez que estoy en un escenario es un momento importante\u2026. Pero quiz\u00e1 los momentos m\u00e1s importantes han sido cuando he compartido con artistas internacionales como con Los Terricolas fue algo sensacional ver como ellos teniendo tanta fama y tanta trayectoria son personas sencillas y muy lindas, muy abiertas a su p\u00fablico.<\/span><\/p>\n<p><strong><span style=\"color: #000080;\">Qu\u00e9 locutores o programas de tv han sido parte importante en tu vida profesional? \u00a0<\/span><\/strong><span style=\"color: #000080;\">Mmm\u2026. Bueno a hay alguien que desde que conoc\u00ed me dio su apoyo incondicional hasta la fecha y ella es Paolita Garc\u00eda quien siempre me dio su amistad y su cari\u00f1o, tambi\u00e9n Nancy Cifuentes, Joelito Villatoro, de TGW. De las Radios donde m\u00e1s he trabajado y tuve dos programas fue en TGW, tambi\u00e9n he contado con el cari\u00f1o y el apoyo de mi querido Jorge Beteta de Radio La Sabrosona y \u00faltimamente he contado con el cari\u00f1o y el apoyo del Licenciado C\u00e9sar L\u00f3pez de la Radio Uy yuyuy 106.9 y de mi querido Victor Boch, con quienes estuve trabajando en el programa de Acordes Nacionales.<a href=\"https:\/\/heidysandovalruiz.com\/wp-content\/uploads\/2013\/11\/portada-cd-fernanda-ruiz-disco.jpg\"><img loading=\"lazy\" decoding=\"async\" class=\"size-medium wp-image-161 alignleft\" alt=\"portada cd fernanda ruiz disco\" src=\"https:\/\/heidysandovalruiz.com\/wp-content\/uploads\/2013\/11\/portada-cd-fernanda-ruiz-disco-278x300.jpg\" width=\"278\" height=\"300\" \/><\/a> <\/span><\/p>\n<p style=\"text-align: justify;\"><span style=\"color: #000080;\">Otras radios que me han apoyado como la Ke buena con mis queridos amigos Marco Antonio Pedroza y Sammy Flores, una radio que es de San Marcos donde est\u00e1n sonando ya temas de mi CD, llamada La Fiesta de mi Pueblo, y por supuesto aprovecho a mandarles un cordial saludo. Gracias a Dios tambi\u00e9n he tenido la oportunidad de presentarme en varios canales televisivos como lo han sido VEA CANAL con mi querida amiga Elizabeth de Guatemala en As\u00ed canta Guatemala, en Campi\u00f1a tambi\u00e9n y en el programa As\u00ed Suena Guate con mi querido amigo Stiven Navarrete, tambi\u00e9n tuve la oportunidad de estar en el programa A TODO GALOPE con el se\u00f1or\u00f3n Alfredo Barrientos a quienes les env\u00edo un saludo cordial.<\/span><\/p>\n<p style=\"text-align: justify;\"><span style=\"color: #000080;\"><strong>Si hablamos de artistas quienes han sido importantes en tu vida art\u00edstica?<\/strong> cuando empec\u00e9 a cantar conoc\u00ed a tres personas muy lindas y queridas \u00a0a Don Manuelito Alvarez quien me dijo si yo quer\u00eda incursionar en la m\u00fasica, a su hija Mercy Alvarez a quien quiero mucho gran cantante y gran compa\u00f1era y a un muchacho bello que me dio su amistad incondicional y a quien recuerdo con todo mi cari\u00f1o el fue Erick Labagnino Q.E.P.D. pues fueron las primeras personas que me dieron el empuje de cantar ya profesionalmente. Tambi\u00e9n conoc\u00ed a mis\u00a0 compa\u00f1eros y grandes amigos: Danco de Guatemala, Juan Carlos Aviley, Marvin Rivera, tuve el gran honor de trabajar con Paquito C\u00e1ceres a quien quise como a mi padre, \u00e9l fue muy importante en mi vida profesional, a mi querido Roberto Rey, tambi\u00e9n Karin May, Elizabeth de Guatemala, entre otros muchos compa\u00f1eros y compa\u00f1eras que fui conociendo poco a poco y pues de quienes recib\u00ed siempre amistad y cari\u00f1o.<\/span><\/p>\n<p style=\"text-align: justify;\"><strong><span style=\"color: #000080;\">Recuerdas alguna canci\u00f3n que sea la que m\u00e1s has interpretado y porqu\u00e9? \u00a0<\/span><\/strong><span style=\"color: #000080;\">Hay varias por ejemplo Amor Eterno, Como la Flor, Costumbres y la que m\u00e1s me ha gustado cantar desde que la escuche me enamor\u00e9 de ese tema porque dice muchas cosas que yo viv\u00ed, el tema \u201cAlgo de Mi\u201d que es original del Conjunto Primavera. Soy muy cuidadosa al escoger mi material para repertorio, lo escucho, lo analizo, lo estudio mucho porque no me gusta cantar m\u00fasica ofensiva, aunque si tengo uno que otro tema que son as\u00ed fuertes, pero por lo general mi repertorio se basa en m\u00fasica alegre, o muy rom\u00e1ntica, ya sean en g\u00e9neros pop, rancheros, cumbias o salsas, nunca canto nada que no me guste, porque no me salen las canciones, \u00a0busco m\u00fasica que pueda sentir, para poderla transmitir\u2026<\/span><\/p>\n<p style=\"text-align: justify;\"><strong><span style=\"color: #000080;\">Como vez en la actualidad el apoyo de los medios de comunicaci\u00f3n a los artistas?\u00a0<\/span><\/strong><span style=\"color: #000080;\">Hay poco apoyo, yo lo veo como un poco monopolizado a ciertos artistas porque la verdad no dan la oportunidad a todos, siempre veo y no es malo no, para nada me da gusto ver que mis compa\u00f1eros hayan logrado incursionar en los medios siendo esto tan dif\u00edcil en nuestro pa\u00eds, pero ac\u00e1 los medios niegan la oportunidad de que el artista nacional se pueda expresar como debe de ser\u2026 anteponen el hecho de que lo extranjero es m\u00e1s \u00a0comercial seg\u00fan ellos, y le bajan la calidad a lo nacional, es raro el grupo o solista nacional, que suena de lleno en todas las radios.\u00a0 <\/span><\/p>\n<p style=\"text-align: justify;\"><span style=\"color: #000080;\">No niego que radios como TGW, La Sabrosona y la Uy yuyuy 106.9 han dado m\u00e1s proyecci\u00f3n y apoyo al cantante y grupos nacionales\u2026 as\u00ed como varios canales televisivos como TV USAC, VEA CANAL y otros canales que se mueven a nivel de cable satelital, y se les agradece de coraz\u00f3n el apoyo!!!&#8230;. aunque la mayor\u00eda de radios deber\u00edan tener por ley el mismo tiempo de producci\u00f3n radial internacional como nacional\u2026 pero desgraciadamente eso no se da, es muy dif\u00edcil lograrlo porque no tenemos el apoyo de una entidad que realmente respalde la producci\u00f3n de los artistas nacionales como lo hacen en pa\u00edses que se dedican a la industria musical y es lamentable porque los mejores m\u00fasicos nuestros est\u00e1n trabajando en el extranjero por la misma falta de apoyo.\u00a0 Hace falta que se abran m\u00e1s \u00a0los medios, estoy segura que si hubieran m\u00e1s oportunidades de difusi\u00f3n el cantante o artista tendr\u00eda mayores oportunidades de darse a conocer y por ende tendr\u00eda mejores y m\u00e1s opciones de trabajo.<\/span><\/p>\n<p style=\"text-align: justify;\"><strong><span style=\"color: #000080;\">Esta profesi\u00f3n te ha dado muchas satisfacciones, cu\u00e9ntanos de ellas?\u00a0<\/span><\/strong><span style=\"color: #000080;\">Ah\u2026 una de las mayores satisfacciones que me ha dado esta carrera es poder abrir la puerta a muchos cantantes nuevos, me gusta ver que las personas tengan sue\u00f1os como los m\u00edos y los puedan realizar, esa creo que es la m\u00e1s importante\u2026 la otra es que estoy dejando un legado a mis hijos en la m\u00fasica porque a ellos les gusta el medio y ya andan ah\u00ed dando sus primeros pasos, \u00a0la otra es que a trav\u00e9s de la m\u00fasica he conocido a mis mejores amigos y amigas\u2026. Tambi\u00e9n he obtenido ciertos t\u00edtulos como el que recib\u00ed el a\u00f1o pasado en la <b><i>Premiaci\u00f3n de Frontera Musical donde se me otorg\u00f3 el premio a la Mejor Voz Femenina del a\u00f1o 2012\u2026<\/i><\/b> que es el m\u00e1s reciente y otros premios en concursos de canto a nivel nacional, como uno que hubo y de hecho fue el \u00faltimo concurso al que me inscrib\u00ed, en Ciudad Vieja de La\u00a0 Antigua Guatemala, patrocinado por Pepsi, donde obtuve un primer lugar, que han sido eventos importantes y me han abierto las puertas a muchas nuevas oportunidades.<\/span><\/p>\n<p style=\"text-align: justify;\"><span style=\"color: #000080;\">Es bien satisfactorio salir de un escenario con el aplauso de las personas que te van a escuchar cantar ya sea adentro o fuera de nuestro pa\u00eds, escuchar todo un gran coro al un\u00edsono de tu voz, poder arrancar una sonrisa, sacar una l\u00e1grima, ver que las personas alegremente se levantan a bailar, que las personas disfrutan lo que uno hace, escuchar como los latidos de tu coraz\u00f3n sus aplausos, eso quiz\u00e1 es lo m\u00e1s satisfactorio de mi trabajo, llegar al coraz\u00f3n de mi p\u00fablico\u2026<\/span><\/p>\n<p style=\"text-align: justify;\"><strong><span style=\"color: #000080;\">Hay alguna diferencia del ambiente art\u00edstico de hace 25 a\u00f1os al de ahora? \u00a0<\/span><\/strong><span style=\"color: #000080;\">Mmmmm ufales un mont\u00f3n\u2026 \u00a0tu sabes que la tecnolog\u00eda antes no era tan avanzada como ahora, antes me recuerdo que us\u00e1bamos los famosos cassetes y uno llegaba con su casetio grabado a los eventos, despu\u00e9s fuimos evolucionando con los cds\u2026. \u00a0que todav\u00eda se ven por ah\u00ed\u2026. Pero \u00a0ahora ya la tecnolog\u00eda nos ha llevado a mejorar en cuanto a la calidad de reproducci\u00f3n digital, hoy por hoy, tu llevas tu memoria USB o tu ipod\u2026 y es m\u00e1s accesible conectarlo a un equipo de amplificaci\u00f3n que ya vienen digitalizados, o usar una computadora laptop, con programas de audio m\u00e1s avanzados.\u00a0 <\/span><\/p>\n<p style=\"text-align: justify;\"><span style=\"color: #000080;\">Las tendencias de la moda han ido variando y han ido incrementado tendencias nuevas en cuanto a looks y estilos, \u00a0y pues tambi\u00e9n que hay muchos m\u00e1s cantantes que antes\u2026. \u00a0la familia ha ido creciendo y es algo que me da gusto porque si lo vez de una manera comercial hay para todo tipo de gustos, los g\u00e9neros musicales han ido evolucionando tambi\u00e9n, porque muchos artistas internacionales y nacionales hacen sus nuevas versiones ya digitalizadas y todo el cuento nuevo musical y ahora es m\u00e1s accesible ir y grabar un tema musical, que por lo mismo, la tecnolog\u00eda lo permite m\u00e1s, creo que el cambio vino para bien de todos\u2026<\/span><\/p>\n<p style=\"text-align: justify;\"><strong><span style=\"color: #000080;\">Has grabado alg\u00fan disco donde est\u00e9n recopiladas las canciones que m\u00e1s te llegan? \u00a0<\/span><\/strong><span style=\"color: #000080;\">Yessss\u2026 jejeje\u2026. Si gracias al apoyo de mi querid\u00edsimo Carlitos Franco quien me ha brindado su amistad, cari\u00f1o y respaldo, hicimos un proyecto, habi\u00e9ndome dado la oportunidad de grabar este material y hemos unido fuerzas para la elaboraci\u00f3n de un cd de covers el cual se llama <strong><i>Fernanda Ruiz\u00a0 La m\u00fasica es mi escencia<\/i><\/strong>, donde hemos puesto temas musicales de diversos g\u00e9neros que interpreto como: Algo de mi, Que ser\u00e1 de ti, \u00c1ngel de la ma\u00f1ana, El Espejo, Que bello, D\u00e9jame volver contigo (como homenaje a Jenny Rivera) y otros temas bonitos que son los que m\u00e1s me solicita mi p\u00fablico\u2026 y va con dedicatoria especial a toda la gente linda de mi amada Guatemala que me ha apoyado durante 25 a\u00f1os, te digo ha sido un sue\u00f1o de muchos a\u00f1os\u2026 luego pues tengo en proyecto tambi\u00e9n grabar un cd con m\u00fasica nacional de compositores como Amando Parrilla, V\u00edctor Manuel Porras, Paco C\u00e1ceres y Jos\u00e9 Ernesto Monz\u00f3n\u2026. Tambi\u00e9n est\u00e1 en puerta\u00a0 un cd con m\u00fasica de mi autor\u00eda el cual tambi\u00e9n ser\u00e1 de corte variado\u2026.<\/span><\/p>\n<p style=\"text-align: justify;\"><span style=\"color: #000080;\">Quiero comentarte que para m\u00ed todo este tiempo que ha pasado ha sido algo muy especial, porque ha marcado mi vida de una manera extraordinaria, tantas an\u00e9cdotas, cosas lindas como dolorosas e inclusive molestas, pero te digo, no cambio por nada, ni un d\u00eda de mi vida, y doy gracias a Dios por este lindo don que me brind\u00f3, porque un cantante no solo es el que se para a repetir una letra con m\u00fasica, un cantante es el que despliega su esencia, el que sabe c\u00f3mo llegar una nota al coraz\u00f3n de las personas que lo escuchan.. es m\u00e1s sensible en todos los sentidos por eso somos m\u00e1s profundos en nuestras apreciaciones y es muchas cosas maravillosas y doy gracias por todo lo que Dios me ha dado a trav\u00e9s de la m\u00fasica, y como dije anteriormente gracias tambi\u00e9n a ti por este espacio, ha sido para m\u00ed un verdadero gusto compartir contigo\u2026 Dios te bendiga Heidy Sandoval por el apoyo que brindas al artista nacional y Dios bendiga a mi amada Guatemala\u2026. Gracias<\/span><\/p>\n<p style=\"text-align: justify;\"><span style=\"color: #000080;\"><b>\u00a0<\/b><\/span><\/p>\n<p><strong><span style=\"color: #000080;\">Entrevista Realizada por Heidy Sandoval Ruiz<\/span><\/strong><\/p>\n","protected":false},"excerpt":{"rendered":"<div class=\"mh-excerpt\"><p>El d\u00eda de hoy en \u201cLa cara amiga de nuestros artistas\u201d, conoceremos de cerca a una cantante que hace poco m\u00e1s de 25 a\u00f1os ha <a class=\"mh-excerpt-more\" href=\"https:\/\/heidysandovalruiz.com\/?p=160\" title=\"La cara amiga de \u00abFernanda Ruiz\u00bb\">[&#8230;]<\/a><\/p>\n<\/div>","protected":false},"author":4,"featured_media":163,"comment_status":"closed","ping_status":"closed","sticky":false,"template":"","format":"standard","meta":{"footnotes":""},"categories":[16],"tags":[19],"class_list":["post-160","post","type-post","status-publish","format-standard","has-post-thumbnail","hentry","category-la-cara-amiga","tag-la-cara-amiga-de-fernanda-ruiz"],"_links":{"self":[{"href":"https:\/\/heidysandovalruiz.com\/index.php?rest_route=\/wp\/v2\/posts\/160","targetHints":{"allow":["GET"]}}],"collection":[{"href":"https:\/\/heidysandovalruiz.com\/index.php?rest_route=\/wp\/v2\/posts"}],"about":[{"href":"https:\/\/heidysandovalruiz.com\/index.php?rest_route=\/wp\/v2\/types\/post"}],"author":[{"embeddable":true,"href":"https:\/\/heidysandovalruiz.com\/index.php?rest_route=\/wp\/v2\/users\/4"}],"replies":[{"embeddable":true,"href":"https:\/\/heidysandovalruiz.com\/index.php?rest_route=%2Fwp%2Fv2%2Fcomments&post=160"}],"version-history":[{"count":1,"href":"https:\/\/heidysandovalruiz.com\/index.php?rest_route=\/wp\/v2\/posts\/160\/revisions"}],"predecessor-version":[{"id":164,"href":"https:\/\/heidysandovalruiz.com\/index.php?rest_route=\/wp\/v2\/posts\/160\/revisions\/164"}],"wp:featuredmedia":[{"embeddable":true,"href":"https:\/\/heidysandovalruiz.com\/index.php?rest_route=\/wp\/v2\/media\/163"}],"wp:attachment":[{"href":"https:\/\/heidysandovalruiz.com\/index.php?rest_route=%2Fwp%2Fv2%2Fmedia&parent=160"}],"wp:term":[{"taxonomy":"category","embeddable":true,"href":"https:\/\/heidysandovalruiz.com\/index.php?rest_route=%2Fwp%2Fv2%2Fcategories&post=160"},{"taxonomy":"post_tag","embeddable":true,"href":"https:\/\/heidysandovalruiz.com\/index.php?rest_route=%2Fwp%2Fv2%2Ftags&post=160"}],"curies":[{"name":"wp","href":"https:\/\/api.w.org\/{rel}","templated":true}]}}