{"id":1619,"date":"2014-06-16T21:37:35","date_gmt":"2014-06-16T21:37:35","guid":{"rendered":"http:\/\/heidysandovalruiz.com\/?p=1619"},"modified":"2014-06-16T21:37:51","modified_gmt":"2014-06-16T21:37:51","slug":"pequena-misa-solemne-de-g-rossini","status":"publish","type":"post","link":"https:\/\/heidysandovalruiz.com\/?p=1619","title":{"rendered":"Peque\u00f1a Misa Solemne de G. Rossini"},"content":{"rendered":"<p style=\"text-align: justify;\"><span style=\"color: #000080;\">Peque\u00f1a Misa Solemne de G. Rossini en su versi\u00f3n original para Coro, Solistas, piano y armonio, interpretada por el Coro de la Universidad de San Carlos de Guatemala \u00abPatrimonio Cultural Intangible de la Naci\u00f3n\u00bb, al piano el Maestro\u00a0Roberto P\u00e9rez Chamal\u00e9, Armonio Maestro Ra\u00fal Padilla y los solistas: soprano Julia Pimentel,\u00a0Mezzo soprano\u00a0Rebeca Mel\u00e9ndez, tenor Otto de la Roca\u00a0y bajo Andr\u00e9s Farrera, m\u00e1s informaci\u00f3n en afiche adjunto.<\/span><\/p>\n","protected":false},"excerpt":{"rendered":"<div class=\"mh-excerpt\"><p>Peque\u00f1a Misa Solemne de G. Rossini en su versi\u00f3n original para Coro, Solistas, piano y armonio, interpretada por el Coro de la Universidad de San <a class=\"mh-excerpt-more\" href=\"https:\/\/heidysandovalruiz.com\/?p=1619\" title=\"Peque\u00f1a Misa Solemne de G. Rossini\">[&#8230;]<\/a><\/p>\n<\/div>","protected":false},"author":4,"featured_media":1620,"comment_status":"closed","ping_status":"closed","sticky":false,"template":"","format":"standard","meta":{"footnotes":""},"categories":[63],"tags":[135],"class_list":["post-1619","post","type-post","status-publish","format-standard","has-post-thumbnail","hentry","category-varios","tag-pequena-misa-solemne-de-g-rossini"],"_links":{"self":[{"href":"https:\/\/heidysandovalruiz.com\/index.php?rest_route=\/wp\/v2\/posts\/1619","targetHints":{"allow":["GET"]}}],"collection":[{"href":"https:\/\/heidysandovalruiz.com\/index.php?rest_route=\/wp\/v2\/posts"}],"about":[{"href":"https:\/\/heidysandovalruiz.com\/index.php?rest_route=\/wp\/v2\/types\/post"}],"author":[{"embeddable":true,"href":"https:\/\/heidysandovalruiz.com\/index.php?rest_route=\/wp\/v2\/users\/4"}],"replies":[{"embeddable":true,"href":"https:\/\/heidysandovalruiz.com\/index.php?rest_route=%2Fwp%2Fv2%2Fcomments&post=1619"}],"version-history":[{"count":1,"href":"https:\/\/heidysandovalruiz.com\/index.php?rest_route=\/wp\/v2\/posts\/1619\/revisions"}],"predecessor-version":[{"id":1621,"href":"https:\/\/heidysandovalruiz.com\/index.php?rest_route=\/wp\/v2\/posts\/1619\/revisions\/1621"}],"wp:featuredmedia":[{"embeddable":true,"href":"https:\/\/heidysandovalruiz.com\/index.php?rest_route=\/wp\/v2\/media\/1620"}],"wp:attachment":[{"href":"https:\/\/heidysandovalruiz.com\/index.php?rest_route=%2Fwp%2Fv2%2Fmedia&parent=1619"}],"wp:term":[{"taxonomy":"category","embeddable":true,"href":"https:\/\/heidysandovalruiz.com\/index.php?rest_route=%2Fwp%2Fv2%2Fcategories&post=1619"},{"taxonomy":"post_tag","embeddable":true,"href":"https:\/\/heidysandovalruiz.com\/index.php?rest_route=%2Fwp%2Fv2%2Ftags&post=1619"}],"curies":[{"name":"wp","href":"https:\/\/api.w.org\/{rel}","templated":true}]}}