{"id":1637,"date":"2014-06-25T16:40:13","date_gmt":"2014-06-25T16:40:13","guid":{"rendered":"http:\/\/heidysandovalruiz.com\/?p=1637"},"modified":"2014-06-25T16:40:30","modified_gmt":"2014-06-25T16:40:30","slug":"la-pregunta-de-eduardo-bocaletti-a-los-invitados-de-heidy","status":"publish","type":"post","link":"https:\/\/heidysandovalruiz.com\/?p=1637","title":{"rendered":"La pregunta de Eduardo Bocaletti a \u00abLos invitados de Heidy\u00bb"},"content":{"rendered":"<p style=\"text-align: justify;\"><span style=\"color: #003366;\">En nuestro mes de aniversario algunos de los invitados hicieron una pregunta a quien coordina \u201c<b>Las entrevistas de Heidy<\/b>\u201d y nuestro muy querido amigo Eduardo Bocaletti quiere saber lo siguiente:<\/span><\/p>\n<p style=\"text-align: justify;\"><span style=\"color: #003366;\"><b>En la carrera de promoci\u00f3n, producci\u00f3n y apoyo al arte guatemalteco&#8230; \u00bfQu\u00e9 crees que te hace falta hacer?<\/b><\/span><\/p>\n<p style=\"text-align: justify;\"><span style=\"color: #003366;\">Te dir\u00e9 mi estimado amigo que mis primeros pasos en la promoci\u00f3n del artista los di escribiendo notas en el peri\u00f3dico de la Escuela de Ciencias de la Comunicaci\u00f3n, luego en el Diario de Centro Am\u00e9rica, de eso comprender\u00e1s que ya han pasado unos cuantos a\u00f1itos, tambi\u00e9n tuve la oportunidad de estar en varias radios entrevistando artistas tanto nacionales como internacionales y con mi querid\u00edsimo amigo Luis Domingo Valladares en Cuesti\u00f3n de Minutos con mi secci\u00f3n \u201cEs Cuesti\u00f3n de artistas en cuesti\u00f3n de minutos\u201d, por uno de los canales guatemaltecos, gracias a Dios he podido continuar con mi tarea de entrevistas por las redes sociales y te dir\u00e9 que en ese sentido me siendo llena pero todav\u00eda no satisfecha, todav\u00eda tengo mucho que hacer y espero que este a\u00f1o traiga sorpresas para todos los que me hacen el favor de leerme, sorpresas en las que estoy trabajando y espero verlas plasmadas en muy poco tiempo.<\/span><\/p>\n<p style=\"text-align: justify;\"><span style=\"color: #003366;\">En lo que se refiere a producci\u00f3n te cuento que con Gustavo nos quedamos un poco picados \u00a0cuando realizamos la producci\u00f3n del \u201c<b>Disco Guatemala Voces Y Canciones<\/b>\u201d, contando con el apoyo de nuestro recordado y querido amigo Ren\u00e9 Piril otro enamorado de la m\u00fasica guatemalteca, y con un material\u00a0 art\u00edstico de lujo que lamentablemente y por muchas, muchas razones no se dio a conocer mucho en las radios de Guatemala, pero te digo que eso no nos desmotiva y nunca se nos ha apagado la llama de poder realizar nuestro segundo disco.<\/span><\/p>\n<p style=\"text-align: justify;\"><span style=\"color: #003366;\">Con lo que respecta al apoyo al artista guatemalteco ya tengo preparado todo para la realizaci\u00f3n de la \u201c<b>XXI Gala de la Canci\u00f3n Guatemalteca\u201d<\/b>, y sigo trabajando todos los d\u00edas en mis espacios de redes sociales donde gracias a Dios ya cumplimos el primer a\u00f1o de haber iniciado esta aventura.<\/span><\/p>\n<p style=\"text-align: justify;\"><span style=\"color: #003366;\">Qu\u00e9 me falta por hacer, me falta hacer mucho pero como dec\u00eda el ingenioso hidalgo Don Quijote de la Mancha \u201c Dad cr\u00e9dito a las obras y no a las palabras\u201d.<\/span><\/p>\n<p style=\"text-align: justify;\"><span style=\"color: #003366;\">Espero este contestada tu pregunta.<\/span><\/p>\n<p style=\"text-align: justify;\"><span style=\"color: #003300;\"><b>\u00a0<\/b><\/span><\/p>\n","protected":false},"excerpt":{"rendered":"<div class=\"mh-excerpt\"><p>En nuestro mes de aniversario algunos de los invitados hicieron una pregunta a quien coordina \u201cLas entrevistas de Heidy\u201d y nuestro muy querido amigo Eduardo <a class=\"mh-excerpt-more\" href=\"https:\/\/heidysandovalruiz.com\/?p=1637\" title=\"La pregunta de Eduardo Bocaletti a \u00abLos invitados de Heidy\u00bb\">[&#8230;]<\/a><\/p>\n<\/div>","protected":false},"author":4,"featured_media":632,"comment_status":"closed","ping_status":"closed","sticky":false,"template":"","format":"standard","meta":{"footnotes":""},"categories":[124],"tags":[140],"class_list":["post-1637","post","type-post","status-publish","format-standard","has-post-thumbnail","hentry","category-primer-aniversario","tag-la-pregunta-de-eduardo-bocaletti-a-los-invitados-de-heidy"],"_links":{"self":[{"href":"https:\/\/heidysandovalruiz.com\/index.php?rest_route=\/wp\/v2\/posts\/1637","targetHints":{"allow":["GET"]}}],"collection":[{"href":"https:\/\/heidysandovalruiz.com\/index.php?rest_route=\/wp\/v2\/posts"}],"about":[{"href":"https:\/\/heidysandovalruiz.com\/index.php?rest_route=\/wp\/v2\/types\/post"}],"author":[{"embeddable":true,"href":"https:\/\/heidysandovalruiz.com\/index.php?rest_route=\/wp\/v2\/users\/4"}],"replies":[{"embeddable":true,"href":"https:\/\/heidysandovalruiz.com\/index.php?rest_route=%2Fwp%2Fv2%2Fcomments&post=1637"}],"version-history":[{"count":1,"href":"https:\/\/heidysandovalruiz.com\/index.php?rest_route=\/wp\/v2\/posts\/1637\/revisions"}],"predecessor-version":[{"id":1638,"href":"https:\/\/heidysandovalruiz.com\/index.php?rest_route=\/wp\/v2\/posts\/1637\/revisions\/1638"}],"wp:featuredmedia":[{"embeddable":true,"href":"https:\/\/heidysandovalruiz.com\/index.php?rest_route=\/wp\/v2\/media\/632"}],"wp:attachment":[{"href":"https:\/\/heidysandovalruiz.com\/index.php?rest_route=%2Fwp%2Fv2%2Fmedia&parent=1637"}],"wp:term":[{"taxonomy":"category","embeddable":true,"href":"https:\/\/heidysandovalruiz.com\/index.php?rest_route=%2Fwp%2Fv2%2Fcategories&post=1637"},{"taxonomy":"post_tag","embeddable":true,"href":"https:\/\/heidysandovalruiz.com\/index.php?rest_route=%2Fwp%2Fv2%2Ftags&post=1637"}],"curies":[{"name":"wp","href":"https:\/\/api.w.org\/{rel}","templated":true}]}}