{"id":165,"date":"2013-07-16T00:38:13","date_gmt":"2013-07-16T00:38:13","guid":{"rendered":"http:\/\/heidysandovalruiz.com\/?p=165"},"modified":"2017-05-14T04:51:23","modified_gmt":"2017-05-14T04:51:23","slug":"la-cara-amiga-de-rolando-cordon","status":"publish","type":"post","link":"https:\/\/heidysandovalruiz.com\/?p=165","title":{"rendered":"La cara amiga de \u00abRolando Cord\u00f3n\u00bb"},"content":{"rendered":"<p style=\"text-align: justify;\"><span style=\"color: #333399;\">El invitado de \u201cLa cara amiga de nuestros artistas\u201d este d\u00eda,\u00a0 es uno de los personajes m\u00e1s polifac\u00e9ticos de Guatemala, es maestro, bombero, actor, locutor y declamador entre otros, una vida profesional con m\u00e1s de 56 a\u00f1os de trayectoria muy agitada pero al mismo tiempo fascinante, as\u00ed es la vida de Rolando Enrique Cord\u00f3n M\u00e9ndez.\u00a0 Los invito a conocer detalles de la vida de este ilustre guatemalteco.<\/span><\/p>\n<p style=\"text-align: justify;\"><span style=\"color: #333399;\"><strong>Desde peque\u00f1o cu\u00e1l de las actividades que realizas era la que m\u00e1s te entusiasmaba?<\/strong> \u00a0\u00a0Desde peque\u00f1o siempre me llam\u00f3 la atenci\u00f3n ser bombero y al mismo tiempo me llamaba la atenci\u00f3n ser locutor, en mis primeros 7 a\u00f1os mi pap\u00e1 me llevaba a Radio Nacional TGW a visitar a su amigo Otto Ren\u00e9 Mancilla, el cual me colocaba en el micr\u00f3fono para que diera\u00a0 algunas palabras. Sin saber que despu\u00e9s Otto seria mi gran maestro y amigo a la vez, en los a\u00f1os 50.60. Tuve la oportunidad de\u00a0 graduarme, como Maestro de Educaci\u00f3n, graduarme como bombero, trabajar en TGW\u00a0 y tener mi primera novia.\u00a0 Ingresar a las jornadas de marzo y abril, que fueron en protesta contra el r\u00e9gimen\u00a0 de Miguel Id\u00edgoras Fuentes.<\/span><\/p>\n<p style=\"text-align: justify;\"><span style=\"color: #333399;\"><strong>Qu\u00e9 recuerdos te trae el programa Ritmos de Juventud? \u00a0<\/strong>Siempre me gust\u00f3 el ir de visita a radios para aprender a locutar, tuve la oportunidad de\u00a0 conocer a grandes locutores, como\u00a0 Alfonso Cifontes, Jaime Archila, al Conejo Hern\u00e1ndez, y otros que actualmente son mis amigos supervivientes de aquella linda \u00e9poca. Fue el conejo quien me present\u00f3 al gordo Sanchinelli, quien me invit\u00f3 a participar en \u00abRitmos de Juventud\u00bb, en donde tuve la oportunidad de conocer a Paola Garcia, Anabella Portilla, Carlos Rivas, Carlos Barrios y a muchos amigos que ya no est\u00e1n con nosotros. Una an\u00e9cdota con el gordo Sanchinelly fue que \u00a0me puso a anunciar la marca\u00a0 de\u00a0\u00a0\u00a0 una moto, yo sin saber manejar y cuando me sub\u00ed a la moto frente a las c\u00e1maras me ca\u00ed y desde el suelo hice el comercial, porque en ese entonces, \u00edbamos\u00a0 a c\u00e1maras sin ensayo previo y sin edici\u00f3n.<a href=\"https:\/\/heidysandovalruiz.com\/wp-content\/uploads\/2013\/07\/17203053_1535818626469682_800031771258129140_n.jpg\"><img loading=\"lazy\" decoding=\"async\" class=\"alignright wp-image-4859 size-thumbnail\" src=\"https:\/\/heidysandovalruiz.com\/wp-content\/uploads\/2013\/07\/17203053_1535818626469682_800031771258129140_n-150x150.jpg\" alt=\"17203053_1535818626469682_800031771258129140_n\" width=\"150\" height=\"150\" \/><\/a><\/span><\/p>\n<p style=\"text-align: justify;\"><span style=\"color: #333399;\"><strong>C\u00f3mo fuiste compaginando la carrera de maestro, actor, escritor \u00a0y bombero? \u00a0<\/strong>Daba mis clases en el Colegio Guatemala, de d\u00eda y por las noches hac\u00edamos\u00a0 turnos durante una semana en los Bomberos Voluntarios ingresando a turno a las 6 de la tarde para salir a las 6 de la ma\u00f1ana. Los ensayos para el teatro los efectuamos los\u00a0 s\u00e1bados o domingos, antes del estreno naturalmente como escritor de poes\u00eda en el tiempo de las jornadas de marzo y abril escrib\u00ed mi primer poema que m\u00e1s adelante les narro.<\/span><\/p>\n<p style=\"text-align: justify;\"><span style=\"color: #333399;\"><strong>Has participado en m\u00e1s de 80 obras en el teatro, cu\u00e1l de ellas es la m\u00e1s significativa para ti? \u00a0<\/strong>Ahora son 100 o 102 obras y comedias en las que trabajado, todas para mi tienen un recuerdo inolvidable, por el contenido, an\u00e9cdotas y por los compa\u00f1eros de escena. Obra de teatro \u00abEl proceso de Jes\u00fas\u00bb \u00abMijo el Bachiller\u00bb \u00abel Loteriaso\u00a0 en plena crisis\u00bb \u00abCuidado con el de los cuernos\u00bb\u00a0 \u00abLos maridos enga\u00f1an de 7 a 9\u00bb\u00a0\u00a0 \u00abSoy de Zacapa\u00bb y la ultima\u00a0 \u00abLos tres rabo verdes\u00bb, buenos argumentos, buenos compa\u00f1eros comedias de teatro bien definidas sin abuso de palabras altisonantes, mucho menos vulgaridades.<\/span><\/p>\n<p style=\"text-align: justify;\"><span style=\"color: #333399;\"><strong>Cu\u00e1l de los comerciales en los que has participado\u00a0 te gust\u00f3 m\u00e1s grabarlo? \u00a0<\/strong>Son m\u00e1s de 80 comerciales, desde hace 56 a\u00f1os a la fecha. Recuerdo que Rafael\u00a0 Lanuza me invit\u00f3 a participar en un comercial de golosinas haciendo a un piel roja que se las com\u00eda en su tienda de campa\u00f1a, con este comercial ganamos un premio y yo gan\u00e9 la cantidad de Q 20.00 de aquel tiempo. El \u00faltimo ha sido el de un farmac\u00e9utico que recomienda tomar Vitaflenaco que estuvo en pantalla, diarios, camionetas, afiches, y otros medios a nivel centro americano\u00a0 y gan\u00e9&#8230;&#8230;&#8230;&#8230; bueno se los dejo a su imaginaci\u00f3n.<\/span><\/p>\n<p style=\"text-align: justify;\"><span style=\"color: #333399;\"><strong><a href=\"https:\/\/heidysandovalruiz.com\/wp-content\/uploads\/2013\/07\/263230_211098495608375_6600004_n.jpg\"><img loading=\"lazy\" decoding=\"async\" class=\"size-medium wp-image-4860 alignleft\" src=\"https:\/\/heidysandovalruiz.com\/wp-content\/uploads\/2013\/07\/263230_211098495608375_6600004_n-300x225.jpg\" alt=\"263230_211098495608375_6600004_n\" width=\"300\" height=\"225\" \/><\/a>Qu\u00e9 personajes nacionales del teatro has admirado y porqu\u00e9?\u00a0<\/strong>Qu\u00e9 personajes? o actores?\u00a0 a todos los de mi tiempo, en el Tau, en el Gadem, en la UP etc.,\u00a0 a Manuel Lizandro Ch\u00e1vez el maestro de maestros, Rub\u00e9n Morales Morroy, Carlos Menkos, Enrique D\u00e1vila, Rafael Pineda, Salom\u00f3n G\u00f3mez, Zoila Portillo, Samara de C\u00f3rdoba y no alcanzar\u00eda este espacio para nombrarlos, no quiero dejar de mencionar\u00a0 al maestro Augusto Medina\u00a0\u00a0 o sea Tito Medina. porqu\u00e9? pues porque fue la \u00e9poca en donde verdaderamente se hizo teatro, en salas de teatro, hoy son si mucho, zatiras, chistes ligados\u00a0 sainetes en donde abusan de las malas expresiones.etc. pero hay buenos actores en Guatemala y han presentado algunas buenas obras, teniendo que recurrir a los caf\u00e9 o restaurantes teatro en donde tambi\u00e9n orgullosamente me he presentado.\u00a0 Lastimosamente no hay salas adecuadas para el verdadero teatro en nuestro pa\u00eds.<\/span><\/p>\n<p style=\"text-align: justify;\"><span style=\"color: #333399;\"><strong>Has escrito poemas pero que significa para ti 20,000 mil muertos? <\/strong>Volviendo\u00a0 a lo de escritor para la \u00e9poca de la represi\u00f3n murieron miles de guatemaltecos, entre ellos\u00a0 compa\u00f1eros, de estudio de teatro, universidad amigos entra\u00f1ables y escrib\u00ed el poema \u00ab20.000 muertos\u00bb\u00a0 o \u00bb Madre\u00bb, fueron m\u00e1s los muertos en esa \u00e9poca pero para que\u00a0 amarrara bien el poema\u00a0 le puse 20.000 que es un canto poema dedicado a las madres de todos los muertos y desaparecidos, este poema como \u00abEl ni\u00f1o y la cabra\u00bb a orgullo ha sido premiado varios veces a nivel nacional como internacional, tanto en Cuba como en Chile y M\u00e9xico.<a href=\"https:\/\/heidysandovalruiz.com\/wp-content\/uploads\/2013\/07\/971328_467896629973142_1118099031_n.jpg\"><img loading=\"lazy\" decoding=\"async\" class=\"size-medium wp-image-4861 alignright\" src=\"https:\/\/heidysandovalruiz.com\/wp-content\/uploads\/2013\/07\/971328_467896629973142_1118099031_n-231x300.jpg\" alt=\"971328_467896629973142_1118099031_n\" width=\"231\" height=\"300\" \/><\/a><\/span><\/p>\n<p style=\"text-align: justify;\"><span style=\"color: #333399;\"><strong>Que representa para ti Claudio y Rafael Lanuza?\u00a0<\/strong>Representan\u00a0 a dos quijotes, buenos amigos y compa\u00f1eros, pero sobre todo la \u00e9poca del buen cine en Guatemala, sin mucha tecnolog\u00eda y sin muchos recursos.<\/span><\/p>\n<p style=\"text-align: justify;\"><span style=\"color: #333399;\"><strong>Nos puedes contar con qu\u00e9 artistas internacionales has alternado?\u00a0<\/strong>Por cuestiones pol\u00edticas, tuve que salir al exilio, M\u00e9xico, Cuba y otros pa\u00edses.\u00a0 En M\u00e9xico tuve la oportunidad de estudiar con el mejor director de cine de aquel entonces el maestro\u00a0 \u00abSeky Sano\u00bb que tambi\u00e9n estuvo en Guatemala.\u00a0 Estudie en la academia de los hermanos Soler. Tuve la oportunidad de trabajar en varias pel\u00edculas, naturalmente de papeles secundarios. Lucha Villa, Julio Alem\u00e1n, Tony Aguilar, Vicente Fern\u00e1ndez, Los Polivoces, Chespirito en (tres cap\u00edtulos) el maestro Capulina, El Santo, Hurac\u00e1n Ram\u00edrez, alterne en presentaciones, con el se\u00f1or Paco Stanley y otros magn\u00edficos presentadores\u00a0 de XEW.<\/span><\/p>\n<p style=\"text-align: justify;\"><span style=\"color: #333399;\"><strong>Cu\u00e1les son tus proyectos a corto plazo?\u00a0<\/strong>A mi edad, es bueno dejar el campo libre a los nuevos actores patojos que pueden dar mucho, pero siguiendo el camino de los buenos, ya casi nuestra misi\u00f3n est\u00e1 cumplida aunque falta muchas semillas que sembrar, tanto en la poes\u00eda, declamaci\u00f3n, locuci\u00f3n teatro, todo lo que conlleva las \u00abartes esc\u00e9nicas\u00bb Muchos due\u00f1os de radio dan\u00a0 trabajo a patojos y patojas, con mala dicci\u00f3n, poco enfoque de lo que es la radio y el verdadero locutor.\u00a0 Vienen locutores de otros pa\u00edses que en su tierra no fueron nada y aqu\u00ed caen como reyes nomas por el habladito y acento extranjero y\u00a0 muchos lo copian.\u00a0 Por otro lado muchas radios ya no tienen locutores, sino dan paso a todo computarizado.<\/span><\/p>\n<p style=\"text-align: justify;\"><span style=\"color: #333399;\">Pero volviendo a la pregunta\u00a0 a corto plazo\u00a0\u00a0 dictar conferencias, cursos sobre lo que es la poes\u00eda y locuci\u00f3n y si alguien se atreve a contratar a un abuelito\u00a0 para una obra seguir, hasta donde el Se\u00f1or mi Dios me lo permita.<\/span><\/p>\n<p style=\"text-align: justify;\"><span style=\"color: #333399;\">Aprovecho este espacio para compartir con ustedes algunos de los reconocimientos que se le han otorgado a nuestro invitado Rolando Cord\u00f3n:<\/span><\/p>\n<ol>\n<li><span style=\"color: #333399;\">Diploma de reconocimiento\u00a0 con medalla de oro por 50 a\u00f1os de labor como locutor profesional. Entregado por \u00abC\u00e1mara de Locutores Profesionales de Guatemala\u00bb 2008.<\/span><\/li>\n<li><span style=\"color: #333399;\">Reconocimiento con diploma y medalla de oro por Declamaci\u00f3n y poema Universidad de San Carlos, concurso \u00abCamino a la libertad\u00bb a\u00f1os 76.77.78.<\/span><\/li>\n<li><span style=\"color: #333399;\">Reconocimiento por poema \u00ab20.000 muertos\u00bb.\u00a0 Habana Cuba, 1978.<\/span><\/li>\n<li><span style=\"color: #333399;\">Premio\u00a0 \u00abErnesto Che Guevara\u00bb por poema \u201dEl ni\u00f1o y la cabra\u201d. 1998, Universidad de San Carlos de Guatemala, Universidad de la Habana Cuba.<\/span><\/li>\n<li><span style=\"color: #333399;\">Premio por conductor invitado. Radio XW, M\u00e9xico D.F.\u00a0 2002<\/span><\/li>\n<li><span style=\"color: #333399;\">Reconocimiento como\u00a0 \u00abLocutor Consagrado\u00bb Radio Nacional, TGW,\u00a0 2008<\/span><\/li>\n<li><span style=\"color: #333399;\">Nominado como \u00abGuatemalteco Ilustre\u00bb por Seguros Universales.2013<\/span><\/li>\n<\/ol>\n<p style=\"text-align: center;\"><a href=\"https:\/\/heidysandovalruiz.com\/wp-content\/uploads\/2013\/07\/194227_173520732699485_1793864_o.jpg\"><img loading=\"lazy\" decoding=\"async\" class=\"aligncenter size-medium wp-image-4862\" src=\"https:\/\/heidysandovalruiz.com\/wp-content\/uploads\/2013\/07\/194227_173520732699485_1793864_o-300x169.jpg\" alt=\"194227_173520732699485_1793864_o\" width=\"300\" height=\"169\" \/><\/a><\/p>\n<p style=\"text-align: center;\"><strong><span style=\"color: #333399;\">\u00a0Con su inseparable esposa<\/span><\/strong><\/p>\n<p><iframe loading=\"lazy\" src=\"https:\/\/www.youtube.com\/embed\/BILYkYCzZpk?ecver=1\" width=\"560\" height=\"315\" frameborder=\"0\" allowfullscreen=\"allowfullscreen\"><\/iframe><\/p>\n<p><iframe loading=\"lazy\" src=\"https:\/\/www.youtube.com\/embed\/EGewCMHl8r0?ecver=1\" width=\"560\" height=\"315\" frameborder=\"0\" allowfullscreen=\"allowfullscreen\"><\/iframe><\/p>\n<p><iframe loading=\"lazy\" src=\"https:\/\/www.youtube.com\/embed\/RWSzwvEo97A?ecver=1\" width=\"560\" height=\"315\" frameborder=\"0\" allowfullscreen=\"allowfullscreen\"><\/iframe><\/p>\n<p class=\"separator\" style=\"text-align: center;\"><b>La semana del 15 al 19 de mayo de 2017 dedicada en<\/b><b>\u00abArtistas de Guatemala para el mundo\u00bb <\/b><b>a Rolando Cord\u00f3n<\/b><\/p>\n<p style=\"text-align: justify;\">Les invitamos para que se unan al grupo de \u00ab<strong>Artistas de Guatemala para el Mundo<\/strong>\u00bb en este link <a href=\"http:\/\/on.fb.me\/1sn2wSf\">http:\/\/on.fb.me\/1sn2wSf<\/a> \u00a0el cual tiene como prop\u00f3sito compartir videos, fotos, an\u00e9cdotas y todo lo de nuestros artistas en las diferentes d\u00e9cadas.<\/p>\n<p style=\"text-align: justify;\">Hemos creado el grupo <strong>\u201cLas entrevistas de Heidy\u201d<\/strong> que pueden localizar en<\/p>\n<p style=\"text-align: justify;\"><a href=\"https:\/\/www.facebook.com\/groups\/1443599465933701\/\">https:\/\/www.facebook.com\/groups\/1443599465933701\/<\/a><\/p>\n<p style=\"text-align: justify;\">Tambi\u00e9n ponemos a su disposici\u00f3n el grupo \u201c<strong>Un siglo de anuncios y algo m\u00e1s\u2026\u201d, <\/strong>un espacio donde pueden compartir o comentar los post que se publiquen <a href=\"http:\/\/on.fb.me\/1vASm2g\">http:\/\/on.fb.me\/1vASm2g<\/a><\/p>\n<p style=\"text-align: justify;\">Las entrevistas las pueden leer en los siguientes links:<\/p>\n<p style=\"text-align: justify;\"><a href=\"http:\/\/www.heidysandovalruiz.com\">http:\/\/www.heidysandovalruiz.com<\/a><\/p>\n<p><a href=\"http:\/\/lasentrevistasdeheidy.blogspot.com\">http:\/\/lasentrevistasdeheidy.blogspot.com<\/a><\/p>\n<p><a href=\"https:\/\/www.facebook.com\/pages\/Los-invitados-de-Heidy\/892159284204965?ref=hl\">https:\/\/www.facebook.com\/pages\/Los-invitados-de-Heidy\/892159284204965?ref=hl<\/a><\/p>\n<p>&nbsp;<\/p>\n<p><strong>Entrevista realizada por Heidy Sandoval Ruiz<\/strong><\/p>\n<p>&nbsp;<\/p>\n<p>&nbsp;<\/p>\n<p>&nbsp;<\/p>\n<p>&nbsp;<\/p>\n","protected":false},"excerpt":{"rendered":"<div class=\"mh-excerpt\"><p>El invitado de \u201cLa cara amiga de nuestros artistas\u201d este d\u00eda,\u00a0 es uno de los personajes m\u00e1s polifac\u00e9ticos de Guatemala, es maestro, bombero, actor, locutor <a class=\"mh-excerpt-more\" href=\"https:\/\/heidysandovalruiz.com\/?p=165\" title=\"La cara amiga de \u00abRolando Cord\u00f3n\u00bb\">[&#8230;]<\/a><\/p>\n<\/div>","protected":false},"author":4,"featured_media":167,"comment_status":"closed","ping_status":"closed","sticky":false,"template":"","format":"standard","meta":{"footnotes":""},"categories":[16],"tags":[20],"class_list":["post-165","post","type-post","status-publish","format-standard","has-post-thumbnail","hentry","category-la-cara-amiga","tag-la-cara-amiga-de-rolando-cordon"],"_links":{"self":[{"href":"https:\/\/heidysandovalruiz.com\/index.php?rest_route=\/wp\/v2\/posts\/165","targetHints":{"allow":["GET"]}}],"collection":[{"href":"https:\/\/heidysandovalruiz.com\/index.php?rest_route=\/wp\/v2\/posts"}],"about":[{"href":"https:\/\/heidysandovalruiz.com\/index.php?rest_route=\/wp\/v2\/types\/post"}],"author":[{"embeddable":true,"href":"https:\/\/heidysandovalruiz.com\/index.php?rest_route=\/wp\/v2\/users\/4"}],"replies":[{"embeddable":true,"href":"https:\/\/heidysandovalruiz.com\/index.php?rest_route=%2Fwp%2Fv2%2Fcomments&post=165"}],"version-history":[{"count":5,"href":"https:\/\/heidysandovalruiz.com\/index.php?rest_route=\/wp\/v2\/posts\/165\/revisions"}],"predecessor-version":[{"id":4863,"href":"https:\/\/heidysandovalruiz.com\/index.php?rest_route=\/wp\/v2\/posts\/165\/revisions\/4863"}],"wp:featuredmedia":[{"embeddable":true,"href":"https:\/\/heidysandovalruiz.com\/index.php?rest_route=\/wp\/v2\/media\/167"}],"wp:attachment":[{"href":"https:\/\/heidysandovalruiz.com\/index.php?rest_route=%2Fwp%2Fv2%2Fmedia&parent=165"}],"wp:term":[{"taxonomy":"category","embeddable":true,"href":"https:\/\/heidysandovalruiz.com\/index.php?rest_route=%2Fwp%2Fv2%2Fcategories&post=165"},{"taxonomy":"post_tag","embeddable":true,"href":"https:\/\/heidysandovalruiz.com\/index.php?rest_route=%2Fwp%2Fv2%2Ftags&post=165"}],"curies":[{"name":"wp","href":"https:\/\/api.w.org\/{rel}","templated":true}]}}