{"id":169,"date":"2013-07-18T00:48:12","date_gmt":"2013-07-18T00:48:12","guid":{"rendered":"http:\/\/heidysandovalruiz.com\/?p=169"},"modified":"2015-04-22T04:29:34","modified_gmt":"2015-04-22T04:29:34","slug":"la-cara-amiga-de-miguel-alvarez-arevalo","status":"publish","type":"post","link":"https:\/\/heidysandovalruiz.com\/?p=169","title":{"rendered":"La cara amiga de \u00abMiguel Alvarez Ar\u00e9valo\u00bb"},"content":{"rendered":"<p style=\"text-align: justify;\"><span style=\"color: #333399;\">En\u00a0 \u201d<b>La cara amiga de nuestros valores\u201d,<\/b> presentamos hoy\u00a0 a un personaje que durante m\u00e1s de dos d\u00e9cadas ha trabajado en la b\u00fasqueda de datos que enriquecen los anaqueles de nuestra historia.\u00a0 Sin embargo, hoy<strong> Miguel \u00c1lvarez Ar\u00e9valo<\/strong>,\u00a0 accedi\u00f3 a contarnos detalles de su vida, de su infancia y de c\u00f3mo surgi\u00f3 el inter\u00e9s por dedicar su tiempo a conocer el pasado glorioso de nuestra bella Guatemala.\u00a0 Conoceremos que es un apasionado de la m\u00fasica cl\u00e1sica y de nuestra marimba.\u00a0 Gracias Miguel porque ahora sabemos m\u00e1s de tu pasi\u00f3n por la historia de nuestro pa\u00eds.<\/span><\/p>\n<p style=\"text-align: justify;\"><span style=\"color: #333399;\"><strong>D\u00f3nde naces y que recuerdas de tu infancia, cu\u00e1les eran los juegos de esa \u00e9poca?<\/strong> \u00a0<\/span><span style=\"color: #333399;\">Nac\u00ed en la Nueva Guatemala de la Asunci\u00f3n, el d\u00eda de San Anselmo, o sea un 21 de abril.\u00a0 De aquella remota infancia recuerdo las rondas infantiles como la Ranita, Matateroterola, chirivicuarta, tenta, escondites.\u00a0 La \u00e9poca por temporadas de trompos, yoyos, capiruchos, cincos.\u00a0 Los soldaditos de plomo y de hule, carritos, aviones y barcos de lata.<\/span><\/p>\n<p style=\"text-align: justify;\"><strong><span style=\"color: #333399;\">D\u00f3nde realizas tus estudios? \u00a0<\/span><\/strong><span style=\"color: #333399;\">Empec\u00e9 la primaria en el Instituto Cervantes, en la sexta avenida, a media cuadra de la Concordia, como se llamaba entonces a ese parque. Aprend\u00ed a leer con el libro Caminito de Luz, y los libros de lectura de Eduardo M. Aguayo.\u00a0 Colegio Santo Domingo y el Intartional School de , donde sal\u00ed de bachiller.\u00a0 La tricentenaria Universidad de San Carlos de Guatemala.<\/span><\/p>\n<p style=\"text-align: justify;\"><strong><span style=\"color: #333399;\">Qu\u00e9 tipo de m\u00fasica es la que le gusta y a que artista nacional o internacional admira? \u00a0<\/span><\/strong><span style=\"color: #333399;\">M\u00fasica cl\u00e1sica, lirica, un gusto muy particular por la m\u00fasica espa\u00f1ola del siglo XIX y principios del XX, la Zarzuela y el cupl\u00e9.<\/span><\/p>\n<p style=\"text-align: justify;\"><span style=\"color: #333399;\">Amante y admirador de la Marimba, nuestro instrumento nacional, WOTSBELI Aguilar, Domingo Betancourt, Los Ovalle, Germ\u00e1n\u00a0 Alcanta, Jos\u00e9 Ernesto Monz\u00f3n.\u00a0 Recuerdo y admiro a Oneida Sosa, Alicia Azurdia, Carmen Yolanda, V\u00edctor Manuel Porras,\u00a0 Hugo Leonel Vacaro, Paco C\u00e1ceres.<\/span><\/p>\n<p style=\"text-align: justify;\"><strong><span style=\"color: #333399;\">Qu\u00e9 \u00e9poca hist\u00f3rica de Guatemala es la que m\u00e1s te ha cautivado?\u00a0<\/span><\/strong><span style=\"color: #333399;\">Me gusta toda la historia de Guatemala, especialmente, cuando se manifiesta el deseo constructivo y positivo de la sociedad guatemalteca en todas sus \u00e9pocas, tratando de hacer velar convicciones y valores sobre intereses mezquinos.<\/span><\/p>\n<p style=\"text-align: justify;\"><span style=\"color: #333399;\">\u00a0<\/span><strong><span style=\"color: #333399;\">Qu\u00e9 reconocimientos has recibido como el Cronista de la Ciudad?<\/span><\/strong><\/p>\n<p style=\"text-align: justify;\"><span style=\"color: #333399;\">Varios:\u00a0<\/span><\/p>\n<ul style=\"text-align: justify;\">\n<li><span style=\"color: #333399;\">Por Trayectoria y Aporte a la Cultura Nacional, otorgado por el Alcalde FrizT Garcia Gallon, 2001<\/span><\/li>\n<li><span style=\"color: #333399;\">Por labor en el Centro Hist\u00f3rico, Alcalde Oscar Berger, 1996<\/span><\/li>\n<li><span style=\"color: #333399;\">Radix Populis, Gobernaci\u00f3n Departamental, 2012<\/span><\/li>\n<li><span style=\"color: #333399;\">Jaguar de Oro, Casa de la Cultura de la Democracia,<\/span><\/li>\n<li><span style=\"color: #333399;\">\u00c1rea de Profesionales de Protocolo de Guatemala, 2011, por Trayectoria.<\/span><\/li>\n<li><span style=\"color: #333399;\">Orden del Patrimonio Cultura de la Nacional, Presidencia de la Rep\u00fablica, 2013<\/span><\/li>\n<\/ul>\n<p style=\"text-align: justify;\"><strong><span style=\"color: #333399;\">Has dejado tus conocimientos plasmados en cu\u00e1ntos libros? \u00a0<\/span><\/strong><span style=\"color: #333399;\">En 26, entre ellos Palacio Nacional, La Patria Nuestra, Retrospectiva, Historia Instant\u00e1nea, El A\u00f1o Ritual de la Nia Chabela, Relatos Olvidados, Iconograf\u00eda aplicada a la Escultura Colonial. La Virgen Mar\u00eda en Guatemala, entre otros.<\/span><\/p>\n<p style=\"text-align: justify;\"><strong><span style=\"color: #333399;\">Que personaje de nuestra historia admiras y porqu\u00e9? \u00a0<\/span><\/strong><span style=\"color: #333399;\">Admiro a los que dejan sus pasiones personales por la causa de la justica, y el sentimiento colectivo por la noble causa del proyecto de patria.<\/span><\/p>\n<p style=\"text-align: justify;\"><strong><span style=\"color: #333399;\">Sino hubieras sido un Cronista, que otra profesi\u00f3n te hubiera gustado?\u00a0<\/span><\/strong><span style=\"color: #333399;\">Mi profesi\u00f3n acad\u00e9mica es historiador, \u201cCronista\u201d de la Ciudad, es el titulo honorifico dado por el Ayuntamiento.\u00a0 Como historiador hablo de lo sucedido no de lo supuesto, por lo tanto mi profesi\u00f3n es la Historia.<\/span><\/p>\n<p style=\"text-align: justify;\"><strong><span style=\"color: #333399;\">El Museo Nacional de Historia, ya tiene el sello de Miguel \u00c1lvarez, cu\u00e1nto tiempo tienes al frente esta instituci\u00f3n?\u00a0<\/span><\/strong><span style=\"color: #333399;\">Hemos trabajado con ahinc\u00f3, tratando de darle el sentido de un libro abierto, por medio de la exhibici\u00f3n de piezas museogr\u00e1ficas, sin tendencia alguna.\u00a0 Tengo 32 a\u00f1os en el M.N.H.<\/span><\/p>\n<p style=\"text-align: justify;\"><span style=\"color: #000080;\"><b><i>\u00a0<\/i><\/b>Les invitamos para que se unan al grupo de \u00ab<b>Artistas de Guatemala para el Mundo<\/b>\u00bb en este link<b>\u00a0<\/b><\/span><a href=\"http:\/\/on.fb.me\/1sn2wSf\"><b>http:\/\/on.fb.me\/1sn2wSf<\/b><\/a>,\u00a0<span style=\"color: #000080;\">el cual tiene como prop\u00f3sito compartir videos, fotos, an\u00e9cdotas y todo lo de nuestros artistas en las diferentes d\u00e9cadas.<\/span><\/p>\n<p style=\"text-align: justify;\">\n<p><span style=\"color: #000080;\">Tambi\u00e9n ponemos a su disposici\u00f3n el grupo \u201c<b>Un siglo de anuncios<\/b>\u201d, un espacio donde pueden compartir o comentar los post que se publiquen<\/span> <a href=\"http:\/\/on.fb.me\/1vASm2g\">http:\/\/on.fb.me\/1vASm2g<\/a><\/p>\n<p style=\"text-align: justify;\">\n<p>&nbsp;<\/p>\n<p><b><\/b><span style=\"color: #000080;\"><b>Las entrevistas las pueden leer en los siguientes links:<\/b><\/span><\/p>\n<p style=\"text-align: justify;\">\n<p><a title=\"La Cara amiga de &quot;Fernando Scheel&quot;\" href=\"http:\/\/lasentrevistasdeheidy.blogspot.com\">http:\/\/lasentrevistasdeheidy.blogspot.com<\/a><\/p>\n<p style=\"text-align: justify;\">\n<p><a title=\"Los invitados de Heidy\" href=\"https:\/\/www.facebook.com\/pages\/Los-invitados-de-Heidy\/892159284204965?ref=hl\">https:\/\/www.facebook.com\/pages\/Los-invitados-de-Heidy\/892159284204965?ref=hl<\/a><\/p>\n<p style=\"text-align: justify;\">\n<p style=\"text-align: justify;\"><strong><span style=\"color: #333399;\"><i>Entrevista realizada por Heidy Sandoval Ruiz<\/i><\/span><\/strong><\/p>\n","protected":false},"excerpt":{"rendered":"<div class=\"mh-excerpt\"><p>En\u00a0 \u201dLa cara amiga de nuestros valores\u201d, presentamos hoy\u00a0 a un personaje que durante m\u00e1s de dos d\u00e9cadas ha trabajado en la b\u00fasqueda de datos <a class=\"mh-excerpt-more\" href=\"https:\/\/heidysandovalruiz.com\/?p=169\" title=\"La cara amiga de \u00abMiguel Alvarez Ar\u00e9valo\u00bb\">[&#8230;]<\/a><\/p>\n<\/div>","protected":false},"author":4,"featured_media":170,"comment_status":"closed","ping_status":"closed","sticky":false,"template":"","format":"standard","meta":{"footnotes":""},"categories":[16],"tags":[21],"class_list":["post-169","post","type-post","status-publish","format-standard","has-post-thumbnail","hentry","category-la-cara-amiga","tag-la-cara-amiga-de-miguel-alvarez-arevalo"],"_links":{"self":[{"href":"https:\/\/heidysandovalruiz.com\/index.php?rest_route=\/wp\/v2\/posts\/169","targetHints":{"allow":["GET"]}}],"collection":[{"href":"https:\/\/heidysandovalruiz.com\/index.php?rest_route=\/wp\/v2\/posts"}],"about":[{"href":"https:\/\/heidysandovalruiz.com\/index.php?rest_route=\/wp\/v2\/types\/post"}],"author":[{"embeddable":true,"href":"https:\/\/heidysandovalruiz.com\/index.php?rest_route=\/wp\/v2\/users\/4"}],"replies":[{"embeddable":true,"href":"https:\/\/heidysandovalruiz.com\/index.php?rest_route=%2Fwp%2Fv2%2Fcomments&post=169"}],"version-history":[{"count":3,"href":"https:\/\/heidysandovalruiz.com\/index.php?rest_route=\/wp\/v2\/posts\/169\/revisions"}],"predecessor-version":[{"id":2643,"href":"https:\/\/heidysandovalruiz.com\/index.php?rest_route=\/wp\/v2\/posts\/169\/revisions\/2643"}],"wp:featuredmedia":[{"embeddable":true,"href":"https:\/\/heidysandovalruiz.com\/index.php?rest_route=\/wp\/v2\/media\/170"}],"wp:attachment":[{"href":"https:\/\/heidysandovalruiz.com\/index.php?rest_route=%2Fwp%2Fv2%2Fmedia&parent=169"}],"wp:term":[{"taxonomy":"category","embeddable":true,"href":"https:\/\/heidysandovalruiz.com\/index.php?rest_route=%2Fwp%2Fv2%2Fcategories&post=169"},{"taxonomy":"post_tag","embeddable":true,"href":"https:\/\/heidysandovalruiz.com\/index.php?rest_route=%2Fwp%2Fv2%2Ftags&post=169"}],"curies":[{"name":"wp","href":"https:\/\/api.w.org\/{rel}","templated":true}]}}