{"id":1713,"date":"2014-07-23T16:55:41","date_gmt":"2014-07-23T16:55:41","guid":{"rendered":"http:\/\/heidysandovalruiz.com\/?p=1713"},"modified":"2014-07-23T17:18:09","modified_gmt":"2014-07-23T17:18:09","slug":"la-cara-amiga-de-augusto-cesar","status":"publish","type":"post","link":"https:\/\/heidysandovalruiz.com\/?p=1713","title":{"rendered":"La cara amiga de \u00abAugusto C\u00e9sar\u00bb"},"content":{"rendered":"<p style=\"text-align: justify;\"><span style=\"color: #003366;\">En esta oportunidad compartiremos en <b>\u201cLa cara amiga de los invitados de Heidy\u201d, <\/b>la entrevista realizada a Claudia Patricia Chupina de Castillo\u00a0 hermana de un guatemalteco fuera de serie <b>C\u00e9sar Augusto Chupina Melgar, <\/b>art\u00edsticamente conocido cono \u00abAugsuto C\u00e9sar\u00bb conoceremos a trav\u00e9s de ella el gran talento y el trabajo realizado en las diferentes facetas de su vida.\u00a0 En estos momentos nos solidarizamos con la familia de C\u00e9sar Augusto y nos unimos a las oraciones para pedirle a Dios por su recuperaci\u00f3n total.<\/span><\/p>\n<p style=\"text-align: justify;\"><span style=\"color: #003366;\">Gracias Claudia por aceptar en este momento dif\u00edcil para ustedes esta entrevista, en la que compartiremos la historia de un guatemalteco luchador y apasionado por cada cosa que ha llevado a cabo.<\/span><\/p>\n<p style=\"text-align: justify;\"><span style=\"color: #003366;\">C\u00e9sar Augusto sorprende con todo lo que ha realizado en el campo del teatro, el periodismo, la literatura, la cultura, la poes\u00eda, Embajador de la Paz entre otros y hoy conoceremos como es que se inicia este gran talento.<\/span><\/p>\n<p style=\"text-align: justify;\"><span style=\"color: #003366;\">Bienvenida Claudia a este espacio donde se puede decir lo que se quiere y en otros medios no se puede.<\/span><\/p>\n<p style=\"text-align: justify;\"><span style=\"color: #003366;\"><b>Para iniciar la entrevista me gustar\u00eda que nos cuente \u00bfD\u00f3nde nace C\u00e9sar Augusto y c\u00f3mo transcurren sus primeros a\u00f1os?<\/b> Cesar nace un 26 de Mayo de l965, en la ciudad capital. Fue un ni\u00f1o consentido, muy inteligente, me cuentan que al a\u00f1o, dejo la pacha y los pa\u00f1ales y hablaba claramente, distingu\u00eda los pa\u00edses de Am\u00e9rica, sab\u00eda las vocales, y reconoc\u00eda los n\u00fameros. Era el primer hijo de mis padres, el primer nieto, consentido y amado por todos, siempre vivi\u00f3 en casa de mi abuelita, hasta hace unos tres o cuatro a\u00f1os que se va a vivir solo al Centro Hist\u00f3rico.<\/span><\/p>\n<p style=\"text-align: justify;\"><span style=\"color: #003366;\"><b>\u00bfEn qu\u00e9 colegios realiza sus estudios y de que se grad\u00faa en el diversificado?<\/b> P\u00e1rvulos lo curs\u00f3 en el Colegio Pedro Molina, la primaria en la Escuela para Varones Francisco Fuentes y Guzm\u00e1n cuando estaba en segundo primaria llaman a mi madre para adelantarlo a quinto primaria, era un peque\u00f1o genio superdotado dominaba los contenidos de la gu\u00eda curricular, pero mi mama no lo permiti\u00f3, ella estudiaba Psicolog\u00eda y no quiso que le robaran la infancia, el era muy inquieto y le compraban enciclopedias muy avanzadas a su edad y libros de gente grande para entretenerlo si no era una pesadilla.<\/span><\/p>\n<p style=\"text-align: justify;\"><span style=\"color: #003366;\">B\u00e1sicos Instituto Rafael Aqueche.\u00a0 Diversificado en el Colegio IECA, Perito en Administraci\u00f3n de Empresas con especializaci\u00f3n en Mercadotecnia y Publicidad.\u00a0 En todos sus centros de estudios se destac\u00f3, siempre fue l\u00edder y el abanderado.<\/span><\/p>\n<p style=\"text-align: justify;\"><span style=\"color: #003366;\"><b><a href=\"https:\/\/heidysandovalruiz.com\/wp-content\/uploads\/2014\/07\/150013_168300036525156_6490842_n.jpg\"><img loading=\"lazy\" decoding=\"async\" class=\"size-thumbnail wp-image-1718 alignright\" alt=\"150013_168300036525156_6490842_n\" src=\"https:\/\/heidysandovalruiz.com\/wp-content\/uploads\/2014\/07\/150013_168300036525156_6490842_n-150x150.jpg\" width=\"150\" height=\"150\" \/><\/a>\u00bfC\u00f3mo era su personalidad en la \u00e9poca de estudiante? Le gustaba participar en eventos de alguna de las ramas que \u00e9l estudi\u00f3? <\/b>Siempre particip\u00f3 en todo lo que se relacionaba con la oratoria, concursos de cuentos, poes\u00eda, declamaci\u00f3n.\u00a0Dirig\u00eda obras que le dejaban de lectura oficial \u00a0y las pon\u00eda en escena, era core\u00f3grafo y en Semana Santa antes de salir de vacaciones era el encargado del v\u00eda crucis con sus compa\u00f1eros.<\/span><\/p>\n<p style=\"text-align: justify;\"><span style=\"color: #003366;\"><b>\u00bfEn qu\u00e9 faceta de las que ha realizado se inicia primero?<\/b> Como escritor, si le ca\u00eda mal pobre de uno y si le ca\u00eda bien hacia de sus letras frases y oraciones maravillosas, a sus maestras desde segundo primaria les hac\u00eda unos poemas que daba escalofr\u00edos leerlos.<b><\/b><\/span><\/p>\n<p style=\"text-align: justify;\"><span style=\"color: #003366;\"><b>\u00bfC\u00f3mo recuerda C\u00e9sar Augusto su paso por el Diario El Gr\u00e1fico?<\/b> \u00c9l era muy amigo de don Jorge Carpio y de do\u00f1a Martita de Carpio, era redactor y supervisor de p\u00e1ginas, nada se publicaba sin que \u00e9l lo corrigiera y le dieron una columna, era un poco matado trabajaba de madrugada para cumplir con la universidad y sus estudios en teatro.<b><\/b><\/span><\/p>\n<p style=\"text-align: justify;\"><span style=\"color: #003366;\"><b>\u00bfQu\u00e9 hay de cierto que en los a\u00f1os ochentas se cambia el nombre y a sugerencia de quien?<\/b> Por cuestiones pol\u00edticas \u00a0para no tener problemas, le sugieren cambiarse el apellido,\u00a0\u00a0por el conflicto armado que estaba en su apogeo a un inicio de su profesi\u00f3n, Tasso Hadjidodou sugiri\u00f3 a Mariabelem, directora de una entidad cultural a la que \u00a0pertenec\u00eda mi hermano, que deb\u00eda hacerlo. Mariabelem lo cit\u00f3 a su trabajo le dijo que buscara un nombre. art\u00edstico yo estaba presente en esa reuni\u00f3n, mi hermano no sab\u00eda que hacer, eso lo har\u00eda quedar muy mal con la familia \u00a0en ese momento \u00a0entre Luis Escobedo al contarle semejante drama, le dijo a mi hermano que era muy f\u00e1cil, que no firmara con su apellido y que le diera vuelta a su \u00a0nombre. En vez de ser C\u00e9sar Augusto, que fuera Augusto C\u00e9sar. \u00a0Luis Eduardo, fue el \u00e1ngel de la guarda de la carrera profesional de \u00a0C\u00e9sar y sus padrinos \u00a0son el famoso Tasso y don Luis Domingo Valladares.<b><\/b><\/span><\/p>\n<p style=\"text-align: justify;\"><span style=\"color: #003366;\"><b><a href=\"https:\/\/heidysandovalruiz.com\/wp-content\/uploads\/2014\/07\/1914542_100465746641919_1681158_n.jpg\"><img loading=\"lazy\" decoding=\"async\" class=\"size-thumbnail wp-image-1721 alignleft\" alt=\"1914542_100465746641919_1681158_n\" src=\"https:\/\/heidysandovalruiz.com\/wp-content\/uploads\/2014\/07\/1914542_100465746641919_1681158_n-150x150.jpg\" width=\"150\" height=\"150\" \/><\/a>\u00bfQu\u00e9 podemos conocer de su trabajo en el campo de la paz?<\/b> Mi hermano estaba \u00a0muy\u00a0comprometido en el Proceso de Paz de Guatemala m\u00e1s que la gran mayor\u00eda de los que han puesto y quitado rosas en el Palacio Nacional de Guatemala. \u00c9l sab\u00eda lo que signific\u00f3 la guerra de ambos lados, por eso se integra \u00a0a hechos pol\u00edticos como las Mesas Intersectoriales de Di\u00e1logos para la reconciliaci\u00f3n y el ser actualmente Embajador Cultural de la Paz, t\u00edtulo que le dieron cuando vivi\u00f3 un a\u00f1o en Honduras, el cual se sum\u00f3 al de Agente de la Paz, dado a los miembros de la mesas mencionadas por las universidades San Carlos y Land\u00edvar.<\/span><\/p>\n<p style=\"text-align: justify;\"><span style=\"color: #003366;\">Su labor como trabajador de la paz con sobrevivientes del conflicto armado, y en pa\u00edses como Honduras es reconocida y fue \u00a0la ciudad de Tegucigalpa la sede para que le dieran el Premio Latinoamericano en Teatro para Ni\u00f1os\u2026 <b><\/b><\/span><\/p>\n<p style=\"text-align: justify;\"><span style=\"color: #003366;\"><b>Por cierto \u00bfDesde cu\u00e1ndo y qui\u00e9n le confiere el nombramiento de \u201cEmbajador de la Paz\u201d?<\/b> Es en Honduras donde la ONU reconoce el trabajo de mi hermano como agente de PAZ y lo nombre EMBAJADOR CULTURAL DE LA PAZ, el trofeo se qued\u00f3 en ese pa\u00eds.<\/span><\/p>\n<figure id=\"attachment_1722\" aria-describedby=\"caption-attachment-1722\" style=\"width: 150px\" class=\"wp-caption alignright\"><a href=\"https:\/\/heidysandovalruiz.com\/wp-content\/uploads\/2014\/07\/1977362_730397070315447_552302305_n.jpg\"><img loading=\"lazy\" decoding=\"async\" class=\"size-thumbnail wp-image-1722 \" alt=\"1977362_730397070315447_552302305_n\" src=\"https:\/\/heidysandovalruiz.com\/wp-content\/uploads\/2014\/07\/1977362_730397070315447_552302305_n-150x150.jpg\" width=\"150\" height=\"150\" \/><\/a><figcaption id=\"caption-attachment-1722\" class=\"wp-caption-text\">En la toma de posesi\u00f3n de<br \/>la C\u00e1mara Guatemalteca de Periodismo 2014-2015<\/figcaption><\/figure>\n<p style=\"text-align: justify;\"><span style=\"color: #003366;\"><b>\u00bfQu\u00e9 estudios acad\u00e9micos ha realizado hasta ahora? <\/b>Administraci\u00f3n, Teatro, Ciencias de la Comunicaci\u00f3n, Literatura, Derechos Humanos, Pol\u00edtica, Historia.\u00a0Filosof\u00eda, \u00a0Teolog\u00eda, Ingl\u00e9s, Idiomas Mayas, Relaciones Internacionales, actualmente estudiando franc\u00e9s e italiano.<b><\/b><\/span><\/p>\n<p style=\"text-align: justify;\"><span style=\"color: #003366;\"><b>A C\u00e9sar Augusto le gusta el modelaje \u00bfen qu\u00e9 momento posa desnudo para un calendario?<\/b> A mi hermano le gusta la pintura, pinta \u00a0acuarela, bailar, la m\u00fasica, el ballet, fan\u00e1tico de la marimba y el modelaje, le hacen una propuesta y hace un calendario que le da la vuelta al mundo sus fotos son desnudos art\u00edsticos, al natural, nada de ponerse en forma, nada de photoshop, y a los tres d\u00edas de salir se agota, por ese calendario recibe un premio en Estados Unidos Masachuset.<\/span><\/p>\n<p style=\"text-align: justify;\"><span style=\"color: #003366;\">Lo invitan a autografiar los calendarios que la gente compraba en ese lugar, eran filas de filas de se\u00f1oras y se\u00f1ores que le compraron el calendario a sus mujeres, eso fue genial.<\/span><\/p>\n<p style=\"text-align: justify;\"><span style=\"color: #003366;\">Fue pol\u00e9mico y motivo de cr\u00edticas muy severas, mis pap\u00e1s quer\u00edan un calendario pero hasta el d\u00eda de hoy nunca lo pudieron comprar, hubo una segunda propuesta pero su respuesta fue ya madure MUCHA&#8230;.a m\u00ed me daba una gran pena que vieran a mi hermano desnudo, fue un trabajo muy cuidado y art\u00edstico. Luego saca otro pero ya no desnudo, sali\u00f3 muy bonito y se agot\u00f3 tambi\u00e9n, se relacionaba con paisajes de Guatemala y el sal\u00eda en cada fotograf\u00eda con frases propias como MI GUATEMALA UNICA E INMORTAL.<\/span><\/p>\n<p style=\"text-align: justify;\"><span style=\"color: #003366;\"><b><a href=\"https:\/\/heidysandovalruiz.com\/wp-content\/uploads\/2014\/07\/inicial.jpg\"><img loading=\"lazy\" decoding=\"async\" class=\"size-thumbnail wp-image-1717 alignleft\" alt=\"inicial\" src=\"https:\/\/heidysandovalruiz.com\/wp-content\/uploads\/2014\/07\/inicial-150x150.jpg\" width=\"150\" height=\"150\" \/><\/a>\u00bfHa trabajado por muchos a\u00f1os en Radio Faro Cultural, como llega a esta emisora?<\/b> Cuando asume la presidencia Don Alvaro Col\u00f3n le llega una invitaci\u00f3n para llevar su curriculum y examinarse para esa plaza en Radio Faro, la propuesta vino del Se\u00f1or Presidente, pasan tres meses y lo llaman a tomar la plaza, pensamos que nunca lo llamar\u00edan, se examin\u00f3 con 34 personas. Radio Faro Cultural ha sido su casa y en ella realiza radioteatros y entrevistas dentro y fuera de su programa \u201cDi\u00e1logos\u201d. Actualmente, es productor de la emisora.<\/span><\/p>\n<p style=\"text-align: justify;\"><span style=\"color: #003366;\"><b>\u00bfQu\u00e9 nos puede contar de \u00a0las experimentaciones reconocidas internacionalmente?<\/b> C\u00e9sar ha recibido muchos premios por sus letras, tanto en Guatemala como internacionalmente, \u00a0Radio Faro ha recibido varios premios por el trabajo de mi hermano. Artista del a\u00f1o, Mejor escritor \u00a0de cuentos Infantiles. Mejor libro de frases y poemas, Periodista del a\u00f1o, Mejor programa de Radio. Mejor obra de teatro para adultos. etc. etc.<b><\/b><\/span><\/p>\n<p><span style=\"color: #003366;\"><b>Ha incursionado en el teatro \u00bfEn qu\u00e9 obras ha actuado y por qu\u00e9 no lo ha hecho con m\u00e1s constancia?<\/b> A mi hermano le gusta escribir, la producci\u00f3n y la direcci\u00f3n, ense\u00f1ar teatro, es muy buen actor, pero no es algo que le guste mucho hacer, mi hermano domina el campo emocional de la actuaci\u00f3n y eso le provoca fuertes emociones al grado de deprimirse porque se mete tanto en el papel que su inconsciente puede llegar a confundir fantas\u00eda y realidad y es por eso que no le gusta actuar. \u00c9l siempre ha dicho que en esta vida para bien o para mal se vive en constante actuaci\u00f3n.<a href=\"https:\/\/heidysandovalruiz.com\/wp-content\/uploads\/2014\/07\/247842_217198448301981_3230608_n.jpg\"><img loading=\"lazy\" decoding=\"async\" class=\"size-thumbnail wp-image-1719 alignright\" alt=\"247842_217198448301981_3230608_n\" src=\"https:\/\/heidysandovalruiz.com\/wp-content\/uploads\/2014\/07\/247842_217198448301981_3230608_n-150x150.jpg\" width=\"150\" height=\"150\" \/><\/a><b><\/b><\/span><\/p>\n<p style=\"text-align: justify;\"><span style=\"color: #003366;\"><b>\u00bfQu\u00e9 nos puede contar de la obra \u201cMam\u00e1 Ceiba o lo que no tiene nombre\u201d?<\/b> Sobre esta famosa obra, mi hermano apoy\u00f3 mucho a Rigoberta Mench\u00fa y ella aprovech\u00f3 para contarle como torturan a su madre durante el conflicto armado y a m\u00e1s de sus familiares, es all\u00ed donde nace esta obra, mi familia es extrema derecha, C\u00e9sar se identifica con la ideolog\u00eda de la se\u00f1ora Mench\u00fa, con el tiempo se da cuenta de muchas cosas pero la obra ya hab\u00eda sido un \u00e9xito internacional. Prefiero no opinar m\u00e1s sobre este tema.<b><\/b><\/span><\/p>\n<p style=\"text-align: justify;\"><span style=\"color: #003366;\"><b>\u00bfQu\u00e9 pa\u00edses ha visitado respaldado por cualquiera de las actividades que realiza?<\/b> Mi hermano ha viajado por toda Guatemala, Centro Am\u00e9rica, Estados Unidos, Canad\u00e1, M\u00e9xico, Sur Am\u00e9rica, Chile, Per\u00fa, Colombia. Este a\u00f1o hab\u00edan proyectos de viajar a Europa pero la enfermedad termin\u00f3 con muchos proyectos que se han quedado a medias.\u00a0<b><\/b><\/span><\/p>\n<p style=\"text-align: justify;\"><span style=\"color: #003366;\"><b>\u00bfCu\u00e1les son sus poemas preferidos y por qu\u00e9?<\/b> No me atrevo a responder esta pregunta puesto que mi hermano le gusta todo g\u00e9nero literario, desde letras de protesta, hasta poemas de amor y pasi\u00f3n, todo lo relacionado al cosmo, la vida humana \u00a0y la salvaje animal.<b><\/b><\/span><\/p>\n<p style=\"text-align: justify;\"><span style=\"color: #003366;\"><b>\u00bfCree que su hermano puede consider\u00e1rsele como una persona fuera de serie?<\/b> Mi hermano es una persona fuera de serie totalmente. Nadie tiene el valor de enfrentarse a la vida como \u00e9l lo ha hecho, de no tenerle miedo a la cr\u00edtica y al rechazo de la misma familia, por defender sus ideas . Mi hermano naci\u00f3 para ser considerado un genio en lo que hace. Un hombre apasionado de lo que hace, el trabajo para \u00e9l no existe es un hobby m\u00e1s y por eso tiene \u00e9xito en todo lo que escribe, aunque en Guatemala le cerraron algunas editoriales las puertas cuando \u00e9l se inicia, ahora le ruegan hacer algo con ellos, cuando ya el mundo lo reconoce como el mejor de lo mejor.<\/span><\/p>\n<p style=\"text-align: justify;\"><span style=\"color: #003366;\">Muchas gracias por esta entrevista, es un honor para m\u00ed poder hacer p\u00fablico el trabajo y la historia de mi hermano a quien amo con toda mi alma.<\/span><\/p>\n<p style=\"text-align: justify;\"><span style=\"color: #003366;\">Estimables lectores pienso que nos hemos quedado cortos con esta entrevista pues C\u00e9sar Augusto o Augusto C\u00e9sar ha realizado muchas actividades m\u00e1s pero hemos querido compartirles algunos datos de inter\u00e9s para que ustedes ahora conozcan parte de la historia de nuestro invitado.<\/span><\/p>\n<p style=\"text-align: justify;\"><span style=\"color: #003366;\">Gracias a Claudia Chupina de Castillo por llevarnos a conocer el trabajo que durante varios a\u00f1os ha realizado su hermano y quiz\u00e1s muchos no conoc\u00edan esta apasionante trayectoria.<\/span><\/p>\n<p style=\"text-align: justify;\"><span style=\"color: #003366;\"><b>\u00a0<\/b><\/span><\/p>\n<p><strong>Las entrevistas las pueden leer en los siguientes links:<\/strong><\/p>\n<p style=\"text-align: justify;\">\n<p><a href=\"http:\/\/www.heidysandovalruiz.com\/\">http:\/\/www.heidysandovalruiz.com<\/a><\/p>\n<p style=\"text-align: justify;\">\n<p><a href=\"http:\/\/losinvitadosdeheidy.blogspot.com\/\">http:\/\/losinvitadosdeheidy.blogspot.com<\/a><\/p>\n<p style=\"text-align: justify;\">\n<p><a href=\"https:\/\/www.facebook.com\/pages\/Los-invitados-de-Heidy\/892159284204965?ref=hl\">https:\/\/www.facebook.com\/pages\/Los-invitados-de-Heidy\/892159284204965?ref=hl<\/a><\/p>\n<p>&nbsp;<\/p>\n<p style=\"text-align: justify;\">\n<p style=\"text-align: justify;\"><span style=\"color: #003366;\"><b>Entrevista realizada por Heidy Sandoval Ruiz<\/b><\/span><\/p>\n","protected":false},"excerpt":{"rendered":"<p>En esta oportunidad compartiremos en \u201cLa cara amiga de los invitados de Heidy\u201d, la entrevista&#8230;<\/p>\n","protected":false},"author":4,"featured_media":1715,"comment_status":"closed","ping_status":"closed","sticky":false,"template":"","format":"standard","meta":{"footnotes":""},"categories":[16],"tags":[150],"class_list":["post-1713","post","type-post","status-publish","format-standard","has-post-thumbnail","hentry","category-la-cara-amiga","tag-la-cara-amiga-de-augusto-cesar"],"_links":{"self":[{"href":"https:\/\/heidysandovalruiz.com\/index.php?rest_route=\/wp\/v2\/posts\/1713","targetHints":{"allow":["GET"]}}],"collection":[{"href":"https:\/\/heidysandovalruiz.com\/index.php?rest_route=\/wp\/v2\/posts"}],"about":[{"href":"https:\/\/heidysandovalruiz.com\/index.php?rest_route=\/wp\/v2\/types\/post"}],"author":[{"embeddable":true,"href":"https:\/\/heidysandovalruiz.com\/index.php?rest_route=\/wp\/v2\/users\/4"}],"replies":[{"embeddable":true,"href":"https:\/\/heidysandovalruiz.com\/index.php?rest_route=%2Fwp%2Fv2%2Fcomments&post=1713"}],"version-history":[{"count":5,"href":"https:\/\/heidysandovalruiz.com\/index.php?rest_route=\/wp\/v2\/posts\/1713\/revisions"}],"predecessor-version":[{"id":1726,"href":"https:\/\/heidysandovalruiz.com\/index.php?rest_route=\/wp\/v2\/posts\/1713\/revisions\/1726"}],"wp:featuredmedia":[{"embeddable":true,"href":"https:\/\/heidysandovalruiz.com\/index.php?rest_route=\/wp\/v2\/media\/1715"}],"wp:attachment":[{"href":"https:\/\/heidysandovalruiz.com\/index.php?rest_route=%2Fwp%2Fv2%2Fmedia&parent=1713"}],"wp:term":[{"taxonomy":"category","embeddable":true,"href":"https:\/\/heidysandovalruiz.com\/index.php?rest_route=%2Fwp%2Fv2%2Fcategories&post=1713"},{"taxonomy":"post_tag","embeddable":true,"href":"https:\/\/heidysandovalruiz.com\/index.php?rest_route=%2Fwp%2Fv2%2Ftags&post=1713"}],"curies":[{"name":"wp","href":"https:\/\/api.w.org\/{rel}","templated":true}]}}