{"id":1758,"date":"2014-08-04T01:05:20","date_gmt":"2014-08-04T01:05:20","guid":{"rendered":"http:\/\/heidysandovalruiz.com\/?p=1758"},"modified":"2014-08-04T01:20:43","modified_gmt":"2014-08-04T01:20:43","slug":"la-cara-amiga-de-noe-quiquivij-hernandez","status":"publish","type":"post","link":"https:\/\/heidysandovalruiz.com\/?p=1758","title":{"rendered":"La cara amiga de \u00abNo\u00e9 Quiquivij Hern\u00e1ndez\u00bb"},"content":{"rendered":"<p style=\"text-align: justify;\"><span style=\"color: #000080;\">En \u201c<b>La cara amiga de los invitados de Heidy<\/b>\u201d cada vez son m\u00e1s variadas nuestras entrevistas, pues hemos llevado a ustedes la historia de cantantes, m\u00fasicas, locutores, entre muchos m\u00e1s que han tenido la confianza de acercarse a nosotros y contarnos su maravillosa historia.<\/span><\/p>\n<p style=\"text-align: justify;\"><span style=\"color: #000080;\">En esta oportunidad este espacio se engalana al presentar a un artista que a trav\u00e9s de sus pinturas deja plasmados sentimientos, recuerdos y un arte excepcional, el invitado de hoy es <b>No\u00e9 Quiquivij Hern\u00e1ndez<\/b> originario de Colomba, Quetzaltenango y quien hoy compartir\u00e1 como se inici\u00f3 en este maravilloso campo multicolor.<\/span><\/p>\n<p style=\"text-align: justify;\"><span style=\"color: #000080;\">Doy la bienvenida a este espacio, donde se puede decir lo que se quiere y lo que en otros medios no se puede a No\u00e9 para que comparta algo de su historia, sus logros, sus sue\u00f1os y sus \u00e9xitos.<\/span><\/p>\n<p style=\"text-align: justify;\"><span style=\"color: #000080;\"><b>Domingo Quiquivij un reconocido pintor es parte importante en lo que ahora realizas \u00bfqu\u00e9 influencia tuvo tu padre en tu inclinaci\u00f3n por la pintura?<\/b> \u00a0El me ense\u00f1o todo lo que s\u00e9 en mi vida, desde mis primeros\u00a0 recuerdos que tengo, vi a mi padre pintar con gran amor y profesionalismo y decid\u00ed seguirle los pasos en el arte.<\/span><\/p>\n<p style=\"text-align: justify;\"><span style=\"color: #000080;\"><b>\u00a0<\/b><\/span><b style=\"color: #000080;\">\u00bfC\u00f3mo recuerdas la etapa de tu ni\u00f1ez?<\/b><span style=\"color: #000080;\">\u00a0 Muy feliz, recuerdo que me sub\u00eda a los \u00e1rboles de naranjas, a com\u00e9rmelas con sal, tambi\u00e9n recuerdo que asist\u00eda a la iglesia, jugaba futbol, \u00edbamos a los riachuelos a buscar cangrejos, muchos bellos e inolvidables recuerdos.<\/span><\/p>\n<p><span style=\"color: #000080;\"><b><a href=\"https:\/\/heidysandovalruiz.com\/wp-content\/uploads\/2014\/08\/1907978_493694010752888_796746669_n.jpg\"><img loading=\"lazy\" decoding=\"async\" class=\"size-thumbnail wp-image-1760 alignright\" alt=\"1907978_493694010752888_796746669_n\" src=\"https:\/\/heidysandovalruiz.com\/wp-content\/uploads\/2014\/08\/1907978_493694010752888_796746669_n-150x150.jpg\" width=\"150\" height=\"150\" \/><\/a>\u00bfCu\u00e9ntanos qu\u00e9 edad ten\u00edas cuando pintaste el primer cuadro y qu\u00e9 pintaste?<\/b> Lo pint\u00e9 a la edad de 12 a\u00f1os, recuerdo que fue un lago de Atitl\u00e1n.<\/span><\/p>\n<p style=\"text-align: justify;\"><span style=\"color: #000080;\"><b>\u00bfC\u00f3mo logras vender los primeros trabajos que hiciste?<\/b> Al principio me fue my dif\u00edcil porque nadie conoc\u00eda mi trabajo, los llevaba a las artesan\u00edas en el aeropuerto la Aurora, a Antigua Guatemala, y poco a poco fui saliendo adelante<\/span><\/p>\n<p style=\"text-align: justify;\"><span style=\"color: #000080;\"><b>\u00bfA parte de tu padre a qu\u00e9 pintores admiras?<\/b> Rembrandt, Leonardo da Vinci<\/span><\/p>\n<p style=\"text-align: justify;\"><span style=\"color: #000080;\"><b>\u00bfHace cuanto decides dedicarte de lleno a este arte?<\/b> Hace 23 a\u00f1os empec\u00e9 joven, desde los 12 a\u00f1os<\/span><\/p>\n<p style=\"text-align: justify;\"><span style=\"color: #000080;\"><b>\u00bfCu\u00e1les son las t\u00e9cnicas que trabajas?<\/b> Paisajista Realista abstracta<\/span><\/p>\n<p><span style=\"color: #000080;\"><b>Hablando de t\u00e9cnicas \u00bfQu\u00e9 diferencia hay entre las pinturas realistas, abstractas y paisajistas?<a href=\"https:\/\/heidysandovalruiz.com\/wp-content\/uploads\/2014\/08\/10563618_559989757456646_1580732272_n.jpg\"><img loading=\"lazy\" decoding=\"async\" class=\"size-thumbnail wp-image-1761 alignleft\" alt=\"10563618_559989757456646_1580732272_n\" src=\"https:\/\/heidysandovalruiz.com\/wp-content\/uploads\/2014\/08\/10563618_559989757456646_1580732272_n-150x150.jpg\" width=\"150\" height=\"150\" \/><\/a> <\/b><\/span><\/p>\n<p style=\"text-align: justify;\"><span style=\"color: #000080;\">Realista es aquella pintura que trata de representar a la realidad de la forma m\u00e1s exacta posible, como si fuera una fotograf\u00eda. Refleja algunos aspectos del car\u00e1cter del artista pero m\u00e1s bien es una forma de recreaci\u00f3n y regocijo personal del pintor para dejar plasmado su gusto por un paisaje, lugar, persona o suceso.<\/span><\/p>\n<p style=\"text-align: justify;\"><span style=\"color: #000080;\">La pintura abstracta toma formas y colores para nada que concuerden con la verdad objetiva que observamos, es decir, se deja salir las emociones internas, y con un estudio profundo del significado de colores, se puede ir creando obra<\/span><\/p>\n<p style=\"text-align: justify;\"><span style=\"color: #000080;\">Paisajista\u00a0 representa escenas de la naturaleza, tales como monta\u00f1as, valles, \u00e1rboles, r\u00edos y bosques. Casi siempre se incluye el cielo.<\/span><\/p>\n<p style=\"text-align: justify;\"><span style=\"color: #000080;\"><b>\u00bfCu\u00e1ntos cuadros pintas por mes?<\/b> Es dependiendo de lo complicado que sea el dise\u00f1o hay veces entre 1 a 8 cuadros al mes<\/span><\/p>\n<p style=\"text-align: justify;\"><span style=\"color: #000080;\"><b>\u00bfPintas cuadros por encargo?<\/b> La mayor\u00eda de veces los hago por encargo<\/span><\/p>\n<p style=\"text-align: justify;\"><span style=\"color: #000080;\"><b>\u00bfCu\u00e1ntos cuadros tienes en tu haber?<\/b>\u00a0 He perdido la cuenta de cuantos, pero son muchos porque son 23 a\u00f1os en la pintura.<\/span><\/p>\n<p style=\"text-align: justify;\"><span style=\"color: #000080;\"><b>\u00bfQu\u00e9 tama\u00f1o tiene la pintura m\u00e1s grande que hayas pintado<\/b>? El\u00a0 cuadro m\u00e1s grande fue de 2.metros con 80 pulgadas de ancho por 3.metros 60 de largo.<\/span><\/p>\n<p style=\"text-align: justify;\"><span style=\"color: #000080;\"><b>Adem\u00e1s de paisajes \u00bfqu\u00e9 m\u00e1s te gusta pintar?<\/b> Me gusta pintar paisajes abstractos, personas y tambi\u00e9n pinturas que representa la vida de Jesucristo.<\/span><\/p>\n<p style=\"text-align: justify;\"><span style=\"color: #000080;\"><b><a href=\"https:\/\/heidysandovalruiz.com\/wp-content\/uploads\/2014\/08\/68439_465247646930858_1082976775_n.jpg\"><img loading=\"lazy\" decoding=\"async\" class=\"size-thumbnail wp-image-1762 alignright\" alt=\"68439_465247646930858_1082976775_n\" src=\"https:\/\/heidysandovalruiz.com\/wp-content\/uploads\/2014\/08\/68439_465247646930858_1082976775_n-150x150.jpg\" width=\"150\" height=\"150\" \/><\/a>Pero el amor es parte importante en tu vida, \u00bfC\u00f3mo te atrapa Cupido?<\/b> Me enamor\u00e9 de mi bella esposa en un viaje de tiempo muy largo en Honduras y me cas\u00e9 con ella a los 10 meses de conocerla.<\/span><\/p>\n<p style=\"text-align: justify;\"><span style=\"color: #000080;\"><b>\u00bfD\u00f3nde radicas actualmente?<\/b> En Honduras<\/span><\/p>\n<p style=\"text-align: justify;\"><span style=\"color: #000080;\"><b>\u00bfQui\u00e9nes son tus clientes m\u00e1s frecuentes?<\/b> Tengo diversidad de clientes, mexicanos, canadienses pero\u00a0 m\u00e1s frecuentes son los guatemaltecos que viven fuera del pa\u00eds<\/span><\/p>\n<p style=\"text-align: justify;\"><span style=\"color: #000080;\"><b>\u00bfCada cuanto viajas a Guatemala?<\/b> Regularmente viajo de 4 a 6 veces al a\u00f1o.<\/span><\/p>\n<p style=\"text-align: justify;\"><span style=\"color: #000080;\"><b>A parte de la pintura \u00bfte dedicas a otra cosa?<\/b>\u00a0 \u00danicamente a la pintura ese es mi trabajo<\/span><\/p>\n<p style=\"text-align: justify;\"><span style=\"color: #000080;\"><b>\u00bfD\u00f3nde pueden localizarte en\u00a0 las redes sociales?<\/b> A trav\u00e9s de <a href=\"mailto:noequiquivij@yahoo.es\"><span style=\"color: #000080;\">noequiquivij@yahoo.es<\/span><\/a>\u00a0 <a href=\"mailto:pinturas.oleos@yahoo.es\"><span style=\"color: #000080;\">pinturas.oleos@yahoo.es<\/span><\/a> https:\/\/www.facebook.com\/pinturasoleosacrilicas.quiquivijhernandez<\/span><\/p>\n<p><span style=\"color: #000080;\"><b>\u00bfPuedes enviar un mensaje para que lean\u00a0 \u201cLas entrevistas de Heidy\u201d?<a href=\"https:\/\/heidysandovalruiz.com\/wp-content\/uploads\/2014\/08\/1979886_490323744423248_1212285987_n.jpg\"><img loading=\"lazy\" decoding=\"async\" class=\"size-thumbnail wp-image-1764 alignleft\" alt=\"1979886_490323744423248_1212285987_n\" src=\"https:\/\/heidysandovalruiz.com\/wp-content\/uploads\/2014\/08\/1979886_490323744423248_1212285987_n-150x150.jpg\" width=\"150\" height=\"150\" \/><\/a><\/b><\/span><\/p>\n<p style=\"text-align: justify;\"><span style=\"color: #000080;\">Gracias a ti Heidy ,por\u00a0 esta oportunidad de poder expresarme gracias a ustedes lectores por tomase el tiempo de leer lo que sienten un pintor con ganas de triunfar.\u00a0 Para m\u00ed no ha sido f\u00e1cil abrirme camino en este Arte pero s\u00e9 que con perseverancia y esfuerzo todo es posible, gracias<\/span><\/p>\n<p style=\"text-align: justify;\"><span style=\"color: #000080;\">\u00a0<\/span><span style=\"color: #000080;\">Agradecemos a No\u00e9 Quiquivij Hern\u00e1ndez el haber compartido con nosotros su historia y su amor por la pintura, es as\u00ed como conocimos el sue\u00f1o de un quetzalteco que ha logrado su proyecci\u00f3n no solo en nuestro pa\u00eds sino que en otras parte del mundo.<\/span><\/p>\n<p style=\"text-align: justify;\"><span style=\"color: #000080;\"><strong>Las entrevistas las pueden leer en los siguientes links:<\/strong><\/span><\/p>\n<p><a href=\"http:\/\/www.heidysandovalruiz.com\/\">http:\/\/www.heidysandovalruiz.com<\/a><\/p>\n<p><a href=\"http:\/\/losinvitadosdeheidy.blogspot.com\/\">http:\/\/losinvitadosdeheidy.blogspot.com<\/a><\/p>\n<p><a href=\"https:\/\/www.facebook.com\/pages\/Los-invitados-de-Heidy\/892159284204965?ref=hl\">https:\/\/www.facebook.com\/pages\/Los-invitados-de-Heidy\/892159284204965?ref=hl<\/a><\/p>\n<p style=\"text-align: justify;\"><span style=\"color: #000080;\"><b>\u00a0<\/b><\/span><\/p>\n<p><span style=\"color: #000080;\"><b>Entrevista realizada por Heidy Sandoval Ruiz<\/b><\/span><\/p>\n<p>&nbsp;<\/p>\n<p>&nbsp;<\/p>\n","protected":false},"excerpt":{"rendered":"<div class=\"mh-excerpt\"><p>En \u201cLa cara amiga de los invitados de Heidy\u201d cada vez son m\u00e1s variadas nuestras entrevistas, pues hemos llevado a ustedes la historia de cantantes, <a class=\"mh-excerpt-more\" href=\"https:\/\/heidysandovalruiz.com\/?p=1758\" title=\"La cara amiga de \u00abNo\u00e9 Quiquivij Hern\u00e1ndez\u00bb\">[&#8230;]<\/a><\/p>\n<\/div>","protected":false},"author":4,"featured_media":1763,"comment_status":"closed","ping_status":"closed","sticky":false,"template":"","format":"standard","meta":{"footnotes":""},"categories":[16],"tags":[154],"class_list":["post-1758","post","type-post","status-publish","format-standard","has-post-thumbnail","hentry","category-la-cara-amiga","tag-la-cara-amiga-de-noe-quiquivij-hernandez"],"_links":{"self":[{"href":"https:\/\/heidysandovalruiz.com\/index.php?rest_route=\/wp\/v2\/posts\/1758","targetHints":{"allow":["GET"]}}],"collection":[{"href":"https:\/\/heidysandovalruiz.com\/index.php?rest_route=\/wp\/v2\/posts"}],"about":[{"href":"https:\/\/heidysandovalruiz.com\/index.php?rest_route=\/wp\/v2\/types\/post"}],"author":[{"embeddable":true,"href":"https:\/\/heidysandovalruiz.com\/index.php?rest_route=\/wp\/v2\/users\/4"}],"replies":[{"embeddable":true,"href":"https:\/\/heidysandovalruiz.com\/index.php?rest_route=%2Fwp%2Fv2%2Fcomments&post=1758"}],"version-history":[{"count":5,"href":"https:\/\/heidysandovalruiz.com\/index.php?rest_route=\/wp\/v2\/posts\/1758\/revisions"}],"predecessor-version":[{"id":1770,"href":"https:\/\/heidysandovalruiz.com\/index.php?rest_route=\/wp\/v2\/posts\/1758\/revisions\/1770"}],"wp:featuredmedia":[{"embeddable":true,"href":"https:\/\/heidysandovalruiz.com\/index.php?rest_route=\/wp\/v2\/media\/1763"}],"wp:attachment":[{"href":"https:\/\/heidysandovalruiz.com\/index.php?rest_route=%2Fwp%2Fv2%2Fmedia&parent=1758"}],"wp:term":[{"taxonomy":"category","embeddable":true,"href":"https:\/\/heidysandovalruiz.com\/index.php?rest_route=%2Fwp%2Fv2%2Fcategories&post=1758"},{"taxonomy":"post_tag","embeddable":true,"href":"https:\/\/heidysandovalruiz.com\/index.php?rest_route=%2Fwp%2Fv2%2Ftags&post=1758"}],"curies":[{"name":"wp","href":"https:\/\/api.w.org\/{rel}","templated":true}]}}