{"id":177,"date":"2013-07-25T01:34:07","date_gmt":"2013-07-25T01:34:07","guid":{"rendered":"http:\/\/heidysandovalruiz.com\/?p=177"},"modified":"2014-01-16T22:52:51","modified_gmt":"2014-01-16T22:52:51","slug":"la-cara-amiga-de-chito-ordonez","status":"publish","type":"post","link":"https:\/\/heidysandovalruiz.com\/?p=177","title":{"rendered":"La cara amiga de \u00abChito Ord\u00f3\u00f1ez\u00bb"},"content":{"rendered":"<p style=\"text-align: justify;\"><span style=\"color: #000080;\"><span style=\"font-family: 'Trebuchet MS', sans-serif;\">El d\u00eda de hoy corresponde la entrevista en \u201c<b>La cara amiga de nuestros invitados<\/b>\u201d, a un paisano de Ipala que con su talento y carisma, ha logrado mantenerse vigente por muchos a\u00f1os, componiendo e interpretando much\u00edsimas canciones del gusto de su p\u00fablico.\u00a0 Mi invitado hoy es\u00a0<\/span><span style=\"font-family: 'Trebuchet MS', sans-serif;\">Carlos Enrique Ord\u00f3\u00f1ez Hern\u00e1ndez conocido en el medio art\u00edstico como \u00a0<strong>Chito Ordo\u00f1ez<\/strong><\/span><span style=\"font-family: 'Trebuchet MS', sans-serif;\">, con quien desde que nos conocimos,\u00a0 estrechamos una excelente amistad que nos ha llevado a compartir varios de los proyectos ejecutados con Gustavo Ord\u00f3\u00f1ez entre ellos, Eventos H &amp;G y el disco Guatemala, Voces y Canciones.<\/span><\/span><\/p>\n<p style=\"text-align: justify;\"><span style=\"color: #000080;\"><strong><br \/>\nCompadre me imagino que tu infancia fue muy alegre de mucha convivencia y amor pero donde la vives? \u00a0<\/strong><span style=\"font-family: 'Trebuchet MS', sans-serif;\">Mi ni\u00f1ez en Ipala y parte de mi adolescencia en Chiquimula y la Ciudad Capital. \u00a0Me gustaba\u00a0 mucho jugar por las noches con los amigos de la cuadra, principalmente con las patojas.\u00a0 Mi juego preferido, era \u201carranca la cebollita \u201c, y siempre buscaba que me quedara delante de m\u00ed una chica, usted ya se puede imaginar porqu\u00e9.<\/span><\/span><\/p>\n<p style=\"text-align: justify;\"><span style=\"color: #000080;\"><strong><span style=\"font-family: 'Trebuchet MS', sans-serif;\">Cuando ya est\u00e1s seguro de dedicarte al canto y compones cu\u00e1l es la primera canci\u00f3n que escribes?\u00a0<\/span><\/strong><span style=\"font-family: 'Trebuchet MS', sans-serif;\">Maldita realidad, habla de un super amor pasional pero a la vez sufrido e imposible.<\/span><\/span><\/p>\n<p style=\"text-align: justify;\"><span style=\"color: #000080;\"><strong>En tu familia hay alg\u00fan miembro que se dedique a la m\u00fasica y que haya sido una inspiraci\u00f3n para dedicarte a esta profesi\u00f3n?\u00a0<\/strong><span style=\"font-family: 'Trebuchet MS', sans-serif;\">Ninguno profesionalmente, pero mis tres hermanos, fueron mis maestros de guitarra.<\/span><\/span><\/p>\n<p style=\"text-align: justify;\"><span style=\"color: #000080;\"><strong><span style=\"font-family: 'Trebuchet MS', sans-serif;\">En que se inspiran tus\u00a0<\/span><\/strong><\/span><strong style=\"color: #000080; text-align: justify;\"><span style=\"font-family: 'Trebuchet MS', sans-serif;\">canciones<span style=\"text-decoration: underline;\">?<\/span> <span style=\"color: #000080;\">\u00a0<\/span><\/span><\/strong><span style=\"font-family: 'Trebuchet MS', sans-serif; color: #000080;\">Creo que mis canciones m\u00e1s queridas, fueron inspiradas en el amor \u00a0y el desamor, aunque tambi\u00e9n he hecho canciones por encargo, es decir sentimientos que no he sentido en carne propia. Las leyendas m\u00e1s conocidas de\u00a0\u00a0 mi Guate, tambi\u00e9n han sido objeto de mi inspiraci\u00f3n, as\u00ed tambi\u00e9n como an\u00e9cdotas personales mis amores de juventud.<\/span><\/p>\n<p style=\"text-align: justify;\"><span style=\"color: #000080;\"><strong>En cu\u00e1ntos festivales OTI participaste y que recuerdos tienes de esos momentos y a d\u00f3nde viajaste al salir ganador?\u00a0<\/strong><span style=\"font-family: 'Trebuchet MS', sans-serif;\">Si mal no recuerdo, fueron 5, en los cuales siempre tuve la suerte de que alguna de mis canciones llegara a las diez mejores. En 1987 cuando gan\u00e9 la OTI en Guatemala, me dio el derecho de representarla en la OTI Internacional, en Lisboa Portugal. Luego a ra\u00edz de ese triunfo, vinieron invitaciones para presentarme en Los \u00c1ngeles, San Francisco y Miami.<\/span><\/span><\/p>\n<p style=\"text-align: justify;\"><span style=\"color: #000080;\"><strong>Recuerdas algunos de los lugares donde te presentabas?\u00a0<\/strong><span style=\"font-family: 'Trebuchet MS', sans-serif;\">Un bar-restaurante llamado Soluna, restaurante El parador y en Borinquen Restaurant y en el bar del \u00a0Hotel Fiesta de la\u00a0<\/span><\/span><span style=\"color: #000080;\"><span style=\"font-family: 'Trebuchet MS', sans-serif;\">Avenida las Am\u00e9ricas.<\/span><\/span><\/p>\n<p style=\"text-align: justify;\"><span style=\"color: #000080;\"><strong>Qu\u00e9 te pareci\u00f3 la experiencia de participar en el disco \u201cGuatemala, voces y canciones\u201d?\u00a0<\/strong><\/span><\/p>\n<p><span style=\"color: #000080;\"><a href=\"https:\/\/heidysandovalruiz.com\/wp-content\/uploads\/2013\/11\/532074_3014113530366_889365212_n.jpg\"><img loading=\"lazy\" decoding=\"async\" class=\"size-medium wp-image-178 alignleft\" alt=\"532074_3014113530366_889365212_n\" src=\"https:\/\/heidysandovalruiz.com\/wp-content\/uploads\/2013\/11\/532074_3014113530366_889365212_n-243x300.jpg\" width=\"243\" height=\"300\" \/><\/a><\/span><\/p>\n<p style=\"text-align: justify;\"><span style=\"color: #000080;\"><span style=\"font-family: 'Trebuchet MS', sans-serif;\">Definitivamente inolvidable, el hecho de compartir estudios con grandes talentos chapines, hoy en d\u00eda lo valoro mucho m\u00e1s, ya que algunos ya se adelantaron en ese viaje a la eternidad, me refiero a Ricardo Vaccaro, a qui<\/span><\/span><span style=\"font-family: 'Trebuchet MS', sans-serif; color: #000080;\">en le estim\u00e9 y le admir\u00e9 mucho.<\/span><\/p>\n<p style=\"text-align: justify;\"><span style=\"color: #000080;\"><strong><span style=\"font-family: 'Trebuchet MS', sans-serif;\">Cu\u00e1ntos discos has g<\/span><\/strong><\/span><strong style=\"color: #000080;\"><span style=\"font-family: 'Trebuchet MS', sans-serif;\">rabado en tu carrera<span style=\"text-decoration: underline;\">?<\/span> \u00a0<\/span><\/strong><span style=\"font-family: 'Trebuchet MS', sans-serif;\"><span style=\"color: #000080;\">Cronol\u00f3gicamente, le cuento<\/span>\u00a0<\/span><span style=\"color: #000080;\"><span style=\"font-family: 'Trebuchet MS', sans-serif;\">que hice inicialmente 5 \u00a0sencil<\/span><\/span><span style=\"font-family: 'Trebuchet MS', sans-serif; color: #000080;\">los de 45 , luego ya hice en la era digital, 4. Quiero recordarle que \u00a0inicialmente en la era de la grabaci\u00f3n vin\u00edlica, yo solo era compositor, de esa cuenta, me grab\u00f3 dos canciones Mellina, una Daniel Salazar, otra Elizabeth, otra Karen May, otra el grupo Esp\u00edritu Libre, algunas fueron \u00e9xitos en esa \u00e9poca, tal es el caso de Maldita realidad.<\/span><\/p>\n<p style=\"text-align: justify;\"><span style=\"color: #000080;\"><strong>Qu\u00e9 signific\u00f3 para ti el \u201cGrupo Chichicaste? \u00a0<\/strong><span style=\"font-family: 'Trebuchet MS', sans-serif;\">Una \u00e9poca de muy exitosas presentaciones<\/span><\/span><\/p>\n<p style=\"text-align: justify;\"><span style=\"color: #000080;\"><strong><\/strong><strong>Si recapit<\/strong><\/span><strong style=\"color: #000080;\">ulam<\/strong><strong style=\"color: #000080;\">os y nos vamos al pasado que extra\u00f1as de tu ni\u00f1ez?\u00a0<\/strong><span style=\"color: #000080;\"><span style=\"font-family: 'Trebuchet MS', sans-serif;\">Bueno\u2026 de mi ni\u00f1ez, todos los juegos sencillos con que toda la muchachada nos divert\u00edamos casi de la nada. Y lo que si \u00a0extra\u00f1o de mi adolescencia, defini<\/span><span style=\"font-family: 'Trebuchet MS', sans-serif;\">tivamente: mis novias.<\/span><\/span><\/p>\n<p style=\"text-align: justify;\"><span style=\"color: #000080;\"><strong>D\u00f3nde te presentas actualmente?\u00a0<\/strong><span style=\"font-family: 'Trebuchet MS', sans-serif;\">Donde me llamen.<\/span><\/span><\/p>\n<p style=\"text-align: justify;\"><span style=\"color: #000080;\">\u00a0<\/span><\/p>\n<div>\n<p><span style=\"color: #000080;\">\u00a0<\/span><\/p>\n<\/div>\n<p><span style=\"color: #000080;\"><strong><i>Entrevista realizada por Heidy Sandoval Ruiz<\/i><\/strong><\/span><\/p>\n<div><span style=\"color: #000080;\"><b><i>\u00a0<\/i><\/b><\/span><\/div>\n","protected":false},"excerpt":{"rendered":"<div class=\"mh-excerpt\"><p>El d\u00eda de hoy corresponde la entrevista en \u201cLa cara amiga de nuestros invitados\u201d, a un paisano de Ipala que con su talento y carisma, <a class=\"mh-excerpt-more\" href=\"https:\/\/heidysandovalruiz.com\/?p=177\" title=\"La cara amiga de \u00abChito Ord\u00f3\u00f1ez\u00bb\">[&#8230;]<\/a><\/p>\n<\/div>","protected":false},"author":4,"featured_media":179,"comment_status":"closed","ping_status":"closed","sticky":false,"template":"","format":"standard","meta":{"footnotes":""},"categories":[16],"tags":[23],"class_list":["post-177","post","type-post","status-publish","format-standard","has-post-thumbnail","hentry","category-la-cara-amiga","tag-la-cara-amiga-de-chito-ordonez"],"_links":{"self":[{"href":"https:\/\/heidysandovalruiz.com\/index.php?rest_route=\/wp\/v2\/posts\/177","targetHints":{"allow":["GET"]}}],"collection":[{"href":"https:\/\/heidysandovalruiz.com\/index.php?rest_route=\/wp\/v2\/posts"}],"about":[{"href":"https:\/\/heidysandovalruiz.com\/index.php?rest_route=\/wp\/v2\/types\/post"}],"author":[{"embeddable":true,"href":"https:\/\/heidysandovalruiz.com\/index.php?rest_route=\/wp\/v2\/users\/4"}],"replies":[{"embeddable":true,"href":"https:\/\/heidysandovalruiz.com\/index.php?rest_route=%2Fwp%2Fv2%2Fcomments&post=177"}],"version-history":[{"count":7,"href":"https:\/\/heidysandovalruiz.com\/index.php?rest_route=\/wp\/v2\/posts\/177\/revisions"}],"predecessor-version":[{"id":591,"href":"https:\/\/heidysandovalruiz.com\/index.php?rest_route=\/wp\/v2\/posts\/177\/revisions\/591"}],"wp:featuredmedia":[{"embeddable":true,"href":"https:\/\/heidysandovalruiz.com\/index.php?rest_route=\/wp\/v2\/media\/179"}],"wp:attachment":[{"href":"https:\/\/heidysandovalruiz.com\/index.php?rest_route=%2Fwp%2Fv2%2Fmedia&parent=177"}],"wp:term":[{"taxonomy":"category","embeddable":true,"href":"https:\/\/heidysandovalruiz.com\/index.php?rest_route=%2Fwp%2Fv2%2Fcategories&post=177"},{"taxonomy":"post_tag","embeddable":true,"href":"https:\/\/heidysandovalruiz.com\/index.php?rest_route=%2Fwp%2Fv2%2Ftags&post=177"}],"curies":[{"name":"wp","href":"https:\/\/api.w.org\/{rel}","templated":true}]}}