{"id":1776,"date":"2014-08-06T21:04:36","date_gmt":"2014-08-06T21:04:36","guid":{"rendered":"http:\/\/heidysandovalruiz.com\/?p=1776"},"modified":"2015-02-26T23:36:31","modified_gmt":"2015-02-26T23:36:31","slug":"la-cara-amiga-de-arturo-xicay","status":"publish","type":"post","link":"https:\/\/heidysandovalruiz.com\/?p=1776","title":{"rendered":"La cara amiga de \u00abArturo Xicay\u00bb"},"content":{"rendered":"<p style=\"text-align: justify;\"><span style=\"color: #003366;\">Me complace en presentar en esta ocasi\u00f3n en \u201c<b>La cara amiga de los invitados de Heidy<\/b>\u201d a uno de esos artistas que a pesar de ser peque\u00f1o de estatura es un gigante en el escenario, su nombre \u201c<b>Arturo Xicay<\/b>\u201d quien desde hace m\u00e1s de 25 a\u00f1os ha trabajado incansablemente para tener un lugar en el gusto de su p\u00fablico.\u00a0 Originario de Cantel, Quetzaltenango este extraordinario m\u00fasico hoy nos contar\u00e1 su historia.\u00a0 Adem\u00e1s, celebramos con \u00e9l nuestras primeras 100 entrevistas!!!<\/span><\/p>\n<p style=\"text-align: justify;\"><span style=\"color: #003366;\">Doy la bienvenida a mi querid\u00edsimo amigo Arturito a este espacio donde se puede decir lo que se quiere y en otros medios no se puede.\u00a0<\/span><\/p>\n<p style=\"text-align: justify;\"><span style=\"color: #003366;\">He entrevistado muchas veces a nuestro invitado y esta es la primera vez que lo hago para este espacio que el pasado mes de junio celebr\u00f3 su primer aniversario.<\/span><\/p>\n<p style=\"text-align: justify;\"><span style=\"color: #003366;\">Guauuu Heidita es un honor para m\u00ed compartir contigo y con los lectores mi historia y ser el n\u00famero cien, tambi\u00e9n agradecerte por este espacio que como los dem\u00e1s que has tenido son una ventana para el apoyo al arte nacional.\u00a0 Por esa raz\u00f3n muchos de nosotros te queremos, apreciamos tu trabajo y adem\u00e1s te apoyamos cuando lo necesitas.\u00a0 Y aqu\u00ed estoy para responder a todas tus inquietudes.<\/span><\/p>\n<p style=\"text-align: justify;\"><span style=\"color: #003366;\"><b>Cantel es el bello lugar que te vio nacer, \u00bfqu\u00e9 recuerdos tienes de tu ni\u00f1ez?\u00a0<\/b><\/span><span style=\"color: #003366;\">Much\u00edsimas cosas,\u00a0 pero las que m\u00e1s recuerdo son:\u00a0 las ferias, los d\u00edas de volar barriletes, despu\u00e9s del colegio a jugar trompo o cera tipacha, y lo que llevo en mi es, EL SABOR DE MI TIERRA.<\/span><\/p>\n<p style=\"text-align: justify;\"><span style=\"color: #003366;\"><b>\u00bfQui\u00e9nes de tu familia te inspiraron para iniciarte desde muy temprano en la m\u00fasica?\u00a0<\/b><\/span><span style=\"color: #003366;\">Mi pap\u00e1, aunque no fue militar, era muy estricto en su forma de ense\u00f1ar,\u00a0 estaba bien claro,\u00a0 de que sus hijos fuesen m\u00fasicos,\u00a0 con mucho esfuerzo nos compr\u00f3 una marimba profesional. Pero lamentablemente en ese a\u00f1o, muri\u00f3. (QDEP)<\/span><\/p>\n<p style=\"text-align: justify;\"><span style=\"color: #003366;\"><b>\u00bfPor qu\u00e9 te inclinas por el saxof\u00f3n y no por otro instrumento?\u00a0<\/b><\/span><span style=\"color: #003366;\">Creo que el amor hacia el saxof\u00f3n, nace en m\u00ed porque, mis t\u00edos son saxofonistas, y muy buenos, a mi paso por la Ecos Manzaneros,\u00a0 conoc\u00ed a un gran saxofonista y maestro e inspirador para m\u00ed,\u00a0 llamado RICARDO MORALES (malaria) fue quien me atisb\u00f3 la idea de ser un gran saxofonista. \u00a0 \u00a0<\/span><\/p>\n<p style=\"text-align: justify;\"><span style=\"color: #003366;\"><b><a href=\"https:\/\/heidysandovalruiz.com\/wp-content\/uploads\/2014\/08\/PrimitiveImage-1.jpg\"><img loading=\"lazy\" decoding=\"async\" class=\"size-thumbnail wp-image-1781 alignleft\" alt=\"PrimitiveImage (1)\" src=\"https:\/\/heidysandovalruiz.com\/wp-content\/uploads\/2014\/08\/PrimitiveImage-1-150x150.jpg\" width=\"150\" height=\"150\" \/><\/a>\u00bfD\u00f3nde realizas tus estudios de m\u00fasica?\u00a0<\/b><\/span><span style=\"color: #003366;\">Empec\u00e9 en mi pueblo natal, CANTEL, con mis padres y t\u00edos, para ellos la m\u00fasica es en serio. Empec\u00e9 con solfeo marimba y saxof\u00f3n,\u00a0 al pasar los a\u00f1os, llego al Conservatorio Nacional de M\u00fasica de Guatemala. Mi maestro favorito, el maestro CESAR SASO, uno de los mejores clarinetistas de Am\u00e9rica. Tambi\u00e9n fue mi maestro JORGE SARMIENTOS (Q.E.P.D.), seguidamente con mucho entusiasmo y esfuerzo, decido estudiar m\u00fasica en Venezuela. Donde soy egresado del Conservatorio Jos\u00e9 Luis Paz de la ciudad de MARACAIBO.<\/span><\/p>\n<p style=\"text-align: justify;\"><span style=\"color: #003366;\"><b>Cuando regresas de Venezuela \u00bfqu\u00e9 es lo primero que haces musicalmente?\u00a0<\/b><\/span><span style=\"color: #003366;\">Me integro al grupo musical BENNY y sus TROPICALES, por cierto BENNY es mi t\u00edo, quien fuese uno de mis primeros maestros.\u00a0 Luego con el grupo RANA, tambi\u00e9n trabaje algunos a\u00f1os en DIDECA, como asesor musical,\u00a0 y con el sue\u00f1o de grabar mi primer CD.<\/span><\/p>\n<p style=\"text-align: justify;\"><span style=\"color: #003366;\"><b>\u00bfCu\u00e1ndo compones tu primera pieza?\u00a0<\/b><\/span><span style=\"color: #003366;\">Fue en mi adolescencia, con la ECOS MANZANEROS asesorado por cierto, por el maestro GERARDO TZUL.<\/span><\/p>\n<p style=\"text-align: justify;\"><span style=\"color: #003366;\"><b>\u00bfC\u00f3mo conoces a Ren\u00e9 Piril y c\u00f3mo surge la idea de grabar tu primer disco?\u00a0<\/b><\/span><span style=\"color: #003366;\">Mi primera producci\u00f3n musical, lo hice en otro sello disquero, que por cierto las palabras del director general fueron\u2026 \u00a1a quien le vamos a vender esa m\u2026\u2026.!!!! me llen\u00e9 de m\u00e1s fuerzas para seguir tocando puertas, y luchando por mis sue\u00f1os.\u00a0 Un d\u00eda el se\u00f1or FIDEL FUNES, me invit\u00f3 a grabar con \u00e9l, y fue precisamente en VYPRO, no desaprovech\u00e9 la ocasi\u00f3n, y le present\u00e9 la idea al se\u00f1or REN\u00c9 PIRIl, (que DIOS lo tengo en su gloria) le gust\u00f3, y a su vez, el ten\u00eda los temas adecuados para la segunda producci\u00f3n musical de ARTURO\u00a0 XICAY llamada XANDOR.\u00a0<\/span><\/p>\n<p><span style=\"color: #003366;\"><a href=\"https:\/\/heidysandovalruiz.com\/wp-content\/uploads\/2014\/08\/xicayff.jpg\"><img loading=\"lazy\" decoding=\"async\" class=\"size-thumbnail wp-image-1782 alignright\" alt=\"xicayff\" src=\"https:\/\/heidysandovalruiz.com\/wp-content\/uploads\/2014\/08\/xicayff-150x150.jpg\" width=\"150\" height=\"150\" \/><\/a><\/span><\/p>\n<p style=\"text-align: justify;\"><span style=\"color: #003366;\"><b>\u00bfCu\u00e1ntos discos has grabado a la fecha?\u00a0<\/b><\/span><span style=\"color: #003366;\">A la fecha van 13 producciones musicales,\u00a0 me siento muy alagado por la aceptaci\u00f3n de cada CD. Soy bendecido.<\/span><\/p>\n<p style=\"text-align: justify;\"><span style=\"color: #003366;\"><b>En tus grabaciones compartes con excelentes m\u00fasicos \u00bfqui\u00e9nes te han apoyado?\u00a0<\/b><\/span><span style=\"color: #003366;\">La gran mayor\u00eda de m\u00fasicos, cantantes, compositores nacionales, han estado a mi lado, poniendo alma coraz\u00f3n y talento en cada tema, de los extranjeros que recuerdo fueron: JORGE GOMEZ (pianista)\u00a0 BOB PORTER (trompetista) JAVIER BODE (cantante) RAQUEL RIVAS (cantante) ERNESTO NU\u00d1EZ (trompetista) PEDRO VARGAS (arreglista)\u00a0\u00a0 entre otros.<\/span><\/p>\n<p style=\"text-align: justify;\"><span style=\"color: #003366;\"><b>\u00bfCon qu\u00e9 artistas internacionales has compartido el escenario?\u00a0<\/b><\/span><span style=\"color: #003366;\">Con varios, pero a los que llevo un grato recuerdo de ellos son: ROCIO DURCAL y a FRANCISCO CESPEDES.<\/span><\/p>\n<p style=\"text-align: justify;\"><span style=\"color: #003366;\"><b>\u00bfCu\u00e1ntas horas ha durado el concierto m\u00e1s largo de Arturo Xicay?\u00a0<\/b><\/span><span style=\"color: #003366;\">Creo que fueron 10 horas seguidas, fue en una boda en la ciudad\u00a0 de TEC\u00daN UMAN. Maravilloso e inolvidable.<\/span><\/p>\n<p style=\"text-align: justify;\"><span style=\"color: #003366;\"><b>T\u00fa me has sorprendido siempre, pues cada vez que te he invitado a la \u201cGala de la Canci\u00f3n Guatemalteca\u201d has innovado, crees que esos cambios le gustan a tus seguidores?\u00a0<\/b><\/span><span style=\"color: #003366;\">Por supuesto, todo artista debe renovarse cada cierto tiempo, es parte del crecimiento musical.<\/span><\/p>\n<p style=\"text-align: justify;\"><b style=\"color: #003366;\">Cuando interpretas el saxof\u00f3n ante un p\u00fablico, \u00bfqu\u00e9 sientes en ese momento?\u00a0<\/b><span style=\"color: #003366;\">Maripositas en el est\u00f3mago, como adolecente enamorado, pero sin poder hablarle a la chica.. que rico, es el eco de las buenas vibras del p\u00fablico hacia el artista, que afortunado soy\u2026.!!!!!!<\/span><\/p>\n<p style=\"text-align: justify;\"><span style=\"color: #003366;\"><b>Desde tu punto de vista \u00bfc\u00f3mo ves la periodicidad de tus conciertos comparados con una d\u00e9cada atr\u00e1s?\u00a0<\/b><\/span><span style=\"color: #003366;\">Nos hemos mantenido con el mismo nivel o quiz\u00e1s un poco m\u00e1s, porque hoy d\u00eda, tengo m\u00e1s experiencia esc\u00e9nica, mas madurez musical, y lo m\u00e1s importante, versatilidad a la hora de tocar el saxof\u00f3n,\u00a0 que maravilla!!!!!<\/span><\/p>\n<p style=\"text-align: justify;\"><span style=\"color: #003366;\"><b><a href=\"https:\/\/heidysandovalruiz.com\/wp-content\/uploads\/2014\/08\/PrimitiveImage.jpg\"><img loading=\"lazy\" decoding=\"async\" class=\"size-thumbnail wp-image-1783 alignright\" alt=\"PrimitiveImage\" src=\"https:\/\/heidysandovalruiz.com\/wp-content\/uploads\/2014\/08\/PrimitiveImage-150x150.jpg\" width=\"150\" height=\"150\" \/><\/a>\u00bfCrees que el Ministerio de Cultura apoya el arte?\u00a0<\/b><\/span><span style=\"color: #003366;\">Solo en ciertos sectores, creo que deber\u00eda ahondar m\u00e1s en las leyes de difusi\u00f3n propagaci\u00f3n y protecci\u00f3n\u00a0 a\u00a0 los artistas nacionales,\u00a0 porque si es bien sabido que en el territorio nacional, las emisoras radiales y televisivas ponen el 95 % de m\u00fasica extranjera, y el 5% la nacional. Creo que no tenemos identidad cultural, vivimos en GUATEMALA pero no escuchamos lo que hace el talento nacional.\u00a0<\/span><\/p>\n<p style=\"text-align: justify;\"><span style=\"color: #003366;\"><b>\u00bfCrees que los medios de comunicaci\u00f3n han apoyado tu carrera?\u00a0<\/b><\/span><span style=\"color: #003366;\">Si en su momento, fue una \u00e9poca de mucha difusi\u00f3n para mi m\u00fasica, creo que fue justo en el momento en que ten\u00eda que pasar.<\/span><\/p>\n<p style=\"text-align: justify;\"><span style=\"color: #003366;\"><b>Tus hijos son m\u00fasicos \u00bfc\u00f3mo logran reunirse para hacer un grupo?\u00a0<\/b><\/span><span style=\"color: #003366;\">Si tengo dos talentosos artistas, uno baterista, y el otro compositor y guitarrista.\u00a0 Es muy dif\u00edcil de reunirnos porque ellos no viven en GUATEMALA.<\/span><\/p>\n<p style=\"text-align: justify;\"><span style=\"color: #003366;\"><b>\u00bfQu\u00e9 reconocimientos has recibido por tu trayectoria?\u00a0<\/b><\/span><span style=\"color: #003366;\">Varios, el que me lleno de mucho orgullo fue el del Ayuntamiento de la Ciudad de BOSTON, donde fui reconocido como visitante distinguido,\u00a0 por el congresista FELIX ARROYO, que lindo, verdad?<\/span><\/p>\n<p style=\"text-align: justify;\"><span style=\"color: #003366;\">Pues mira Arturito no sab\u00edamos de este reconocimiento pero sabes que nos alegramos mucho por ti.<\/span><\/p>\n<p style=\"text-align: justify;\"><span style=\"color: #003366;\"><b>A prop\u00f3sito nunca te he visto enojado \u00bfte enojas con frecuencia?\u00a0<\/b><\/span><span style=\"color: #003366;\">Claro, pero solo conmigo mismo, y muchas veces hasta me dejo de hablar\u2026\u2026jajajajajaja<\/span><\/p>\n<p style=\"text-align: justify;\"><span style=\"color: #003366;\">Aprovecho este espacio para darte las gracias por apoyarnos siempre cuando se te ha pedido tu participaci\u00f3n en la \u201cGala de la Canci\u00f3n Guatemalteca\u201d<\/span><\/p>\n<p style=\"text-align: justify;\"><span style=\"color: #003366;\"><b>Puedes enviar un mensaje a quienes leen \u201cLas entrevistas de Heidy\u201d:\u00a0<\/b><\/span><span style=\"color: #003366;\">Por supuesto, tratemos de ser mejores ciudadanos,\u00a0 para que este bello pa\u00eds tenga identidad cultural y musical. Que se acabe la burocracia la corrupci\u00f3n. Y no seamos una \u201dcubeta de cangrejos\u201d, mejor seamos como \u201clas hormigas\u201d, trabajemos en conjunto, de la mano, y hacer de esta naci\u00f3n un para\u00edso, con valores.<\/span><\/p>\n<p style=\"text-align: justify;\"><span style=\"color: #003366;\">Hoy conocimos la historia de un extraordinario ser humano, m\u00fasico y quetzalteco, por lo que te agradezco Arturito el haber compartido con nuestros seguidores esta interesante historia.<\/span><\/p>\n<p style=\"text-align: justify;\"><span style=\"color: #003366;\">Les invitamos para que se unan al grupo de \u00ab<b>Artistas de Guatemala para el Mundo<\/b>\u00bb en este link<b>\u00a0<\/b><\/span><a href=\"http:\/\/on.fb.me\/1sn2wSf\"><b>http:\/\/on.fb.me\/1sn2wSf<\/b><\/a>,\u00a0<span style=\"color: #003366;\">el cual tiene como prop\u00f3sito compartir videos, fotos, an\u00e9cdotas y todo lo de nuestros artistas en las diferentes d\u00e9cadas.<\/span><b><\/b><\/p>\n<p><iframe loading=\"lazy\" src=\"https:\/\/www.youtube.com\/embed\/Dm6E2vGXXEM\" height=\"315\" width=\"420\" allowfullscreen=\"\" frameborder=\"0\"><\/iframe><\/p>\n<p><iframe loading=\"lazy\" src=\"https:\/\/www.youtube.com\/embed\/xeDTDxDhLvU\" height=\"315\" width=\"420\" allowfullscreen=\"\" frameborder=\"0\"><\/iframe><\/p>\n<p><span style=\"color: #003366;\"><strong>Las entrevistas las pueden leer en los siguientes links:<\/strong><\/span><\/p>\n<p><a href=\"http:\/\/lasentrevistasdeheidy.blogspot.com\">http:\/\/lasentrevistasdeheidy.blogspot.com<\/a><\/p>\n<p><a href=\"https:\/\/www.facebook.com\/pages\/Los-invitados-de-Heidy\/892159284204965?ref=hl\">https:\/\/www.facebook.com\/pages\/Los-invitados-de-Heidy\/892159284204965?ref=hl<\/a><\/p>\n<p style=\"text-align: justify;\"><span style=\"color: #003366;\">\u00a0<\/span><\/p>\n<p style=\"text-align: justify;\"><span style=\"color: #003366;\">\u00a0<\/span><\/p>\n<p style=\"text-align: justify;\"><span style=\"color: #003366;\"><b>Entrevista realizada por Heidy Sandoval Ruiz<\/b><\/span><\/p>\n","protected":false},"excerpt":{"rendered":"<div class=\"mh-excerpt\"><p>Me complace en presentar en esta ocasi\u00f3n en \u201cLa cara amiga de los invitados de Heidy\u201d a uno de esos artistas que a pesar de <a class=\"mh-excerpt-more\" href=\"https:\/\/heidysandovalruiz.com\/?p=1776\" title=\"La cara amiga de \u00abArturo Xicay\u00bb\">[&#8230;]<\/a><\/p>\n<\/div>","protected":false},"author":4,"featured_media":1779,"comment_status":"closed","ping_status":"closed","sticky":false,"template":"","format":"standard","meta":{"footnotes":""},"categories":[16],"tags":[155],"class_list":["post-1776","post","type-post","status-publish","format-standard","has-post-thumbnail","hentry","category-la-cara-amiga","tag-la-cara-amiga-de-arturo-xicay"],"_links":{"self":[{"href":"https:\/\/heidysandovalruiz.com\/index.php?rest_route=\/wp\/v2\/posts\/1776","targetHints":{"allow":["GET"]}}],"collection":[{"href":"https:\/\/heidysandovalruiz.com\/index.php?rest_route=\/wp\/v2\/posts"}],"about":[{"href":"https:\/\/heidysandovalruiz.com\/index.php?rest_route=\/wp\/v2\/types\/post"}],"author":[{"embeddable":true,"href":"https:\/\/heidysandovalruiz.com\/index.php?rest_route=\/wp\/v2\/users\/4"}],"replies":[{"embeddable":true,"href":"https:\/\/heidysandovalruiz.com\/index.php?rest_route=%2Fwp%2Fv2%2Fcomments&post=1776"}],"version-history":[{"count":7,"href":"https:\/\/heidysandovalruiz.com\/index.php?rest_route=\/wp\/v2\/posts\/1776\/revisions"}],"predecessor-version":[{"id":2465,"href":"https:\/\/heidysandovalruiz.com\/index.php?rest_route=\/wp\/v2\/posts\/1776\/revisions\/2465"}],"wp:featuredmedia":[{"embeddable":true,"href":"https:\/\/heidysandovalruiz.com\/index.php?rest_route=\/wp\/v2\/media\/1779"}],"wp:attachment":[{"href":"https:\/\/heidysandovalruiz.com\/index.php?rest_route=%2Fwp%2Fv2%2Fmedia&parent=1776"}],"wp:term":[{"taxonomy":"category","embeddable":true,"href":"https:\/\/heidysandovalruiz.com\/index.php?rest_route=%2Fwp%2Fv2%2Fcategories&post=1776"},{"taxonomy":"post_tag","embeddable":true,"href":"https:\/\/heidysandovalruiz.com\/index.php?rest_route=%2Fwp%2Fv2%2Ftags&post=1776"}],"curies":[{"name":"wp","href":"https:\/\/api.w.org\/{rel}","templated":true}]}}