{"id":1795,"date":"2014-08-13T22:51:55","date_gmt":"2014-08-13T22:51:55","guid":{"rendered":"http:\/\/heidysandovalruiz.com\/?p=1795"},"modified":"2014-08-13T23:06:28","modified_gmt":"2014-08-13T23:06:28","slug":"la-cara-amiga-de-luis-roman","status":"publish","type":"post","link":"https:\/\/heidysandovalruiz.com\/?p=1795","title":{"rendered":"La cara amiga de \u00abLuis Rom\u00e1n\u00bb"},"content":{"rendered":"<p style=\"text-align: justify;\"><span style=\"color: #000080;\">\u201c<b>La cara amiga de los invitados de Heidy<\/b>\u201d presenta en esta fecha especial a un actor y director de teatro.\u00a0 M\u00e9dico y Cirujano y adem\u00e1s\u00a0ganador de la medalla al artista revelaci\u00f3n otorgada por la Sociedad Dante Alighieri.\u00a0 Nuestro invitado es <b>Luis Rom\u00e1n<\/b> quien por cierto hoy exactamente celebra su cumplea\u00f1os y nos unimos a los saludos que recibir\u00e1 en este d\u00eda especial.<\/span><\/p>\n<p style=\"text-align: justify;\"><span style=\"color: #000080;\">Doy la bienvenida a este espacio, donde se puede decir lo que se quiere y lo que en otros medios no se puede <b>Luis Rom\u00e1n<\/b> para que comparta algo de su historia, sus logros, sus sue\u00f1os y sus \u00e9xitos.<\/span><\/p>\n<p style=\"text-align: justify;\"><span style=\"color: #000080;\"><b>El arte lo traes en las venas \u00bfA qu\u00e9 edad realizas tu primera personificaci\u00f3n?<\/b><\/span><\/p>\n<p style=\"text-align: justify;\"><span style=\"color: #000080;\">Bueno yo desde peque\u00f1o tengo el gusto y la pasi\u00f3n por el arte dram\u00e1tico, mi primer personaje de colegio fue a los 4 a\u00f1os.\u00a0 Pero ya a nivel profesional fue a los 17 a\u00f1os que realic\u00e9 mi primer personaje.<\/span><\/p>\n<p style=\"text-align: justify;\"><span style=\"color: #000080;\"><b>\u00bfC\u00f3mo recuerdas tu etapa de estudiante y que quer\u00edas participar en obras de teatro?<\/b><\/span><\/p>\n<p style=\"text-align: justify;\"><span style=\"color: #000080;\">Mi etapa como estudiante fue algo muy especial viv\u00ed fuertes experiencias, en los 4 colegios en los que estuve, pero el denominador com\u00fan fue que siempre estuve presente en todos los actos culturales de los establecimientos educativos, en donde estuve bailando, actuando, cantando.\u00a0 Me volv\u00ed parte importante de los programas de los colegios.<\/span><\/p>\n<p style=\"text-align: justify;\"><span style=\"color: #000080;\"><b>Pero el arte va ligado a la medicina \u00bfCu\u00e9ntanos como lograste combinar tu carrera con el arte?<\/b><\/span><\/p>\n<p style=\"text-align: justify;\"><span style=\"color: #000080;\"><a href=\"https:\/\/heidysandovalruiz.com\/wp-content\/uploads\/2014\/08\/luis6.jpg\"><img loading=\"lazy\" decoding=\"async\" class=\"size-thumbnail wp-image-1798 alignleft\" alt=\"luis6\" src=\"https:\/\/heidysandovalruiz.com\/wp-content\/uploads\/2014\/08\/luis6-150x150.jpg\" width=\"150\" height=\"150\" \/><\/a>Esta pregunta ha sido importante en mi vida, porque no todo el mundo comprende que dos carreras tan diferentes se puedan conjugar en un mismo individuo.\u00a0 Fue algo complicado, pero no imposible de realizar, desde que tengo raz\u00f3n, las dos carreras me apasionaban, el arte dram\u00e1tico lo inici\u00e9 desde peque\u00f1o, y fue ya cuando llegu\u00e9 a la adolescencia que decid\u00ed formalmente estudiar medicina, sabiendo que se me podr\u00eda complicar hacer obras de teatro.\u00a0 Nunca dej\u00e9 de hacer teatro durante los 6 a\u00f1os de la carrera que estuve en la USAC.\u00a0<\/span><\/p>\n<p style=\"text-align: justify;\"><span style=\"color: #000080;\">En los a\u00f1os que estuve realizando las pr\u00e1cticas hospitalarias, \u00a0realic\u00e9 obras de teatro como director, los ensayos los hac\u00eda despu\u00e9s del turno y d\u00edas que sal\u00eda temprano del\u00a0 hospital, \u00a0mis amigos me apoyaron mucho.\u00a0 As\u00ed que mi nombre siempre estuvo en cartelera durante esos tres a\u00f1os, como director teatral.\u00a0 Lo pude llevar bien, es algo de lo que no me arrepiento, sigo combin\u00e1ndolas, porque me desarrollo como m\u00e9dico y\u00a0 artista teatral en la actualidad.<\/span><\/p>\n<p style=\"text-align: justify;\"><b style=\"color: #000080;\">\u00bfEn qu\u00e9 escuela de teatro realizas tus estudios y de que \u00e9poca hablamos?<\/b><\/p>\n<p style=\"text-align: justify;\"><span style=\"color: #000080;\">Yo inici\u00e9 estudios profesionales a los 17 a\u00f1os, en la desaparecida escuela Epidauro 2000, esto fue en el a\u00f1o 1995. Despu\u00e9s de varios a\u00f1os tuve la oportunidad de obtener la Licenciatura en Arte Dram\u00e1tico especializado en Direcci\u00f3n de la Universidad San Carlos de Guatemala en el 2010<\/span><\/p>\n<p><span style=\"color: #000080;\"><b>\u00bfQui\u00e9nes fueron tus maestros?<a href=\"https:\/\/heidysandovalruiz.com\/wp-content\/uploads\/2014\/08\/luis7.jpg\"><img loading=\"lazy\" decoding=\"async\" class=\"size-thumbnail wp-image-1799 alignright\" alt=\"luis7\" src=\"https:\/\/heidysandovalruiz.com\/wp-content\/uploads\/2014\/08\/luis7-150x150.jpg\" width=\"150\" height=\"150\" \/><\/a><\/b><\/span><\/p>\n<p style=\"text-align: justify;\"><span style=\"color: #000080;\">Mira puedo decir que he tenido maestros que la vida me ha presentando a lo largo de mi trayectoria, que no han sido formalmente maestros m\u00edos de colegio o escuela, sino de vida, porque me han ense\u00f1ado lo apasionante del arte dram\u00e1tico teatral, Alfredo Porras Smith, Xavier Pacheco, Joam Solo, Rub\u00e9n N\u00e1jera, son personalidades que me han hecho el artista que soy.<\/span><\/p>\n<p style=\"text-align: justify;\"><span style=\"color: #000080;\"><b>Profesionalmente \u00bfcu\u00e1l fue tu primera obra de teatro?<\/b><\/span><\/p>\n<p style=\"text-align: justify;\"><span style=\"color: #000080;\">Fui el pr\u00edncipe de Cenicienta en una producci\u00f3n de Ana Mar\u00eda Bravo, para el Teatro del IGA, una de las mejores experiencias de mi vida.<\/span><\/p>\n<p style=\"text-align: justify;\"><span style=\"color: #000080;\"><b>\u00bfAlguna vez has sentido nervios al subir a escena?<\/b><\/span><\/p>\n<p style=\"text-align: justify;\"><span style=\"color: #000080;\">Los nervios o la sensaci\u00f3n de las mariposas en mi est\u00f3mago la siento cada vez que me voy a subir a un escenario, creo que esto lo hace m\u00e1s atractivo y me da el impulso para hacer bien mi trabajo.\u00a0 Me encanta esa sensaci\u00f3n y poderla controlar.<\/span><\/p>\n<p style=\"text-align: justify;\"><span style=\"color: #000080;\"><b>\u00bfCu\u00e1l ha sido el trabajo m\u00e1s complicado que has realizado?<\/b><\/span><\/p>\n<p style=\"text-align: justify;\"><span style=\"color: #000080;\">Realizar un mon\u00f3logo ha sido mi trabajo actoral m\u00e1s complicado en tiempo, encontrar el personaje y adem\u00e1s que me encantara el mismo.\u00a0 \u201cHistorias para la Hora del Ba\u00f1o\u201d, ha sido el reto personal m\u00e1s grande que he tenido, fue una producci\u00f3n de Thriambos para el Teatro de C\u00e1mara del Centro Cultural Miguel \u00c1ngel Asturias en el a\u00f1o 2004.\u00a0 Y en una producci\u00f3n como director el realizar \u201cLa Dama del Alba\u201d en el a\u00f1o 2012 ha sido una gran experiencia, para Soloteatro.<\/span><\/p>\n<p style=\"text-align: justify;\"><span style=\"color: #000080;\"><b>\u00bfCon qu\u00e9 actores y actrices has trabajado?<\/b><\/span><\/p>\n<p style=\"text-align: justify;\"><span style=\"color: #000080;\">Afortunadamente he podido compartir con muchos de los que admiro y respeto, y a la vez hago proyectos para poder trabajar directamente con ellos.\u00a0 Te mencionar\u00e9 algunos como Mar\u00eda Teresa Mart\u00ednez, Xavier Pacheco, Alfredo Porras, Patricia Orantes, Guillermo Monsanto, Nelly Castillo, Daneri Gudiel, M\u00f3nica S\u00e1nchez, Ana Mar\u00eda Bravo, Gretchen Barneond, Bitty Herrera, Jorge Hern\u00e1ndez Vielman, Joam Solo, Gustavo Santos, Pablo Iriarte, Ana Lilian Silva, Flor Rivera, Roberto D\u00edaz Gomar, Vivian S\u00e1nchez, Karen de la Rosa, Rodolfo Romero, Odeth Alvarado, Rochy Arce, Brenda Rodr\u00edguez, Fernando Mencos, Milton Gonz\u00e1lez, Willian Garc\u00eda Silva, entre otros.\u00a0 S\u00e9 que se me olvidaron m\u00e1s y desde ya lo siento si no los mencion\u00e9.<\/span><\/p>\n<p><span style=\"color: #000080;\"><b><a href=\"https:\/\/heidysandovalruiz.com\/wp-content\/uploads\/2014\/08\/luis11.jpg\"><img loading=\"lazy\" decoding=\"async\" class=\"size-thumbnail wp-image-1800 alignleft\" alt=\"luis11\" src=\"https:\/\/heidysandovalruiz.com\/wp-content\/uploads\/2014\/08\/luis11-150x150.jpg\" width=\"150\" height=\"150\" \/><\/a>\u00bfHas hecho teatro musical?<\/b><\/span><\/p>\n<p style=\"text-align: justify;\"><span style=\"color: #000080;\">Formalmente no, dentro de mis producciones teatrales principalmente las familiares he puesto personajes que cantan, y ah\u00ed he estado yo cantando en varias puestas en escenas, pero en un musical real, todav\u00eda no.<\/span><\/p>\n<p style=\"text-align: justify;\"><span style=\"color: #000080;\"><b>A prop\u00f3sito \u00bfCu\u00e1les son las obras para adultos en las que has participado?<\/b><\/span><\/p>\n<p style=\"text-align: justify;\"><span style=\"color: #000080;\">Puedo mencionar las siguientes:<\/span><\/p>\n<p style=\"text-align: justify;\"><span style=\"color: #000080;\">La Mandr\u00e1gora, Cr\u00f3nicas de Hamlin, Mata a tu pr\u00f3jimo como a ti mismo, Historias para la hora del ba\u00f1o, Don Juan Tenorio, Delito en la isla de las cabras, Deseo bajo los Olmos, H\u00e9roes Ausentes, Camila, Cardenio, Tartufo, Todos los loros se llaman igual, \u00a0La Dama del Alba, La Cantante Calva, Como Perros y Gatos, Tengamos Sexo en Paz, El Desvar\u00edo entre otras.<b><\/b><\/span><\/p>\n<p style=\"text-align: justify;\"><span style=\"color: #000080;\"><b>\u00bfHay alg\u00fan personaje del teatro que ya haya fallecido y que extra\u00f1es?<\/b><\/span><\/p>\n<p style=\"text-align: justify;\"><span style=\"color: #000080;\">Si.\u00a0 Un actor que fue mi amigo y que me ayudo mucho en mi carrera, Jos\u00e9 Alfredo Chang Lou.\u00a0 Excelente actor y core\u00f3grafo.<\/span><\/p>\n<p style=\"text-align: justify;\"><span style=\"color: #000080;\"><b>\u00bfQu\u00e9 reconocimientos has recibido?<\/b><\/span><\/p>\n<p style=\"text-align: justify;\"><span style=\"color: #000080;\">Bueno recib\u00ed la medalla Danthe Alighieri como mejor actor en el a\u00f1o 1999.\u00a0 Menci\u00f3n Honorifica como mejor director por la Dama del Alba a\u00f1os 2012.<\/span><\/p>\n<p style=\"text-align: justify;\"><span style=\"color: #000080;\"><b>\u00bfAlguna vez has realizado un mon\u00f3logo?<\/b><\/span><\/p>\n<p style=\"text-align: justify;\"><span style=\"color: #000080;\">Si.\u00a0 Historias para la hora del ba\u00f1o,\u00a0 a\u00f1o 2004.<\/span><\/p>\n<p><span style=\"color: #000080;\"><b>\u00bfCu\u00e1l crees que es el mayor \u00e9xito que has tenido hasta hoy?<a href=\"https:\/\/heidysandovalruiz.com\/wp-content\/uploads\/2014\/08\/luis5.jpg\"><img loading=\"lazy\" decoding=\"async\" class=\"size-thumbnail wp-image-1801 alignright\" alt=\"luis5\" src=\"https:\/\/heidysandovalruiz.com\/wp-content\/uploads\/2014\/08\/luis5-150x150.jpg\" width=\"150\" height=\"150\" \/><\/a><\/b><\/span><\/p>\n<p style=\"text-align: justify;\"><span style=\"color: #000080;\">Uy hablar de \u00e9xito es muy grande, muchos lo miden por el dinero que se gana, otros por el reconocimiento del p\u00fablico.\u00a0 Mi \u00e9xito lo veo reflejado cada vez que realizo un trabajo teatral, ya sea como actor, director o productor, porque para m\u00ed es fuerte hacer una obra de teatro, un gran reto, que no solo yo podr\u00e9 apreciar, sino el p\u00fablico que ya me sigue.\u00a0 As\u00ed que ese es mi gran \u00c9XITO. \u00a0Que el p\u00fablico sea mucho o poco aprecia mi trabajo.<\/span><\/p>\n<p style=\"text-align: justify;\"><b style=\"color: #000080;\">\u00bfQu\u00e9 opini\u00f3n te merece las nuevas generaciones de actores?<\/b><\/p>\n<p style=\"text-align: justify;\"><span style=\"color: #000080;\">Soy un ferviente creyente que las nuevas generaciones vienen con mucha fuerza, se que tienen la pasi\u00f3n, entrega, se preparan que eso es importante para cualquier artista. Pero tambi\u00e9n creo en la humildad del artista.\u00a0 Un actor que no tiene humildad, aunque tenga el gran talento, no llega a los corazones de su p\u00fablico.<\/span><\/p>\n<p style=\"text-align: justify;\"><span style=\"color: #000080;\"><b>\u00bfC\u00f3mo ves el teatro guatemalteco en la actualidad?<\/b><\/span><\/p>\n<p style=\"text-align: justify;\"><span style=\"color: #000080;\">Mira realmente hay muchos grupos dedicados a realizar un buen teatro, lo lamentable es que hay poca difusi\u00f3n, promoci\u00f3n de los mismos en medios escritos, radios y televisi\u00f3n.\u00a0 Cuesta mucho conseguir una entrevista en los medios, hay que tener alguien conocido, porque de lo contrario no es f\u00e1cil el apoyo.\u00a0 Son muy contados los que son neutrales y apoyan sin ning\u00fan inconveniente.\u00a0 Y esto muchas veces perjudica a grandes espect\u00e1culos pero que desafortunadamente no hay p\u00fablico para ellos.\u00a0 Estoy convencido que somos muchos teatreros que esperan que Guatemala apoye mas su teatro.<\/span><\/p>\n<p style=\"text-align: justify;\"><span style=\"color: #000080;\"><b>\u00bfQu\u00e9 te falta hacer dentro de tu profesi\u00f3n como actor?<\/b><\/span><\/p>\n<p style=\"text-align: justify;\"><span style=\"color: #000080;\">Creo que lo que me hace falta por hacer como actor, son dos cosas que deseo mucho, trabajar en un musical, y realizar mi personaje so\u00f1ado que es YAGO de Otelo, de William Shakespeare.\u00a0 Espero alg\u00fan d\u00eda poder hacerlo.<\/span><\/p>\n<p><span style=\"color: #000080;\"><b><a href=\"https:\/\/heidysandovalruiz.com\/wp-content\/uploads\/2014\/08\/luis12.jpg\"><img loading=\"lazy\" decoding=\"async\" class=\"size-thumbnail wp-image-1803 alignleft\" alt=\"luis12\" src=\"https:\/\/heidysandovalruiz.com\/wp-content\/uploads\/2014\/08\/luis12-150x150.jpg\" width=\"150\" height=\"150\" \/><\/a>\u00bfDesde cu\u00e1ndo eres el director del Estudio de Teatro Thriambos?<\/b><\/span><\/p>\n<p style=\"text-align: justify;\"><span style=\"color: #000080;\">Te cuento que desde el a\u00f1o 2002 naci\u00f3 Thriambos Producciones Teatrales, mi compa\u00f1\u00eda, empresa productora que a lo largo de estos 13 a\u00f1os llevamos realizando m\u00e1s de 25 obras de teatro y eso es de lo que me siento muy orgulloso.\u00a0 Derivado de mi empresa productora nace el Estudio Thriambos, con el objetivo de dar a los guatemaltecos una opci\u00f3n diferente y completa para que pudieran estudiar teatro, tanto para ni\u00f1os como para adultos, con herramientas y artes de apoyo.\u00a0<\/span><\/p>\n<p style=\"text-align: justify;\"><span style=\"color: #000080;\">No es una escuela convencional en donde solo recibes clases de actuaci\u00f3n, sino que ac\u00e1 te preparamos tanto en lo f\u00edsico como en lo te\u00f3rico.\u00a0 Apoyados de las artes de canto, baile, yoga, mimo, cine, interpretaci\u00f3n, modelaje, conducci\u00f3n, an\u00e1lisis de textos, maquillaje.\u00a0 Y este sue\u00f1o lo llevo dirigiendo desde hace 3 a\u00f1os.\u00a0 En agosto estaremos cumpliendo nuestros 13 a\u00f1os como Thriambos Producciones Teatrales, 3 a\u00f1os de Estudio Thriambos, y festejo tambi\u00e9n mi cumplea\u00f1os.\u00a0 As\u00ed que agosto es un mes muy importante para m\u00ed.<\/span><\/p>\n<p style=\"text-align: justify;\"><b style=\"color: #000080;\">\u00bfQu\u00e9 sorpresas nos tienes para estos meses del a\u00f1o?<\/b><\/p>\n<p style=\"text-align: justify;\"><span style=\"color: #000080;\">Espero en septiembre estar presentando la tercera propuesta teatral de Thriambos del a\u00f1o 2014, con la obra familiar LA RATITA PRESUMIDA, una obra escrita por m\u00ed, basada en el cuento cl\u00e1sico ya conocido por todos.\u00a0 Para los d\u00edas domingos.\u00a0 Continuar con nuestros cursos de teatro que se abren ya a partir del 23 de agosto.\u00a0 Tanto para ni\u00f1os como para adultos.<\/span><\/p>\n<p style=\"text-align: justify;\"><span style=\"color: #000080;\">Tambi\u00e9n queremos compartir que adem\u00e1s de todo esto que realiza Luis Rom\u00e1n, desde hace un a\u00f1o pertenece al grupo de m\u00fasica CLAN LATINO en donde canta y baila, este es un grupo de m\u00fasica para (fiestas, aniversarios, cumplea\u00f1os) que toca de todos los ritmos musicales. Es un grupo familiar.<\/span><\/p>\n<p style=\"text-align: justify;\"><span style=\"color: #000080;\">En esta oportunidad compartimos la historia de Luis Rom\u00e1n, un hombre emprendedor que ha logrado colocarse en un lugar muy importante dentro del teatro en Guatemala.<\/span><\/p>\n<p style=\"text-align: justify;\"><span style=\"color: #000080;\">\u00a0<strong>Las entrevistas las pueden leer en los siguientes links:<\/strong><\/span><\/p>\n<p><a href=\"http:\/\/www.heidysandovalruiz.com\/\">http:\/\/www.heidysandovalruiz.com<\/a><\/p>\n<p><a href=\"http:\/\/losinvitadosdeheidy.blogspot.com\/\">http:\/\/losinvitadosdeheidy.blogspot.com<\/a><\/p>\n<p><a href=\"https:\/\/www.facebook.com\/pages\/Los-invitados-de-Heidy\/892159284204965?ref=hl\">https:\/\/www.facebook.com\/pages\/Los-invitados-de-Heidy\/892159284204965?ref=hl<\/a><\/p>\n<p style=\"text-align: justify;\"><span style=\"color: #000080;\"><b>Entrevista realizada por Heidy Sandoval Ruiz<\/b><\/span><\/p>\n<p><b>\u00a0<\/b><\/p>\n","protected":false},"excerpt":{"rendered":"<div class=\"mh-excerpt\"><p>\u201cLa cara amiga de los invitados de Heidy\u201d presenta en esta fecha especial a un actor y director de teatro.\u00a0 M\u00e9dico y Cirujano y adem\u00e1s\u00a0ganador <a class=\"mh-excerpt-more\" href=\"https:\/\/heidysandovalruiz.com\/?p=1795\" title=\"La cara amiga de \u00abLuis Rom\u00e1n\u00bb\">[&#8230;]<\/a><\/p>\n<\/div>","protected":false},"author":4,"featured_media":1797,"comment_status":"closed","ping_status":"closed","sticky":false,"template":"","format":"standard","meta":{"footnotes":""},"categories":[16],"tags":[157],"class_list":["post-1795","post","type-post","status-publish","format-standard","has-post-thumbnail","hentry","category-la-cara-amiga","tag-la-cara-amiga-de-luis-roman"],"_links":{"self":[{"href":"https:\/\/heidysandovalruiz.com\/index.php?rest_route=\/wp\/v2\/posts\/1795","targetHints":{"allow":["GET"]}}],"collection":[{"href":"https:\/\/heidysandovalruiz.com\/index.php?rest_route=\/wp\/v2\/posts"}],"about":[{"href":"https:\/\/heidysandovalruiz.com\/index.php?rest_route=\/wp\/v2\/types\/post"}],"author":[{"embeddable":true,"href":"https:\/\/heidysandovalruiz.com\/index.php?rest_route=\/wp\/v2\/users\/4"}],"replies":[{"embeddable":true,"href":"https:\/\/heidysandovalruiz.com\/index.php?rest_route=%2Fwp%2Fv2%2Fcomments&post=1795"}],"version-history":[{"count":3,"href":"https:\/\/heidysandovalruiz.com\/index.php?rest_route=\/wp\/v2\/posts\/1795\/revisions"}],"predecessor-version":[{"id":1805,"href":"https:\/\/heidysandovalruiz.com\/index.php?rest_route=\/wp\/v2\/posts\/1795\/revisions\/1805"}],"wp:featuredmedia":[{"embeddable":true,"href":"https:\/\/heidysandovalruiz.com\/index.php?rest_route=\/wp\/v2\/media\/1797"}],"wp:attachment":[{"href":"https:\/\/heidysandovalruiz.com\/index.php?rest_route=%2Fwp%2Fv2%2Fmedia&parent=1795"}],"wp:term":[{"taxonomy":"category","embeddable":true,"href":"https:\/\/heidysandovalruiz.com\/index.php?rest_route=%2Fwp%2Fv2%2Fcategories&post=1795"},{"taxonomy":"post_tag","embeddable":true,"href":"https:\/\/heidysandovalruiz.com\/index.php?rest_route=%2Fwp%2Fv2%2Ftags&post=1795"}],"curies":[{"name":"wp","href":"https:\/\/api.w.org\/{rel}","templated":true}]}}