{"id":1837,"date":"2014-08-27T23:51:19","date_gmt":"2014-08-27T23:51:19","guid":{"rendered":"http:\/\/heidysandovalruiz.com\/?p=1837"},"modified":"2014-08-28T00:22:04","modified_gmt":"2014-08-28T00:22:04","slug":"lo-que-se-debe-conocer-de-la-aei","status":"publish","type":"post","link":"https:\/\/heidysandovalruiz.com\/?p=1837","title":{"rendered":"Lo que se debe conocer de la -AEI-"},"content":{"rendered":"<div>\n<p style=\"text-align: justify;\"><span style=\"color: #003366;\"><span style=\"font-family: Arial, sans-serif;\">Recientemente el compositor mexicano Armando Manzanero\u00a0<\/span><span style=\"font-family: Arial, sans-serif;\">Presidente de la Sociedad de Autores y Compositores de M\u00e9xico\u00a0-SACM,\u00a0<\/span><span style=\"font-family: Arial, sans-serif;\">visit\u00f3 el Congreso de la Rep\u00fablica poniendo en primeras planas \u2013otra vez- el tema de derecho de autor en Guatemala que \u00faltimamente se ha visto sacudida por varios esc\u00e1ndalos donde el factor principal ha sido este.<\/span><\/span><\/p>\n<\/div>\n<div style=\"text-align: justify;\">\n<p><span style=\"color: #003366;\"><span style=\"font-family: Arial, sans-serif;\">Vemos que a un candidato a la presidencia se le acusa de plagio y hay pocas leyes para actuar contra estas acciones.\u00a0 Tambi\u00e9n vemos que en varias partes del mundo las leyes de derecho de autor en lo referente a la m\u00fasica, se est\u00e1n poniendo un poco sino dir\u00edamos que mucho muy duras, donde\u00a0\u00a0<\/span><span style=\"font-family: Arial, sans-serif;\">la propiedad intelectual de una obra literaria, art\u00edstica o cient\u00edfica corresponde al autor por el solo hecho de su creaci\u00f3n.<\/span><\/span><\/p>\n<\/div>\n<div style=\"text-align: justify;\">\n<p><span style=\"color: #003366;\"><span style=\"font-family: Arial, sans-serif;\">En nuestro pa\u00eds existen varias entidades que su papel por lo menos lo que indica su nombre es proteger al artista como la Asociaci\u00f3n Guatemalteca de Autores y Compositores \u2013AGAYC- y el Instituto de Previsi\u00f3n Social del Artista -IPSA-, pero lo que nos interesa y ocupa en estos momentos es la creaci\u00f3n en el a\u00f1o 2007 de la\u00a0<\/span><span style=\"font-family: Arial, sans-serif;\">Asociaci\u00f3n de Autores, Editores e Int\u00e9rpretes de Guatemala, -AEI- y para que conozcamos \u00a0las funciones y el que hacer de esta entidad, nos hemos avocado con su presidente \u00a0el artista \u00c1lvaro Aguilar quien amablemente accedi\u00f3 a responder a nuestras inquietudes.<\/span><\/span><\/p>\n<\/div>\n<div style=\"text-align: justify;\">\n<p><span style=\"color: #003366;\"><b><span style=\"font-family: Arial, sans-serif;\">Conocemos de tu trabajo en varias dependencias, el cual siempre ha estado\u00a0 relacionado \u00edntimamente con el arte \u00bfqu\u00e9 te impuls\u00f3 y qui\u00e9nes te apoyaron para crear esta asociaci\u00f3n?\u00a0<\/span><\/b><\/span><\/p>\n<\/div>\n<div style=\"text-align: justify;\">\n<p><span style=\"font-family: Arial, sans-serif; color: #003366;\">Nosotros, con un grupo de personas, est\u00e1bamos por formar la asociaci\u00f3n de int\u00e9rpretes, pero al tiempo que AGAYC\u00a0 fue desaforada de CISAC e intervenida por el registro, el director de la ACAM de Costa Rica, Mario Campos, nos recomend\u00f3 como posibles gestores del derecho de autor en Guatemala. Est\u00e1bamos ya en ese entonces Margarita de C\u00e1ceres y un servidor dentro del grupo.<b>\u00a0<\/b>Actualmente,<b>\u00a0<\/b>tenemos delegados en cada departamento y somos aprox. 13 elementos en la oficina.<b><\/b><\/span><\/p>\n<\/div>\n<div style=\"text-align: justify;\">\n<p><span style=\"color: #003366;\"><b><span style=\"font-family: Arial, sans-serif;\">Hay muchas personas que todav\u00eda no conocen muy bien cu\u00e1les son las funciones de la AEI, nos puedes explicar en que se basa su trabajo?<\/span><\/b><\/span><\/p>\n<\/div>\n<div style=\"text-align: justify;\">\n<p><span style=\"font-family: Arial, sans-serif; color: #003366;\">AEI se ocupa de recaudar el pago de derecho de autor en todos aquellos negocios que utilicen m\u00fasica como parte del giro de su negocio. Se les cobra una cuota muy baja y siempre es proporcional a la cantidad de gente que disfruta de la m\u00fasica. Por ejemplo, un bar puede pagar aprox Q240 al mes. As\u00ed mismo, se protegen las obras de nuestros asociados, y a los socios chapines, se les provee de dentista, m\u00e9dico general, seguro funerario, y estamos dando los diplomados de m\u00fasica. Estos son cursos de superaci\u00f3n personal en coordinaci\u00f3n con la escuela de comunicaci\u00f3n de la Universidad de San Carlos. Se les imparten conocimientos de producci\u00f3n, mercadeo electr\u00f3nico, armon\u00eda, taller de la canci\u00f3n, etc.<b><\/b><\/span><\/p>\n<\/div>\n<div style=\"text-align: justify;\">\n<p><span style=\"color: #003366;\"><b><span style=\"font-family: Arial, sans-serif;\">En qu\u00e9 ayuda esta \u00a0asociaci\u00f3n a los promotores de espect\u00e1culos en Guatemala o a los due\u00f1os de restaurantes y centros donde se presentan variedad de artistas?<\/span><\/b><\/span><\/p>\n<\/div>\n<div style=\"text-align: justify;\">\n<p><span style=\"color: #003366;\"><span style=\"font-family: Arial, sans-serif;\">Les ayuda a operar sin violar el Derecho de Autor lo cual\u00a0 est\u00e1 tipificado como un delito (arto. 274 del C\u00f3digo Penal) ya que el pago a AEI-Guatemala les permite utilizar m\u00fasica en sus establecimientos.<\/span><b><\/b><\/span><\/p>\n<\/div>\n<div style=\"text-align: justify;\">\n<p><span style=\"color: #003366;\"><b><span style=\"font-family: Arial, sans-serif;\">Cuenta la AEI con el respaldo de alguna asociaci\u00f3n hermana de Centroam\u00e9rica o de algunos otros pa\u00edses?<\/span><\/b><\/span><\/p>\n<\/div>\n<div style=\"text-align: justify;\">\n<p><span style=\"font-family: Arial, sans-serif; color: #003366;\">Contamos con el respaldo de 223 sociedades &#8211;\u00a0alrededor del mundo\u00a0\u2013las cuales integran la Confederaci\u00f3n de Sociedades de Autores Y Compositores, CISAC.<\/span><\/p>\n<\/div>\n<div style=\"text-align: justify;\">\n<p><span style=\"color: #003366;\"><b><span style=\"font-family: Arial, sans-serif;\">Todas las obras registradas en la AGAYC de autores guatemaltecos que ganan regal\u00edas por su trabajo como quedan con la AEI?<\/span><\/b><\/span><\/p>\n<\/div>\n<div style=\"text-align: justify;\">\n<p><span style=\"font-family: Arial, sans-serif; color: #003366;\">Tenemos muchos autores\u00a0EMIGRARON\u00a0de AGAYC, y se les pagan sus regal\u00edas,\u00a0siempre que las obras sean realmente utilizadas, lo dice a ley de derecho de autor.<\/span><\/p>\n<\/div>\n<div style=\"text-align: justify;\">\n<p><span style=\"color: #003366;\"><b><span style=\"font-family: Arial, sans-serif;\">En qu\u00e9 se diferencia la AEI a la AGAYC y al IPSA?<\/span><\/b><\/span><\/p>\n<\/div>\n<div style=\"text-align: justify;\">\n<ul>\n<li><span style=\"color: #003366;\"><b><span style=\"font-family: Arial, sans-serif;\">AEI<\/span><\/b><span style=\"font-family: Arial, sans-serif;\">\u00a0ES UNA SOCIEDAD DE GESTI\u00d3N COLECTIVA QUE ADMINISTRA UN DERECHO PRIVADO.<\/span><\/span><\/li>\n<li><span style=\"color: #003366;\"><b><span style=\"font-family: Arial, sans-serif;\">AGAYC<\/span><\/b><span style=\"font-family: Arial, sans-serif;\">\u00a0ES AHORA UNA ASOCIACI\u00d3N MUTUALISTA.<\/span><\/span><\/li>\n<li><span style=\"color: #003366;\">EL\u00a0<b>IPSA<\/b>\u00a0COBRA UN IMPUESTO, EL TIMBRE ART\u00cdSTICO<\/span><\/li>\n<\/ul>\n<p><span style=\"font-family: Arial, sans-serif; color: #003366;\">Todas somos diferentes.<\/span><\/p>\n<\/div>\n<div style=\"text-align: justify;\">\n<p><span style=\"color: #003366;\"><b><span style=\"font-family: Arial, sans-serif;\">Qu\u00e9 papel desempe\u00f1\u00f3 el se\u00f1or Armando Manzanero al presentarse en el Congreso de Guatemala, acompa\u00f1ando a los directivos de la AEI?<\/span><\/b><\/span><\/p>\n<\/div>\n<div style=\"text-align: justify;\">\n<p><span style=\"font-family: Arial, sans-serif; color: #003366;\">El de patentizar, como presidente de la\u00a0SOCIEDAD DE AUTORES Y COMPOSITORES DE MEXICO -SACM, su apoyo a nuestra sociedad, por la gesti\u00f3n realizada al momento\u00a0EN BENEFICIO DEL DERECHO DE AUTOR EN GUATEMALA\u00a0\u00a0<b><\/b><\/span><\/p>\n<\/div>\n<div style=\"text-align: justify;\">\n<p><span style=\"color: #003366;\"><b><span style=\"font-family: Arial, sans-serif;\">Desde la fundaci\u00f3n de la AEI hasta este momento que acciones se han realizado para proteger al autor guatemalteco?<\/span><\/b><\/span><\/p>\n<\/div>\n<div style=\"text-align: justify;\">\n<p><span style=\"font-family: Arial, sans-serif; color: #003366;\">Velar porque no se use el repertorio sin que exista una\u00a0AUTORIZACI\u00d3N. Repartir regal\u00edas de acuerdo a monitoreos a nuestros socios, ayuda social a los m\u00e1s necesitados, funerales a nuestros socios fallecidos, impartir conocimiento y experiencia a los m\u00e1s j\u00f3venes. Darles exposici\u00f3n a trav\u00e9s de conciertos gratuitos al p\u00fablico los que llamamos: Guatecanto.<b><\/b><\/span><\/p>\n<p><span style=\"color: #003366;\"><b><span style=\"font-family: Arial, sans-serif;\">Cuenta la AEI con el respaldo del Gobierno de Guatemala?<\/span><\/b><\/span><\/p>\n<\/div>\n<div style=\"text-align: justify;\">\n<p><span style=\"font-family: Arial, sans-serif; color: #003366;\">Solo el registro de la Propiedad Intelectual nos hace visitas de inspecci\u00f3n, pero apoyo, no.<b><\/b><\/span><\/p>\n<p><span style=\"color: #003366;\"><b><span style=\"font-family: Arial, sans-serif;\">Estando tan de moda el obtener m\u00fasica por medio de varias redes sociales gratis o como ustedes dir\u00edan sin pagar regal\u00edas tambi\u00e9n lo van a controlar?<\/span><\/b><\/span><\/p>\n<\/div>\n<div style=\"text-align: justify;\">\n<p><span style=\"font-family: Arial, sans-serif; color: #003366;\">Poco a poco se har\u00e1 esto. Se lograr\u00e1 con la prohibici\u00f3n de los sitios piratas a trav\u00e9s de sus proveedores de internet.<b><\/b><\/span><\/p>\n<p><span style=\"color: #003366;\"><b><span style=\"font-family: Arial, sans-serif;\">En cu\u00e1nto tiempo crees que Guatemala podr\u00e1 contar con una legislaci\u00f3n dirigida a proteger los derechos de autor de artistas guatemaltecos o ya existe alguna?<\/span><\/b><\/span><\/p>\n<\/div>\n<div style=\"text-align: justify;\">\n<p><span style=\"font-family: Arial, sans-serif; color: #003366;\">Ya existe, Es \u201cLA LEY DE DERECHO DE AUTOR Y DERECHOS CONEXOS\u201d \u2013 DECRETO 33-98<b><\/b><\/span><\/p>\n<p><span style=\"color: #003366;\"><b><span style=\"font-family: Arial, sans-serif;\">Para los interesados en conocer m\u00e1s de la AEI a qu\u00e9 direcci\u00f3n se pueden avocar?<\/span><\/b><\/span><\/p>\n<\/div>\n<div style=\"text-align: justify;\">\n<p><span style=\"color: #003366;\"><b><span style=\"font-family: Arial, sans-serif;\">\u00a0<\/span><\/b><span style=\"font-family: Arial, sans-serif;\">www.aei-guatemala.org<b><\/b><\/span><\/span><\/p>\n<p><span style=\"color: #003366;\"><b><span style=\"font-family: Arial, sans-serif;\">Para terminar que cambios se pueden esperar de hoy en adelante en el tema de derechos de autor?<\/span><\/b><span style=\"font-family: Arial, sans-serif;\">\u00a0\u00a0<\/span><\/span><\/p>\n<\/div>\n<div style=\"text-align: justify;\"><span style=\"font-family: Arial, sans-serif; color: #003366;\">La visita de Manzanero y los recientes plagios famosos, han generado mayor inter\u00e9s en el tema. Se ha generado mayor conciencia y la gente ya no juega con las ideas de otros, tan despreocupadamente, como en el pasado.<\/span><\/div>\n<div>\n<p style=\"text-align: justify;\"><span style=\"font-family: Arial, sans-serif; color: #003366;\">\u00a0<\/span><\/p>\n<p><span style=\"color: #003366;\"><strong>Las entrevistas las pueden leer en los siguientes links:<\/strong><\/span><\/p>\n<p><a href=\"http:\/\/www.heidysandovalruiz.com\/\">http:\/\/www.heidysandovalruiz.com<\/a><\/p>\n<p><a href=\"http:\/\/losinvitadosdeheidy.blogspot.com\/\">http:\/\/losinvitadosdeheidy.blogspot.com<\/a><\/p>\n<p><a href=\"https:\/\/www.facebook.com\/pages\/Los-invitados-de-Heidy\/892159284204965?ref=hl\">https:\/\/www.facebook.com\/pages\/Los-invitados-de-Heidy\/892159284204965?ref=hl<\/a><\/p>\n<p style=\"text-align: justify;\"><span style=\"font-family: Arial, sans-serif; color: #003366;\">\u00a0<\/span><\/p>\n<p style=\"text-align: justify;\"><span style=\"font-family: Arial, sans-serif; font-size: small; color: #003366;\"><b>Por Heidy Sandoval Ruiz<\/b><\/span><\/p>\n<\/div>\n","protected":false},"excerpt":{"rendered":"<div class=\"mh-excerpt\"><p>Recientemente el compositor mexicano Armando Manzanero\u00a0Presidente de la Sociedad de Autores y Compositores de M\u00e9xico\u00a0-SACM,\u00a0visit\u00f3 el Congreso de la Rep\u00fablica poniendo en primeras planas \u2013otra <a class=\"mh-excerpt-more\" href=\"https:\/\/heidysandovalruiz.com\/?p=1837\" title=\"Lo que se debe conocer de la -AEI-\">[&#8230;]<\/a><\/p>\n<\/div>","protected":false},"author":4,"featured_media":1839,"comment_status":"closed","ping_status":"closed","sticky":false,"template":"","format":"standard","meta":{"footnotes":""},"categories":[5],"tags":[161],"class_list":["post-1837","post","type-post","status-publish","format-standard","has-post-thumbnail","hentry","category-entrevistas","tag-lo-que-se-debe-conocer-de-la-aei"],"_links":{"self":[{"href":"https:\/\/heidysandovalruiz.com\/index.php?rest_route=\/wp\/v2\/posts\/1837","targetHints":{"allow":["GET"]}}],"collection":[{"href":"https:\/\/heidysandovalruiz.com\/index.php?rest_route=\/wp\/v2\/posts"}],"about":[{"href":"https:\/\/heidysandovalruiz.com\/index.php?rest_route=\/wp\/v2\/types\/post"}],"author":[{"embeddable":true,"href":"https:\/\/heidysandovalruiz.com\/index.php?rest_route=\/wp\/v2\/users\/4"}],"replies":[{"embeddable":true,"href":"https:\/\/heidysandovalruiz.com\/index.php?rest_route=%2Fwp%2Fv2%2Fcomments&post=1837"}],"version-history":[{"count":4,"href":"https:\/\/heidysandovalruiz.com\/index.php?rest_route=\/wp\/v2\/posts\/1837\/revisions"}],"predecessor-version":[{"id":1842,"href":"https:\/\/heidysandovalruiz.com\/index.php?rest_route=\/wp\/v2\/posts\/1837\/revisions\/1842"}],"wp:featuredmedia":[{"embeddable":true,"href":"https:\/\/heidysandovalruiz.com\/index.php?rest_route=\/wp\/v2\/media\/1839"}],"wp:attachment":[{"href":"https:\/\/heidysandovalruiz.com\/index.php?rest_route=%2Fwp%2Fv2%2Fmedia&parent=1837"}],"wp:term":[{"taxonomy":"category","embeddable":true,"href":"https:\/\/heidysandovalruiz.com\/index.php?rest_route=%2Fwp%2Fv2%2Fcategories&post=1837"},{"taxonomy":"post_tag","embeddable":true,"href":"https:\/\/heidysandovalruiz.com\/index.php?rest_route=%2Fwp%2Fv2%2Ftags&post=1837"}],"curies":[{"name":"wp","href":"https:\/\/api.w.org\/{rel}","templated":true}]}}