{"id":1909,"date":"2014-09-18T02:30:04","date_gmt":"2014-09-18T02:30:04","guid":{"rendered":"http:\/\/heidysandovalruiz.com\/?p=1909"},"modified":"2014-09-18T03:17:56","modified_gmt":"2014-09-18T03:17:56","slug":"fundacion-para-personas-con-discapacidad-de-guatemala-funda-elir","status":"publish","type":"post","link":"https:\/\/heidysandovalruiz.com\/?p=1909","title":{"rendered":"Conozca la labor que desempe\u00f1a \u201cFUNDA-ELIR\u201d."},"content":{"rendered":"<p style=\"text-align: justify;\">En \u201c<b>La cara amiga de los invitados de Heidy<\/b>\u201d, tenemos como prioridad promover a todo lo que involucra el arte nacional, sin embargo, hemos recibido solicitudes de instituciones que trabajan con temas diferentes pero muy importantes, raz\u00f3n por la que ampliamos este espacio y compartimos en esta oportunidad la labor tan importante que realiza la \u201c<b>Fundaci\u00f3n para Personas con Discapacidad de Guatemala FUNDA-ELIR<\/b>\u201d.<\/p>\n<p style=\"text-align: justify;\">Para conocer el importante rol que desempe\u00f1a esta fundaci\u00f3n en Guatemala, conversamos con su directora la Licda. <b>Ana Marcela Castro Conde<\/b> quien nos platicar\u00e1 de las actividades que se realizan en esta instituci\u00f3n.<\/p>\n<p style=\"text-align: justify;\">Bienvenida y muy agradecida por darnos la oportunidad de conocer y ampliar la informaci\u00f3n de FUNDA-ELIR.<\/p>\n<p style=\"text-align: justify;\"><b>Para comenzar me gustar\u00eda preguntar \u00bfC\u00f3mo surge la idea de abrir este centro\u00a0 y cu\u00e1nto tiempo tiene funcionando?<\/b><\/p>\n<p style=\"text-align: justify;\">La idea de la Fundaci\u00f3n, los objetivos de la misma y su misi\u00f3n, tiene como principio fundamental atender a toda a aquella persona que tiene capacidades especiales, para hacerle comprender que su discapacidad solo es parte de de una peque\u00f1a condici\u00f3n especial que tiene, pero por ning\u00fan momento lo convierte en alguien excluido socialmente.<\/p>\n<p style=\"text-align: justify;\">De esta manera FUNDA ELIR nace con este concepto de concientizar desde su origen a aquella persona con capacidades especiales, por eso es relativamente joven como ente no gubernamental, porque trata de alcanzar a todas las personas que sufren de alg\u00fan tipo de discriminaci\u00f3n.<\/p>\n<p style=\"text-align: justify;\"><b>\u00bfCon cu\u00e1ntos pacientes se abri\u00f3 FUNDA-ELIR y cu\u00e1ntos hay al momento?<\/b><\/p>\n<p style=\"text-align: justify;\">FUNDA ELIR. No se enfoca mucho a la cantidad de personas a las que atiende, sino a la calidad de su servicio, porque consta no solo de fisioterapias, sino que adem\u00e1s se les brinda atenci\u00f3n psico-social y psicol\u00f3gica, para hacer que de la inserci\u00f3n social un elemento completo en nuestros pacientes.<\/p>\n<p style=\"text-align: justify;\"><b>\u00bfCu\u00e1l es la visi\u00f3n\u00a0 y la misi\u00f3n de la fundaci\u00f3n?<\/b><\/p>\n<ol style=\"text-align: justify;\">\n<li><b>a.\u00a0\u00a0\u00a0 <\/b><b><span style=\"text-decoration: underline;\">VISI\u00d3N<\/span><\/b><\/li>\n<\/ol>\n<p style=\"text-align: justify;\">Que las personas con discapacidad est\u00e9n integradas a la sociedad y alcancen su realizaci\u00f3n personal, laboral y social, promoviendo cambios positivos para responder a los desaf\u00edos actuales y futuros del Desarrollo Integral de Guatemala.<\/p>\n<ol style=\"text-align: justify;\">\n<li><b>b.\u00a0\u00a0\u00a0 <\/b><b><span style=\"text-decoration: underline;\">MISI\u00d3N<\/span><\/b><\/li>\n<\/ol>\n<p style=\"text-align: justify;\">Ser el ente coordinador, asesor e impulsor de las pol\u00edticas Nacionales para el logro de la integraci\u00f3n de las personas con discapacidad hacia una mejor calidad de vida. Este elemento se apega a la Misi\u00f3n de la fundaci\u00f3n donde se convierte en una organizaci\u00f3n pol\u00edtica, con voluntad, formulando pol\u00edticas p\u00fablicas que promuevan el Desarrollo Integral del ciudadano.<\/p>\n<p style=\"text-align: justify;\"><b>\u00bfDe acuerdo a FUNDA-ELIR qu\u00e9 tazas de invalidez o incapacidad hay en Guatemala?<\/b><\/p>\n<p style=\"text-align: justify;\">Dif\u00edcilmente existen datos estad\u00edsticos o alg\u00fan registro de estudios o investigaciones de la discapacidad en Guatemala, los que se encuentran actualmente son los registros de las personas que acuden a alg\u00fan centro especializado para la terapia de recuperaci\u00f3n; precisamente por eso es primordial que todo el entramado jur\u00eddico, instancias gubernamentales y privadas tengas el sentido de consciencia social para esta problem\u00e1tica que ya se ha convertido en una realidad nacional.<\/p>\n<p style=\"text-align: justify;\"><b>\u00bfCu\u00e1les pueden ser los indicadores de inserci\u00f3n laboral?<\/b><b><\/b><\/p>\n<p style=\"text-align: justify;\">Los indicadores deben de ir acompa\u00f1ados de todo un entramado jur\u00eddico-pol\u00edtico, para que esta realidad nacional llegue a convertirse en una verdadera pol\u00edtica de Estado que puede resolverse si cada una de las entidades publico-privadas juegan el papel que les corresponde, sino estar\u00edamos frente a una promesa vac\u00eda y sin sentido, y \u00e9sta situaci\u00f3n de vulnerabilidad ser\u00eda m\u00e1s grande y con mayor discriminaci\u00f3n, porque la sociedad en general no llegar\u00eda a comprender ni a entender el papel de las instituciones que se dedican a \u00e9ste tema.<\/p>\n<p style=\"text-align: justify;\"><b><a href=\"https:\/\/heidysandovalruiz.com\/wp-content\/uploads\/2014\/09\/Untitled-3.jpg\"><img loading=\"lazy\" decoding=\"async\" class=\"size-thumbnail wp-image-1911 alignleft\" alt=\"Untitled-3\" src=\"https:\/\/heidysandovalruiz.com\/wp-content\/uploads\/2014\/09\/Untitled-3-150x150.jpg\" width=\"150\" height=\"150\" \/><\/a>\u00bfC\u00f3mo se pueden integrar\u00a0 a las personas con capacidades diferentes a las actividades diarias de una comunidad?<\/b><\/p>\n<p style=\"text-align: justify;\">Con un buen respaldo jur\u00eddico-pol\u00edtico esta problem\u00e1tica se resolver\u00eda, pues los entes responsables del tema minimizar\u00edan su impacto social, si cada involucrado directa e indirectamente estuviera en el papel que le corresponde; que desde la misma aplicaci\u00f3n de la ley, su respaldo social hasta el nivel de concientizaci\u00f3n social.<\/p>\n<p style=\"text-align: justify;\"><b>\u00bfQu\u00e9 opina de la discriminaci\u00f3n hacia personas con discapacidad?<\/b><\/p>\n<p style=\"text-align: justify;\">La discriminaci\u00f3n es un tema puramente cultural, afortunadamente el ser humano tiene la capacidad de adecuarse a diferentes circunstancias que lo hace en ser un ente de costumbres, precisamente partiendo de esto, podemos afirmar minimizar\u00edamos la discriminaci\u00f3n desde el punto de vista mental, como principio fundamental, con esto lograr\u00edamos dar a conocer que la discapacidad \u00fanicamente es una condici\u00f3n diferente del ser, que no lo hace ser menos ser humano.<\/p>\n<p style=\"text-align: justify;\"><b>\u00bfDe qu\u00e9 manera apoya FUNDA-ELIR cuando hay discriminaci\u00f3n hacia una persona con capacidades diferentes?<\/b><\/p>\n<p style=\"text-align: justify;\">Los apoyamos en Asesor\u00eda Legal, como parte integral de nuestra misi\u00f3n, para que conozca sus derechos, pero sobre todo sus obligaciones ciudadanas, porque la condici\u00f3n de ser persona con capacidades especiales no lo convierte en un ser humano distinto de la sociedad; asi que su discapacidad solamente est\u00e1 limitada por la que el mismo imponga ante los dem\u00e1s.<\/p>\n<p style=\"text-align: justify;\"><b>\u00bfC\u00f3mo pueden fortalecerse las instituciones del Estado para la atenci\u00f3n a personas con discapacidad?<\/b><\/p>\n<p style=\"text-align: justify;\">Cada Estado y cada Gobierno se fortalecen con el tema de discapacidad desde la misma manera en que reconozcan \u00e9sta realidad nacional y los problemas que existen para resolverlo, sino estar\u00edamos solo como entidades navegando en un mar muy ancho y sin ning\u00fan apoyo.<\/p>\n<p style=\"text-align: justify;\"><b>\u00bfCu\u00e1ntos personas existen con capacidades diferentes?<\/b><\/p>\n<p style=\"text-align: justify;\">En Guatemala no se sabe cu\u00e1ntas personas con capacidades existen, pues muchas de ellas no acuden a centros especializados, por motivos especialmente econ\u00f3micos y contradictoriamente por aspectos religiosos o culturales, pues muchas personas en nuestro pa\u00eds por su baja condici\u00f3n econ\u00f3mica, su analfabetismo y por la falta de cultura creen que este tipo de circunstancias son aspectos del mal, y dejan que el discapacitado agrande su condici\u00f3n.<\/p>\n<p style=\"text-align: justify;\"><b>\u00bfCu\u00e1les son las capacidades diferentes que m\u00e1s se atienden en la fundaci\u00f3n?<\/b><\/p>\n<p style=\"text-align: justify;\">No se trata de atender todas las formas de discapacidad, sino que de hacer comprender la problem\u00e1tica, ver la soluci\u00f3n para atenderlas y tratar de solucionar o minimizar la misma; partiendo de esa base la Fundaci\u00f3n atiende a cualquier persona que tenga alguna capacidad especial desde la fisioterapia, hasta asesor\u00eda legal, atenci\u00f3n pisco-social, etc.<\/p>\n<p><b>\u00bfC\u00f3mo alentar en personas con capacidades diferentes el deseo de sobrevivir en momentos que tienen una depresi\u00f3n?<a href=\"https:\/\/heidysandovalruiz.com\/wp-content\/uploads\/2014\/09\/Untitled-11.jpg\"><img loading=\"lazy\" decoding=\"async\" class=\"size-thumbnail wp-image-1912 alignright\" alt=\"Untitled-1\" src=\"https:\/\/heidysandovalruiz.com\/wp-content\/uploads\/2014\/09\/Untitled-11-150x150.jpg\" width=\"150\" height=\"150\" \/><\/a><\/b><\/p>\n<p style=\"text-align: justify;\">La atenci\u00f3n a personas con capacidades especial es integra, desde fisioterapia, hasta ayuda legal y pisco-social, porque no solamente es de rehabilitar a personas y pelar por su inclusi\u00f3n social, sino que se trata de dignificar al ser humano, hacerle entender su impedimento y que este mismo se utilizado como una fortaleza para seguir adelante, laboral y socialmente.<\/p>\n<p style=\"text-align: justify;\"><b>\u00bfQu\u00e9 tipo de ayuda recibe FUNDA-ELIR para dar atenci\u00f3n a los pacientes?<\/b><\/p>\n<p style=\"text-align: justify;\">Est\u00e1 dise\u00f1ada la funci\u00f3n de las actividades de FUNDA ELIR para que reciba donaciones, ayuda humanitaria y a colaboradores que tengan y crean en la inserci\u00f3n laboral y social del discapacitado.<\/p>\n<p style=\"text-align: justify;\"><b>\u00bfD\u00f3nde se encuentra ubicada la fundaci\u00f3n?<\/b><\/p>\n<p style=\"text-align: justify;\">Por el momento se encuentra ubicada en mi casa.<\/p>\n<p style=\"text-align: justify;\"><b>\u00bfQu\u00e9 requerimientos deben llenar las personas que deseen contar con el apoyo de esta instituci\u00f3n?<\/b><\/p>\n<p style=\"text-align: justify;\">No hay forma legal o alg\u00fan otro tr\u00e1mite para que sean parte integral de FUNDA-ELIR, por lo que cualquier paciente que tenga una discapacidad o sea considerada una capacidad de condici\u00f3n especial, puede acudir a la Fundaci\u00f3n.<\/p>\n<p style=\"text-align: justify;\"><b>\u00bfLos interesado de contactarse con ustedes a que tel\u00e9fono o correo electr\u00f3nico lo pueden hacer para m\u00e1s informaci\u00f3n?<\/b><\/p>\n<p style=\"text-align: justify;\">El correo electr\u00f3nico\u00a0 es <a href=\"mailto:SecretariaDiscapacitados@yahoo.com\">SecretariaDiscapacitados@yahoo.com<\/a> \u00a0<span style=\"text-decoration: underline;\">y <a href=\"mailto:castroconde5@hotmail.com\">castroconde5@hotmail.com<\/a> y <\/span>\u00a0el n\u00famero de tel\u00e9fono es 52953786<\/p>\n<p style=\"text-align: justify;\">Agradecemos a Ana Marcela Castro Conde por tiempo que se ha tomado para esta entrevista y por haber dado a conocer el trabajo que realiza la Fundaci\u00f3n para Personas con Discapacidad de Guatemala FUNDA-ELIR\u201d.<\/p>\n<p style=\"text-align: justify;\"><b><br \/>\n<\/b><\/p>\n<div>\n<div>\n<p><span style=\"color: #333333;\" data-blogger-escaped-data-mce-style=\"color: #0000ff;\"><b>Las entrevistas las pueden leer en los siguientes links:<\/b><\/span><\/p>\n<\/div>\n<div>\n<p><span style=\"color: #333333;\" data-blogger-escaped-data-mce-style=\"color: #0000ff;\"><b>\u00a0<\/b><\/span><\/p>\n<\/div>\n<\/div>\n<div>\n<div>\n<p><a href=\"http:\/\/www.heidysandovalruiz.com\/\" data-blogger-escaped-data-mce-href=\"http:\/\/www.heidysandovalruiz.com\/\">http:\/\/www.heidysandovalruiz.com<\/a><\/p>\n<\/div>\n<\/div>\n<div>\n<div>\n<div>\n<p><a href=\"http:\/\/losinvitadosdeheidy.blogspot.com\/\" data-blogger-escaped-data-mce-href=\"http:\/\/losinvitadosdeheidy.blogspot.com\/\">http:\/\/losinvitadosdeheidy.blogspot.com<\/a><\/p>\n<\/div>\n<\/div>\n<div>\n<div>\n<p><a href=\"https:\/\/www.facebook.com\/pages\/Los-invitados-de-Heidy\/892159284204965?ref=hl\" data-blogger-escaped-data-mce-href=\"https:\/\/www.facebook.com\/pages\/Los-invitados-de-Heidy\/892159284204965?ref=hl\">https:\/\/www.facebook.com\/pages\/Los-invitados-de-Heidy\/892159284204965?ref=hl<\/a><\/p>\n<\/div>\n<\/div>\n<\/div>\n<p><b>Entrevista realizada por Heidy Sandoval Ruiz<\/b><\/p>\n","protected":false},"excerpt":{"rendered":"<div class=\"mh-excerpt\"><p>En \u201cLa cara amiga de los invitados de Heidy\u201d, tenemos como prioridad promover a todo lo que involucra el arte nacional, sin embargo, hemos recibido <a class=\"mh-excerpt-more\" href=\"https:\/\/heidysandovalruiz.com\/?p=1909\" title=\"Conozca la labor que desempe\u00f1a \u201cFUNDA-ELIR\u201d.\">[&#8230;]<\/a><\/p>\n<\/div>","protected":false},"author":4,"featured_media":1910,"comment_status":"closed","ping_status":"closed","sticky":false,"template":"","format":"standard","meta":{"footnotes":""},"categories":[16],"tags":[169],"class_list":["post-1909","post","type-post","status-publish","format-standard","has-post-thumbnail","hentry","category-la-cara-amiga","tag-fundacion-para-personas-con-discapacidad-de-guatemala-funda-elir"],"_links":{"self":[{"href":"https:\/\/heidysandovalruiz.com\/index.php?rest_route=\/wp\/v2\/posts\/1909","targetHints":{"allow":["GET"]}}],"collection":[{"href":"https:\/\/heidysandovalruiz.com\/index.php?rest_route=\/wp\/v2\/posts"}],"about":[{"href":"https:\/\/heidysandovalruiz.com\/index.php?rest_route=\/wp\/v2\/types\/post"}],"author":[{"embeddable":true,"href":"https:\/\/heidysandovalruiz.com\/index.php?rest_route=\/wp\/v2\/users\/4"}],"replies":[{"embeddable":true,"href":"https:\/\/heidysandovalruiz.com\/index.php?rest_route=%2Fwp%2Fv2%2Fcomments&post=1909"}],"version-history":[{"count":4,"href":"https:\/\/heidysandovalruiz.com\/index.php?rest_route=\/wp\/v2\/posts\/1909\/revisions"}],"predecessor-version":[{"id":1918,"href":"https:\/\/heidysandovalruiz.com\/index.php?rest_route=\/wp\/v2\/posts\/1909\/revisions\/1918"}],"wp:featuredmedia":[{"embeddable":true,"href":"https:\/\/heidysandovalruiz.com\/index.php?rest_route=\/wp\/v2\/media\/1910"}],"wp:attachment":[{"href":"https:\/\/heidysandovalruiz.com\/index.php?rest_route=%2Fwp%2Fv2%2Fmedia&parent=1909"}],"wp:term":[{"taxonomy":"category","embeddable":true,"href":"https:\/\/heidysandovalruiz.com\/index.php?rest_route=%2Fwp%2Fv2%2Fcategories&post=1909"},{"taxonomy":"post_tag","embeddable":true,"href":"https:\/\/heidysandovalruiz.com\/index.php?rest_route=%2Fwp%2Fv2%2Ftags&post=1909"}],"curies":[{"name":"wp","href":"https:\/\/api.w.org\/{rel}","templated":true}]}}