{"id":1919,"date":"2014-09-21T18:47:21","date_gmt":"2014-09-21T18:47:21","guid":{"rendered":"http:\/\/heidysandovalruiz.com\/?p=1919"},"modified":"2015-05-16T21:30:32","modified_gmt":"2015-05-16T21:30:32","slug":"la-cara-amiga-de-rene-corado","status":"publish","type":"post","link":"https:\/\/heidysandovalruiz.com\/?p=1919","title":{"rendered":"La cara amiga de \u00abRen\u00e9 Corado\u00bb"},"content":{"rendered":"<div>\n<p style=\"text-align: justify;\"><span style=\"color: #0000ff;\"><span lang=\"ES-GT\" style=\"font-family: Arial, sans-serif;\">Hoy en \u201c<b>La cara amiga de los invitados de Heidy<\/b>\u201d tendremos la oportunidad de conocer la historia de un guatemalteco nacido en la aldea El Chical, Moraz\u00e1n, departamento El Progreso y ser\u00e1 \u00e9l quien nos platique de c\u00f3mo surgi\u00f3 el inter\u00e9s por lo que actualmente realiza y tambi\u00e9n nos hablar\u00e1 de su libro \u201cEl Lustrador\u201d.\u00a0 El es\u00a0<b>Ren\u00e9 Corado<\/b>, quien actualmente reside en\u00a0<\/span><span style=\"font-family: Arial, sans-serif;\">Oxnard, Condado de Ventura. Nuestro<\/span><span lang=\"ES-GT\" style=\"font-family: Arial, sans-serif;\">\u00a0invitado viaj\u00f3 a California a principios de los a\u00f1os ochentas y sufri\u00f3 discriminaci\u00f3n, pero eso no fue obst\u00e1culo para so\u00f1ar en superarse y lo logr\u00f3.\u00a0<\/span><\/span><\/p>\n<\/div>\n<div style=\"text-align: justify;\">\n<p><span lang=\"ES-GT\" style=\"color: #0000ff; font-family: Arial, sans-serif;\">Doy la bienvenida a Ren\u00e9 a este espacio donde se puede decir lo que se quiera y en otros medios no se puede.<\/span><\/p>\n<\/div>\n<div style=\"text-align: justify;\">\n<p><b><span lang=\"ES-GT\" style=\"color: #0000ff; font-family: Arial, sans-serif;\">Para dar inicio a la entrevista quiero que nos cuentes del lugar donde naciste, \u00bfc\u00f3mo lo recuerdas?\u00a0<\/span><\/b><span style=\"color: #0000ff;\"><span lang=\"ES-GT\" style=\"font-family: Arial, sans-serif;\">Era y sigue siendo una aldea muy linda con solo 13 casas. Muy cerca de la aldea corre el Rio Motagua que en aquel tiempo proporcionaba alimento para la gente de la aldea y yo me la pasaba muy alegre cuando mi abuelita Mama fina iba a lavar ropa, yo me ba\u00f1aba en el rio y despu\u00e9s molestaba los nidos de chorchas (<\/span><span style=\"font-family: Arial, sans-serif;\">aves que hacen sus nidos como bolsas, Orioles (Icterus gularis),\u00a0<\/span><span style=\"font-family: Helvetica, sans-serif;\">\u00a0<\/span><span lang=\"ES-GT\" style=\"font-family: Arial, sans-serif;\">por lo cual mi abuelita siempre me rega\u00f1aba, creo que desde ni\u00f1o ya se empezaba a mostrar el inter\u00e9s por la biolog\u00eda. Lo que recuerdo mucho es cuando iba a cazar iguanas, conejo o armadillos con mis dos perros que eran hijos de una perra salvaje que mis hermanos y yo encontramos en una cueva, tambi\u00e9n cuando me sub\u00eda a los \u00e1rboles de jocote y mango para disfrutar sus frutos.<\/span><\/span><\/p>\n<\/div>\n<div style=\"text-align: justify;\">\n<p><span lang=\"ES-GT\" style=\"color: #0000ff; font-family: Arial, sans-serif;\">Un ni\u00f1o muy pobre en una aldea muy pobre pero con todas las monta\u00f1as alrededor para disfrutarlas como jard\u00edn. Los nidos de chorchas que antes molestaba, ahora colecto algunos huevos para hacer an\u00e1lisis de todos los pesticidas que afectan al rio Motagua y aves que se alimentan de alguna manera de \u00e9l.<\/span><\/p>\n<\/div>\n<div style=\"text-align: justify;\">\n<p><b><span lang=\"ES-GT\" style=\"color: #0000ff; font-family: Arial, sans-serif;\">\u00bfCu\u00e1ntos hermanos fueron ustedes y c\u00f3mo recuerdas con ellos tus primeros a\u00f1os?\u00a0<\/span><\/b><span lang=\"ES-GT\" style=\"color: #0000ff; font-family: Arial, sans-serif;\">Fuimos 8, 4 hombres y 4 mujeres pero una hermanita muri\u00f3 de d\u00edas. Con el que compart\u00ed mucho fue con mi hermano Miguel, 5 a\u00f1os mayor que yo. \u00c9l siempre me hac\u00eda muchas travesuras como pretendiendo que se ahogaba en el rio Motagua, o cortando alg\u00fan \u00e1rbol cuando yo estaba subido pero disfrutamos mucho juntos atrapando conejos, iguanas, armadillos y cortando tunas. Y tambi\u00e9n haciendo travesuras juntos.<\/span><\/p>\n<\/div>\n<div style=\"text-align: justify;\">\n<p><b><span lang=\"ES-GT\" style=\"color: #0000ff; font-family: Arial, sans-serif;\">\u00bfC\u00f3mo fue tu ni\u00f1ez, a qu\u00e9 edad te vienes con tu familia a radicar a la ciudad?\u00a0<\/span><\/b><span lang=\"ES-GT\" style=\"color: #0000ff; font-family: Arial, sans-serif;\">Mi pap\u00e1 empezaba el d\u00eda a las 5 de la ma\u00f1ana y todos ten\u00edamos que ayudar pero yo tuve la suerte de vivir con mi abuelita Mam\u00e1 Fina que viv\u00eda muy cerca de mi casa mi pap\u00e1 me \u201cprest\u00f3\u201d porque ella viv\u00eda sola, ella me consent\u00eda mucho. Yo ten\u00eda que ayudar a bajar las vacas de la monta\u00f1a para darles a beber en el rio, todo esto a la edad de 6-7 a\u00f1os y descalzo que a veces se introduc\u00edan espinas muy grandes de tunos en mis pies. Llegu\u00e9 a la ciudad a la edad de 8 a\u00f1os.<\/span><\/p>\n<\/div>\n<div style=\"text-align: justify;\">\n<p><b><span lang=\"ES-GT\" style=\"color: #0000ff; font-family: Arial, sans-serif;\">\u00bfC\u00f3mo te llenas de valor a tan corta edad y te vas a tierras lejanas, sin hablar ingl\u00e9s y con poco dinero?\u00a0<\/span><\/b><span lang=\"ES-GT\" style=\"color: #0000ff; font-family: Arial, sans-serif;\">Yo trabajaba en un peri\u00f3dico y la situaci\u00f3n pol\u00edtica lo mismo que econ\u00f3mica estaba muy dura, yo me cas\u00e9 muy joven y a la edad de 20 a\u00f1os ya ten\u00eda una hija y no quer\u00eda que ella y mi joven esposa (17 a\u00f1os) sufrieran lo que yo sufr\u00ed. Pens\u00e9 que la vida en Estados Unidos ser\u00eda m\u00e1s f\u00e1cil porque no cre\u00eda que sufriera m\u00e1s de lo que hab\u00eda sufrido en Guatemala. Que lejos estaba de la gran verdad.<\/span><\/p>\n<\/div>\n<div style=\"text-align: justify;\">\n<p><b><span lang=\"ES-GT\" style=\"color: #0000ff; font-family: Arial, sans-serif;\"><a href=\"https:\/\/heidysandovalruiz.com\/wp-content\/uploads\/2014\/09\/10614052_1465742257028189_197089676_n.jpg\"><img loading=\"lazy\" decoding=\"async\" class=\"size-thumbnail wp-image-1927 alignleft\" alt=\"10614052_1465742257028189_197089676_n\" src=\"https:\/\/heidysandovalruiz.com\/wp-content\/uploads\/2014\/09\/10614052_1465742257028189_197089676_n-150x150.jpg\" width=\"150\" height=\"150\" \/><\/a>\u00bfSufriste discriminaci\u00f3n en ese pa\u00eds, c\u00f3mo logras superarla?\u00a0<\/span><\/b><span lang=\"ES-GT\" style=\"color: #0000ff; font-family: Arial, sans-serif;\">Si, en 1981 hab\u00eda mucha discriminaci\u00f3n en California y yo lo sufr\u00ed en carne propia. Lo super\u00e9 por el amor a mi hija y a mi esposa que les promet\u00ed que todos \u00edbamos a salir adelante no importando cuanto tuviera que luchar y ellas se reunir\u00edan conmigo lo m\u00e1s pronto posible, y lo hice, a los 8 meses estaban conmigo en California.<\/span><\/p>\n<\/div>\n<div style=\"text-align: justify;\">\n<p><b><span lang=\"ES-GT\" style=\"color: #0000ff; font-family: Arial, sans-serif;\">\u00bfPor qu\u00e9 estudias Biolog\u00eda, fue algo que quer\u00edas desde joven?\u00a0<\/span><\/b><span lang=\"ES-GT\" style=\"color: #0000ff; font-family: Arial, sans-serif;\">Estudi\u00e9 biolog\u00eda por casualidad, yo quer\u00eda ser periodista. Llegu\u00e9 a California solo con el sexto grado de primaria.<\/span><\/p>\n<\/div>\n<div style=\"text-align: justify;\">\n<p><b><span lang=\"ES-GT\" style=\"color: #0000ff; font-family: Arial, sans-serif;\">\u00bfEn qu\u00e9 etapa de tu vida sientes la inclinaci\u00f3n de apoyar a los m\u00e1s necesitados?\u00a0<\/span><\/b><span lang=\"ES-GT\" style=\"color: #0000ff; font-family: Arial, sans-serif;\">Despu\u00e9s de haber sufrido mucho en Guatemala y en USA, me promet\u00ed si alg\u00fan d\u00eda sal\u00eda adelante tratar\u00eda de hacer la vida m\u00e1s f\u00e1cil a alguien para que no sufriera lo que yo sufr\u00ed.<\/span><\/p>\n<\/div>\n<div style=\"text-align: justify;\">\n<p><b><span lang=\"ES-GT\" style=\"color: #0000ff; font-family: Arial, sans-serif;\">\u00bfRecientemente escribiste \u201cEl Lustrador\u201d\u00a0 el cual es un texto que quieres sea un motivador, qu\u00e9 nos dices al respecto?\u00a0<\/span><\/b><span lang=\"ES-GT\" style=\"color: #0000ff; font-family: Arial, sans-serif;\">El Lustrador es mi propia vida. Desde que mis padres me sacaron de la aldea sin aviso, dejando atr\u00e1s a mi abuelita adorada y mis dos amigos mis perros salvajes, Me arrancaron de tajo de la \u00fanica vida que conoc\u00eda para llevarme a una jungla de cemento en donde nadie te conoce o no le importas. En la aldea era pobre pero hab\u00eda fruta o animales silvestres para comer y eran gratis, en la ciudad me toc\u00f3 comer de los basureros. Llegu\u00e9 indocumentado a USA, sin ning\u00fan conocido, sin hablar el idioma ingles y nada m\u00e1s con el sexto grado de primaria pero con el coraz\u00f3n lleno de sue\u00f1os y esperanza. Siempre digo que sue\u00f1os y acci\u00f3n es una buena combinaci\u00f3n.<\/span><\/p>\n<\/div>\n<div style=\"text-align: justify;\">\n<p><span style=\"color: #0000ff; font-family: Arial, sans-serif;\">Escrib\u00ed el libro para compartir y de alguna manera motivar a alguien a que logre sus sue\u00f1os, si en verdad lo queremos se puede y si piensan que la vida es dura que vean mi ejemplo que com\u00ed de los basureros y fui el jardinero del museo del cual ahora soy el gerente y bi\u00f3logo encargado de los proyectos del mismo y tambi\u00e9n, he escrito un par de libros en ingl\u00e9s y ahora el primero en espa\u00f1ol. Si el ni\u00f1o lustrador que comi\u00f3 de la basura pudo logra su sue\u00f1o, porque usted no?<\/span><\/p>\n<\/div>\n<div style=\"text-align: justify;\">\n<p><span lang=\"ES-GT\" style=\"color: #0000ff; font-family: Arial, sans-serif;\"><b><span lang=\"ES-GT\">\u00bfDe cu\u00e1ntos cap\u00edtulos consta tu libro y d\u00f3nde se puede adquirir?<\/span><\/b><span lang=\"ES-GT\">\u00a014 cap\u00edtulos. Lo pueden adquirir en estas direcciones:<\/span><\/span><\/p>\n<p><a href=\"https:\/\/heidysandovalruiz.com\/wp-content\/uploads\/2014\/09\/10637621_1465741997028215_1884860976_n.jpg\"><img loading=\"lazy\" decoding=\"async\" class=\"wp-image-2773 aligncenter\" alt=\"10637621_1465741997028215_1884860976_n\" src=\"https:\/\/heidysandovalruiz.com\/wp-content\/uploads\/2014\/09\/10637621_1465741997028215_1884860976_n-300x300.jpg\" width=\"180\" height=\"180\" srcset=\"https:\/\/heidysandovalruiz.com\/wp-content\/uploads\/2014\/09\/10637621_1465741997028215_1884860976_n-300x300.jpg 300w, https:\/\/heidysandovalruiz.com\/wp-content\/uploads\/2014\/09\/10637621_1465741997028215_1884860976_n-150x150.jpg 150w, https:\/\/heidysandovalruiz.com\/wp-content\/uploads\/2014\/09\/10637621_1465741997028215_1884860976_n.jpg 960w\" sizes=\"auto, (max-width: 180px) 100vw, 180px\" \/><\/a><\/p>\n<\/div>\n<div style=\"text-align: justify;\">\n<p><b><span style=\"color: #0000ff; font-family: Arial, sans-serif;\">A prop\u00f3sito \u00bfc\u00f3mo nace en t\u00ed la espinita de escribir un libro y cu\u00e1ntos llevas ya?\u00a0<\/span><\/b><span style=\"color: #0000ff;\"><span style=\"font-family: Arial, sans-serif;\">La idea de escribir mi libro fue de mi amiga la Directora Ejecutiva del museo la Dra.\u00a0<\/span><span lang=\"EN-US\" style=\"font-family: Arial, sans-serif;\">Linnea Hall.\u00a0<\/span><span style=\"font-family: Arial, sans-serif;\">Un mes despu\u00e9s de que ella tom\u00f3 el puesto de Directora del museo viajamos a una conferencia de Ornit\u00f3logos en Luisiana y el avi\u00f3n no pod\u00eda bajar por una tremenda tormenta tropical y con el miedo y todo le cont\u00e9 la historia de mi vida, en caso el avi\u00f3n cayera ya alguien sabia mi historia porque ni mi familia m\u00e1s cercana como mi esposa y mis hijos sab\u00edan nada de mi etapa de lustrador y que incluso com\u00eda de la basura. Ella me dijo que ten\u00eda que escribir un libro para que mi familia apreciara m\u00e1s la vida lo mismo que mis hermanos latinos supieran que hay esperanza y que los sue\u00f1os se pueden lograr.\u00a0<\/span><\/span><\/p>\n<\/div>\n<div style=\"text-align: justify;\">\n<p><span style=\"color: #0000ff; font-family: Arial, sans-serif;\">Este es el tercer libro y el primero en espa\u00f1ol tambi\u00e9n edite un de japon\u00e9s a ingl\u00e9s aunque hablo solo dos idiomas espa\u00f1ol e ingl\u00e9s. Quiero agregar que\u00a0<\/span><span style=\"font-family: Arial, sans-serif;\"><span style=\"color: #0000ff;\">parte de las ventas del libro las ser\u00e1n utilizadas para dar becas a ni\u00f1os de aldeas alrededor de la m\u00eda para que sigan estudiando b\u00e1sicos en Moraz\u00e1n.<\/span><\/span><\/p>\n<\/div>\n<div style=\"text-align: justify;\">\n<p><b><span lang=\"ES-GT\" style=\"color: #0000ff; font-family: Arial, sans-serif;\">\u00bfY qu\u00e9 nos cuentas de tu colecci\u00f3n de huevos, que sabemos es la m\u00e1s grande del mundo?\u00a0<\/span><\/b><span lang=\"ES-GT\" style=\"color: #0000ff; font-family: Arial, sans-serif;\">En el mundo hay aproximadamente 10,000 especies de aves. Nosotros entre huevos, nidos y aves tenemos la mitad de las especies. Tenemos m\u00e1s de un mill\u00f3n de huevos, m\u00e1s de 20,000 nidos y 60,000 aves disecadas. La colecci\u00f3n de huevos y nidos es la m\u00e1s grande del mundo. Y se utilizan para estudios de conservaci\u00f3n de especies lo mismo que por artistas, maestros, estudiantes y el p\u00fablico en general visita el museo para saber m\u00e1s sobre c\u00f3mo ayudar a la conservaci\u00f3n.<\/span><\/p>\n<\/div>\n<div style=\"text-align: justify;\">\n<p><span lang=\"ES-GT\" style=\"color: #0000ff; font-family: Arial, sans-serif;\"><a href=\"https:\/\/heidysandovalruiz.com\/wp-content\/uploads\/2014\/09\/10708356_1470219509913797_1282412532_n.jpg\"><img loading=\"lazy\" decoding=\"async\" class=\"size-thumbnail wp-image-1929 alignright\" alt=\"10708356_1470219509913797_1282412532_n\" src=\"https:\/\/heidysandovalruiz.com\/wp-content\/uploads\/2014\/09\/10708356_1470219509913797_1282412532_n-150x150.jpg\" width=\"150\" height=\"150\" \/><\/a><\/span><\/p>\n<\/div>\n<div style=\"text-align: justify;\">\n<p><b><span lang=\"ES-GT\" style=\"color: #0000ff; font-family: Arial, sans-serif;\">\u00bfQui\u00e9n influye en ti para que te inclinaras por el amor a las aves?\u00a0<\/span><\/b><span lang=\"ES-GT\" style=\"color: #0000ff; font-family: Arial, sans-serif;\">Yo trabajaba con un ecuatoriano haciendo el trabajo que saliera, un d\u00eda nos toc\u00f3 ir a Hollywood a construir una casa para 10,000 orqu\u00eddeas, el ecuatoriano me dej\u00f3 trabajando solo y el anglo due\u00f1o de las plantas hablaba un poco de espa\u00f1ol y tambi\u00e9n ten\u00eda 80 aves vivas para fotograf\u00eda y cuando le dije que casi todas esas aves la ve\u00eda en mi aldea se alegr\u00f3 y me ofreci\u00f3 pagarme un d\u00f3lar m\u00e1s por hora, el ecuatoriano me pagaba $2 por hora.<\/span><\/p>\n<\/div>\n<div style=\"text-align: justify;\">\n<p><span lang=\"ES-GT\" style=\"color: #0000ff; font-family: Arial, sans-serif;\">Muri\u00f3 a los dos a\u00f1os y dej\u00f3 todo su capital al museo donde trabajo. El nuevo due\u00f1o era bi\u00f3logo y me contrat\u00f3 para trabajar en el jard\u00edn y en mi tiempo de almuerzo o despu\u00e9s del trabajo me gustaba ver el trabajo que hac\u00edan el grupo de bi\u00f3logos ah\u00ed. Cuando vio mi nuevo jefe el inter\u00e9s, me dijo si quer\u00eda ser bi\u00f3logo y le dije que si porque me parec\u00eda que lo que hac\u00edan los bi\u00f3logos para la conservaci\u00f3n de especies era un trabajo para emular. As\u00ed es que el fundador del museo me da la oportunidad y conf\u00eda en m\u00ed y ah\u00ed es como comienza el amor a las aves aunque ya lo tra\u00eda desde ni\u00f1o pero siendo bi\u00f3logo puedo ayudar a protegerlas.<\/span><\/p>\n<\/div>\n<div style=\"text-align: justify;\">\n<p><b><span lang=\"ES-GT\" style=\"color: #0000ff; font-family: Arial, sans-serif;\">\u00bfCu\u00e1nto tiempo compartes en este ambiente lleno de aves y de cu\u00e1ntas hablamos?\u00a0<\/span><\/b><span lang=\"ES-GT\" style=\"color: #0000ff; font-family: Arial, sans-serif;\">Llevo 30 a\u00f1os trabajando con aves y como dije anteriormente tenemos 60,000 disecadas pero yo soy tambi\u00e9n bi\u00f3logo de campo y casi 30 a\u00f1os viajando a diferentes pa\u00edses, trabaj\u00e9 muchos a\u00f1os en las selvas amaz\u00f3nicas en donde me transportaban en helic\u00f3ptero y me dejaban por 3 meses a la vez, despu\u00e9s me cambi\u00e9 a trabajar a las cataratas de Costa Rica. Todo esto lo describo en mi libro lo mismo que el encuentro con los indios amaz\u00f3nicos corta cabezas. O sea que hablamos de un compartimiento de miles de aves en diferentes selvas, islas, pantanos, cuevas, playa etc. a pie, a caballo, canoa, helic\u00f3ptero y auto.<\/span><\/p>\n<\/div>\n<div style=\"text-align: justify;\">\n<p><b><span lang=\"ES-GT\" style=\"color: #0000ff; font-family: Arial, sans-serif;\">\u00bfPuedes hablarnos de la fundaci\u00f3n que diriges actualmente?\u00a0<\/span><\/b><span lang=\"ES-GT\" style=\"color: #0000ff; font-family: Arial, sans-serif;\">Es una empresa sin fines de lucro que se dedica a la educaci\u00f3n y tambi\u00e9n un museo que se dedica a la conservaci\u00f3n de aves y sus h\u00e1bitats. Impartimos clases de Ornitolog\u00eda y Oologia, yo soy Ornit\u00f3logo (estudio aves) y Oologo (estudio sus huevos), hay de 3 a 5 Oologos en el mundo, es una profesi\u00f3n casi muerta que hemos estado tratando de rescatar en el museo con clases a una universidad local y al p\u00fablico en general.<\/span><\/p>\n<\/div>\n<div style=\"text-align: justify;\">\n<p><span lang=\"ES-GT\" style=\"color: #0000ff; font-family: Arial, sans-serif;\">En los pr\u00f3ximos meses voy a empezar a trabajar con los ni\u00f1os centroamericanos que est\u00e1n indocumentados en el Condado de Ventura y son parte del grupo que reci\u00e9n llegaron este a\u00f1o y no tienen familiares, yo voy a servir de conexi\u00f3n entre ellos y los maestros me pidieron ayuda al saber de mi libro El Lustrador y lo voy a hacer con mucho gusto para darles una mano a estos peque\u00f1os inmigrantes.<\/span><\/p>\n<\/div>\n<div style=\"text-align: justify;\">\n<p><span lang=\"ES-GT\" style=\"color: #0000ff; font-family: Arial, sans-serif;\">En el tiempo que la fundaci\u00f3n est\u00e1 a mi cargo la hemos computarizado para poder servir a cualquier parte del mundo sin que nos tengan que visitar. Tengo proyectado tomar fotos de todos los huevos y por el momento van fotografiados 90,000 nidadas.<\/span><\/p>\n<\/div>\n<div style=\"text-align: justify;\">\n<p><span style=\"color: #0000ff;\"><b><span lang=\"ES-GT\" style=\"font-family: Arial, sans-serif;\">\u00bfC\u00f3mo ha cambiado tu vida desde que te fuiste a principios de los oc<\/span><\/b><b><span lang=\"ES-GT\" style=\"font-family: Arial, sans-serif;\">hentas?\u00a0<\/span><\/b><\/span><span lang=\"ES-GT\" style=\"color: #0000ff; font-family: Arial, sans-serif;\">Cuando llegu\u00e9 en 1981, lo hice cargado de ilusiones sin saber que tan duro ser\u00eda el camino, llegu\u00e9 sin documentos y con sexto grado, estuve a punto de renunciar a mis sue\u00f1os varias veces pero decid\u00ed dar todo por lograrlos. Nadie me conoc\u00eda, fui discriminado, toque muchas puertas y no me abrieron. 32 a\u00f1os despu\u00e9s. Soy ciudadano de dos pa\u00edses, me gradu\u00e9 con m\u00e1s de dos carrearas profesionales, soy respetado en la comunidad tanto profesional como en la general en USA lo mismo que en Guatemala. Que si ha cambiado! Si amigos, logre mis sue\u00f1os!<\/span><\/p>\n<\/div>\n<div style=\"text-align: justify;\">\n<p><b><span lang=\"ES-GT\" style=\"color: #0000ff; font-family: Arial, sans-serif;\">\u00bfCu\u00e1les son tus prop\u00f3sitos a corto plazo?\u00a0<\/span><\/b><span lang=\"ES-GT\" style=\"color: #0000ff; font-family: Arial, sans-serif;\">Mis prop\u00f3sitos a corto plazo es seguir promocionando mi libro El Lustrador y hacer un segundo tiraje este mismo a\u00f1o esperando que llegue a las personas que necesitan de un empuje para seguir adelante, tambi\u00e9n ya estoy trabajando El Lustrador ilustrado para ni\u00f1os y luego viene El Lustrador en ingl\u00e9s. \u00a0<\/span><span style=\"font-family: Arial, sans-serif;\"><span style=\"color: #0000ff;\">Tambi\u00e9n tengo una firma de libros el s\u00e1bado 25 de octubre en mi museo en nuestra open house anual.<\/span><\/span><\/p>\n<\/div>\n<div style=\"text-align: justify;\">\n<p><b><span lang=\"ES-GT\" style=\"color: #0000ff; font-family: Arial, sans-serif;\"><a href=\"https:\/\/heidysandovalruiz.com\/wp-content\/uploads\/2014\/09\/10654155_1465742163694865_1745264563_n.jpg\"><img loading=\"lazy\" decoding=\"async\" class=\"size-thumbnail wp-image-1930 alignleft\" alt=\"10654155_1465742163694865_1745264563_n\" src=\"https:\/\/heidysandovalruiz.com\/wp-content\/uploads\/2014\/09\/10654155_1465742163694865_1745264563_n-150x150.jpg\" width=\"150\" height=\"150\" \/><\/a>\u00bfCada cu\u00e1nto vienes a Guatemala y cu\u00e1l es el motivo de tus viajes?\u00a0<\/span><\/b><span lang=\"ES-GT\" style=\"color: #0000ff; font-family: Arial, sans-serif;\">En el a\u00f1o 2000 comenc\u00e9 un programa de conservaci\u00f3n y censo de aves en Guatemala. En 2006 segu\u00ed el proyecto anillando y monitoreando aves el cual lo sigo trabajando hasta el momento. Voy a Guatemala dos veces por a\u00f1o y doy clases gratis de preparaci\u00f3n de aves y huevos en la USAC y en la U. del Valle.<\/span><\/p>\n<\/div>\n<div style=\"text-align: justify;\">\n<p><span lang=\"ES-GT\" style=\"color: #0000ff; font-family: Arial, sans-serif;\">Por el momento estoy trabajando en la aldea donde nac\u00ed El Chical tambi\u00e9n tratando de limpiar el Rio Motagua que se ha convertido en un desag\u00fce y la gente sigue utilizando agua y peque\u00f1os peces para comer, la lucha ha sido dura para que me escuchen y ayuden a limpiar el rio pero por mi experiencia en la vida no me doy por vencido y creo que mi sue\u00f1o de limpiar el rio Motagua lo voy a lograr aunque tenga que luchar por otro 30 a\u00f1os por \u00e9l.<\/span><\/p>\n<\/div>\n<div style=\"text-align: justify;\">\n<p><b><span lang=\"ES-GT\" style=\"color: #0000ff; font-family: Arial, sans-serif;\">\u00bfQu\u00e9 consejo le dar\u00edas a las personas para que logren superarse?\u00a0<\/span><\/b><span lang=\"ES-GT\" style=\"color: #0000ff; font-family: Arial, sans-serif;\">M\u00e1s que consejos creo son sugerencias. Creo que cada quien tiene la capacidad de lograr sus sue\u00f1os siempre y cuando luche por \u00e9l, lo primero que tenemos que hacer es ir a la escuela\/universidad, ah\u00ed vamos a encontrar a muchos que est\u00e1n luchando por sus sue\u00f1os y los sue\u00f1os de la mano de alguien m\u00e1s se logran m\u00e1s f\u00e1cil.<\/span><\/p>\n<\/div>\n<div style=\"text-align: justify;\">\n<p><span lang=\"ES-GT\" style=\"color: #0000ff; font-family: Arial, sans-serif;\">Aferrate a tus sue\u00f1os con todo tu coraz\u00f3n y recuerda este ni\u00f1o lustrador que sali\u00f3 descalzo de su peque\u00f1o terru\u00f1o y a\u00f1os despu\u00e9s regres\u00f3 para tratar de dar una mano al terru\u00f1o querido. En California fui discriminado y abusado en el \u00e1rea del McArthur Park de donde sal\u00ed hace 25 a\u00f1os, el 14 de septiembre de este a\u00f1o regres\u00e9 en un carroza aleg\u00f3rica de la independencia invitado por mi comunidad a conquistar y olvidar ese pasado que me humill\u00f3.<\/span><\/p>\n<\/div>\n<div style=\"text-align: justify;\">\n<p><span style=\"color: #0000ff;\"><b><span lang=\"ES-GT\" style=\"font-family: Arial, sans-serif;\">A prop\u00f3sito \u00bfParticipas en actividades culturales?\u00a0<\/span><\/b><\/span><span lang=\"ES-GT\" style=\"color: #0000ff; font-family: Arial, sans-serif;\">Reci\u00e9n empec\u00e9 este a\u00f1o, alguien se enter\u00f3 de mi libro El Lustrador y me invitaron a presentarlo en la \u201cSemana del guatemalteco\u201d por primera vez en USA, en donde llev\u00e9 aves tambi\u00e9n. Anteriormente solo participaba de voluntario en casas de recuperaci\u00f3n de alcoh\u00f3licos y drogadictos, lo mismo que en hospitales y c\u00e1rceles juveniles y adultos porque tambi\u00e9n tengo un t\u00edtulo de psicolog\u00eda en adicciones<\/span><\/p>\n<\/div>\n<div style=\"text-align: justify;\">\n<p><b><span lang=\"ES-GT\" style=\"color: #0000ff; font-family: Arial, sans-serif;\">En relaci\u00f3n a ls actividades donde se re\u00fanen los guatemaltecos \u00bfQu\u00e9 opinas de la Feria Chapina?\u00a0<\/span><\/b><span lang=\"ES-GT\" style=\"color: #0000ff; font-family: Arial, sans-serif;\">La Feria Chapina fue otra actividad en donde fui invitado por CONAMIGUA en donde tambi\u00e9n present\u00e9 aves y mi libro. Es la primera vez que participo en la Feria Chapina y me pareci\u00f3 incre\u00edble y muy bien organizada, un pedacito de Guatemala en Los \u00c1ngeles, creo que fue un \u00e9xito y me quedaron ganas de seguir participando.<\/span><\/p>\n<\/div>\n<div style=\"text-align: justify;\">\n<p><span lang=\"ES-GT\" style=\"color: #0000ff; font-family: Arial, sans-serif;\">A Otra actividad que fui invitado por CONAMIGUA fue al desfile de la independencia centroamericana en donde particip\u00e9 en la carroza de Guatemala y en verdad me la pas\u00e9 muy bien, al final en su cap\u00edtulo m\u00e1s reciente El Lustrador est\u00e1 cosechando muchos a\u00f1os de siembra!<\/span><\/p>\n<\/div>\n<div style=\"text-align: justify;\">\n<p><b><span lang=\"ES-GT\" style=\"color: #0000ff; font-family: Arial, sans-serif;\">\u00bfCon lo ocupado que te mantienes cu\u00e9ntanos que haces en tu tiempo libre?<\/span><\/b><span style=\"color: #0000ff;\"><span style=\"font-family: Arial, sans-serif;\">En mi tiempo libre soy voluntario en hospitales, casas de recuperaci\u00f3n para adictos a drogas y alcohol y tambi\u00e9n visito c\u00e1rceles. Pero en mi tiempo libre libre jajaja voy a ver jugar f\u00fatbol a mis nietas, trabajo en mi jard\u00edn (amo las orqu\u00eddeas) y voy al gimnasio lo mismo que a caminar y leer a la playa. \u00a0<\/span><span style=\"font-family: Arial, sans-serif;\">Disfruto mucho leyendo en mi hamaca en el patio de mi jard\u00edn junto a mi tanque con peces Koi, leo por lo menos un libro por mes.<\/span><\/span><\/p>\n<\/div>\n<div style=\"text-align: justify;\">\n<p><b><span lang=\"ES-GT\" style=\"color: #0000ff; font-family: Arial, sans-serif;\">\u00bfPuedes compartir un mensaje a quienes leen las \u201cEntrevistas de Heidy\u201d?\u00a0<\/span><\/b><span lang=\"ES-GT\" style=\"color: #0000ff; font-family: Arial, sans-serif;\">Hace como 3 o 4 meses encontr\u00e9 el espacio de \u201cEntrevistas de Heidy\u201d en el internet y me dije \u201cque mujer tan talentosa es Heidy, ojal\u00e1 un d\u00eda me hiciera una entrevista\u201d. As\u00ed qued\u00f3, nunca la contact\u00e9 porque no lo cre\u00ed conveniente. De repente me llega un correo y me dice que si le doy una entrevista y me qued\u00e9 con la boca abierta. \u00bfVerdad que parece de pel\u00edcula? Pues esa es la vida, amigos, todo es empezar a construir un sue\u00f1o y si lo queremos se hace realidad, todo llega despu\u00e9s por a\u00f1adidura. Le agradezco mucho a a Heidy por haberme tomado en cuenta para contarle la historia de este su humilde servidor El Lustrador.<\/span><\/p>\n<\/div>\n<div style=\"text-align: justify;\">\n<p><span style=\"color: #0000ff;\"><span lang=\"ES-GT\" style=\"font-family: Arial, sans-serif;\">Nunca nos demos por vencidos, si estamos cansados de luchar sent\u00e9monos a descansar un ratito que cansados se nos va hacer m\u00e1s dif\u00edcil alcanzar la meta. Pregunta y vuelve a preguntar al que ya recorri\u00f3 el camino para que te indique donde est\u00e1n las curvas peligrosas. Todos tenemos derecho a un pedacito de esta tierra porque no somos menos que los insectos o las aves. Nunca digas no puedo sin haberlo intentado, no le escuches al que nunca intento cuando te diga que no podr\u00e1s hacerlo, trata que lo importante no es llegar a la meta primero sino haber participado. Lo importante no es cuantas veces ca\u00e9s sino cuantas lograste levantarte. En mi libro hay un correo donde se pueden comunicar conmigo, pregunten.<\/span><\/span><\/p>\n<\/div>\n<div style=\"text-align: justify;\">\n<p><span lang=\"ES-GT\" style=\"color: #0000ff; font-family: Arial, sans-serif;\">Agradezco a Ren\u00e9 Corado el haber compartido su historia tan llena de positivismo y felicitarlo porque es una de esas personas que ha logrado superarse y adem\u00e1s es admirable la labor que realiza al apoyar a personas necesitadas.<\/span><\/p>\n<p><span style=\"color: #0000ff;\"><span lang=\"ES-GT\" style=\"font-family: Arial, sans-serif;\">\u00a0<\/span><\/span><\/p>\n<\/div>\n<div>\n<div>\n<p><iframe loading=\"lazy\" src=\"\/\/www.youtube.com\/embed\/j-RQc86xevk\" height=\"315\" width=\"420\" allowfullscreen=\"\" frameborder=\"0\"><\/iframe><\/p>\n<p><b style=\"color: #0000ff;\">Las entrevistas las pueden leer en los siguientes links:<\/b><\/p>\n<p style=\"text-align: justify;\"><span style=\"color: #0000ff;\">Les invitamos para que se unan al grupo de \u00ab<b>Artistas de Guatemala para el Mundo<\/b>\u00bb en este link<b>\u00a0<\/b><\/span><a href=\"http:\/\/on.fb.me\/1sn2wSf\"><b>http:\/\/on.fb.me\/1sn2wSf<\/b><\/a>,\u00a0<span style=\"color: #0000ff;\">el cual tiene como prop\u00f3sito compartir videos, fotos, an\u00e9cdotas y todo lo de nuestros artistas en las diferentes d\u00e9cadas.<\/span><\/p>\n<\/div>\n<\/div>\n<div>\n<div>\n<p>&nbsp;<\/p>\n<p>&nbsp;<\/p>\n<p>&nbsp;<\/p>\n<p><span style=\"color: #0000ff;\">Hemos creado el grupo \u201cLas entrevistas de Heidy\u201d que pueden localizar en<\/span> <a href=\"http:\/\/on.fb.me\/1QxKypc\">http:\/\/on.fb.me\/1QxKypc<\/a><\/p>\n<p>&nbsp;<\/p>\n<p><span style=\"color: #0000ff;\">Tambi\u00e9n ponemos a su disposici\u00f3n el grupo \u201c<b>Un siglo de anuncios<\/b>\u201d, un espacio donde pueden compartir o comentar los post que se publiquen<\/span> <a href=\"http:\/\/on.fb.me\/1vASm2g\">http:\/\/on.fb.me\/1vASm2g<\/a><\/p>\n<p>&nbsp;<\/p>\n<p><b>\u00a0<\/b><\/p>\n<p>&nbsp;<\/p>\n<p><span style=\"color: #0000ff;\"><b>Las entrevistas las pueden leer en los siguientes links:<\/b><\/span><\/p>\n<p>&nbsp;<\/p>\n<p><a href=\"http:\/\/lasentrevistasdeheidy.blogspot.com\">http:\/\/lasentrevistasdeheidy.blogspot.com<\/a><\/p>\n<p>&nbsp;<\/p>\n<p><a title=\"Los invitados de Heidy\" href=\"https:\/\/www.facebook.com\/pages\/Los-invitados-de-Heidy\/892159284204965?ref=hl\">https:\/\/www.facebook.com\/pages\/Los-invitados-de-Heidy\/892159284204965?ref=hl<\/a><\/p>\n<p>&nbsp;<\/p>\n<p>&nbsp;<\/p>\n<p>&nbsp;<\/p>\n<p>&nbsp;<\/p>\n<p>&nbsp;<\/p>\n<p><b>Entrevista realizada por Heidy Sandoval Ruiz<\/b><\/p>\n<p>&nbsp;<\/p>\n<p><b>\u00a0<\/b><\/p>\n<p>&nbsp;<\/p>\n<p>&nbsp;<\/p>\n<p>&nbsp;<\/p>\n<p>&nbsp;<\/p>\n<p><a href=\"http:\/\/www.heidysandovalruiz.com\/\" data-blogger-escaped-data-mce-href=\"http:\/\/www.heidysandovalruiz.com\/\">\u00a0<\/a><\/p>\n<\/div>\n<div>\n<p><b><span lang=\"ES-GT\" style=\"font-family: Arial, sans-serif;\">\u00a0<\/span><\/b><\/p>\n<\/div>\n<div><\/div>\n<\/div>\n","protected":false},"excerpt":{"rendered":"<div class=\"mh-excerpt\"><p>Hoy en \u201cLa cara amiga de los invitados de Heidy\u201d tendremos la oportunidad de conocer la historia de un guatemalteco nacido en la aldea El <a class=\"mh-excerpt-more\" href=\"https:\/\/heidysandovalruiz.com\/?p=1919\" title=\"La cara amiga de \u00abRen\u00e9 Corado\u00bb\">[&#8230;]<\/a><\/p>\n<\/div>","protected":false},"author":4,"featured_media":1920,"comment_status":"closed","ping_status":"closed","sticky":false,"template":"","format":"standard","meta":{"footnotes":""},"categories":[16],"tags":[170],"class_list":["post-1919","post","type-post","status-publish","format-standard","has-post-thumbnail","hentry","category-la-cara-amiga","tag-la-cara-amiga-de-rene-corado"],"_links":{"self":[{"href":"https:\/\/heidysandovalruiz.com\/index.php?rest_route=\/wp\/v2\/posts\/1919","targetHints":{"allow":["GET"]}}],"collection":[{"href":"https:\/\/heidysandovalruiz.com\/index.php?rest_route=\/wp\/v2\/posts"}],"about":[{"href":"https:\/\/heidysandovalruiz.com\/index.php?rest_route=\/wp\/v2\/types\/post"}],"author":[{"embeddable":true,"href":"https:\/\/heidysandovalruiz.com\/index.php?rest_route=\/wp\/v2\/users\/4"}],"replies":[{"embeddable":true,"href":"https:\/\/heidysandovalruiz.com\/index.php?rest_route=%2Fwp%2Fv2%2Fcomments&post=1919"}],"version-history":[{"count":9,"href":"https:\/\/heidysandovalruiz.com\/index.php?rest_route=\/wp\/v2\/posts\/1919\/revisions"}],"predecessor-version":[{"id":2774,"href":"https:\/\/heidysandovalruiz.com\/index.php?rest_route=\/wp\/v2\/posts\/1919\/revisions\/2774"}],"wp:featuredmedia":[{"embeddable":true,"href":"https:\/\/heidysandovalruiz.com\/index.php?rest_route=\/wp\/v2\/media\/1920"}],"wp:attachment":[{"href":"https:\/\/heidysandovalruiz.com\/index.php?rest_route=%2Fwp%2Fv2%2Fmedia&parent=1919"}],"wp:term":[{"taxonomy":"category","embeddable":true,"href":"https:\/\/heidysandovalruiz.com\/index.php?rest_route=%2Fwp%2Fv2%2Fcategories&post=1919"},{"taxonomy":"post_tag","embeddable":true,"href":"https:\/\/heidysandovalruiz.com\/index.php?rest_route=%2Fwp%2Fv2%2Ftags&post=1919"}],"curies":[{"name":"wp","href":"https:\/\/api.w.org\/{rel}","templated":true}]}}