{"id":1945,"date":"2014-09-24T20:43:07","date_gmt":"2014-09-24T20:43:07","guid":{"rendered":"http:\/\/heidysandovalruiz.com\/?p=1945"},"modified":"2014-09-24T20:47:11","modified_gmt":"2014-09-24T20:47:11","slug":"conmemoran-el-dia-maritimo-internacional","status":"publish","type":"post","link":"https:\/\/heidysandovalruiz.com\/?p=1945","title":{"rendered":"Conmemoran el D\u00eda Mar\u00edtimo Internacional"},"content":{"rendered":"<p style=\"text-align: justify;\"><span style=\"color: #000080;\">La OMI celebra cada a\u00f1o el D\u00eda Mar\u00edtimo Mundial, el cual suele celebrarse durante la \u00faltima semana de septiembre, tiene como objetivo llamar la atenci\u00f3n sobre la importancia de la seguridad en la navegaci\u00f3n, la protecci\u00f3n mar\u00edtima y medio ambiente marino.<\/span><\/p>\n<p style=\"text-align: justify;\"><span style=\"color: #000080;\">El Ministerio de la Defensa Nacional, a trav\u00e9s del Viceministerio de Marina de la Defensa Nacional celebrar\u00e1 el D\u00eda Internacional Mar\u00edtimo llevando a cabo la conferencia: \u00abImplementaci\u00f3n Eficiente de los Instrumentos de la Organizaci\u00f3n Mar\u00edtima Internacional\u00bb, la cual se impartir\u00e1 el mi\u00e9rcoles 24 de septiembre de 9:00 A.M. a 11:00 A.M., en el Centro de Conferencias del Ministerio de la Defensa (Av. Reforma 1-45 zona 10).<\/span><\/p>\n<p style=\"text-align: justify;\"><span style=\"color: #000080;\">La OMI, durante los \u00faltimos a\u00f1os ha desarrollado y adoptado nuevos convenios internacionales, teniendo hasta la fecha cincuenta y tres (53) en total, los cuales han contribuido; permitiendo que el transporte mar\u00edtimo sea m\u00e1s seguro, eficiente y respetuoso con el medio ambiente.<\/span><\/p>\n<p style=\"text-align: justify;\"><span style=\"color: #000080;\">La OMI , durante los \u00faltimos a\u00f1os ha desarrollado y adoptado nuevos convenios internacionales, teniendo hasta la fecha cincuenta y tres (53) en total, los cuales han contribuido; permitiendo que el transporte mar\u00edtimo sea m\u00e1s seguro, eficiente y respetuoso con el medio ambiente .<\/span><\/p>\n<p style=\"text-align: justify;\"><span style=\"color: #000080;\">En el D\u00eda Mar\u00edtimo Mundial 2014, la Marina de la Defensa Nacional ratifica la implementaci\u00f3n de las medidas de la OMI como responsabilidad de un Estado miembro.<\/span><\/p>\n<p style=\"text-align: justify;\">\n<div>\n<div>\n<p><span style=\"color: #000080;\"><span data-blogger-escaped-data-mce-style=\"color: #0000ff;\"><b>Las entrevistas las pueden leer en los siguientes links:<\/b><\/span><span data-blogger-escaped-data-mce-style=\"color: #0000ff;\"><b>\u00a0<\/b><\/span><\/span><\/p>\n<\/div>\n<\/div>\n<div>\n<div>\n<p><a href=\"http:\/\/www.heidysandovalruiz.com\/\" data-blogger-escaped-data-mce-href=\"http:\/\/www.heidysandovalruiz.com\/\">http:\/\/www.heidysandovalruiz.com<\/a><\/p>\n<\/div>\n<\/div>\n<p><a href=\"http:\/\/losinvitadosdeheidy.blogspot.com\/\" data-blogger-escaped-data-mce-href=\"http:\/\/losinvitadosdeheidy.blogspot.com\/\">http:\/\/losinvitadosdeheidy.blogspot.com<\/a><\/p>\n<div>\n<div>\n<div>\n<p><a href=\"https:\/\/www.facebook.com\/pages\/Los-invitados-de-Heidy\/892159284204965?ref=hl\" data-blogger-escaped-data-mce-href=\"https:\/\/www.facebook.com\/pages\/Los-invitados-de-Heidy\/892159284204965?ref=hl\">https:\/\/www.facebook.com\/pages\/Los-invitados-de-Heidy\/892159284204965?ref=hl<\/a><\/p>\n<\/div>\n<\/div>\n<\/div>\n","protected":false},"excerpt":{"rendered":"<div class=\"mh-excerpt\"><p>La OMI celebra cada a\u00f1o el D\u00eda Mar\u00edtimo Mundial, el cual suele celebrarse durante la \u00faltima semana de septiembre, tiene como objetivo llamar la atenci\u00f3n <a class=\"mh-excerpt-more\" href=\"https:\/\/heidysandovalruiz.com\/?p=1945\" title=\"Conmemoran el D\u00eda Mar\u00edtimo Internacional\">[&#8230;]<\/a><\/p>\n<\/div>","protected":false},"author":4,"featured_media":1946,"comment_status":"closed","ping_status":"closed","sticky":false,"template":"","format":"standard","meta":{"footnotes":""},"categories":[63],"tags":[171],"class_list":["post-1945","post","type-post","status-publish","format-standard","has-post-thumbnail","hentry","category-varios","tag-conmemoran-el-dia-maritimo-internacional"],"_links":{"self":[{"href":"https:\/\/heidysandovalruiz.com\/index.php?rest_route=\/wp\/v2\/posts\/1945","targetHints":{"allow":["GET"]}}],"collection":[{"href":"https:\/\/heidysandovalruiz.com\/index.php?rest_route=\/wp\/v2\/posts"}],"about":[{"href":"https:\/\/heidysandovalruiz.com\/index.php?rest_route=\/wp\/v2\/types\/post"}],"author":[{"embeddable":true,"href":"https:\/\/heidysandovalruiz.com\/index.php?rest_route=\/wp\/v2\/users\/4"}],"replies":[{"embeddable":true,"href":"https:\/\/heidysandovalruiz.com\/index.php?rest_route=%2Fwp%2Fv2%2Fcomments&post=1945"}],"version-history":[{"count":2,"href":"https:\/\/heidysandovalruiz.com\/index.php?rest_route=\/wp\/v2\/posts\/1945\/revisions"}],"predecessor-version":[{"id":1948,"href":"https:\/\/heidysandovalruiz.com\/index.php?rest_route=\/wp\/v2\/posts\/1945\/revisions\/1948"}],"wp:featuredmedia":[{"embeddable":true,"href":"https:\/\/heidysandovalruiz.com\/index.php?rest_route=\/wp\/v2\/media\/1946"}],"wp:attachment":[{"href":"https:\/\/heidysandovalruiz.com\/index.php?rest_route=%2Fwp%2Fv2%2Fmedia&parent=1945"}],"wp:term":[{"taxonomy":"category","embeddable":true,"href":"https:\/\/heidysandovalruiz.com\/index.php?rest_route=%2Fwp%2Fv2%2Fcategories&post=1945"},{"taxonomy":"post_tag","embeddable":true,"href":"https:\/\/heidysandovalruiz.com\/index.php?rest_route=%2Fwp%2Fv2%2Ftags&post=1945"}],"curies":[{"name":"wp","href":"https:\/\/api.w.org\/{rel}","templated":true}]}}