{"id":196,"date":"2013-11-10T00:29:17","date_gmt":"2013-11-10T00:29:17","guid":{"rendered":"http:\/\/heidysandovalruiz.com\/?p=196"},"modified":"2014-01-16T22:52:35","modified_gmt":"2014-01-16T22:52:35","slug":"la-cara-amiga-de-international-match-guatemala","status":"publish","type":"post","link":"https:\/\/heidysandovalruiz.com\/?p=196","title":{"rendered":"La cara amiga de \u00bb International Match Guatemala\u00bb"},"content":{"rendered":"<p style=\"text-align: justify;\"><span style=\"color: #333399;\"><strong>Match D\u00edaz Ciraiz<\/strong>, conocido en el ambiente art\u00edstico como <a href=\"https:\/\/www.facebook.com\/pages\/INTERNATIONAL-MATCH-GUATEMALA\/149146351818357?ref=br_rs\"><span style=\"color: #333399;\"><b>International Match Guatemala<\/b><\/span><\/a>,<b><i> <\/i><\/b>es un hombre inquieto que ha logrado con \u00a0esfuerzo propio colocarse en un sitio dentro de nuestro ambiente art\u00edstico.\u00a0 Por ese empe\u00f1o que ha puesto,\u00a0 por su don de colaboraci\u00f3n con diversas instituciones y por su permanencia en los escenarios, este d\u00eda en \u201c<b>La cara amiga de nuestros invitados<\/b>\u201d, presentamos a Match, en este espacio donde se puede decir lo que se quiere y lo que en otros medios no se puede.<b><i><\/i><\/b><\/span><\/p>\n<p style=\"text-align: justify;\"><span style=\"color: #333399;\"><strong>Donde naces y como transcurre tu infancia?\u00a0<\/strong>Gracias a Dios naci en uno de los departamentos m\u00e1s lindos que tiene Guatemala Escuintla,\u00a0 Ciudad de las golondrinas y las palmeras, all\u00ed viv\u00ed parte de mi infancia aunque por razones de escaso trabajo, mis pap\u00e1s decidieron trasladarse a la capital donde he vivido desde hace muchos a\u00f1os pero creo que aunque con algunas limitaciones mi infancia fue de lo mejor, pues aprend\u00ed a cimentar una de las actitudes m\u00e1s valiosas de la vida \u201cla humildad\u201d.<\/span><\/p>\n<p style=\"text-align: justify;\"><span style=\"color: #333399;\"><strong><a href=\"https:\/\/heidysandovalruiz.com\/wp-content\/uploads\/2013\/11\/1005109_10201360322715586_1349957216_n.jpg\"><span style=\"color: #333399;\"><img loading=\"lazy\" decoding=\"async\" class=\"size-medium wp-image-198 alignleft\" alt=\"1005109_10201360322715586_1349957216_n\" src=\"https:\/\/heidysandovalruiz.com\/wp-content\/uploads\/2013\/11\/1005109_10201360322715586_1349957216_n-200x300.jpg\" width=\"200\" height=\"300\" \/><\/span><\/a>Desde cuando incursionas en la m\u00fasica y quien te impuls\u00f3?\u00a0<\/strong>Mi carrera musical empieza desde el a\u00f1o 1997 y fue por iniciativa propia, siempre he sido mi propio productor musical aunque he tenido la dicha de contar con la colaboraci\u00f3n de grandes talentos guatemaltecos.<\/span><\/p>\n<p style=\"text-align: justify;\"><span style=\"color: #333399;\"><strong>Qu\u00e9 estilo musical interpretas y a qu\u00e9 p\u00fablico est\u00e1 dirigido?\u00a0<\/strong>Mi estilo musical est\u00e1 marcado por el g\u00e9nero tropical aunque en la actualidad he aprendido a interpretar varios estilos dirigidos a toda clase de p\u00fablico popular.<\/span><\/p>\n<p style=\"text-align: justify;\"><span style=\"color: #333399;\"><strong>Alguien de tu familia est\u00e1 involucrado en el canto?<\/strong>\u00a0Si tengo varios miembros de mi familia que tienen y desarrollan talento musical y art\u00edstico aunque yo he sido el que ha hecho una carrera profesional y le he dedicado toda mi vida al arte.<\/span><\/p>\n<p style=\"text-align: justify;\"><span style=\"color: #333399;\"><strong>Has llevado tu m\u00fasica y tu estilo a otros lugares fuera de Guatemala?\u00a0<\/strong>Gracias a Dios he podido trascender con mi m\u00fasica a varios pa\u00edses especialmente a los Estados Unidos.<\/span><\/p>\n<p style=\"text-align: justify;\"><span style=\"color: #333399;\"><strong>Cu\u00e1ntos discos has grabado y bajo que sello? \u00a0<\/strong>Hasta el momento tengo 5 producciones grabadas 4 de ellas bajo el sello independiente de Match Producciones y una producci\u00f3n con la casa disquera de Difosa-Vipro.<\/span><\/p>\n<p style=\"text-align: justify;\"><span style=\"color: #333399;\"><strong>En tus presentaciones donde has percibido que el p\u00fablico te ha recibido con m\u00e1s entusiasmo y calidez?\u00a0<\/strong>Creo que soy muy afortunado pues en todas partes donde me he presentado siempre ha existido el entusiasmo y calidez de parte del p\u00fablico, aunque en algunos departamentos de Guatemala quiz\u00e1s por la falta de cultura art\u00edstica la gente es un poco t\u00edmida.<\/span><\/p>\n<p style=\"text-align: justify;\"><span style=\"color: #333399;\"><strong>C\u00f3mo puede comunicarse el p\u00fablico contigo? \u00a0<\/strong>Ahora la mejor herramienta de trabajo y de comunicaci\u00f3n con el p\u00fablico son las redes sociales y es as\u00ed como me pueden contactar en facebook. como Mactch Diaz Ciraiz en el twitter como @Mactchdiaz o a mi cel. 45002222 a las \u00f3rdenes siempre!!!<\/span><\/p>\n<p style=\"text-align: justify;\"><span style=\"color: #333399;\">\u00a0<\/span><\/p>\n<p style=\"text-align: justify;\"><span style=\"color: #333399;\"><strong><i>Entrevista realizada por Heidy Sandoval Ruiz<\/i><\/strong><\/span><\/p>\n","protected":false},"excerpt":{"rendered":"<div class=\"mh-excerpt\"><p>Match D\u00edaz Ciraiz, conocido en el ambiente art\u00edstico como International Match Guatemala, es un hombre inquieto que ha logrado con \u00a0esfuerzo propio colocarse en un <a class=\"mh-excerpt-more\" href=\"https:\/\/heidysandovalruiz.com\/?p=196\" title=\"La cara amiga de \u00bb International Match Guatemala\u00bb\">[&#8230;]<\/a><\/p>\n<\/div>","protected":false},"author":4,"featured_media":199,"comment_status":"closed","ping_status":"closed","sticky":false,"template":"","format":"standard","meta":{"footnotes":""},"categories":[16],"tags":[24],"class_list":["post-196","post","type-post","status-publish","format-standard","has-post-thumbnail","hentry","category-la-cara-amiga","tag-la-cara-amiga-de-international-match-guatemala"],"_links":{"self":[{"href":"https:\/\/heidysandovalruiz.com\/index.php?rest_route=\/wp\/v2\/posts\/196","targetHints":{"allow":["GET"]}}],"collection":[{"href":"https:\/\/heidysandovalruiz.com\/index.php?rest_route=\/wp\/v2\/posts"}],"about":[{"href":"https:\/\/heidysandovalruiz.com\/index.php?rest_route=\/wp\/v2\/types\/post"}],"author":[{"embeddable":true,"href":"https:\/\/heidysandovalruiz.com\/index.php?rest_route=\/wp\/v2\/users\/4"}],"replies":[{"embeddable":true,"href":"https:\/\/heidysandovalruiz.com\/index.php?rest_route=%2Fwp%2Fv2%2Fcomments&post=196"}],"version-history":[{"count":2,"href":"https:\/\/heidysandovalruiz.com\/index.php?rest_route=\/wp\/v2\/posts\/196\/revisions"}],"predecessor-version":[{"id":592,"href":"https:\/\/heidysandovalruiz.com\/index.php?rest_route=\/wp\/v2\/posts\/196\/revisions\/592"}],"wp:featuredmedia":[{"embeddable":true,"href":"https:\/\/heidysandovalruiz.com\/index.php?rest_route=\/wp\/v2\/media\/199"}],"wp:attachment":[{"href":"https:\/\/heidysandovalruiz.com\/index.php?rest_route=%2Fwp%2Fv2%2Fmedia&parent=196"}],"wp:term":[{"taxonomy":"category","embeddable":true,"href":"https:\/\/heidysandovalruiz.com\/index.php?rest_route=%2Fwp%2Fv2%2Fcategories&post=196"},{"taxonomy":"post_tag","embeddable":true,"href":"https:\/\/heidysandovalruiz.com\/index.php?rest_route=%2Fwp%2Fv2%2Ftags&post=196"}],"curies":[{"name":"wp","href":"https:\/\/api.w.org\/{rel}","templated":true}]}}