{"id":201,"date":"2013-11-10T00:39:49","date_gmt":"2013-11-10T00:39:49","guid":{"rendered":"http:\/\/heidysandovalruiz.com\/?p=201"},"modified":"2014-01-16T22:52:30","modified_gmt":"2014-01-16T22:52:30","slug":"la-cara-amiga-de-edgar-quinonez","status":"publish","type":"post","link":"https:\/\/heidysandovalruiz.com\/?p=201","title":{"rendered":"La cara amiga de \u00abEdgar Qui\u00f1\u00f3nez\u00bb"},"content":{"rendered":"<div style=\"text-align: justify;\"><span style=\"color: #003300;\">Hoy en \u201c<strong>La cara amiga de nuestros invitados<\/strong>\u201d\u00a0 presentamos a ustedes al responsable de la obra que se encuentra en escena\u00a0 en estos momentos en el Teatro de C\u00e1mara \u201cPepi\u00e1n de tres carnes\u201d, nuestro invitado es <strong>Edgar Qui\u00f1\u00f3nez<\/strong>, un personaje cordial, alegre que quienes le conocen saben que es una persona divertida, pero lo que no saben, es que nuestro personaje viv\u00eda en el Barrio de la Villa de Guadalupe, de una familia numerosa y en su adolescencia quiso ser sacerdote.\u00a0 Muchas cosas que se desconocen y que hoy conoceremos de este artista que tiene m\u00e1s de 4 d\u00e9cadas de dedicar su vida al teatro.\u00a0 Adem\u00e1s, les comento que en la \u201cXX Gala de la Canci\u00f3n Guatemalteca\u201d, se rendir\u00e1 un homenaje a Edgar por su trayectoria y apoyo incondicional a este evento, as\u00ed que a los amigos y seguidores les invitamos para que se den cita el 5 de septiembre a las 19 horas.<\/span><\/div>\n<div style=\"text-align: justify;\"><span style=\"color: #003300;\">\u00a0<\/span><\/div>\n<div style=\"text-align: justify;\"><span style=\"color: #003300;\">Y bueno despu\u00e9s de hacer esta presentaci\u00f3n entramos de lleno a nuestra entrevista.<\/span><\/div>\n<div style=\"text-align: justify;\"><span style=\"color: #003300;\">\u00a0<\/span><\/div>\n<div style=\"text-align: justify;\"><span style=\"color: #003300;\"><strong><a href=\"https:\/\/heidysandovalruiz.com\/wp-content\/uploads\/2013\/11\/19537_1164455806125_2232140_n.jpg\"><span style=\"color: #003300;\"><img loading=\"lazy\" decoding=\"async\" class=\"size-medium wp-image-202 alignleft\" alt=\"19537_1164455806125_2232140_n\" src=\"https:\/\/heidysandovalruiz.com\/wp-content\/uploads\/2013\/11\/19537_1164455806125_2232140_n-300x214.jpg\" width=\"300\" height=\"214\" \/><\/span><\/a>En tu adolescencia quer\u00edas ser sacerdote por qu\u00e9?\u00a0<\/strong>Si Quer\u00eda\u2026, vengo de una familia numerosa y tradicionalmente cat\u00f3lica y creo que eso influy\u00f3 en m\u00ed, mi mam\u00e1 siempre perteneci\u00f3 a la hermandad del barrio y me hice muy amigo de muchos curas, recuerdo uno muy especialmente al padre Juan Carlos C\u00f3rdova era un padre a toda madre.<\/span><\/div>\n<div style=\"text-align: justify;\"><span style=\"color: #003300;\">\u00a0<\/span><\/div>\n<div style=\"text-align: justify;\"><span style=\"color: #003300;\"><strong>C\u00f3mo te inclinas por el teatro, qu\u00e9 te dice tu familia cuando empiezas con esta idea?<\/strong>\u00a0Mi familia siempre apoy\u00f3 lo que yo decidiera y la inclinaci\u00f3n me viene de ser hijo de un \u201cloero\u201d\u00a0 es una forma de decir que mi papa montaba loas para ser representadas durante los festejos del doce de diciembre en la Villa de Guadalupe y de Concepci\u00f3n, me encantaba ver como tomaban vida los diferentes personajes de las historias que se presentaban yo era muy ni\u00f1o y no se me olvida.<\/span><\/div>\n<div style=\"text-align: justify;\"><span style=\"color: #003300;\">\u00a0<\/span><\/div>\n<div style=\"text-align: justify;\"><span style=\"color: #003300;\"><strong>En qu\u00e9 grupos de teatro has participado?<\/strong> \u00a0He estado en muchos grupos, pero guardo especial cari\u00f1o por Teatro Centro,Teatro del Puente con Dick Smith, en donde me form\u00e9 y aprend\u00ed\u00a0 de grandes maestros como Consuelo Miranda, Norma Padilla, Luis Tuch\u00e1n, Alfredo Porras Smith, el mismo Dick Smith quien fue un gran maestro y con especial cari\u00f1o mi admiraci\u00f3n y respeto por el maestro Rub\u00e9n Morales Monroy.<\/span><\/div>\n<div style=\"text-align: justify;\"><span style=\"color: #003300;\">\u00a0<\/span><\/div>\n<div><span style=\"color: #003300;\"><strong>En d\u00f3nde estudiaste arte dram\u00e1tico?<\/strong> \u00a0Me inici\u00e9 estudiando teatro en la U.P en el 76 a\u00f1o del terremoto, la compa\u00f1\u00eda de teatro U.P.\u00a0 fue mi primer grupo.<b><a href=\"https:\/\/heidysandovalruiz.com\/wp-content\/uploads\/2013\/11\/1009467_4657836018447_771800188_o.jpg\"><span style=\"color: #003300;\"><img loading=\"lazy\" decoding=\"async\" class=\"size-medium wp-image-203 alignright\" alt=\"1009467_4657836018447_771800188_o\" src=\"https:\/\/heidysandovalruiz.com\/wp-content\/uploads\/2013\/11\/1009467_4657836018447_771800188_o-300x225.jpg\" width=\"300\" height=\"225\" \/><\/span><\/a><\/b><\/span><\/div>\n<div style=\"text-align: justify;\"><span style=\"color: #003300;\">\u00a0<\/span><\/div>\n<div style=\"text-align: justify;\"><span style=\"color: #003300;\"><strong>S\u00e9 que Popeye es un personaje preferido, te hubiera gustado ser marino como \u00e9l?<\/strong> \u00a0De hecho en este oficio de actor siempre estas navegando entre lo bueno y lo malo, lo bonito y lo feo, la bondad y la maldad y tienes que ser h\u00e1bil para llevar tu barca a puerto seguro.<\/span><\/div>\n<div style=\"text-align: justify;\"><span style=\"color: #003300;\">\u00a0<\/span><\/div>\n<div style=\"text-align: justify;\"><span style=\"color: #003300;\"><strong>Si te invitaran a participar en una obra, cu\u00e1l de estos papeles aceptar\u00edas y porqu\u00e9: un pol\u00edtico, un campesino, un vaquero o un narco? \u00a0<\/strong>Como actor debes de tener la capacidad de interpretar cualquier papel, pero creo que el papel del pol\u00edtico te da la posibilidad de recrear una compleja gama de caracter\u00edsticas la hipocres\u00eda, la codicia, etc.<\/span><\/div>\n<div style=\"text-align: justify;\"><span style=\"color: #003300;\">\u00a0<\/span><\/div>\n<div style=\"text-align: justify;\"><span style=\"color: #003300;\"><strong>Si representaras a los 3 Chiflados con cu\u00e1l de los personajes te identificar\u00edas y porqu\u00e9, y con que otros actores har\u00edas los otros personajes?\u00a0<\/strong>Larry, juego a tonto pero no soy\u2026en este medio habemos tantos chiflados que me sobran actores para tan pocos personajes.<\/span><\/div>\n<div style=\"text-align: justify;\"><span style=\"color: #003300;\">\u00a0<\/span><\/div>\n<div style=\"text-align: justify;\"><span style=\"color: #003300;\"><strong>En qu\u00e9 pa\u00eds del mundo crees que hay total inter\u00e9s por apoyar el teatro?\u00a0<\/strong>En Guatemala definitivamente!!&#8230;.si no mir\u00e1 cu\u00e1nto dinero se gastan en un congreso que solo sirve para representar las comedias m\u00e1s burdas que puedan haber.<\/span><\/div>\n<div style=\"text-align: justify;\"><span style=\"color: #003300;\">\u00a0<\/span><\/div>\n<div style=\"text-align: justify;\"><span style=\"color: #003300;\"><strong>Qu\u00e9 opinas de la diversidad sexual?\u00a0<\/strong>Diversidad sexual, se refiere a tener diversas mujeres? Jajajajaja No ya en serio, respeto profundamente la decisi\u00f3n que cada ser humano tome de su vida y muchos de mis mejores amigos y amigas del medio son diversos\u2026<\/span><\/div>\n<div style=\"text-align: justify;\"><span style=\"color: #003300;\">\u00a0<\/span><\/div>\n<div style=\"text-align: justify;\"><span style=\"color: #003300;\"><strong><a href=\"https:\/\/heidysandovalruiz.com\/wp-content\/uploads\/2013\/11\/19537_1164455766124_8229595_n.jpg\"><span style=\"color: #003300;\"><img loading=\"lazy\" decoding=\"async\" class=\"size-medium wp-image-204 alignleft\" alt=\"19537_1164455766124_8229595_n\" src=\"https:\/\/heidysandovalruiz.com\/wp-content\/uploads\/2013\/11\/19537_1164455766124_8229595_n-225x300.jpg\" width=\"225\" height=\"300\" \/><\/span><\/a>Qu\u00e9 personaje no has interpretado y quisieras hacer?\u00a0<\/strong>No se me ocurre alguno, Pero ya me dejaste pensando\u2026..<\/span><\/div>\n<div style=\"text-align: justify;\"><span style=\"color: #003300;\"><strong>\u00a0<\/strong><\/span><\/div>\n<div style=\"text-align: justify;\"><span style=\"color: #003300;\"><strong>Actualmente se presenta Pepi\u00e1n de tres carnes, como has visto la participaci\u00f3n del p\u00fablico?\u00a0<\/strong>La gente que ha llegado a ver nuestro pepi\u00e1n ha sido muy numerosa entre estudiantes y p\u00fablico en general y sin lugar a equivocarme creo que estamos ante un\u00a0 trabajo de g\u00e9nero costumbrista que ya hace mucho tiempo no se ve\u00eda ,porque producciones con mucha gente ya no se montan por lo caro que esto sale y actualmente prefiere hacer cosas menos complicadas y con poca gente \u2026mis actores del pepi\u00e1n est\u00e1n contentos ya saben que las posibilidades de ganar plata es poca pero est\u00e1n conscientes del valor e importancia de rescatar este g\u00e9nero que ya no se hace.<\/span><\/div>\n<div style=\"text-align: justify;\"><span style=\"color: #003300;\">\u00a0<\/span><\/div>\n<div style=\"text-align: justify;\"><span style=\"color: #003300;\"><strong>Alg\u00fan mensaje para tus seguidores en FB?\u00a0<\/strong>Ni que fuera el Papa Francisco para andar dando mensajes\u2026jajajaaj\u2026Nada que los quiero mucho que perdonen todas las burradas que a veces escribo en el Facebook, sobre todo mil disculpas por las fotos que publico en donde me hago acompa\u00f1ar de personajes que no son de su agrado ..y como dijo el poeta Hind\u00fa\u00a0 \u201cD\u00e9jame ser como el \u00e1rbol de s\u00e1ndalo ,que perfuma el cuchillo que lo hiere\u201d<\/span><\/div>\n<div style=\"text-align: justify;\"><span style=\"color: #003300;\">\u00a0<\/span><\/div>\n<div style=\"text-align: justify;\"><span style=\"color: #003300;\">Mil gracias Heidy por esta entrevista y te deseo lo mejor de lo mejor, muchos \u00e9xitos en tus proyectos que la Gala de la Canci\u00f3n sea todo un \u00e9xito como siempre.<\/span><\/div>\n<div style=\"text-align: justify;\"><span style=\"color: #003300;\">\u00a0<\/span><\/div>\n<div style=\"text-align: justify;\"><span style=\"color: #003300;\">Ahhhh y aprovecho para recordarle a Edgar que quiero conocer a dos de sus grandes amigas contempor\u00e1neas\u2026jajajajaa\u2026.hasta la pr\u00f3xima entrevista.<\/span><\/div>\n<div style=\"text-align: justify;\"><span style=\"color: #003300;\">\u00a0<\/span><\/div>\n<div style=\"text-align: justify;\"><span style=\"color: #003300;\">\u00a0<\/span><\/div>\n<div style=\"text-align: justify;\"><span style=\"color: #003300;\"><strong><i>Entrevista realizada por Heidy Sandoval Ruiz<\/i><\/strong><\/span><\/div>\n<p>&nbsp;<\/p>\n","protected":false},"excerpt":{"rendered":"<div class=\"mh-excerpt\"><p>Hoy en \u201cLa cara amiga de nuestros invitados\u201d\u00a0 presentamos a ustedes al responsable de la obra que se encuentra en escena\u00a0 en estos momentos en <a class=\"mh-excerpt-more\" href=\"https:\/\/heidysandovalruiz.com\/?p=201\" title=\"La cara amiga de \u00abEdgar Qui\u00f1\u00f3nez\u00bb\">[&#8230;]<\/a><\/p>\n<\/div>","protected":false},"author":4,"featured_media":205,"comment_status":"closed","ping_status":"closed","sticky":false,"template":"","format":"standard","meta":{"footnotes":""},"categories":[16],"tags":[25],"class_list":["post-201","post","type-post","status-publish","format-standard","has-post-thumbnail","hentry","category-la-cara-amiga","tag-la-cara-amiga-de-edgar-quinonez"],"_links":{"self":[{"href":"https:\/\/heidysandovalruiz.com\/index.php?rest_route=\/wp\/v2\/posts\/201","targetHints":{"allow":["GET"]}}],"collection":[{"href":"https:\/\/heidysandovalruiz.com\/index.php?rest_route=\/wp\/v2\/posts"}],"about":[{"href":"https:\/\/heidysandovalruiz.com\/index.php?rest_route=\/wp\/v2\/types\/post"}],"author":[{"embeddable":true,"href":"https:\/\/heidysandovalruiz.com\/index.php?rest_route=\/wp\/v2\/users\/4"}],"replies":[{"embeddable":true,"href":"https:\/\/heidysandovalruiz.com\/index.php?rest_route=%2Fwp%2Fv2%2Fcomments&post=201"}],"version-history":[{"count":5,"href":"https:\/\/heidysandovalruiz.com\/index.php?rest_route=\/wp\/v2\/posts\/201\/revisions"}],"predecessor-version":[{"id":594,"href":"https:\/\/heidysandovalruiz.com\/index.php?rest_route=\/wp\/v2\/posts\/201\/revisions\/594"}],"wp:featuredmedia":[{"embeddable":true,"href":"https:\/\/heidysandovalruiz.com\/index.php?rest_route=\/wp\/v2\/media\/205"}],"wp:attachment":[{"href":"https:\/\/heidysandovalruiz.com\/index.php?rest_route=%2Fwp%2Fv2%2Fmedia&parent=201"}],"wp:term":[{"taxonomy":"category","embeddable":true,"href":"https:\/\/heidysandovalruiz.com\/index.php?rest_route=%2Fwp%2Fv2%2Fcategories&post=201"},{"taxonomy":"post_tag","embeddable":true,"href":"https:\/\/heidysandovalruiz.com\/index.php?rest_route=%2Fwp%2Fv2%2Ftags&post=201"}],"curies":[{"name":"wp","href":"https:\/\/api.w.org\/{rel}","templated":true}]}}