{"id":2015,"date":"2014-10-15T01:27:53","date_gmt":"2014-10-15T01:27:53","guid":{"rendered":"http:\/\/heidysandovalruiz.com\/?p=2015"},"modified":"2014-10-15T03:59:41","modified_gmt":"2014-10-15T03:59:41","slug":"the-friendly-face-of-lester-godinez","status":"publish","type":"post","link":"https:\/\/heidysandovalruiz.com\/?p=2015","title":{"rendered":"The friendly face of \u00abLester God\u00ednez\u00bb"},"content":{"rendered":"<p style=\"text-align: justify;\"><span style=\"color: #000080;\">Today on \u00ab<b>Friendly face of our guests<\/b>\u00ab, I share with you the interview with an artist who with his love of the Marimba has led the sound of our musical instrument to countries like England, Russia and France. Believe it or not, but in his youth he wore bell bottompants and had long hair. Our guest is <b>Lester God\u00ednez,<\/b> who was born in Taxisco in a family of musicians; in 1970 has his first public presentation which would mark a musical career of hits. Let\u2019s receive Lester Godinez with loud applause in this space, where you can say what you want and what other media cannot.<\/span><\/p>\n<p style=\"text-align: justify;\"><span style=\"color: #000080;\">Welcome my dear friend to this space.Thank you for accepting this interview, where you will tell us many things we still don&#8217;t know about you.<\/span><\/p>\n<p style=\"text-align: justify;\"><span style=\"color: #000080;\">To begin our interview I&#8217;d like to know how your childhood was in Taxisco, and the influence that your maternal grandfather had on you.<\/span><\/p>\n<p style=\"text-align: justify;\"><span style=\"color: #000080;\">Although I was born in Taxisco, my first years passed in the West of the country, because my father was a master of roads.This possibly also stressed my attachment to the cultural values of the West, including the marimba and the folkloric manifestations. Therefore, we lived in Catarina, San Marcos and San Pedro, Quetzaltenango, Totonicap\u00e1n, Santa Cruz del Quich\u00e9 and Solol\u00e1, however, almost all weekends we got back to Taxisco.<\/span><\/p>\n<p style=\"text-align: justify;\"><span style=\"color: #000080;\">My grandfather, Vidal Orantes Villegas, although I lived very little with him, was decisive in my inclination to music. Along with his brothers, integrated the musical group\u201cLos Hermanos Orantes\u201d, with Francisco (tio Pancho), and Anselmo.<\/span><\/p>\n<p style=\"text-align: justify;\"><span style=\"color: #000080;\"><b>\u00bfYour father always supported you; do you remember at what age he gave you your first marimba? <\/b>I was about 10 years old. In fact he never knew how far such gift would go, because with my brothers we saw it initially as a toy. Little by little I was unlocking its secrets.<\/span><\/p>\n<p style=\"text-align: justify;\"><span style=\"color: #000080;\"><b><a href=\"https:\/\/heidysandovalruiz.com\/wp-content\/uploads\/2014\/10\/10685389_365521390278404_3435789026133973311_n.jpg\"><img loading=\"lazy\" decoding=\"async\" class=\"size-thumbnail wp-image-2020 alignleft\" alt=\"10685389_365521390278404_3435789026133973311_n\" src=\"https:\/\/heidysandovalruiz.com\/wp-content\/uploads\/2014\/10\/10685389_365521390278404_3435789026133973311_n-150x150.jpg\" width=\"150\" height=\"150\" \/><\/a>\u00bfWhat melody was the first that you played and why you selected it? <\/b>El Tiempo Todo lo Borra of Domingo Bethancourt. Actually, my Dad gave us two marimbitas. The first was simple and didn\u2019t play that well (white keys of the piano, were missing the flats). A year later he gave us a double marimbita, with which I felt good to play all the parts. One of my early frustrations with the first was that melody, for when we received the double keyboard, was the first melody that I played.<\/span><\/p>\n<p style=\"text-align: justify;\"><span style=\"color: #000080;\"><b>\u00bfIn your teens how were you?What was fashionable at the time? <\/b>I was up to date in my time. I listened to the radio 9-80, in which was scheduled youth music in English with the groups of the time. At that time I listened to Billy Goldsboro, Boby Vinton, Elvis Presley, etc. Very soon, it was a group with fresh music that we loved it all,The Beatles. Then, The Animals, Rolling Stones, etc. At the same time, I listened to the Radio Panamericana and I \u00abdiscovered\u00bb Bert Kaempfert, Ray Conniff, Glenn Miller, etc. The most important thing is that radio Progreso I listenedto a program of sones in marimba at 3 in the afternoon, and I started to play together with the teachers, especially Bethancourt and Hurtado. The sones have always fascinated me.<\/span><\/p>\n<p style=\"text-align: justify;\"><span style=\"color: #000080;\"><b>\u00bfTell us how you dressed yourself, did you usebell bottom pants, long hair, going to nightclubs or were you very dedicated to your study with the marimba? <\/b>Indeed, I used bell bottom pants and a bit of long hair, but I didn\u2019t go to parties, indeed, I was absorbed by my studies and the marimba.<\/span><\/p>\n<p style=\"text-align: justify;\"><span style=\"color: #000080;\"><b>\u00bfWhat is the meaning of colonia Utatl\u00e1n for you? <\/b>There I developed my youth, my friends, etc., with whom I shared my music and my early inclinations for the marimba. Also practiced sports, especially soccer and amateur bicycling.<\/span><\/p>\n<p style=\"text-align: justify;\"><span style=\"color: #000080;\"><b>\u00bfWhat other instruments besides the marimbado you play? <\/b>I studied oboe and percussion at the Conservatory, and began my training as a conductor of orchestra, as I could, because there was no specific course for this purpose.<\/span><\/p>\n<p style=\"text-align: justify;\"><span style=\"color: #000080;\"><b>\u00bfYou are the creator of the concept of marimba concerts in the<a href=\"https:\/\/heidysandovalruiz.com\/wp-content\/uploads\/2014\/10\/1.jpg\"><img loading=\"lazy\" decoding=\"async\" class=\"size-thumbnail wp-image-2027 alignright\" alt=\"1\" src=\"https:\/\/heidysandovalruiz.com\/wp-content\/uploads\/2014\/10\/1-150x150.jpg\" width=\"150\" height=\"150\" \/><\/a> country.How does this idea startand what year are we talking about?\u00a0<\/b><\/span><span style=\"color: #000080;\">In 1970 I observed that the marimba was in decline and that the youth was \u00abgone\u00bb with the rock giving the back to our marimba. One of the causes was the moral fall because it was being relegated to the corner of the Ballroom, which no one cared. I thought it was time to dignify it, raising it to the seat that deserves as a concert instrument, by means of the dignity of the marimba and the marimbista. My proposal arises on May 10, 1970, when I was studying in the vocational technical Institute, where I had formed a student group. The director asked that if we can \u00abentertain\u00bb the evening of anniversary of the Institute, to which I objected and said that we were happy to cooperate, but in the program. And so it was. The concept of marimba, as an alternative to the entertainment is born.<\/span><\/p>\n<p style=\"text-align: justify;\"><span style=\"color: #000080;\"><b>\u00bfDo you remember what year you presented at the professional level and what was the activity?<\/b><b>\u00a0 <\/b>It was in the year 1973, invited by the Master Fernando Morales Matus to play in Herencia Maya Quiche, in the then called Teatrode la 12, 12 Street between 3rd and 4th avenues. It no longer exists.<\/span><\/p>\n<p style=\"text-align: justify;\"><span style=\"color: #000080;\"><b>\u00bfYou have several loves: your wife, your children and the marimba, how do you do to divide your time between your loved ones and the performance?<\/b><b> <\/b>In fact my wife (who I met by the marimba, as she was preparing a tribute concert for the teachers Bethancourt D\u00edaz, of the Marimba Princesade Xela, Mariano, Ruben and Fabi\u00e1n. (My wife was the granddaughter of the Master Rub\u00e9n Bethancourt D\u00edaz). She has taken charge of the training and care of the children, notan easy task, but it allowed me to better develop my musical career (marimba, jazz, recording of jingles, studies, etc.).<\/span><\/p>\n<p style=\"text-align: justify;\"><b style=\"color: #000080;\"><a href=\"https:\/\/heidysandovalruiz.com\/wp-content\/uploads\/2013\/11\/PrimitiveImage.jpg\"><img loading=\"lazy\" decoding=\"async\" class=\"size-thumbnail wp-image-1772 alignleft\" alt=\"PrimitiveImage\" src=\"https:\/\/heidysandovalruiz.com\/wp-content\/uploads\/2013\/11\/PrimitiveImage-150x150.jpg\" width=\"150\" height=\"150\" \/><\/a>\u00bfHave any of your sons followed your career?<\/b><b style=\"color: #000080;\"> <\/b><span style=\"color: #000080;\">At the appropriate time it was not possible, because they havetoo much homework at school and I did not want to sacrifice them. However, the three boys played marimba and they integrated to the first child concert Marimba. They gave recitals at the children&#8217;s Museum, national theatre, closures of Angelica Rosa, etc. Now, the first is an engineer in systems, another is finishing the master degree in e-business and make applications for Apple, and the third is ending business economics. The girl, the oldest, graduated BA in CC of communication, majoring in Radio and TV production. She currently works at Publinews.<\/span><\/p>\n<p style=\"text-align: justify;\"><span style=\"color: #000080;\"><b>\u00bfHow many compositions do you have under your belt?<\/b><b> <\/b>Approximately 30 pieces, mostly sones. I created the Son de Proyecci\u00f3n Folkl\u00f3rica, cas El Sembrador, La Pedrera, Nim K\u2019ij, etc.<\/span><\/p>\n<p style=\"text-align: justify;\"><span style=\"color: #000080;\"><b>\u00bfWhich countries have youvisited in the last 15 years? <\/b>Germany, Austria, Spain, France, England, Italy, Portugal, Norway, Sweden, Russia and Serbia, as well as Brazil, Chile, Colombia, Cuba, Ecuador, United States, Canada, Mexico, Puerto Rico, Venezuela, Belize, Central America, Israel, Japan and Taiwan.<\/span><\/p>\n<p style=\"text-align: justify;\"><span style=\"color: #000080;\"><b>\u00bfHow were you received abroad and what the warmer country where they have stood up is and say bravo! One more, one more? <\/b>In fact, all countries succumb to the charms of the marimba. I would say that acceptance is similar in all countries, because they admire that an instrument with the appearance of \u00abfurniture\u00bb or \u00abcounter\u00bb may arise to symphonies and contemporary works. In Germany, they admired that we didn&#8217;t have a director in front of us and we were not reading music at a lectern.<\/span><\/p>\n<p><span style=\"color: #000080;\"><b>\u00bfDo you consider yourself a defender of the marimba? <\/b>Of course, \u00a0a defender and a dignificador.<\/span><\/p>\n<p style=\"text-align: justify;\"><span style=\"color: #000080;\"><b>\u00bfWhat do you think of the teachers Fidel Funes and C\u00e9sar G\u00e1lvez (+)? <\/b>Fidel Funes played with me in the Marimba de Concierto de Bellas Artes, and Checha, as a friend and partner and colleague. Both are extraordinary, each with its own features. I love the Porro of Jaime and Flores andMam\u00e1 de Checha. Fidel has done a great job of broadcasting the marimba Orchestra, which is as Guatemalan as the chuchitos.<\/span><\/p>\n<p style=\"text-align: justify;\"><span style=\"color: #000080;\"><b>\u00bfWith which of the national teachers would you wish to perform a concert? <\/b>With all of them. I get along well with everyone.<\/span><\/p>\n<p style=\"text-align: justify;\"><span style=\"color: #000080;\"><b>\u00bfWhat projects do you have for the rest of the year? <\/b>I have some commitments of concerts I intend to perform, both with marimba and with my jazz band.<\/span><\/p>\n<p style=\"text-align: justify;\"><b style=\"color: #000080;\">\u00bfBy the way and before the end of this interview, we can see you have two facets in your artistic life: marimba music and jazz, speaking of jazz, when did you start your Orchestra and with which elements you complemented it?\u00a0<\/b><span style=\"color: #000080;\">The first group, The Jazz Train Express, founded in 1980, in the line of fusion jazz and jazz rock. It was composed of musicians as Malin Villagran, KC Porter, Luis Estrada, Cesar Sazo, F\u00e9lix Torres.<\/span><\/p>\n<p style=\"text-align: justify;\"><span style=\"color: #000080;\">In April 1997, I had the opportunity to establish the Jazz Train Big Band for a Central American Congress of dentistry at the National Theatre, as a long-cherished dream. Musicians of great stature, such as German Giordano, Javier Garc\u00eda, Armando Trujillo, Arturo Xicay, Ramiro Vivar, Mois\u00e9s Vidal have paraded. In 2004 it expanded to the mode of Orchestra and chorus, with a choir of 12 Professional voices, to play the music of Ray Conniff, modality that proved to be a resounding success.<\/span><\/p>\n<p style=\"text-align: justify;\"><span style=\"color: #000080;\"><b>\u00bfHave any international artists participated in your band? <\/b>The American singer Wayne Hooper, the pianist Rich Ridenour, the singer Kathy Wagner.<b><\/b><\/span><\/p>\n<p style=\"text-align: justify;\"><span style=\"color: #000080;\"><b>\u00bfDo you interpret only international music or do you do Guatemalan music arrangements?<\/b><b> <\/b>We have made arrangements of Guatemalan music, as el Ferrocarril de Los Altos, Luna de Xelaj\u00fa, Chichicastenango, etc.<\/span><\/p>\n<p style=\"text-align: justify;\"><span style=\"color: #000080;\"><b>\u00bfWhat do you think about Mr. Bob Porter who turned out more<a href=\"https:\/\/heidysandovalruiz.com\/wp-content\/uploads\/2013\/11\/13.jpg\"><img loading=\"lazy\" decoding=\"async\" class=\"size-thumbnail wp-image-1773 alignright\" alt=\"1\" src=\"https:\/\/heidysandovalruiz.com\/wp-content\/uploads\/2013\/11\/13-150x150.jpg\" width=\"150\" height=\"150\" \/><\/a> Guatemalan than tamales and to whom we send our affectionate greetings wishing his speedy recovery?<\/b><b> <\/b>Bob has been a great support in the realization of the musical arrangements, and who now is missed a lot, because he is in recovery in the United States. He is a tremendous composer, we hope he recovers.<\/span><\/p>\n<p style=\"text-align: justify;\"><b style=\"color: #000080;\">\u00bfTell me, can you adapt a marimba to a jazz band?\u00a0<\/b><b style=\"color: #000080;\"> <\/b><span style=\"color: #000080;\">Of course, the marimba can be adapted to the jazz band. Already I have done in some solos of Latin jazz, especially. The opposite, the Big Band adapted to the marimba and thus to marimba Orchestra in the Decade of the 1940s.<\/span><\/p>\n<p style=\"text-align: justify;\"><span style=\"color: #000080;\">I appreciate your time and the opportunity to know more, not only the friend, but that the man and the artist who has achieved so much, fighting for the dignification of the marimba.<\/span><\/p>\n<p><iframe loading=\"lazy\" src=\"\/\/www.youtube.com\/embed\/6ZTgFKiH9XY\" height=\"315\" width=\"420\" allowfullscreen=\"\" frameborder=\"0\"><\/iframe><\/p>\n<div><iframe loading=\"lazy\" src=\"\/\/www.youtube.com\/embed\/Jfkhpq2KZOI\" height=\"315\" width=\"420\" allowfullscreen=\"\" frameborder=\"0\"><\/iframe><span style=\"color: #000080;\"><b>Interview by Heidy Sandoval Ruiz<\/b><\/span><\/p>\n<\/div>\n<p><span style=\"color: #000080;\"><b>Translation Ren\u00e9 Corado<\/b><\/span><\/p>\n<p>&nbsp;<\/p>\n<p><span style=\"color: #000080;\"><b>You can read the interviews on these links:<\/b><\/span><\/p>\n<div>\n<div>\n<p><a href=\"http:\/\/www.heidysandovalruiz.com\/\" data-blogger-escaped-data-mce-href=\"http:\/\/www.heidysandovalruiz.com\/\">http:\/\/www.heidysandovalruiz.com<\/a><\/p>\n<\/div>\n<p><a href=\"http:\/\/losinvitadosdeheidy.blogspot.com\/\" data-blogger-escaped-data-mce-href=\"http:\/\/losinvitadosdeheidy.blogspot.com\/\">http:\/\/losinvitadosdeheidy.blogspot.com<\/a><\/p>\n<div>\n<p><a href=\"https:\/\/www.facebook.com\/pages\/Los-invitados-de-Heidy\/892159284204965?ref=hl\" data-blogger-escaped-data-mce-href=\"https:\/\/www.facebook.com\/pages\/Los-invitados-de-Heidy\/892159284204965?ref=hl\">https:\/\/www.facebook.com\/pages\/Los-invitados-de-Heidy\/892159284204965?ref=hl<\/a><\/p>\n<\/div>\n<div>\n<p><b style=\"color: #000080;\">\u00a0<\/b><\/p>\n<\/div>\n<\/div>\n","protected":false},"excerpt":{"rendered":"<div class=\"mh-excerpt\"><p>Today on \u00abFriendly face of our guests\u00ab, I share with you the interview with an artist who with his love of the Marimba has led <a class=\"mh-excerpt-more\" href=\"https:\/\/heidysandovalruiz.com\/?p=2015\" title=\"The friendly face of \u00abLester God\u00ednez\u00bb\">[&#8230;]<\/a><\/p>\n<\/div>","protected":false},"author":4,"featured_media":2021,"comment_status":"closed","ping_status":"closed","sticky":false,"template":"","format":"standard","meta":{"footnotes":""},"categories":[5,16],"tags":[177],"class_list":["post-2015","post","type-post","status-publish","format-standard","has-post-thumbnail","hentry","category-entrevistas","category-la-cara-amiga","tag-the-friendly-face-of-lester-godinez"],"_links":{"self":[{"href":"https:\/\/heidysandovalruiz.com\/index.php?rest_route=\/wp\/v2\/posts\/2015","targetHints":{"allow":["GET"]}}],"collection":[{"href":"https:\/\/heidysandovalruiz.com\/index.php?rest_route=\/wp\/v2\/posts"}],"about":[{"href":"https:\/\/heidysandovalruiz.com\/index.php?rest_route=\/wp\/v2\/types\/post"}],"author":[{"embeddable":true,"href":"https:\/\/heidysandovalruiz.com\/index.php?rest_route=\/wp\/v2\/users\/4"}],"replies":[{"embeddable":true,"href":"https:\/\/heidysandovalruiz.com\/index.php?rest_route=%2Fwp%2Fv2%2Fcomments&post=2015"}],"version-history":[{"count":8,"href":"https:\/\/heidysandovalruiz.com\/index.php?rest_route=\/wp\/v2\/posts\/2015\/revisions"}],"predecessor-version":[{"id":2023,"href":"https:\/\/heidysandovalruiz.com\/index.php?rest_route=\/wp\/v2\/posts\/2015\/revisions\/2023"}],"wp:featuredmedia":[{"embeddable":true,"href":"https:\/\/heidysandovalruiz.com\/index.php?rest_route=\/wp\/v2\/media\/2021"}],"wp:attachment":[{"href":"https:\/\/heidysandovalruiz.com\/index.php?rest_route=%2Fwp%2Fv2%2Fmedia&parent=2015"}],"wp:term":[{"taxonomy":"category","embeddable":true,"href":"https:\/\/heidysandovalruiz.com\/index.php?rest_route=%2Fwp%2Fv2%2Fcategories&post=2015"},{"taxonomy":"post_tag","embeddable":true,"href":"https:\/\/heidysandovalruiz.com\/index.php?rest_route=%2Fwp%2Fv2%2Ftags&post=2015"}],"curies":[{"name":"wp","href":"https:\/\/api.w.org\/{rel}","templated":true}]}}