{"id":2030,"date":"2014-10-16T04:07:14","date_gmt":"2014-10-16T04:07:14","guid":{"rendered":"http:\/\/heidysandovalruiz.com\/?p=2030"},"modified":"2014-10-16T04:12:27","modified_gmt":"2014-10-16T04:12:27","slug":"recordando-a-checha-galvez","status":"publish","type":"post","link":"https:\/\/heidysandovalruiz.com\/?p=2030","title":{"rendered":"Recordando a \u00abChecha G\u00e1lvez\u00bb"},"content":{"rendered":"<p style=\"text-align: justify;\"><span style=\"color: #003366;\">Hoy en \u201c<b>La cara amiga los invitados de Heidy<\/b>\u201d recordaremos a uno de esos artistas que se quedan en el cari\u00f1o y recuerdo de muchos guatemaltecos, fue director de la \u201c<b>India Maya Caballero<\/b>\u201d por m\u00e1s de 4 d\u00e9cadas, \u00e9l es C\u00e9sar G\u00e1lvez mejor conocido como \u201cChecha\u201d.\u00a0 Realiz\u00f3 varias giras a Estados Unidos y otros pa\u00edses y grab\u00f3 m\u00e1s de ciento cuarenta discos.\u00a0 Falleci\u00f3 a los 64 a\u00f1os de edad por complicaciones de una \u00falcera g\u00e1strica el 11 de noviembre de 2012. En esta oportunidad <b>C\u00e9sar Augusto G\u00e1lvez Jr.<\/b> compartir\u00e1 muchas an\u00e9cdotas e informaci\u00f3n que nos lleve a conocer m\u00e1s de nuestro recordado amigo C\u00e9sar G\u00e1lvez.<\/span><\/p>\n<p style=\"text-align: justify;\"><span style=\"color: #003366;\">Doy la bienvenida a C\u00e9sar a este espacio donde se puede decir lo que se quiere y lo que en otros medios no se puede.<\/span><\/p>\n<p style=\"text-align: justify;\"><span style=\"color: #003366;\">Antes que nada quiero agradecerte por esta entrevista en la que recordamos a mi pap\u00e1 y a la que con gusto dar\u00e9 respuesta a tus preguntas.<\/span><\/p>\n<p style=\"text-align: justify;\"><b style=\"color: #003366;\">\u00bfA qu\u00e9 edad empieza Checha a ejecutar la marimba?<\/b><span style=\"color: #003366;\"> Mi pap\u00e1 seg\u00fan me contaba empez\u00f3 a tener relaci\u00f3n con la marimba a los 8 a\u00f1os y desde entonces no dej\u00f3 de ejecutarla logrando a lo largo de su vida \u00e9xito profesional.<\/span><\/p>\n<p style=\"text-align: justify;\"><span style=\"color: #003366;\"><b>\u00bfCon qu\u00e9 maestros recibi\u00f3 clases y d\u00f3nde? <\/b>Definitivamente su primer maestro fue mi abuelo Bernardo G\u00e1lvez, quien le ense\u00f1\u00f3 a ejecutar la marimba.<\/span><\/p>\n<p style=\"text-align: justify;\"><span style=\"color: #003366;\"><b>\u00bfCu\u00e1ntos instrumentos ejecutaba? <\/b>Trompeta, Marimba y Piano.<\/span><\/p>\n<p style=\"text-align: justify;\"><span style=\"color: #003366;\"><b>\u00bfC\u00f3mo y cuando llega a dirigir la \u201cIndia Maya\u201d? <\/b>El 6 de Enero de 1967 al preciso momento que fallece mi abuelo y es el momento en el que mi pap\u00e1 asume la responsabilidad de la marimba orquesta.<\/span><\/p>\n<p style=\"text-align: justify;\"><span style=\"color: #003366;\"><b>\u00bfRecuerdas en qu\u00e9 a\u00f1o graba el primer disco y c\u00f3mo fue recibido por los seguidores? <\/b>En 1970, lanz\u00f3 al mercado su primer disco de 45 revoluciones con capital propio, conteniendo las melod\u00edas: SAN LUCAS TOLIMAN Y UNA LAGRIMA, d\u00e1ndose a conocer entre las m\u00e1s sonadas en ese momento..<\/span><\/p>\n<p style=\"text-align: justify;\"><span style=\"color: #003366;\"><b><a href=\"https:\/\/heidysandovalruiz.com\/wp-content\/uploads\/2014\/10\/427094_10150997862746334_1789897209_n.jpg\"><img loading=\"lazy\" decoding=\"async\" class=\"size-thumbnail wp-image-2034 alignleft\" alt=\"427094_10150997862746334_1789897209_n\" src=\"https:\/\/heidysandovalruiz.com\/wp-content\/uploads\/2014\/10\/427094_10150997862746334_1789897209_n-150x150.jpg\" width=\"150\" height=\"150\" \/><\/a>\u00bfEn qu\u00e9 a\u00f1o realiza su primera gira fuera de Guatemala? Fue <\/b>en 1972 cuando realiza su primera gira por Estados Unidos de Norte Am\u00e9rica y Canad\u00e1 actuando en San Francisco, Los \u00c1ngeles, Washington, New York, Boston , Toronto y Montreal.\u00a0<\/span><\/p>\n<p style=\"text-align: justify;\"><span style=\"color: #003366;\"><b>\u00bfC\u00f3mo era el car\u00e1cter de tu pap\u00e1? <\/b>Un gran ser humano, humilde, carism\u00e1tico, siempre estaba alegre y era muy positivo.<\/span><\/p>\n<p style=\"text-align: justify;\"><span style=\"color: #003366;\"><b>\u00bfRecuerdas cu\u00e1ntos carros tuvo y qu\u00e9 marca era su preferida? <\/b>Jajaja que recuerde mi padre tuvo como 10 veh\u00edculos y todos fueron BMW era su marca preferida.<\/span><\/p>\n<p style=\"text-align: justify;\"><span style=\"color: #003366;\"><b>\u00bfCu\u00e1ntas melod\u00edas compuso y cu\u00e1les fueron las m\u00e1s conocidas? <\/b>Hizo tantas que ni yo se la cuenta, pero las m\u00e1s conocidas: Costa Sur, Me voy me voy, Flores Pa Mama, En la Cumbre, A la Feria, El Porro de Jaime, El Vendedor de Peri\u00f3dicos, Los Zapateros y muchas m\u00e1s que est\u00e1n incluidas en el disco de las consentidas.<\/span><\/p>\n<p style=\"text-align: justify;\"><span style=\"color: #003366;\"><b>\u00bfCu\u00e1ndo graba \u201cEl porro de Jaime\u201d se imagin\u00f3 \u00e9l que ser\u00eda un total \u00e9xito?<\/b> Mi pap\u00e1 era muy innovador, creo que ya ten\u00eda visi\u00f3n de lo que le iba a dar resultado y pues el acert\u00f3 con el porro de Jaime. \u00a0A la fecha nunca falta esta canci\u00f3n en nuestro repertorio pues en todas las presentaciones el p\u00fablico pide esa canci\u00f3n.<\/span><\/p>\n<p style=\"text-align: justify;\"><span style=\"color: #003366;\"><b>\u00bfCu\u00e1ntos discos entre acetatos y CD grab\u00f3? <\/b>Mi pap\u00e1 grab\u00f3 143 Discos. Yo llevo 3. Solo me faltan 140 para alcanzarlo&#8230; Ya mero jajaja<\/span><\/p>\n<p style=\"text-align: justify;\"><span style=\"color: #003366;\"><b>\u00bfC\u00f3mo surge la idea de colocar las car\u00e1tulas de sus discos en la oficina que ten\u00eda en la 17 calle? <\/b>Para \u00e9l cada disco era un hijo m\u00e1s, y que mejor manera de lucir a sus hijos m\u00e1s que en la oficina eran los trofeos y logros que le gustaba lucir.<\/span><\/p>\n<p style=\"text-align: justify;\"><span style=\"color: #003366;\"><b>\u00bfC\u00f3mo era su relaci\u00f3n con el Maestro Fidel Funes?<\/b> Rivales musicalmente, pero fuera del escenario, muy amigos, bromeaban mucho, se llevaban muy bien.<\/span><\/p>\n<p style=\"text-align: justify;\"><span style=\"color: #003366;\"><b>\u00bfCon qu\u00e9 artistas internacionales comparti\u00f3 escenario en Guatemala? <\/b>Los Bukis, Alci Acosta, Miramar, La Sonora Santanera, Oscar de Le\u00f3n, Celia Cruz, Olga Ta\u00f1\u00f3n, Los Ilegales y muchos m\u00e1s.<\/span><\/p>\n<p style=\"text-align: justify;\"><span style=\"color: #003366;\"><b>A prop\u00f3sito \u00bfcon qu\u00e9 grupos nacionales comparti\u00f3 el escenario? <\/b>TODOSSSS!! jajaja<\/span><\/p>\n<p><span style=\"color: #003366;\"><b>\u00bfCu\u00e1les recuerdas eran las canciones preferidas de tu pap\u00e1? <\/b>Realmente Flores pa mam\u00e1 fue su pieza preferida.<a href=\"https:\/\/heidysandovalruiz.com\/wp-content\/uploads\/2014\/10\/301030_283789674972832_156752564_n.jpg\"><img loading=\"lazy\" decoding=\"async\" class=\"size-thumbnail wp-image-2035 alignright\" alt=\"301030_283789674972832_156752564_n\" src=\"https:\/\/heidysandovalruiz.com\/wp-content\/uploads\/2014\/10\/301030_283789674972832_156752564_n-150x150.jpg\" width=\"150\" height=\"150\" \/><\/a><\/span><\/p>\n<p style=\"text-align: justify;\"><span style=\"color: #003366;\"><b>\u00bfQu\u00e9 le gustaba hacer cuando no estaba trabajando? <\/b>Sus vicios eran ir al cine y conocer restaurantes.<\/span><\/p>\n<p style=\"text-align: justify;\"><span style=\"color: #003366;\"><b>\u00bfQu\u00e9 reconocimientos recibi\u00f3 por su trayectoria? <\/b>Discos de Oro, El Pentagrama de Oro, La Marimba de Oro, Dama de Plata, Menci\u00f3n Honor\u00edfica de la Revista BILLBOARD, La Marimba de Jade, Las Baquetas de Platino, Diplomas y Trofeos y muchos m\u00e1s.<\/span><\/p>\n<p style=\"text-align: justify;\"><span style=\"color: #003366;\"><b>\u00bfCu\u00e9ntanos sobre un reconocimiento de la Revista Billboard? <\/b>Todo fue gracias a su alta venta de discos, cuando grababa con FONICA.<\/span><\/p>\n<p style=\"text-align: justify;\"><span style=\"color: #003366;\"><b>\u00bfQu\u00e9 crees que dej\u00f3 de realizar y qu\u00e9 siempre tuvo el deseo? <\/b>Realiz\u00f3 muchas cosas que dese\u00f3, su \u00faltimo sue\u00f1o era tener y dirigir una marimba pura.<\/span><\/p>\n<p style=\"text-align: justify;\"><span style=\"color: #003366;\"><b>Y cu\u00e9ntanos \u00bfA qu\u00e9 edad te ense\u00f1a a ejecutar la marimba? <\/b>Casi ten\u00eda la misma edad de \u00e9l cuando empez\u00f3 a ejecutar la marimba pues yo inici\u00e9 a los 10 a\u00f1os.<\/span><\/p>\n<p style=\"text-align: justify;\"><span style=\"color: #003366;\"><b>Luego del fallecimiento de Checha t\u00fa asumes la direcci\u00f3n de la Marimba Orquesta, \u00bfc\u00f3mo has percibido en este tiempo la aceptaci\u00f3n del p\u00fablico? <\/b>Gracias a Dios todo el afecto y cari\u00f1o que le ten\u00edan a mi pap\u00e1 me lo han trasmitido y el apoyo de la linda gente ha sido incondicional hacia mi persona.<\/span><\/p>\n<p style=\"text-align: justify;\"><span style=\"color: #003366;\"><b><a href=\"https:\/\/heidysandovalruiz.com\/wp-content\/uploads\/2014\/10\/1378690_308344945975480_1634721541_n.jpg\"><img loading=\"lazy\" decoding=\"async\" class=\"size-thumbnail wp-image-2036 alignleft\" alt=\"1378690_308344945975480_1634721541_n\" src=\"https:\/\/heidysandovalruiz.com\/wp-content\/uploads\/2014\/10\/1378690_308344945975480_1634721541_n-150x150.jpg\" width=\"150\" height=\"150\" srcset=\"https:\/\/heidysandovalruiz.com\/wp-content\/uploads\/2014\/10\/1378690_308344945975480_1634721541_n-150x150.jpg 150w, https:\/\/heidysandovalruiz.com\/wp-content\/uploads\/2014\/10\/1378690_308344945975480_1634721541_n.jpg 417w\" sizes=\"auto, (max-width: 150px) 100vw, 150px\" \/><\/a>\u00bfHas grabado discos desde que est\u00e1s al frente de la \u201cIndia Maya Caballero\u201d? <\/b>Llevo 3 discos \ud83d\ude42 El 1ro. Las Consetidas de Checha, 2do. Pa Delante y el 3ro. el m\u00e1s reciente: Con clase.<\/span><\/p>\n<p style=\"text-align: justify;\"><span style=\"color: #003366;\"><b>\u00bfC\u00f3mo fue tu relaci\u00f3n con \u00e9l? Alguna vez hablaron del momento dif\u00edcil de la separaci\u00f3n? <\/b>Nos llev\u00e1bamos de lo mejor, m\u00e1s que mi padre era mi amigo, siempre tuve su apoyo, trabaj\u00e1bamos juntos, viv\u00edamos juntos y pues sal\u00edamos de paseo, al cine y a comer. Solo me dec\u00eda el d\u00eda que me muera solo te pido que nunca dejes morir a la India Maya&#8230; Yo te voy a ayudar y a bendecir desde el cielo.<\/span><\/p>\n<p style=\"text-align: justify;\"><span style=\"color: #003366;\"><b>\u00bfC\u00f3mo lo recuerdas? <\/b>Alegre, trabajador, bromista y muy correcto con todo el mundo.<\/span><\/p>\n<p style=\"text-align: justify;\"><span style=\"color: #003366;\"><b>\u00bfPuedes compartir un mensaje con las personas que lean la entrevista?<\/b><\/span><\/p>\n<p style=\"text-align: justify;\"><span style=\"color: #003366;\">Primero que nada darle gracias a Dios por todo lo que me da, y darle muchas gracias a todas las personas lindas que nos apoyan, nuestros seguidores, a todos los medios, y a ti Heidy por tu ayuda incondicional, porque sin todos ustedes la India Maya estar\u00eda muerta, Dios me los bendiga y sigan apoyando el arte nacional. Nunca dejen morir la marimba.<\/span><\/p>\n<p style=\"text-align: justify;\"><span style=\"color: #003366;\">Agradezco a C\u00e9sar G\u00e1lvez Jr. el haber compartido con \u201cLas entrevistas de Heidy\u201d y le deseamos todo el \u00e9xito en este 18 de octubre que estar\u00e1n celebrando el 69 aniversario de \u201cLa India Maya Caballero\u201d.<\/span><\/p>\n<p><iframe loading=\"lazy\" src=\"\/\/www.youtube.com\/embed\/cNT11wjRf9Q\" height=\"315\" width=\"420\" allowfullscreen=\"\" frameborder=\"0\"><\/iframe><\/p>\n<p><iframe loading=\"lazy\" src=\"\/\/www.youtube.com\/embed\/UXOx3c-Xu18\" height=\"315\" width=\"420\" allowfullscreen=\"\" frameborder=\"0\"><\/iframe><\/p>\n<p><iframe loading=\"lazy\" src=\"\/\/www.youtube.com\/embed\/fOcjfHT4qKQ\" height=\"315\" width=\"420\" allowfullscreen=\"\" frameborder=\"0\"><\/iframe><br \/>\n&nbsp;<\/p>\n<p style=\"text-align: justify;\"><span style=\"color: #003366;\">\u00a0<\/span><\/p>\n<p><span style=\"color: #003366;\"><b>Las entrevistas las pueden leer en los siguientes links:<\/b><\/span><\/p>\n<p><b><\/b><b><\/b><a href=\"http:\/\/www.heidysandovalruiz.com\/\" data-blogger-escaped-data-mce-href=\"http:\/\/www.heidysandovalruiz.com\/\">http:\/\/www.heidysandovalruiz.com<\/a><\/p>\n<div>\n<p><a href=\"http:\/\/losinvitadosdeheidy.blogspot.com\/\" data-blogger-escaped-data-mce-href=\"http:\/\/losinvitadosdeheidy.blogspot.com\/\">http:\/\/losinvitadosdeheidy.blogspot.com<\/a><\/p>\n<div>\n<p><a href=\"https:\/\/www.facebook.com\/pages\/Los-invitados-de-Heidy\/892159284204965?ref=hl\" data-blogger-escaped-data-mce-href=\"https:\/\/www.facebook.com\/pages\/Los-invitados-de-Heidy\/892159284204965?ref=hl\">https:\/\/www.facebook.com\/pages\/Los-invitados-de-Heidy\/892159284204965?ref=hl<\/a><\/p>\n<\/div>\n<\/div>\n<p style=\"text-align: justify;\"><span style=\"color: #003366;\"><b>Entrevista realizada por Heidy Sandoval Ruiz<\/b><\/span><\/p>\n","protected":false},"excerpt":{"rendered":"<div class=\"mh-excerpt\"><p>Hoy en \u201cLa cara amiga los invitados de Heidy\u201d recordaremos a uno de esos artistas que se quedan en el cari\u00f1o y recuerdo de muchos <a class=\"mh-excerpt-more\" href=\"https:\/\/heidysandovalruiz.com\/?p=2030\" title=\"Recordando a \u00abChecha G\u00e1lvez\u00bb\">[&#8230;]<\/a><\/p>\n<\/div>","protected":false},"author":4,"featured_media":2033,"comment_status":"closed","ping_status":"closed","sticky":false,"template":"","format":"standard","meta":{"footnotes":""},"categories":[16],"tags":[178],"class_list":["post-2030","post","type-post","status-publish","format-standard","has-post-thumbnail","hentry","category-la-cara-amiga","tag-recordando-a-checha-galvez"],"_links":{"self":[{"href":"https:\/\/heidysandovalruiz.com\/index.php?rest_route=\/wp\/v2\/posts\/2030","targetHints":{"allow":["GET"]}}],"collection":[{"href":"https:\/\/heidysandovalruiz.com\/index.php?rest_route=\/wp\/v2\/posts"}],"about":[{"href":"https:\/\/heidysandovalruiz.com\/index.php?rest_route=\/wp\/v2\/types\/post"}],"author":[{"embeddable":true,"href":"https:\/\/heidysandovalruiz.com\/index.php?rest_route=\/wp\/v2\/users\/4"}],"replies":[{"embeddable":true,"href":"https:\/\/heidysandovalruiz.com\/index.php?rest_route=%2Fwp%2Fv2%2Fcomments&post=2030"}],"version-history":[{"count":8,"href":"https:\/\/heidysandovalruiz.com\/index.php?rest_route=\/wp\/v2\/posts\/2030\/revisions"}],"predecessor-version":[{"id":2042,"href":"https:\/\/heidysandovalruiz.com\/index.php?rest_route=\/wp\/v2\/posts\/2030\/revisions\/2042"}],"wp:featuredmedia":[{"embeddable":true,"href":"https:\/\/heidysandovalruiz.com\/index.php?rest_route=\/wp\/v2\/media\/2033"}],"wp:attachment":[{"href":"https:\/\/heidysandovalruiz.com\/index.php?rest_route=%2Fwp%2Fv2%2Fmedia&parent=2030"}],"wp:term":[{"taxonomy":"category","embeddable":true,"href":"https:\/\/heidysandovalruiz.com\/index.php?rest_route=%2Fwp%2Fv2%2Fcategories&post=2030"},{"taxonomy":"post_tag","embeddable":true,"href":"https:\/\/heidysandovalruiz.com\/index.php?rest_route=%2Fwp%2Fv2%2Ftags&post=2030"}],"curies":[{"name":"wp","href":"https:\/\/api.w.org\/{rel}","templated":true}]}}