{"id":208,"date":"2013-11-10T00:53:47","date_gmt":"2013-11-10T00:53:47","guid":{"rendered":"http:\/\/heidysandovalruiz.com\/?p=208"},"modified":"2015-04-28T04:32:01","modified_gmt":"2015-04-28T04:32:01","slug":"la-cara-amiga-de-josue-morales","status":"publish","type":"post","link":"https:\/\/heidysandovalruiz.com\/?p=208","title":{"rendered":"La cara amiga de \u00abJosu\u00e9 Morales\u00bb"},"content":{"rendered":"<div>\n<p style=\"text-align: justify;\"><span style=\"font-family: Arial, sans-serif; color: #000000;\">Hoy en \u201c<b>La cara amiga de nuestros artistas<\/b>\u201d, traemos a ustedes un personaje de talla internacional, que ha logrado colocarse en un lugar muy importante del ambiente art\u00edstico y en los medios de comunicaci\u00f3n, nuestro invitado:\u00a0<b>Josu\u00e9 Morales<\/b>\u00a0a quien pueden escuchar de lunes a viernes en el programa \u00abAl despertar\u00bb en Radio Nacional TGW, 107.3, recibo a nuestro invitado en este espacio, donde se puede decir lo que se quiere y lo que en otros medios no se puede.<\/span><\/p>\n<\/div>\n<div style=\"text-align: justify;\">\n<p><span style=\"color: #000000;\"><span style=\"font-family: Arial, sans-serif;\">Hola Josu\u00e9 bienvenido a esta secci\u00f3n donde nuestros lectores conocer\u00e1n muchas de tus inquietudes, sue\u00f1os y an\u00e9cdotas que desconocemos y que hoy saldr\u00e1n a luz.<\/span><\/span><\/p>\n<\/div>\n<div style=\"text-align: justify;\">\n<p><span style=\"color: #000000;\"><span style=\"font-family: Arial, sans-serif;\">Quiero compartir con ustedes que conoc\u00ed a Josu\u00e9 hace quiz\u00e1s unas 3 d\u00e9cadas en la Escuela de Ciencias de la Comunicaci\u00f3n, de la Universidad de San Carlos de Guatemala, cuando a\u00fan \u00e9ramos muy j\u00f3venes\u2026uuuhhhhh eso es mucho o no?<\/span><\/span><\/p>\n<\/div>\n<div style=\"text-align: justify;\">\n<p><span style=\"color: #000000;\"><strong><span style=\"font-family: Arial, sans-serif;\">Por cierto Josu\u00e9 que te recuerda la \u00e9poca de la U?\u00a0<\/span><\/strong>Me emociono cuando recuerdo los a\u00f1os de U en la Escuela de Ciencias de la Comunicaci\u00f3n, era un joven lleno de inquietudes, de ilusiones y de sue\u00f1os.\u00a0 Eran otros tiempos, la facultad era peque\u00f1a, fuimos parte del experimento del surgimiento de nuevas especializaciones en el \u00e1rea de la comunicaci\u00f3n y eso nos hizo aprender de la vida misma.<\/span><\/p>\n<\/div>\n<div style=\"text-align: justify;\">\n<p><span style=\"color: #000000;\"><strong><span style=\"font-family: Arial, sans-serif;\">Recuerdo que cuando estudi\u00e1bamos en la U conocimos a Ricardo Arjona, una de tus imitaciones es la de \u00e9l, alguna vez ha visto tu caracterizaci\u00f3n? si as\u00ed es qu\u00e9 opini\u00f3n le ha merecido.<\/span><\/strong><\/span><\/p>\n<\/div>\n<div style=\"text-align: justify;\">\n<p><span style=\"color: #000000;\"><span style=\"font-family: Arial, sans-serif;\"><b><a href=\"https:\/\/heidysandovalruiz.com\/wp-content\/uploads\/2013\/11\/1395384_10152640866865752_125347955_n.jpg\"><span style=\"color: #000000;\"><img loading=\"lazy\" decoding=\"async\" class=\" wp-image-216 alignleft\" alt=\"1395384_10152640866865752_125347955_n\" src=\"https:\/\/heidysandovalruiz.com\/wp-content\/uploads\/2013\/11\/1395384_10152640866865752_125347955_n-300x300.jpg\" width=\"210\" height=\"210\" \/><\/span><\/a><\/b>Efectivamente a Ricardo Arjona lo conoc\u00ed en la Universidad, cuando estudi\u00e1bamos Ciencias de la Comunicaci\u00f3n, \u00e9l estaba un a\u00f1o abajo. \u00a0 Platicamos en varias oportunidades, \u00a0alguna vez tambi\u00e9n coincidimos en Dideca. Yo trabajaba all\u00ed, grabando los spots promocionales y \u00e9l llegaba a grabar canciones. \u00a0La \u00faltima vez que habl\u00e9 con \u00e9l fue en uno de los corredores de Dideca, hace much\u00edsimos a\u00f1os, tanto que no recuerdo que a\u00f1o fue. \u00a0Estaba grabando Jes\u00fas Verbo no sustantivo y yo grababa spots promocionales en el estudio. \u00a0Y mira como son las cosas, un mes m\u00e1s tarde estaba grabando el sport de ese disco. \u00a0<\/span><\/span><\/p>\n<p><span style=\"color: #000000;\"><span style=\"font-family: Arial, sans-serif;\">Despu\u00e9s de eso \u00e9l viaj\u00f3 a M\u00e9xico y no volv\u00ed a tener contacto. S\u00e9 que lleg\u00f3 a sus manos una de mis parodias de una de sus canciones, que yo mismo se la envi\u00e9 con una su sobrina. \u00a0Con su familia si he tenido contacto, con Ingrid su hermana, y con su mam\u00e1 \u00a0Me sent\u00ed muy honrado una vez que llegaron en pleno sus pap\u00e1s y sus hermanas y sobrinas a un show m\u00edo. \u00a0 Por supuesto que me gustar\u00eda mucho alguna vez hablar con \u00e9l, me cuento entre sus miles de fans y admiradores. \u00a0 Arjona, mis respetos, creo que es nuestro h\u00e9roe nacional.\u00a0<\/span><\/span><\/p>\n<\/div>\n<div style=\"text-align: justify;\">\n<p><span style=\"color: #000000;\"><strong><span style=\"font-family: Arial, sans-serif;\">Eres una persona polifac\u00e9tica, es de herencia ese talento?\u00a0<\/span><\/strong>Gracias por lo de persona polifac\u00e9tica, pero en todo caso si es herencia y tambi\u00e9n un poco de mimetismo.\u00a0 Mis hermanos mayores, Everardo,(QEPD) Luis, Israel ( QEPD )eran locutores, cantaban, tocaban guitarra, imitaban voces, en fin, yo los ve\u00eda y segu\u00eda sus pasos. Eran mi referente, yo los admiraba, quer\u00eda ser como ellos.\u00a0 La vida me llev\u00f3 por el mismo rumbo y aqu\u00ed estoy.<b><a href=\"https:\/\/heidysandovalruiz.com\/wp-content\/uploads\/2013\/11\/don_cheyo_3_20130125_1623737234.jpg\"><span style=\"color: #000000;\"><img loading=\"lazy\" decoding=\"async\" class=\" wp-image-211 alignright\" alt=\"don_cheyo_3_20130125_1623737234\" src=\"https:\/\/heidysandovalruiz.com\/wp-content\/uploads\/2013\/11\/don_cheyo_3_20130125_1623737234-300x225.jpg\" width=\"180\" height=\"135\" \/><\/span><\/a><\/b><\/span><\/p>\n<\/div>\n<div style=\"text-align: justify;\">\n<p><span style=\"color: #000000;\"><strong><span style=\"font-family: Arial, sans-serif;\">Cu\u00e1ndo decidiste hacer parodias e imitaciones recuerdas cu\u00e1l fue tu primer personaje?\u00a0<\/span><\/strong>Ya en el campo profesional en radio, lo primero que hice fue la imitaci\u00f3n de un periodista de Univisi\u00f3n, Pedro Cevcec.\u00a0 Yo le puse Pedro Chisec.\u00a0 Imitaba su voz y su forma de dar noticias, pero me inventaba noticias locas por su puesto.\u00a0 Luego saqu\u00e9 a El Tablas, un hippie de los 70, amanten del rock, que adem\u00e1s\u00a0 habla el calo de la \u00e9poca que luego fue adoptado por las maras y los delincuentes.<\/span><\/p>\n<\/div>\n<div style=\"text-align: justify;\">\n<p><span style=\"color: #000000;\"><strong><span style=\"font-family: Arial, sans-serif;\">Qu\u00e9 personaje has percibido que le gusta m\u00e1s a tu p\u00fablico y porqu\u00e9 y cu\u00e1l es tu preferido? \u00a0<\/span><\/strong>Quiz\u00e1 el personaje con el que m\u00e1s me se me identifica es Don Cheyo.\u00a0 Me encanta hacer ese personaje por que es chistoso y la gente se r\u00ede.\u00a0 Al chap\u00edn le encanta que lo hagan re\u00edr y con Don Cheyo lo logro bastante.\u00a0 Me gusta hacer a Don Cheyo.\u00a0 Preferidos m\u00edos son todos, son como mis hijos, me los disfruto a cada uno, pero al final es el p\u00fablico el que manda. Disfruto much\u00edsimo haciendo imitaciones.\u00a0 De pol\u00edticos y de cantantes.<\/span><\/p>\n<\/div>\n<div style=\"text-align: justify;\">\n<p><span style=\"color: #000000;\"><span style=\"font-family: Arial, sans-serif;\"><a href=\"https:\/\/heidysandovalruiz.com\/wp-content\/uploads\/2013\/11\/9117_1175678108211_3564549_n.jpg\"><span style=\"color: #000000;\"><img loading=\"lazy\" decoding=\"async\" class=\" wp-image-212 alignleft\" alt=\"9117_1175678108211_3564549_n\" src=\"https:\/\/heidysandovalruiz.com\/wp-content\/uploads\/2013\/11\/9117_1175678108211_3564549_n-300x225.jpg\" width=\"210\" height=\"158\" \/><\/span><\/a><\/span><strong><span style=\"font-family: Arial, sans-serif;\">Dicen que el talento se hereda y tu hija ha seguido tus pasos?\u00a0<\/span><\/strong>Mi hija ha seguido mis pasos.\u00a0 Desde muy peque\u00f1ita dio muestras de talento y del gusto por las tablas y la actuaci\u00f3n. \u00a0Se identificaba plenamente conmigo y desde ni\u00f1a quiso bailar, cantar y actuar.\u00a0 Dios le dio mucho talento art\u00edstico, es muy vers\u00e1til, y desde hace tres a\u00f1os ha estado prepar\u00e1ndose en Los \u00c1ngeles, en varias ramas del espect\u00e1culo.\u00a0 Canto, baile, actuaci\u00f3n, producci\u00f3n, etc. Me he disfrutado mucho las actuaciones que hemos hecho juntos.\u00a0 Hay una identificaci\u00f3n muy grande entre mi hija y yo y una qu\u00edmica especial en el escenario.\u00a0<\/span><\/p>\n<\/div>\n<div style=\"text-align: justify;\">\n<p><span style=\"color: #000000;\"><strong><span style=\"font-family: Arial, sans-serif;\">Muchas personas no conciben a Josu\u00e9 sin Celia, c\u00f3mo han superado esa separaci\u00f3n en El Estartazo?\u00a0<\/span><\/strong>Todo tiene un principio y un fin y hay que aceptarlo.\u00a0 Despu\u00e9s\u00a0 de 15 a\u00f1os trabajando juntos, Celia quiere tomar un a\u00f1o sab\u00e1tico y enfocarse en otros proyectos personales.\u00a0 Entre nosotros siempre ha privado un respeto muy grande y una amistad muy cercana, la amistad y hermandad que existe entre ambos es algo que nos unir\u00e1 el resto de nuestras vidas, pero en el campo art\u00edstico cada quien toma su rumbo y as\u00ed hay que tomarlo.<\/span><\/p>\n<\/div>\n<div style=\"text-align: justify;\">\n<p><span style=\"color: #000000;\"><strong><span style=\"font-family: Arial, sans-serif;\">Como locutor d\u00f3nde te iniciaste y en qu\u00e9 programa?\u00a0<\/span><\/strong>Mis primeros pasos los di en Metrostereo en el a\u00f1o 1982, trabajando los domingos en la tarde, cuando nadie quiere estar en una cabina trabajando.\u00a0 Sin embargo yo era feliz en esa cabina.\u00a0 Pon\u00eda la m\u00fasica, anunciaba las canciones, daba la hora, era emocionante. Al a\u00f1o siguiente en 1982 tuve mi primer trabajo en radio formalmente en La Voz del Hogar, era una emisora de AM con m\u00fasica rom\u00e1ntica, ya no existe esa emisora.\u00a0\u00a0 Trabajaba de 6 de la ma\u00f1ana a 1 de la tarde, de lunes a domingo, no descansaba.\u00a0 Despu\u00e9s de unos a\u00f1os vinieron nuevas oportunidades.\u00a0 Sin embargo de ni\u00f1o tuve algunas intervenciones en algunos comerciales para radio y TV y algunos programas y producciones que requer\u00edan voces de ni\u00f1os.\u00a0 Mi hermano Luis me introdujo en eso.<\/span><\/p>\n<\/div>\n<div style=\"text-align: justify;\">\n<p><span style=\"color: #000000;\"><strong><span style=\"font-family: Arial, sans-serif;\">En qu\u00e9 medios de comunicaci\u00f3n has trabajado?\u00a0<\/span><\/strong>Son varios.\u00a0 Metrostero, La Voz del Hogar, Programa Educaci\u00f3n B\u00e1sica Rural, all\u00ed hac\u00edamos radioteatro educativo, Sideral, ( Programa A Todo Dar ) Alfa, El Estartazo.\u00a0 Adem\u00e1s locuci\u00f3n comercial para muchas marcas durante varios a\u00f1os.<\/span><\/p>\n<\/div>\n<div style=\"text-align: justify;\">\n<p><span style=\"color: #000000;\"><strong><span style=\"font-family: Arial, sans-serif;\">Qu\u00e9 opinas de los j\u00f3venes que se quieren dedicar al arte del entretenimiento, haciendo imitaciones y parodias?\u00a0<\/span><\/strong>Hay muchos j\u00f3venes talentosos con esas inquietudes.\u00a0 Si realmente lo quieren hacer, adelante. Hay que prepararse para hacerlo bien, tomando clases de actuaci\u00f3n, de baile, de canto.\u00a0 No hay que ser improvisado, hay que hacer bien las cosas, buscando la excelencia.<\/span><\/p>\n<\/div>\n<div style=\"text-align: justify;\">\n<p><span style=\"color: #000000;\"><strong><span style=\"font-family: Arial, sans-serif;\">Le has dado voz a varios anuncios de la TV, hay alguno que tenga una an\u00e9cdota especial? \u00a0<\/span><\/strong>Una vez tenia que grabar un comercial para una marca de pan, pero deb\u00eda notarse que me estaba comiendo un pan.\u00a0 Hice varias pruebas, as\u00ed que me com\u00ed como una bolsa de pan. Termin\u00e9 con el estomago lleno y en piso lleno de migajas.\u00a0 Estuvo gracioso.<\/span><\/p>\n<\/div>\n<div style=\"text-align: justify;\">\n<p><span style=\"color: #000000;\"><strong><span style=\"font-family: Arial, sans-serif;\">Alguna vez, has compartido con tus hermanos Ana Mar\u00eda y Luis un mismo programa o escenario?\u00a0<\/span><\/strong>Muchas veces, en los inicios de Sideral, emisora para la que trabaj\u00e9 por muchos a\u00f1os, hac\u00edamos muchas cosas juntos.\u00a0\u00a0 Muchas veces hicimos comerciales juntos, y \u00faltimamente he invitado a mi hermana a grabar con migo algunos segmentos para Al despertar<b>.<\/b><\/span><\/p>\n<p><span style=\"color: #000000;\"><strong><span style=\"font-family: Arial, sans-serif;\">C\u00f3mo te ves de aqu\u00ed a 10 a\u00f1os?\u00a0<\/span><\/strong>Muy canoso.\u00a0 Me veo con salud y quiz\u00e1s formando a nuevos valores del medio radial.<\/span><\/p>\n<\/div>\n<p><iframe loading=\"lazy\" src=\"\/\/www.youtube.com\/embed\/ZM30AqatbYE\" height=\"315\" width=\"460\" allowfullscreen=\"\" frameborder=\"0\"><\/iframe><\/p>\n<p>Les invitamos para que se unan al grupo de \u00ab<b>Artistas de Guatemala para el Mundo<\/b>\u00bb en este link<b>\u00a0<\/b><a href=\"http:\/\/on.fb.me\/1sn2wSf\"><b>http:\/\/on.fb.me\/1sn2wSf<\/b><\/a>,\u00a0el cual tiene como prop\u00f3sito compartir videos, fotos, an\u00e9cdotas y todo lo de nuestros artistas en las diferentes d\u00e9cadas.<\/p>\n<p>&nbsp;<\/p>\n<p>Hemos creado el grupo \u201cLas entrevistas de Heidy\u201d que pueden localizar en <a href=\"http:\/\/on.fb.me\/1QxKypc\">http:\/\/on.fb.me\/1QxKypc<\/a><\/p>\n<p>&nbsp;<\/p>\n<p>Tambi\u00e9n ponemos a su disposici\u00f3n el grupo \u201c<b>Un siglo de anuncios<\/b>\u201d, un espacio donde pueden compartir o comentar los post que se publiquen <a href=\"http:\/\/on.fb.me\/1vASm2g\">http:\/\/on.fb.me\/1vASm2g<\/a><\/p>\n<p><b>\u00a0<\/b><\/p>\n<p><b>Las entrevistas las pueden leer en los siguientes links:<\/b><\/p>\n<p><a href=\"http:\/\/lasentrevistasdeheidy.blogspot.com\">http:\/\/lasentrevistasdeheidy.blogspot.com<\/a><\/p>\n<p><a title=\"Los invitados de Heidy\" href=\"https:\/\/www.facebook.com\/pages\/Los-invitados-de-Heidy\/892159284204965?ref=hl\">https:\/\/www.facebook.com\/pages\/Los-invitados-de-Heidy\/892159284204965?ref=hl<\/a><\/p>\n<p>&nbsp;<\/p>\n<p>&nbsp;<\/p>\n<p><b>Entrevista realizada por Heidy Sandoval Ruiz<\/b><\/p>\n<p><strong>\u00a0<\/strong><\/p>\n","protected":false},"excerpt":{"rendered":"<div class=\"mh-excerpt\"><p>Hoy en \u201cLa cara amiga de nuestros artistas\u201d, traemos a ustedes un personaje de talla internacional, que ha logrado colocarse en un lugar muy importante <a class=\"mh-excerpt-more\" href=\"https:\/\/heidysandovalruiz.com\/?p=208\" title=\"La cara amiga de \u00abJosu\u00e9 Morales\u00bb\">[&#8230;]<\/a><\/p>\n<\/div>","protected":false},"author":4,"featured_media":897,"comment_status":"closed","ping_status":"closed","sticky":false,"template":"","format":"standard","meta":{"footnotes":""},"categories":[16],"tags":[26],"class_list":["post-208","post","type-post","status-publish","format-standard","has-post-thumbnail","hentry","category-la-cara-amiga","tag-la-cara-amiga-de-josue-morales"],"_links":{"self":[{"href":"https:\/\/heidysandovalruiz.com\/index.php?rest_route=\/wp\/v2\/posts\/208","targetHints":{"allow":["GET"]}}],"collection":[{"href":"https:\/\/heidysandovalruiz.com\/index.php?rest_route=\/wp\/v2\/posts"}],"about":[{"href":"https:\/\/heidysandovalruiz.com\/index.php?rest_route=\/wp\/v2\/types\/post"}],"author":[{"embeddable":true,"href":"https:\/\/heidysandovalruiz.com\/index.php?rest_route=\/wp\/v2\/users\/4"}],"replies":[{"embeddable":true,"href":"https:\/\/heidysandovalruiz.com\/index.php?rest_route=%2Fwp%2Fv2%2Fcomments&post=208"}],"version-history":[{"count":19,"href":"https:\/\/heidysandovalruiz.com\/index.php?rest_route=\/wp\/v2\/posts\/208\/revisions"}],"predecessor-version":[{"id":2680,"href":"https:\/\/heidysandovalruiz.com\/index.php?rest_route=\/wp\/v2\/posts\/208\/revisions\/2680"}],"wp:featuredmedia":[{"embeddable":true,"href":"https:\/\/heidysandovalruiz.com\/index.php?rest_route=\/wp\/v2\/media\/897"}],"wp:attachment":[{"href":"https:\/\/heidysandovalruiz.com\/index.php?rest_route=%2Fwp%2Fv2%2Fmedia&parent=208"}],"wp:term":[{"taxonomy":"category","embeddable":true,"href":"https:\/\/heidysandovalruiz.com\/index.php?rest_route=%2Fwp%2Fv2%2Fcategories&post=208"},{"taxonomy":"post_tag","embeddable":true,"href":"https:\/\/heidysandovalruiz.com\/index.php?rest_route=%2Fwp%2Fv2%2Ftags&post=208"}],"curies":[{"name":"wp","href":"https:\/\/api.w.org\/{rel}","templated":true}]}}