{"id":2127,"date":"2014-11-13T12:37:37","date_gmt":"2014-11-13T12:37:37","guid":{"rendered":"http:\/\/heidysandovalruiz.com\/?p=2127"},"modified":"2014-12-06T17:09:23","modified_gmt":"2014-12-06T17:09:23","slug":"la-cara-amiga-de-brenda-leticia","status":"publish","type":"post","link":"https:\/\/heidysandovalruiz.com\/?p=2127","title":{"rendered":"La cara amiga de \u00abBrenda Leticia\u00bb"},"content":{"rendered":"<p style=\"text-align: justify;\"><span style=\"color: #333399;\">En la \u201c<b>Cara amiga de los invitados de Heidy<\/b>\u201d hoy conoceremos la historia de una destacada guatemalteca que ha logrado compaginar el canto, la composici\u00f3n y la interpretaci\u00f3n.\u00a0 Desde los 8 a\u00f1os nuestra invitada nacida en Coatepeque, incursion\u00f3 en el ambiente art\u00edstico present\u00e1ndose en el programa \u201cCampi\u00f1a\u201d el cual le abri\u00f3 las puertas para iniciar una carrera que ha superado las 4 d\u00e9cadas.\u00a0 Se ha presentado en varios escenarios y aunque es muy vers\u00e1til se inclina por los huapangos.\u00a0 Estoy segura que muchos de ustedes recordar\u00e1n a esta figura que fue y es una de las m\u00e1s grandes int\u00e9rpretes que ha dado Guatemala.<\/span><\/p>\n<p style=\"text-align: justify;\"><span style=\"color: #333399;\">Presento a <b>Brenda Leticia Ram\u00edrez<\/b> a quien en el marco del canto se le conoce como \u201cBrenda Leticia\u201d Ella compartir\u00e1 mucho m\u00e1s de su trayectoria la que conoceremos en este espacio donde se puede decir lo que se quiere y lo que en otros medios no se puede.<\/span><\/p>\n<p style=\"text-align: justify;\"><span style=\"color: #333399;\"><b>Incursionas en el ambiente art\u00edstico siendo una ni\u00f1a \u00bfC\u00f3mo te das cuenta de ese talento y a qu\u00e9 edad descubren ese potencial que tienes? <\/b>Me doy cuenta porque desde muy peque\u00f1a me gust\u00f3 cantar a la par de los int\u00e9rpretes que escuchaba en la radio, luego a la edad de 6 a\u00f1os empiezo a participar en las actividades escolares. Y a los 8 incursiono en el canto por medio de un concurso tambi\u00e9n escolar.<b><\/b><\/span><\/p>\n<p style=\"text-align: justify;\"><span style=\"color: #333399;\"><b>\u00bfRecuerdas esa etapa y c\u00f3mo compaginabas el colegio con el arte? <\/b>Trataba de tener el tiempo para ambas cosas, aunque recuerdo los d\u00edas de ensayo con la Rondalla Quetzalteca, pues por el hecho de que todos los integrantes eran adultos, solo ten\u00edan tiempo para ensayar por las noches y el regreso a casa era entre un manto de neblina.<b><\/b><\/span><\/p>\n<p style=\"text-align: justify;\"><span style=\"color: #333399;\"><b>\u00bfQu\u00e9 programa fue el que te abre las puertas y te lanza al mundo art\u00edstico y te da la oportunidad de iniciar tu carrera art\u00edstica? <\/b>El programa Campi\u00f1a de Canal 11 de Televisi\u00f3n pues all\u00ed me abrieron las puertas a la edad de 9 a\u00f1os.<b><\/b><\/span><\/p>\n<figure id=\"attachment_2130\" aria-describedby=\"caption-attachment-2130\" style=\"width: 150px\" class=\"wp-caption alignleft\"><a href=\"https:\/\/heidysandovalruiz.com\/wp-content\/uploads\/2014\/11\/4.jpg\"><img loading=\"lazy\" decoding=\"async\" class=\"size-thumbnail wp-image-2130 \" alt=\"4\" src=\"https:\/\/heidysandovalruiz.com\/wp-content\/uploads\/2014\/11\/4-150x150.jpg\" width=\"150\" height=\"150\" \/><\/a><figcaption id=\"caption-attachment-2130\" class=\"wp-caption-text\">Con Jorge M\u00e9ndez<\/figcaption><\/figure>\n<p style=\"text-align: justify;\"><span style=\"color: #333399;\"><b>\u00bfTiene alg\u00fan significado para ti la ciudad de Quetzaltenango? <\/b>S\u00ed, porque all\u00ed viv\u00ed una linda etapa de mi vida, fue un lugar donde me di mucho a conocer. Particip\u00e9 en varios concursos estudiantiles y sobre todo de canci\u00f3n protesta y esos eran los m\u00e1s emocionantes.<b><\/b><\/span><\/p>\n<p style=\"text-align: justify;\"><span style=\"color: #333399;\">Adem\u00e1s estuve conduciendo un programa infantil en Radio 6-20 \u201cLa escobita de Occidente, en donde realizaba concursos y se daba a conocer talentos infantiles. El programa se titulaba \u201cEl Mundo de los Ni\u00f1os\u201d.<\/span><\/p>\n<p style=\"text-align: justify;\"><span style=\"color: #333399;\"><b>\u00bfCu\u00e9ntanos de donde surge la \u201cNi\u00f1a de Xelaj\u00fa\u201d? <\/b>En Radio Xelaj\u00fa organizan un concurso a nivel departamental, para elegir a un nuevo elemento que integrara Rondalla Quetzalteca. Esto es a fines del a\u00f1o 1,976, este concurso era un prototipo de la \u201cHora del aficionado\u201d que se hac\u00eda en Campi\u00f1a de Canal 11, pues utilizaban una campanita para tocar cuando el cantante ten\u00eda un fallo y lo hicieron haciendo semifinales. All\u00ed sal\u00ed ganadora del evento,<\/span><\/p>\n<p style=\"text-align: justify;\"><span style=\"color: #333399;\">En ese entonces, andaba un promotor art\u00edstico de la empresa teatral Riego y Ruenes de San Antonio Texas. El me conoci\u00f3 y quiso promoverme con un contrato de 2 a\u00f1os, en el cual se iban a realizar pel\u00edculas, novelas, grabaciones de audio, y el contrato rezaba que se har\u00eda gira por todo Am\u00e9rica y Europa, lastimosamente mi madre no cont\u00f3 con ning\u00fan apoyo que le ayudara a tomar una buena decisi\u00f3n y a la hora de firmar el contrato ya no se anim\u00f3.<\/span><\/p>\n<p style=\"text-align: justify;\"><span style=\"color: #333399;\">Este contrato lo realizaba el due\u00f1o de Radio Xelaj\u00fa, Licenciado Rolando Oliva G\u00f3ngora (Q.E.P.D.) quien iba a velar para que todo fuera en el orden correspondiente y era una buena oportunidad porque hab\u00eda seguro de vida, me iban a poner maestros de todas las disciplinas del arte, para ser una artista completa.<a href=\"https:\/\/heidysandovalruiz.com\/wp-content\/uploads\/2014\/11\/1.jpg\"><img loading=\"lazy\" decoding=\"async\" class=\"size-thumbnail wp-image-2131 alignright\" alt=\"1\" src=\"https:\/\/heidysandovalruiz.com\/wp-content\/uploads\/2014\/11\/1-150x150.jpg\" width=\"150\" height=\"150\" \/><\/a><\/span><\/p>\n<p style=\"text-align: justify;\"><span style=\"color: #333399;\">Don Manolo del Riego que as\u00ed se llamaba dicho promotor art\u00edstico, fue el que me bautiz\u00f3 como la \u201cNi\u00f1a de Xelaj\u00fa\u201d, por haber ganado en el concurso de Radio Xelaj\u00fa y por vivir en Xela.<\/span><\/p>\n<p style=\"text-align: justify;\"><span style=\"color: #333399;\">Lastimosamente, perd\u00ed esa gran oportunidad, en donde se me daba todo en bandeja de plata, pero tambi\u00e9n creo que nada pasa por casualidad, quiz\u00e1 Dios me evit\u00f3 algo negativo. Y lo poco o mucho que he logrado ha sido con la ayuda de \u00c9l y con mucho esfuerzo.<\/span><\/p>\n<p style=\"text-align: justify;\"><span style=\"color: #333399;\"><b>\u00bfA qu\u00e9 grupos recuerdas en los que formaste parte? <\/b>A la edad de 11 a\u00f1os me integr\u00e9 a la Rondalla Quetzalteca con la cual realizamos giras a nivel nacional,\u00a0 integr\u00e9 la estudiantina del I.N.S.O. y me invitaban de la estudiantina de san Juan Ostuncalco cuando ten\u00edan participaciones. Tambi\u00e9n integr\u00e9 la estudiantina del I.N.V.O. aunque ellos eran puros varones. Fui integrante de la rondalla del Hospital de Occidente en su primer a\u00f1o y tambi\u00e9n la estudiantina de la Universidad de San Carlos me llamaba en cada presentaci\u00f3n que ten\u00edan para que fuera como solista acompa\u00f1ada por ellos. Tambi\u00e9n fui miembro de la Rondalla Barsoviana.<b><\/b><\/span><\/p>\n<p style=\"text-align: justify;\"><span style=\"color: #333399;\"><b>\u00bfDe los artistas que surgieron en la misma \u00e9poca a quienes recuerdas? <\/b>Julio Agreda, Ana Nitmar, Fabiola Orozco, Sandra Patricia, Danira Otten, Janeth S\u00e1nchez, Linda Sard\u00e1, Mildred y Manolo, Ar\u00edstides Paz, Brenda Monje, Luz Salazar, Sonia Amilsa, Roberto Rey, Karin Popp, Luis Fernando, Luis Arnoldo, Chito Ordo\u00f1ez, y muchos m\u00e1s.<b><\/b><\/span><\/p>\n<p style=\"text-align: justify;\"><span style=\"color: #333399;\"><b>\u00bfCon quienes recibes clases de canto? <\/b>Fue muy poco, pero recib\u00ed algunas clases con Marinita Prado Bola\u00f1os y particip\u00e9 de los talleres de producci\u00f3n vocal impartidos por Ang\u00e9lica Rosa Sep\u00falveda, de Puerto Rico.<\/span><\/p>\n<p style=\"text-align: justify;\"><span style=\"color: #333399;\"><b><a href=\"https:\/\/heidysandovalruiz.com\/wp-content\/uploads\/2014\/11\/7.jpg\"><img loading=\"lazy\" decoding=\"async\" class=\"size-thumbnail wp-image-2132 alignleft\" alt=\"7\" src=\"https:\/\/heidysandovalruiz.com\/wp-content\/uploads\/2014\/11\/7-150x150.jpg\" width=\"150\" height=\"150\" \/><\/a>\u00bfC\u00f3mo recuerdas las caravanas art\u00edsticas? <\/b>De muchas vivencias, a veces pas\u00e1bamos alegr\u00edas, tristezas, peligros, sustos, pero de mucho compa\u00f1erismo. Integr\u00e9 varias, como la caravana de la \u201cHora Cultural del Ej\u00e9rcito\u201d, en donde trabaj\u00e9 durante 7 a\u00f1os, las caravanas de las empresas tabacaleras, de empresas embotelladoras, La caravana de la \u201cAsociaci\u00f3n de Cantantes Profesionales de Guatemala\u201d, cuando sal\u00edamos al interior del pa\u00eds a presentar Fantas\u00eda Musical \u00a0etc. Y tambi\u00e9n de empresas taurinas, con las cuales trabaj\u00e9 el mayor tiempo, como: La empresa Santa Mar\u00eda, La Franciscana, La Macarena, El Zafiro Negro, Plaza de toros Suchitep\u00e9quez y La Guadalupana, pues all\u00ed sal\u00eda con el grupo de toreros, montadores, c\u00f3micos, vaqueros y dem\u00e1s para presentar el espect\u00e1culo. A veces nos present\u00e1bamos en otros pa\u00edses de C.A.<\/span><\/p>\n<p style=\"text-align: justify;\"><span style=\"color: #333399;\"><b>A prop\u00f3sito<\/b> <b>\u00bfQu\u00e9 significado tiene para ti la Asociaci\u00f3n de Cantantes Profesionales de Guatemala? <\/b>Un gran significado, puesto que pertenezco al grupo fundador de la Asociaci\u00f3n. Y quiero mucho a esta entidad.<b><\/b><\/span><\/p>\n<p style=\"text-align: justify;\"><span style=\"color: #333399;\"><b>\u00bfTe presentaste en alg\u00fan centro nocturno y quien te acompa\u00f1aba musicalmente? <\/b>Trabaj\u00e9 ocasionalmente en algunos lugares como el Hotel Panamerican, Camino Real, pero donde hice 6 a\u00f1os fue en Hotel Sheraton, con el programa M\u00e9xican Jueves, acompa\u00f1ada una temporada con el Mariachi \u201cLos Caporales y otra temporada con el Mariachi Internacional \u201cLos Monarcas\u201d<b><\/b><\/span><\/p>\n<p style=\"text-align: justify;\"><span style=\"color: #333399;\"><b>\u00bfEn qu\u00e9 momento surge la inspiraci\u00f3n para escribir canciones y cu\u00e1ntas llevas en tu haber? <\/b>Desde muy peque\u00f1a me gustaba inventarme cantitos, que no grababa por supuesto, pero poco apoco empec\u00e9 a escribir y ten\u00eda guardados mis temas esperando la oportunidad de grabarlos, hasta que grab\u00e9 el primer tema y al darme cuenta que ten\u00eda aceptaci\u00f3n, me interes\u00e9 por seguir escribiendo.<b>\u00a0 <\/b>Cuento con 121 temas. 60 est\u00e1n in\u00e9ditos.<b><\/b><\/span><\/p>\n<p style=\"text-align: justify;\"><span style=\"color: #333399;\"><b>\u00bfCu\u00e1ntos discos y videos has grabado? <\/b>Mi primera grabaci\u00f3n fue en el \u00e1lbum de Oro Nacional \u201cLo mejor de Guatemala\u201dcon los temas El Pastor y Cruz de olvido.<b><\/b><\/span><\/p>\n<p style=\"text-align: justify;\"><span style=\"color: #333399;\">Luego grab\u00e9 un disco de 45 R.P.M: con los temas Todo lo que t\u00fa mereces de Manuel Antonio Catal\u00e1n y Volviste tarde que fue el primer tema propio que grab\u00e9. En total he grabado 61 temas propios, 27 populares de ritmo variado, 28 religiosos, entre ellos el \u00e1lbum \u201cFruto de amor\u201d de la misa Coatepecana y 6 poes\u00edas peque\u00f1as. 50 temas de otros compositores: 35 populares y 15 religiosos.<a href=\"https:\/\/heidysandovalruiz.com\/wp-content\/uploads\/2014\/11\/267935_133424976742541_2133063_n.jpg\"><img loading=\"lazy\" decoding=\"async\" class=\"size-thumbnail wp-image-2133 alignright\" alt=\"267935_133424976742541_2133063_n\" src=\"https:\/\/heidysandovalruiz.com\/wp-content\/uploads\/2014\/11\/267935_133424976742541_2133063_n-150x150.jpg\" width=\"150\" height=\"150\" \/><\/a><\/span><\/p>\n<p style=\"text-align: justify;\"><span style=\"color: #333399;\"><b>\u00bfPuedes contarnos c\u00f3mo surge la inquietud de producir tu material discogr\u00e1fico?<\/b> Bueno, eso sucede ante la apat\u00eda de las casas disqueras<\/span><\/p>\n<p style=\"text-align: justify;\"><span style=\"color: #333399;\"><b>\u00bfQu\u00e9 autores nacionales son tus preferidos y cu\u00e1les son las canciones que m\u00e1s te gusta cantar? <\/b>Bueno podr\u00eda decir que admiro mucho la m\u00fasica de Ernesto Monz\u00f3n (Q.E.P.D.) y me gusta cantar Hombres de Ma\u00edz, del compositor coatepecano Edwin Bautista.<b><\/b><\/span><\/p>\n<p style=\"text-align: justify;\"><span style=\"color: #333399;\"><b>Definitivamente al hablar de Brenda Leticia muchos te recordamos acompa\u00f1ada de mariachi, pero \u00bfhas interpretado baladas, boleros u otros g\u00e9neros? <\/b>S\u00ed, me gustan mucho los boleros, los pasos dobles, canto de todo un poco, pero he tenido mayor aceptaci\u00f3n con la m\u00fasica ranchera. Dentro del material propio que he grabado cuento con algunos valses, sones, baladas, balada rock, pero mi ritmo preferido para cantar es el huapango.<b><\/b><\/span><\/p>\n<p style=\"text-align: justify;\"><span style=\"color: #333399;\"><b>\u00bfEn qu\u00e9 actividades has participado en las que has logrado obtener reconocimientos tanto por tus composiciones como por tu talento? <\/b>Por ejemplo en los juegos florales coatepecanos, obtuve el primer lugar con la canci\u00f3n \u201cLa feria de mi pueblo\u201d y en varios eventos m\u00e1s.<b><\/b><\/span><\/p>\n<p style=\"text-align: justify;\"><span style=\"color: #333399;\"><b>\u00bfQu\u00e9 reconocimientos has recibido a lo largo de tu carrera y si hay alguno que sentimentalmente signifique algo especial? <\/b>Gracias a Dios, cuento con muchos reconocimientos, pero sobre todo me conmueven mucho los que me han dado en las escuelas y ver participar en los homenajes, a tantos ni\u00f1os que se han interesado en cantar mis canciones.<b><\/b><\/span><\/p>\n<p style=\"text-align: justify;\"><span style=\"color: #333399;\"><b>\u00bfTu tierra natal ha reconocido tu trayectoria? <\/b>S\u00ed, me han dado las condecoraciones: \u201cCiudadana distinguida\u201d, \u201cArtista Distinguida\u201d, \u201c\u00cdcono cultural Coatepecano\u201d .y orgullo del municipio. La orden \u201cLira de Oro\u201d y muchos reconocimientos m\u00e1s.<b><\/b><\/span><\/p>\n<p style=\"text-align: justify;\"><span style=\"color: #333399;\"><b>\u00bfA parte del canto que realizas actualmente? <\/b>Soy cat\u00f3lica y trabajo mucho dentro de la iglesia, tengo a mi cargo el coro parroquial, doy catequesis sacramental, y otras actividades.<b><\/b><\/span><\/p>\n<p style=\"text-align: justify;\"><span style=\"color: #333399;\"><b><a href=\"https:\/\/heidysandovalruiz.com\/wp-content\/uploads\/2014\/11\/10452358_653952334689800_7794007493544725798_n.jpg\"><img loading=\"lazy\" decoding=\"async\" class=\"size-thumbnail wp-image-2134 alignleft\" alt=\"10452358_653952334689800_7794007493544725798_n\" src=\"https:\/\/heidysandovalruiz.com\/wp-content\/uploads\/2014\/11\/10452358_653952334689800_7794007493544725798_n-150x150.jpg\" width=\"150\" height=\"150\" \/><\/a>Ahhh pero por ah\u00ed me enter\u00e9 que tambi\u00e9n has hecho teatro \u00bfqu\u00e9 nos cuentas al respecto? <\/b>As\u00ed es hice teatro musical en la compa\u00f1\u00eda de teatro de Carlos Marroqu\u00edn, (Q.E.P.D.) y con Ang\u00e9lica Rosa\u00a0 ahhh y tuve participaci\u00f3n en la primera pel\u00edcula 100\/100 Coatepecana titulada \u201cRosario\u201d, pero all\u00ed sal\u00ed cantando una canci\u00f3n.<b><\/b><\/span><\/p>\n<p style=\"text-align: justify;\"><span style=\"color: #333399;\"><b>\u00bfTe gusta escribir poes\u00eda? <\/b>Un poco, aunque a veces una canci\u00f3n es un poema.<\/span><\/p>\n<p style=\"text-align: justify;\"><span style=\"color: #333399;\"><b>\u00bfQu\u00e9 es lo mejor que te ha dado esta carrera y cu\u00e1l crees que es el secreto de tu \u00e9xito?<\/b> Creo que lo mejor que me ha dado esta carrera, es el contacto con la gente, saber que puedes alegrarle y hacer ameno un momento, poder viajar a tantos lugares, no solo lugares grandes, sino que hasta la m\u00e1s peque\u00f1a aldea en donde una se da cuenta de tanta carencia y aprende a valorar lo que tiene, saber que con tu participaci\u00f3n puedes contribuir en una buena obra social, saber que cantando puedes anunciar, denunciar, aconsejar, alabar, o exaltar, etc.<\/span><\/p>\n<p style=\"text-align: justify;\"><span style=\"color: #333399;\">Y creo que el secreto de mi \u00e9xito es poner todo en manos de Dios, ser humilde y amar a la gente.<\/span><\/p>\n<p style=\"text-align: justify;\"><span style=\"color: #333399;\"><b>\u00bfQu\u00e9 consejo dar\u00edas a los j\u00f3venes que empiezan a desenvolverse en esta profesi\u00f3n? <\/b>Lo que les puedo aconsejar es que no claudiquen ante los obst\u00e1culos que encuentren en el camino, que sean perseverantes, que mantengan la disciplina y que todo lo hagan con amor a lo que les gusta hacer, que se preparen para ser buenos profesionales en este campo.<a href=\"https:\/\/heidysandovalruiz.com\/wp-content\/uploads\/2014\/11\/10418900_653958471355853_3828604562668446768_n.jpg\"><img loading=\"lazy\" decoding=\"async\" class=\"size-thumbnail wp-image-2135 alignright\" alt=\"10418900_653958471355853_3828604562668446768_n\" src=\"https:\/\/heidysandovalruiz.com\/wp-content\/uploads\/2014\/11\/10418900_653958471355853_3828604562668446768_n-150x150.jpg\" width=\"150\" height=\"150\" \/><\/a><b><\/b><\/span><\/p>\n<p style=\"text-align: justify;\"><span style=\"color: #333399;\"><b>\u00bfPuedes compartir un mensaje para los amig@s de \u201cLas entrevistas de Heidy\u201d <\/b>Primero, gracias a Dios, por permitirme poder comunicarme por este medio y gracias por la entrevista. Luego decirles a todos y todas que deseo que la paz y armon\u00eda siempre est\u00e9 en sus corazones, que agradezco el inter\u00e9s por saber acerca de mi trabajo y de esta misi\u00f3n tan bonita que Dios me dej\u00f3 y que les ruego que ayuden a inculcar en los ni\u00f1os y ni\u00f1as el amor a la vida y a todo lo que Dios nos ha dado, para que nuestro pa\u00eds y ambiente sea mejor y que luchen por sus nobles ideales. Y que Dios les bendiga siempre.<b><\/b><\/span><\/p>\n<p style=\"text-align: justify;\"><span style=\"color: #333399;\">Agradezco a nuestra invitada Brenda Leticia, por haber compartido con nosotros su historia, la cual nos confirma que el talento se trae y que para mantenerse por m\u00e1s de 4 d\u00e9cadas en el gusto del p\u00fablico se debe ser constante, responsable y accesible.\u00a0 Te deseamos muchos \u00e9xitos m\u00e1s.<\/span><\/p>\n<p><iframe loading=\"lazy\" src=\"\/\/www.youtube.com\/embed\/xB3CxYSsVd8\" height=\"315\" width=\"420\" allowfullscreen=\"\" frameborder=\"0\"><\/iframe><\/p>\n<p><iframe loading=\"lazy\" src=\"\/\/www.youtube.com\/embed\/Iik5m1lTDFY\" height=\"315\" width=\"420\" allowfullscreen=\"\" frameborder=\"0\"><\/iframe><br \/>\n<span style=\"color: #000080;\"><b>Las entrevistas las pueden leer en los siguientes links:<\/b><\/span><\/p>\n<p><a href=\"http:\/\/www.heidysandovalruiz.com\/\" data-blogger-escaped-data-mce-href=\"http:\/\/www.heidysandovalruiz.com\/\">http:\/\/www.heidysandovalruiz.com<\/a><\/p>\n<p><a href=\"http:\/\/losinvitadosdeheidy.blogspot.com\/\" data-blogger-escaped-data-mce-href=\"http:\/\/losinvitadosdeheidy.blogspot.com\/\"><\/a><a href=\"http:\/\/losinvitadosdeheidy.blogspot.com\/\" data-blogger-escaped-data-mce-href=\"http:\/\/losinvitadosdeheidy.blogspot.com\/\">http:\/\/lasentrevistasdeheidy.blogspot.com<\/a><\/p>\n<p><a href=\"https:\/\/www.facebook.com\/pages\/Los-invitados-de-Heidy\/892159284204965?ref=hl\" data-blogger-escaped-data-mce-href=\"https:\/\/www.facebook.com\/pages\/Los-invitados-de-Heidy\/892159284204965?ref=hl\">https:\/\/www.facebook.com\/pages\/Los-invitados-de-Heidy\/892159284204965?ref=hl<\/a><\/p>\n<p style=\"text-align: justify;\"><span style=\"color: #333399;\"><b>Entrevista realizada por Heidy Sandoval Ruiz<\/b><\/span><\/p>\n","protected":false},"excerpt":{"rendered":"<div class=\"mh-excerpt\"><p>En la \u201cCara amiga de los invitados de Heidy\u201d hoy conoceremos la historia de una destacada guatemalteca que ha logrado compaginar el canto, la composici\u00f3n <a class=\"mh-excerpt-more\" href=\"https:\/\/heidysandovalruiz.com\/?p=2127\" title=\"La cara amiga de \u00abBrenda Leticia\u00bb\">[&#8230;]<\/a><\/p>\n<\/div>","protected":false},"author":4,"featured_media":2129,"comment_status":"closed","ping_status":"closed","sticky":false,"template":"","format":"standard","meta":{"footnotes":""},"categories":[16],"tags":[188],"class_list":["post-2127","post","type-post","status-publish","format-standard","has-post-thumbnail","hentry","category-la-cara-amiga","tag-la-cara-amiga-de-brenda-leticia"],"_links":{"self":[{"href":"https:\/\/heidysandovalruiz.com\/index.php?rest_route=\/wp\/v2\/posts\/2127","targetHints":{"allow":["GET"]}}],"collection":[{"href":"https:\/\/heidysandovalruiz.com\/index.php?rest_route=\/wp\/v2\/posts"}],"about":[{"href":"https:\/\/heidysandovalruiz.com\/index.php?rest_route=\/wp\/v2\/types\/post"}],"author":[{"embeddable":true,"href":"https:\/\/heidysandovalruiz.com\/index.php?rest_route=\/wp\/v2\/users\/4"}],"replies":[{"embeddable":true,"href":"https:\/\/heidysandovalruiz.com\/index.php?rest_route=%2Fwp%2Fv2%2Fcomments&post=2127"}],"version-history":[{"count":7,"href":"https:\/\/heidysandovalruiz.com\/index.php?rest_route=\/wp\/v2\/posts\/2127\/revisions"}],"predecessor-version":[{"id":2213,"href":"https:\/\/heidysandovalruiz.com\/index.php?rest_route=\/wp\/v2\/posts\/2127\/revisions\/2213"}],"wp:featuredmedia":[{"embeddable":true,"href":"https:\/\/heidysandovalruiz.com\/index.php?rest_route=\/wp\/v2\/media\/2129"}],"wp:attachment":[{"href":"https:\/\/heidysandovalruiz.com\/index.php?rest_route=%2Fwp%2Fv2%2Fmedia&parent=2127"}],"wp:term":[{"taxonomy":"category","embeddable":true,"href":"https:\/\/heidysandovalruiz.com\/index.php?rest_route=%2Fwp%2Fv2%2Fcategories&post=2127"},{"taxonomy":"post_tag","embeddable":true,"href":"https:\/\/heidysandovalruiz.com\/index.php?rest_route=%2Fwp%2Fv2%2Ftags&post=2127"}],"curies":[{"name":"wp","href":"https:\/\/api.w.org\/{rel}","templated":true}]}}