{"id":2142,"date":"2014-11-17T00:22:20","date_gmt":"2014-11-17T00:22:20","guid":{"rendered":"http:\/\/heidysandovalruiz.com\/?p=2142"},"modified":"2014-12-06T17:08:14","modified_gmt":"2014-12-06T17:08:14","slug":"la-cara-amiga-de-hector-gaitan","status":"publish","type":"post","link":"https:\/\/heidysandovalruiz.com\/?p=2142","title":{"rendered":"La cara amiga de \u00abH\u00e9ctor Gait\u00e1n\u00bb"},"content":{"rendered":"<p style=\"text-align: justify;\"><span style=\"color: #003366;\">Hoy presentamos a ustedes en \u201c<b>La cara amiga de nuestros invitados<\/b>\u201d, a uno de esos guatemaltecos que se gan\u00f3 el cari\u00f1o, el respeto y la admiraci\u00f3n de muchos.\u00a0 Fue el creador de \u201c<b>La calle donde t\u00fa vives<\/b>\u201d, en donde nos dec\u00eda como me lo contaron\u2026se los cuento. Lamentablemente falleci\u00f3 en febrero del a\u00f1o 2012\u00a0 a los 73 a\u00f1os de edad dejando un legado entre revistas, discos y libros. Efectivamente estoy hablando del recordado <b>H\u00e9ctor Gait\u00e1n<\/b> historiador y periodista.\u00a0 En esta oportunidad conoceremos su historia a trav\u00e9s de su hijo Miguel Gait\u00e1n.<\/span><\/p>\n<p style=\"text-align: justify;\"><span style=\"color: #003366;\">Doy la bienvenida a este espacio, donde se puede decir lo que se quiere y lo que en otros medios no se puede a Miguel quien nos compartir\u00e1 muchos aspectos de la vida de su padre que no conocemos.<\/span><\/p>\n<p style=\"text-align: justify;\"><span style=\"color: #003366;\"><b>Para iniciar la entrevista quiero que nos cuentes \u00bfqu\u00e9 te hablaba tu padre de su ni\u00f1ez, de qu\u00e9 barrio de la ciudad era originario? \u00a0<\/b>Naci\u00f3 exactamente en la 22 calle entre 11 y 12 Avenida de la zona 1. De lo que platicaba era de sus travesuras, y de los personajes pintorescos de la zona 5 donde ocurre su ni\u00f1ez, me contaba que a pesar de tener apenas 5 a\u00f1os recordaba muy bien el incendio del Castillo de San Jos\u00e9 para el 20 de Octubre de 1944 junto con varios vecinos desde la esquina de la 12 Avenida y 23 calle.<\/span><\/p>\n<p style=\"text-align: justify;\"><span style=\"color: #003366;\"><a href=\"https:\/\/heidysandovalruiz.com\/wp-content\/uploads\/2014\/11\/10649746_824519420945421_5841106399894588606_n.jpg\"><img loading=\"lazy\" decoding=\"async\" class=\"size-thumbnail wp-image-2143 alignleft\" alt=\"10649746_824519420945421_5841106399894588606_n\" src=\"https:\/\/heidysandovalruiz.com\/wp-content\/uploads\/2014\/11\/10649746_824519420945421_5841106399894588606_n-150x150.jpg\" width=\"150\" height=\"150\" \/><\/a>Otro aspecto que siempre recordaba era las temporadas taurinas de la desaparecida Plaza de Toros Sevilla que se encontraba en donde hoy es el diamante infantil del Hip\u00f3dromo del Norte. Esto en 1946 cuando vinieron figuras de la tauromaquia c\u00f3mo Luis Procuna, Silverio P\u00e9rez, y Mario Moreno \u201cCantinflas\u201d recordaba perfectamente todo este proceso. Otro de los grandes recuerdos que me contaba era la expulsi\u00f3n de varias escuelas p\u00fablicas por su comportamiento irregular (capiuzas) \u00a0siempre me dec\u00eda \u201cyo pas\u00e9 por toda Am\u00e9rica en mi \u00e9poca de estudiante\u201d Escuela Rep\u00fablica de Ecuador, de Venezuela etc. todas en la zona 1. Hay tantos recuerdos, el 5to tomo de La Calle donde t\u00fa vives relata mucho de esos episodios. \u00a0<b><\/b><\/span><\/p>\n<p style=\"text-align: justify;\"><span style=\"color: #003366;\"><b>\u00bfD\u00f3nde realiz\u00f3 sus estudios?<\/b> Su primer maestro fue su padre, don Jos\u00e9 Luis Gait\u00e1n Barreda quien le ense\u00f1\u00f3 a leer a los cuatro a\u00f1os de edad. Los p\u00e1rvulos los hace en la escuelita Gabriela Mistral, Despu\u00e9s pasa al Colegio Casa Central hasta 3ero. primaria, despu\u00e9s por varias escuelas p\u00fablicas, hasta que le dijeron a don Jos\u00e9 Luis Gait\u00e1n que mirara que hac\u00eda con su patojo porque no lo quer\u00edan en ninguna parte. Pero mi abuelo moviendo sus influencias lo conecta en la Escuela Nocturna Manuel Cabral y es all\u00ed donde saca su sexto grado de primaria.<\/span><\/p>\n<p style=\"text-align: justify;\"><span style=\"color: #003366;\">Luego estudia en el Instituto Central para Varones, donde cursa los b\u00e1sicos, despu\u00e9s se involucra en movimientos estudiantiles esto en la \u00e9poca de Yd\u00edgoras Fuentes, por lo que tiene que salir del pa\u00eds, y parte a M\u00e9xico donde realiza estudios de periodismo y locuci\u00f3n en Nuevo Le\u00f3n Monterrey. Ya en Guatemala a\u00f1os despu\u00e9s cursa estudios de Historia en la Universidad Francisco Marroqu\u00edn (1975-76-77) \u00a0<a href=\"https:\/\/heidysandovalruiz.com\/wp-content\/uploads\/2014\/11\/10430422_824519374278759_2122256857466874869_n.jpg\"><img loading=\"lazy\" decoding=\"async\" class=\"size-thumbnail wp-image-2144 alignright\" alt=\"10430422_824519374278759_2122256857466874869_n\" src=\"https:\/\/heidysandovalruiz.com\/wp-content\/uploads\/2014\/11\/10430422_824519374278759_2122256857466874869_n-150x150.jpg\" width=\"150\" height=\"150\" \/><\/a><\/span><\/p>\n<p style=\"text-align: justify;\"><span style=\"color: #003366;\"><b>\u00bfC\u00f3mo se conocen tus pap\u00e1s?<\/b> Mi Mam\u00e1 o\u00eda mucho Radio Quetzal, \u00a0se gan\u00f3 un premio y al recogerlo mi pap\u00e1 ah\u00ed laboraba, y al verla la confundi\u00f3 con una muchacha que hab\u00eda conocido en Chiquimula, sali\u00f3 de la cabina de locuci\u00f3n y le fue hablar de una manera muy cordial, de esa confusi\u00f3n surgi\u00f3 una gran amistad y a\u00f1os despu\u00e9s un noviazgo. Esto fue en 1959, y se casar\u00f3n en noviembre de 1961.<\/span><\/p>\n<p style=\"text-align: justify;\"><span style=\"color: #003366;\"><b>\u00bfQu\u00e9 m\u00fasica le gustaba?<\/b> La m\u00fasica de bolero, los mambos de D\u00e1maso Per\u00e9z Prado, en su \u00e9poca fue un bailar\u00edn consumado. La m\u00fasica de Cha-cha ch\u00e1, la de protesta y cl\u00e1sica tambi\u00e9n fueron de sus preferidas. Otro de sus gustos y era un gran conocedor eran los Pasos dobles.<\/span><\/p>\n<p style=\"text-align: justify;\"><span style=\"color: #003366;\"><b>\u00bfEn qu\u00e9 a\u00f1o inici\u00f3 su carrera en la radio?<\/b> En 1957 a los 18 a\u00f1os edad en Radio La voz de la Eterna Primavera, con un programa de boleros.<\/span><\/p>\n<p style=\"text-align: justify;\"><span style=\"color: #003366;\"><b>\u00bfCu\u00e1ndo empieza a escribir \u201cCalle donde t\u00fa vives\u201d?<\/b> En 1971 despu\u00e9s del \u00e9xito obtenido en la radio y el apoyo de don Jos\u00e9 Flamenco y Cotero director de la radio La voz de las Am\u00e9ricas, quien le incentiv\u00f3 para su creaci\u00f3n.<\/span><\/p>\n<p style=\"text-align: justify;\"><span style=\"color: #003366;\"><b>\u00bfC\u00f3mo surge su pasi\u00f3n por escribir sobre relatos de espantos?<\/b> A ra\u00edz de los programas radiales, donde era parte fundamental de los programas. Aunque su afici\u00f3n por o\u00edr relatos y contarlos lo ten\u00eda desde temprana edad.<\/span><\/p>\n<p style=\"text-align: justify;\"><span style=\"color: #003366;\"><b>\u00bfPuedes contarnos en qu\u00e9 emisoras labor\u00f3?<\/b> Radio Jumay, La Voz de la eterna primavera, Radio Cristal, Radio Quetzal, La Voz de las Am\u00e9ricas, Radio Ciros, TGW, en Quetzaltenango, Stero Cien, Stereo Calurosa, Radio Kirio\u00b4s. En M\u00e9xico en varias radios de Veracruz, Monterrey, y el distrito federal.<\/span><\/p>\n<p style=\"text-align: justify;\"><span style=\"color: #003366;\"><b>\u00bfQu\u00e9 locutores entablaron una estrecha relaci\u00f3n con tu pap\u00e1<\/b>? Fueron muchos Don Jos\u00e9 Flamenco y Cotero, V\u00edctor Molina, Adolfo M\u00e9ndez Zepeda, Lucy Bonilla, Otto Ren\u00e9 Mancilla, C\u00e9sar Romero, Abd\u00f3n Rodr\u00edguez Zea, Cesar Garc\u00eda C\u00e1ceres, Enrique Arce Berens, Mario Ferreti.\u00a0<\/span><\/p>\n<p style=\"text-align: justify;\"><span style=\"color: #003366;\"><b><a href=\"https:\/\/heidysandovalruiz.com\/wp-content\/uploads\/2014\/11\/560778_356548751075826_944149206_n.jpg\"><img loading=\"lazy\" decoding=\"async\" class=\"size-thumbnail wp-image-2145 alignleft\" alt=\"560778_356548751075826_944149206_n\" src=\"https:\/\/heidysandovalruiz.com\/wp-content\/uploads\/2014\/11\/560778_356548751075826_944149206_n-150x150.jpg\" width=\"150\" height=\"150\" \/><\/a>Cu\u00e9ntanos \u00bfC\u00f3mo fue su etapa en La Voz de las Am\u00e9ricas?<\/b> Fue una etapa donde nace el programa radial \u201cLa calle donde t\u00fa vives\u201d (abril de 1966). En una revista musical en un segmento de 10 minutos, de ese c\u00famulo de programas s\u00f3lo la transmisi\u00f3n de mi pap\u00e1 termina con un espacio estelar de media hora.\u00a0<\/span><\/p>\n<p style=\"text-align: justify;\"><span style=\"color: #003366;\"><b>\u201dMi palmarcito querido\u201d fue un tema que identificaba el programa \u00bfC\u00f3mo lo selecciona y tu pap\u00e1 fue amigo personal de Danilo Rivera?<\/b> El responsable de colocar el tema fue gracias a Juan Escobar grabador del programa. Con Danilo Rivera no hubo una amistad, inclusive tan s\u00f3lo una vez los juntaron para una presentaci\u00f3n donde mi pap\u00e1 contaba historias de la ciudad y leyendas mientras don Danilo Rivera tocaba temas musicales para \u00e9l programa.<\/span><\/p>\n<p style=\"text-align: justify;\"><span style=\"color: #003366;\"><b>\u00bfCu\u00e1ndo empieza a escribir revistas y libros con sus historias<\/b>? Empieza sus escritos en 1967 para una revista espa\u00f1ola \u201cEl Burladero\u201d donde escribe cr\u00f3nicas taurinas de Guatemala, despu\u00e9s vendr\u00eda el primer tomo de La Calle Donde t\u00fa vives que lo empieza a escribir en 1971 public\u00e1ndose en 1972.<\/span><\/p>\n<p style=\"text-align: justify;\"><span style=\"color: #003366;\"><b>\u00bfCu\u00e1ntas revistas, libros, folletos y discos dej\u00f3 como legado?<\/b>\u00a0<a href=\"https:\/\/heidysandovalruiz.com\/wp-content\/uploads\/2014\/11\/10380984_840973205966709_5798081158005415235_n.jpg\"><img loading=\"lazy\" decoding=\"async\" class=\"size-thumbnail wp-image-2146 alignright\" alt=\"10380984_840973205966709_5798081158005415235_n\" src=\"https:\/\/heidysandovalruiz.com\/wp-content\/uploads\/2014\/11\/10380984_840973205966709_5798081158005415235_n-150x150.jpg\" width=\"150\" height=\"150\" \/><\/a> Semanario La Calle donde t\u00fa vives que sal\u00eda todos los viernes desde septiembre de 1974 a diciembre de 1979. Leyendas y Tradiciones revista que public\u00f3 en el 2000 al 2003. Libros: 9 Tomos La calle donde t\u00fa vives. Centro Hist\u00f3rico de la Ciudad de Guatemala. Los Presidentes de Guatemala. Historias Leyendas e Im\u00e1genes de la ciudad de Guatemala. Los Fusilamientos de Guatemala. Hablemos de Guatemala. Memorias del siglo veinte 2 tomos. Cuentos de muertos y cementerios. Leyendas del Cementerio General. Cuentos de miedo para ni\u00f1os. Recetario de oraciones a Maxim\u00f3n. Testimonios de Maxim\u00f3n. Folletos: Historia de la fotograf\u00eda en Guatemala. La ca\u00edda de Estrada Cabrera. Ubico en la historia. Tauromaquia en Guatemala. Historia de la Radio difusi\u00f3n chapina. Personajes t\u00edpicos de la Ciudad de Guatemala. Cr\u00f3nicas de la Ciudad. Discos grabados: 8 vol\u00famenes La calle donde t\u00fa vives. Terremoto de 1976.\u00a0 Leyendas de Guatemala.<\/span><\/p>\n<p style=\"text-align: justify;\"><span style=\"color: #003366;\"><b>\u00bfAlguna vez te coment\u00f3 si una historia le enchinaba la piel?<\/b> Hubo varias que le impresionaron enormemente, por ejemplo las ocurridas en el Cementerio General de la ciudad de Guatemala, y la de la dama de los 7 sagrarios, una historia ver\u00eddica que se convirti\u00f3 en leyenda.<\/span><\/p>\n<p style=\"text-align: justify;\"><span style=\"color: #003366;\"><b>\u00bfQu\u00e9 premios recibi\u00f3 por su trayectoria?<\/b> La Dama de Plata un premio que otorgaba la radio Ciros c\u00f3mo mejor programa radial de 1979. El Concejo de la Cultura de la Municipalidad de Guatemala le dedica la feria del libro en dos ocasiones en 1982 y 2005. La Casa de la Cultura\u00a0 de Guatemala en New York le nombra socio honorario. La Gobernaci\u00f3n de Zacapa le otorga la soberana orden del Tuno por su trayectoria en el \u00e1mbito art\u00edstico y literario en septiembre de 2011.<\/span><\/p>\n<p style=\"text-align: justify;\"><span style=\"color: #003366;\">Recibi\u00f3 innumerable premios period\u00edsticos. El Ministro de la Defensa Nacional, convoca a un concurso para homenajear al piloto aviador coronel Oscar Morales L\u00f3pez obteniendo el primer puesto del reportaje en prensa impresa, Prensa Radial, y Prensa Televisada. Recibi\u00f3 tambi\u00e9n el primer premio de Cr\u00f3nica publicada convocado por la Municipalidad de Guatemala en mayo de 1988. Obtuvo varios concursos en la rama televisiva \u00a0y radial con temas hist\u00f3ricos. \u00a0<\/span><\/p>\n<p style=\"text-align: justify;\"><span style=\"color: #003366;\"><a href=\"https:\/\/heidysandovalruiz.com\/wp-content\/uploads\/2014\/11\/422664_209731382456336_1136858690_n.jpg\"><img loading=\"lazy\" decoding=\"async\" class=\"size-thumbnail wp-image-2147 alignleft\" alt=\"422664_209731382456336_1136858690_n\" src=\"https:\/\/heidysandovalruiz.com\/wp-content\/uploads\/2014\/11\/422664_209731382456336_1136858690_n-150x150.jpg\" width=\"150\" height=\"150\" \/><\/a><\/span><span style=\"color: #003366;\"><b>\u00bfCu\u00e1ndo ingresa a la APG y qui\u00e9nes son sus m\u00e1s allegados en este campo?<\/b> Fue en el a\u00f1o de 1979, siendo sus m\u00e1s cercanos Mario Sol\u00f3rzano Foppa, Juan O. Rivera Santizo, Edgar Gudiel, Blanca S\u00e1nchez, Ramiro Macdonal, El chino Ortega, y muchos m\u00e1s que le demostraron una amistad sincera.<\/span><\/p>\n<p style=\"text-align: justify;\"><span style=\"color: #003366;\"><b>\u00bfC\u00f3mo surge la inquietud de nombrar la calle donde viv\u00eda tu pap\u00e1 con su nombre?<\/b> Se lleva a cabo c\u00f3mo una iniciativa de la APG por su trayectoria y su legado literario.<\/span><\/p>\n<p style=\"text-align: justify;\"><span style=\"color: #003366;\"><b>\u00bfDe qu\u00e9 falleci\u00f3 H\u00e9ctor?<\/b> En octubre del 2011 empieza a tener serias dolencias estomacales, y al hacerse los ex\u00e1menes de rigor le detectan un tumor localizado en el colon el cual ya presentaba un c\u00e1ncer avanzado. Se trat\u00f3 de luchar contra la enfermedad pero lamentablemente muri\u00f3 d\u00edas despu\u00e9s de una operaci\u00f3n que se le realiz\u00f3 en el Hospital General.<\/span><\/p>\n<p style=\"text-align: justify;\"><span style=\"color: #003366;\"><b>A H\u00e9ctor le apasionaban las leyendas \u00bfCrees que tu pap\u00e1 es una leyenda<\/b>? Por su gran legado, su ejemplo de guatemalteco que amo las tradiciones, que investigo la historia de su pa\u00eds, ya es una leyenda que ser\u00e1 recordado por siempre.<\/span><\/p>\n<p style=\"text-align: justify;\"><span style=\"color: #003366;\"><b>\u00bfPuedes compartir un mensaje con las personas que leen \u201cLas entrevistas de Heidy\u201d?<\/b> Un saludo muy cordial,\u00a0 recordarles que nuestro pa\u00eds es muy bello y rico en valores humanos, ser positivos y dar lo mejor de nosotros en lo que hagamos. Gracias Heidy por recordar al gran H\u00e9ctor Gait\u00e1n Alfaro quien \u00a0nunca morir\u00e1 y estar\u00e1 siempre en nuestra memoria.<\/span><\/p>\n<p><iframe loading=\"lazy\" src=\"\/\/www.youtube.com\/embed\/5Ch7-SIbtyU\" height=\"315\" width=\"420\" allowfullscreen=\"\" frameborder=\"0\"><\/iframe><\/p>\n<p><span style=\"color: #003366;\"><b>Las entrevistas las pueden leer en los siguientes links:<\/b><\/span><\/p>\n<p><a href=\"http:\/\/www.heidysandovalruiz.com\/\" data-blogger-escaped-data-mce-href=\"http:\/\/www.heidysandovalruiz.com\/\">http:\/\/www.heidysandovalruiz.com<\/a><\/p>\n<p><a href=\"http:\/\/losinvitadosdeheidy.blogspot.com\/\" data-blogger-escaped-data-mce-href=\"http:\/\/losinvitadosdeheidy.blogspot.com\/\"><\/a><a href=\"http:\/\/losinvitadosdeheidy.blogspot.com\/\" data-blogger-escaped-data-mce-href=\"http:\/\/losinvitadosdeheidy.blogspot.com\/\">http:\/\/lasentrevistasdeheidy.blogspot.com<\/a><\/p>\n<p><a href=\"https:\/\/www.facebook.com\/pages\/Los-invitados-de-Heidy\/892159284204965?ref=hl\" data-blogger-escaped-data-mce-href=\"https:\/\/www.facebook.com\/pages\/Los-invitados-de-Heidy\/892159284204965?ref=hl\">https:\/\/www.facebook.com\/pages\/Los-invitados-de-Heidy\/892159284204965?ref=hl<\/a><\/p>\n<p><span style=\"color: #003366;\"><b>Entrevista realizada por Heidy Sandoval Ruiz<\/b><\/span><\/p>\n<p>&nbsp;<\/p>\n<p>&nbsp;<\/p>\n","protected":false},"excerpt":{"rendered":"<div class=\"mh-excerpt\"><p>Hoy presentamos a ustedes en \u201cLa cara amiga de nuestros invitados\u201d, a uno de esos guatemaltecos que se gan\u00f3 el cari\u00f1o, el respeto y la <a class=\"mh-excerpt-more\" href=\"https:\/\/heidysandovalruiz.com\/?p=2142\" title=\"La cara amiga de \u00abH\u00e9ctor Gait\u00e1n\u00bb\">[&#8230;]<\/a><\/p>\n<\/div>","protected":false},"author":4,"featured_media":2148,"comment_status":"closed","ping_status":"closed","sticky":false,"template":"","format":"standard","meta":{"footnotes":""},"categories":[16],"tags":[189],"class_list":["post-2142","post","type-post","status-publish","format-standard","has-post-thumbnail","hentry","category-la-cara-amiga","tag-la-cara-amiga-de-hector-gaitan"],"_links":{"self":[{"href":"https:\/\/heidysandovalruiz.com\/index.php?rest_route=\/wp\/v2\/posts\/2142","targetHints":{"allow":["GET"]}}],"collection":[{"href":"https:\/\/heidysandovalruiz.com\/index.php?rest_route=\/wp\/v2\/posts"}],"about":[{"href":"https:\/\/heidysandovalruiz.com\/index.php?rest_route=\/wp\/v2\/types\/post"}],"author":[{"embeddable":true,"href":"https:\/\/heidysandovalruiz.com\/index.php?rest_route=\/wp\/v2\/users\/4"}],"replies":[{"embeddable":true,"href":"https:\/\/heidysandovalruiz.com\/index.php?rest_route=%2Fwp%2Fv2%2Fcomments&post=2142"}],"version-history":[{"count":5,"href":"https:\/\/heidysandovalruiz.com\/index.php?rest_route=\/wp\/v2\/posts\/2142\/revisions"}],"predecessor-version":[{"id":2211,"href":"https:\/\/heidysandovalruiz.com\/index.php?rest_route=\/wp\/v2\/posts\/2142\/revisions\/2211"}],"wp:featuredmedia":[{"embeddable":true,"href":"https:\/\/heidysandovalruiz.com\/index.php?rest_route=\/wp\/v2\/media\/2148"}],"wp:attachment":[{"href":"https:\/\/heidysandovalruiz.com\/index.php?rest_route=%2Fwp%2Fv2%2Fmedia&parent=2142"}],"wp:term":[{"taxonomy":"category","embeddable":true,"href":"https:\/\/heidysandovalruiz.com\/index.php?rest_route=%2Fwp%2Fv2%2Fcategories&post=2142"},{"taxonomy":"post_tag","embeddable":true,"href":"https:\/\/heidysandovalruiz.com\/index.php?rest_route=%2Fwp%2Fv2%2Ftags&post=2142"}],"curies":[{"name":"wp","href":"https:\/\/api.w.org\/{rel}","templated":true}]}}