{"id":2166,"date":"2014-11-20T03:16:10","date_gmt":"2014-11-20T03:16:10","guid":{"rendered":"http:\/\/heidysandovalruiz.com\/?p=2166"},"modified":"2014-12-06T17:06:47","modified_gmt":"2014-12-06T17:06:47","slug":"la-cara-amiga-de-paola","status":"publish","type":"post","link":"https:\/\/heidysandovalruiz.com\/?p=2166","title":{"rendered":"La cara amiga de \u00abPaola\u00bb"},"content":{"rendered":"<p style=\"text-align: justify;\"><span style=\"color: #003366;\">Hoy les invito a leer en \u201c<b>La cara amiga de nuestros invitados<\/b>\u201d, la historia de una de las artistas m\u00e1s queridas de Guatemala, con m\u00e1s de 4 d\u00e9cadas en el ambiente art\u00edstico <b>Paola Garc\u00eda<\/b> ha compartido con muchos artistas de nuestro pa\u00eds.\u00a0 Adem\u00e1s, personas del medio de la radio y la televisi\u00f3n han sido parte importante en la vida art\u00edstica de nuestra invitada, entre ellos: Danilo Sanchinelli,\u00a0 Mario David Garc\u00eda; Charly Barrios, el productor Alfonso del Pinal; Julio C\u00e9sar del Valle en los inicios de Paola como cantante,\u00a0 en el Programa\u00a0 Ritmos de Juventud,\u00a0 por canal 7 de Televisi\u00f3n, que es el programa en donde<span style=\"text-decoration: underline;\"> se inici\u00f3 Paola<\/span>. Su nombre art\u00edstico es: <strong>Paola<\/strong>.<\/span><\/p>\n<p style=\"text-align: justify;\"><span style=\"color: #003366;\">Paola bienvenida a este espacio donde nos contar\u00e1s tu historia y donde se puede decir lo que se quiere y en otros lugares no se puede.\u00a0 As\u00ed que aprovecharemos al m\u00e1ximo para llevarle a nuestros lectores los inicios, logros y mucho m\u00e1s de nuestra invitada.<\/span><\/p>\n<p style=\"text-align: justify;\"><span style=\"color: #003366;\">Antes que nada quiero agradecerte por la oportunidad que me brindas de compartir parte de mi vida art\u00edstica, este espacio es muy le\u00eddo por muchas personas que gustan de lo relacionado con el ambiente art\u00edstico, pero uuuffff que alegre compartir contigo esta entrevista que eres una persona muy profesional y sobretodo te apasiona lo que nosotros hacemos.<\/span><\/p>\n<p style=\"text-align: justify;\"><span style=\"color: #003366;\"><b>\u00bfEs cierto que a tus 3 a\u00f1os ya te gustaba cantar? <\/b>As\u00ed es Heidy, pues recuerdo que las amigas de mi mam\u00e1 llegaban a nuestra casa para que yo les cantara fragmentitos de canciones que eran pagados con monedas de Q.025<\/span><\/p>\n<p style=\"text-align: justify;\"><span style=\"color: #003366;\"><b><a href=\"https:\/\/heidysandovalruiz.com\/wp-content\/uploads\/2014\/11\/150273_453271874726959_624229198_n.jpg\"><img loading=\"lazy\" decoding=\"async\" class=\"size-thumbnail wp-image-2169 alignleft\" alt=\"150273_453271874726959_624229198_n\" src=\"https:\/\/heidysandovalruiz.com\/wp-content\/uploads\/2014\/11\/150273_453271874726959_624229198_n-150x150.jpg\" width=\"150\" height=\"150\" \/><\/a>\u00bfC\u00f3mo surge el encuentro entre Danilo Sanchinelli una de las personas m\u00e1s importantes en tu vida art\u00edstica y t\u00fa? <\/b>Pues a ra\u00edz de que en mi casa, desde que amanec\u00eda, yo\u00a0 ya me levantaba cantando, y no hab\u00eda nada que me detuviera; el Programa Ritmos de Juventud ten\u00eda poco tiempo de haber nacido, y viene\u00a0 mi hermano y me dice, yo creo que ya lleg\u00f3 el momento de que hables a canal 7 con Danilo Sanchinelli y le pidas una oportunidad para que vayas\u00a0 a cantar al Programa\u00a0 Ritmos de Juventud y\u00a0 as\u00ed lo hice, fueron palabras de mi hermano que me activaron y me dieron la luz para hacer lo que ten\u00eda que hacer.<\/span><\/p>\n<p style=\"text-align: justify;\"><span style=\"color: #003366;\">Contact\u00e9 a Danilo Sanchinelli,\u00a0 y gracias a Dios me dio una fecha para hacer una audici\u00f3n y fui aprobada para participar en el programa, pero\u00a0 pese a la ansia loca que yo ten\u00eda de presentarme vengo y me doy cuenta de que Danilo me hab\u00eda dado una fecha que ca\u00eda en S\u00e1bado de Gloria y me puse a pensar que mucha gente andaba de viaje o fuera de casa aprovechando los d\u00edas de la Semana Mayor,\u00a0 y me puse a pensar que nadie me mirar\u00eda en la televisi\u00f3n, y no asist\u00ed, Danilo me llama a la semana siguiente para preguntarme que porque no hab\u00eda asistido y le coment\u00e9 la raz\u00f3n, entonces gracias a Dios, me da una nueva fecha para participar en Ritmos de Juventud en el espacio que se denominaba \u201cLas Estrellas del Ma\u00f1ana\u201d,\u00a0\u00a0 y as\u00ed da\u00a0 inicio\u00a0 mi carrera profesional como cantante el 23 de abril de 1966, porque llegu\u00e9 para quedarme.<\/span><\/p>\n<p style=\"text-align: justify;\"><b style=\"color: #003366;\">\u00bfC\u00f3mo podr\u00edas definir tu paso por el programa \u201cRitmos de Juventud\u201d\u00a0\u00a0\u00a0 \u00a0<\/b><span style=\"color: #003366;\">Como la culminaci\u00f3n a\u00a0 la realizaci\u00f3n de mis grandes sue\u00f1os como cantante, porque es all\u00ed en donde me inicio y me realizo\u00a0 ante ese p\u00fablico que yo no ve\u00eda pero que me miraban y por ellos ten\u00eda que hacerlo muy bien.<\/span><\/p>\n<p style=\"text-align: justify;\"><span style=\"color: #003366;\"><b>\u00bfHay alguna an\u00e9cdota que recuerdes del momento que conociste a Danilo Sanchinelli? <\/b>Pues \u00fanicamente que siempre\u00a0 me atendi\u00f3 muy bien, y\u00a0 guardo\u00a0 en mi mente\u00a0 su mirada\u00a0 y su sonrisa\u00a0 gentil y amable y siempre dispuesto a apoyarme.<\/span><\/p>\n<p style=\"text-align: justify;\"><span style=\"color: #003366;\"><b>\u00bfCu\u00e1ndo te presentas por primera vez en el programa recuerdas que cantaste y qui\u00e9nes te acompa\u00f1aron? <\/b>Mi primera vez en Ritmos de Juventud, fue naturalmente en d\u00eda s\u00e1bado, un 23 de abril de 1966, y la canci\u00f3n que cante fue,\u00a0 \u201cCuando\u00a0 vuelva a tu lado\u201d\u00a0 acompa\u00f1ada por los Maestros Oscar Salazar,\u00a0\u00a0\u00a0 en el piano;\u00a0 Truqui Trujillo en la Bater\u00eda y Ruperto Turcios en el Bajo.<\/span><\/p>\n<figure id=\"attachment_2170\" aria-describedby=\"caption-attachment-2170\" style=\"width: 150px\" class=\"wp-caption alignright\"><a href=\"https:\/\/heidysandovalruiz.com\/wp-content\/uploads\/2014\/11\/Scan0004.jpg\"><img loading=\"lazy\" decoding=\"async\" class=\"size-thumbnail wp-image-2170 \" alt=\"Scan0004\" src=\"https:\/\/heidysandovalruiz.com\/wp-content\/uploads\/2014\/11\/Scan0004-150x150.jpg\" width=\"150\" height=\"150\" \/><\/a><figcaption id=\"caption-attachment-2170\" class=\"wp-caption-text\">\u00abIV Gala de la Canci\u00f3n Guatemalteca\u00bb 1997<\/figcaption><\/figure>\n<p style=\"text-align: justify;\"><span style=\"color: #003366;\"><b>\u00bfCu\u00e1l es el \u00e9xito que te catapulta y te hace la preferida de los guatemaltecos? <\/b>Pues la primera canci\u00f3n que grabe en Fono Industrias de Centro Am\u00e9rica, FONICA, fue Nocturnal canci\u00f3n que se promocion\u00f3 y que todos los medios de comunicaci\u00f3n radial me apoyaron, y cuando alguna emisora bajaba la guardia en poner la canci\u00f3n, yo me acercaba nuevamente a ellos\u00a0 para pedirles su apoyo, para que la canci\u00f3n terminara de conocerse y gracias a Dios, siempre lo\u00a0 encontr\u00e9\u00a0 en\u00a0 todos ellos\u00a0 para que as\u00ed fuera. Y el mismo apoyo lo encontr\u00e9 para dar a conocer todas las canciones que grab\u00e9 en FONICA, como Secretamente, Cantando; Tu me haces falta; Resignaci\u00f3n de Julio Cesar del Valle; \u00a0Recuerda de Cesar Augusto Hern\u00e1ndez;\u00a0 Porque Porque de Daniel Salazar;\u00a0 Tu Traici\u00f3n de Pablo Pe\u00f1a y muchas m\u00e1s.<\/span><\/p>\n<p style=\"text-align: justify;\"><span style=\"color: #003366;\"><b>Un gran amigo Alfonso del Pinal tambi\u00e9n fue parte importante en tu carrera \u00bfQu\u00e9 nos cuentas al respecto? <\/b>Alfonso del Pinal, productor de much\u00edsimos programas televisivos, como el Programa de la Loter\u00eda Nacional, que se transmit\u00eda por Canal 7 de Televisi\u00f3n los d\u00edas s\u00e1bados al medio d\u00eda, los cantantes \u00e9ramos acompa\u00f1ados musicalmente hablando con la Marimba de la Loter\u00eda Nacional y cant\u00e1bamos las canciones este espacio se presentaba a la hora del almuerzo.\u00a0\u00a0 Surge tambi\u00e9n \u201cEllas 3 y alguien m\u00e1s\u201d con Gilda Pinto Bonilla; Lucy Bonilla y Ara Fialco. Y ese alguien m\u00e1s eran los artistas; cuando yo participo, hicieron una escenograf\u00eda de una habitaci\u00f3n,\u00a0 con su\u00a0 cama su mesita de noche, y una fotograf\u00eda de alguien por quien\u00a0 yo sufr\u00eda y a quien yo le dedicaba mis canciones, fue muy especial.<\/span><\/p>\n<p style=\"text-align: justify;\"><b style=\"color: #003366;\">\u00bfC\u00f3mo recuerdas al querido Enrique Arce Berhens y que momento traigo a tu mente\u00a0 con \u201cCasino de la Alegr\u00eda\u201d? <\/b><span style=\"color: #003366;\">A nuestro Enrique Arce Berhens, lo recuerdo con todo mi cari\u00f1o, pues como \u00e9l era el conductor del Programa Casino de la Alegr\u00eda,\u00a0 y\u00a0 yo quer\u00eda participar,\u00a0\u00a0 empiezo\u00a0 a averiguar\u00a0 su n\u00famero de tel\u00e9fono y lo contacto,\u00a0 le hablo\u00a0 y me dice que me espera\u00a0 en la puerta de Radio Mundial un determinado d\u00eda,\u00a0 y all\u00ed lo encontr\u00e9 esper\u00e1ndome,\u00a0 le platiqu\u00e9\u00a0 de\u00a0 mi trayectoria como artista,\u00a0 y me indica que\u00a0 pronto me dar\u00eda la\u00a0 fecha, y as\u00ed fue,\u00a0 \u00a0el\u00a0 se encarga\u00a0 de hablar con don Antonio Guzm\u00e1n que era el director del programa y luego me da fecha para participar en el querido y recordado Casino de la Alegr\u00eda en donde fui acompa\u00f1ada por la Orquesta de Guillermo Rojas en much\u00edsimos programas.<\/span><\/p>\n<figure id=\"attachment_2171\" aria-describedby=\"caption-attachment-2171\" style=\"width: 150px\" class=\"wp-caption alignleft\"><a href=\"https:\/\/heidysandovalruiz.com\/wp-content\/uploads\/2014\/11\/DSC06611.jpg\"><img loading=\"lazy\" decoding=\"async\" class=\"size-thumbnail wp-image-2171 \" alt=\"DSC06611\" src=\"https:\/\/heidysandovalruiz.com\/wp-content\/uploads\/2014\/11\/DSC06611-150x150.jpg\" width=\"150\" height=\"150\" \/><\/a><figcaption id=\"caption-attachment-2171\" class=\"wp-caption-text\">\u00abXVI Gala de la Canci\u00f3n Guatemalteca\u00bb 2009<\/figcaption><\/figure>\n<p style=\"text-align: justify;\"><span style=\"color: #003366;\"><b>Ahhh pero otro de los programas en los que no pod\u00edas faltar es \u201cCampi\u00f1a\u201d qu\u00e9 recuerdos tienes de esta etapa? <\/b>Campi\u00f1a,\u00a0 fue otro de los grandes programas de la televisi\u00f3n, transmitido los s\u00e1bados por Canal 11 conducido en el inicio por nuestro querido y recordado Chalo Hern\u00e1ndez, otro gran amigo que me apoy\u00f3 much\u00edsimo,\u00a0 pues era acompa\u00f1ada por la Orquesta de Campi\u00f1a integrada por los Hermanos Duarte, bajo la direcci\u00f3n del Maestro Ottoniel\u00a0 Ramos,\u00a0 que interpretaba la trompeta, as\u00ed como de los recordados Mariachis Los Caporales y Los Monarcas; que me acompa\u00f1aron\u00a0 as\u00ed como el Mariachi 76 con quienes grab\u00e9 dos canciones \u201cVoy a perder\u00a0 la cabeza por tu amor\u201d y \u201cTus Maletas\u201d del\u00a0 compositor guatemalteco Ren\u00e9 Erickastilla.<\/span><\/p>\n<p style=\"text-align: justify;\"><span style=\"color: #003366;\">Una \u00a0an\u00e9cdota que recuerdo es muy especial, pues les cuento que lo primero que hac\u00eda al llegar a los estudios de Canal 11, era ver el gui\u00f3n del Programa Campi\u00f1a, para ver en donde aparec\u00eda mi nombre, pues esa vez, vi mi nombre al principio, eso indicaba que abrir\u00eda el programa, pero luego aparec\u00eda muy pero muy abajo,\u00a0 bueno me dije todav\u00eda me da tiempo a cambiarme de vestido, porque siempre llevaba varios vestidos,\u00a0 y as\u00ed lo hice, cuando finaliz\u00f3 la primera canci\u00f3n, me fui directa al camerino para cambiarme, no hab\u00eda pasado mucho tiempo, cuando se dejan escuchar los toquidos en la puerta\u00a0 y una voz que me dec\u00eda, \u00a1Paola,\u00a0 ya te toca!,\u00a0 y contesto \u00a1\u00a1\u00a1yo!!!, pero si acabo de pasar, y me contestan, si, pero ya te toca,\u00a0 era cosa que no\u00a0\u00a0 pod\u00eda esperar, y yo apurada poni\u00e9ndome el pantal\u00f3n y la blusa negra sport, con el vestido en el cuello sac\u00e1ndolo, aboton\u00e1ndome la blusa cuando el pr\u00f3ximo toquido fue para decirme, Paola, ya empez\u00f3 la Orquesta y salgo corriendo sac\u00e1ndome el vestido y se lo paso dejando a mis compa\u00f1eros artistas que estaban fuera del camerino escuchando\u00a0 lo que estaba pasando, pero gracias a Dios,\u00a0 llego al estudio a tiempo,\u00a0 la c\u00e1mara enfocando a la Orquesta que ya se encontraba interpretando el inicio de la canci\u00f3n \u201cTu me haces falta\u201d y que me dan el micr\u00f3fono y empiezo a cantar como que nada hubiera pasado, pero solo yo sab\u00eda todo lo que hab\u00eda corrido, que an\u00e9cdota, inolvidable,\u00a0 que momentos que los tengo tan vivos en mi mente los recuerdo y los vuelvo a vivir. Y saben que era el gran listado que aparec\u00eda despu\u00e9s de mi nombre de la primera canci\u00f3n,\u00a0 eran anuncios de comerciales que se transmitieron\u00a0 en un abrir y cerrar de ojos.<\/span><\/p>\n<p style=\"text-align: justify;\"><span style=\"color: #003366;\"><b>\u00bfEn qu\u00e9 momento llegas a TGW en tu faceta como cantante? <\/b>La primera vez que visito los estudios de TGW, fue en el a\u00f1o de 1966,\u00a0 ese primer d\u00eda conozco a Julio C\u00e9sar del Valle, quien inmediatamente me invita\u00a0 a cantar con la Orquesta de TGW,\u00a0 all\u00ed es cuando conozco en el estudio de Cristal a Carlos del Llano y la canci\u00f3n que canto es\u00a0 \u201cDuerme\u201d que dice as\u00ed, duerme, duerme mientras yo te arrullar\u00e9, con el hechizo de esta canci\u00f3n que para ti forj\u00e9, sue\u00f1a, sue\u00f1a tranquila mi dulce bien que contempl\u00e1ndote con fervor\u00a0 la noche pasar\u00e9\u2026\u2026\u2026yo bien quisiera que nadie apartarnos pudiera jam\u00e1s, porque mi amor y mi ser y mi todo eres t\u00fa, mujercita ideal\u2026\u2026\u00a0\u00a0\u00a0\u00a0\u00a0\u00a0\u00a0\u00a0\u00a0\u00a0\u00a0\u00a0\u00a0\u00a0\u00a0\u00a0\u00a0\u00a0\u00a0\u00a0\u00a0\u00a0\u00a0\u00a0\u00a0\u00a0\u00a0\u00a0\u00a0\u00a0\u00a0\u00a0\u00a0\u00a0\u00a0\u00a0\u00a0\u00a0\u00a0\u00a0\u00a0\u00a0 \u00a0\u00a0\u00a0\u00a0\u00a0\u00a0\u00a0\u00a0\u00a0\u00a0\u00a0\u00a0\u00a0\u00a0\u00a0\u00a0\u00a0\u00a0\u00a0\u00a0\u00a0\u00a0\u00a0\u00a0\u00a0\u00a0\u00a0\u00a0\u00a0\u00a0\u00a0\u00a0\u00a0esta fue la primera vez que llego a TGW en donde tambi\u00e9n\u00a0 conoc\u00ed a Tanya Zea toda una jovencita.\u00a0 En 1974 regreso a TGW, en donde soy contratada para cantar y pertenecer al elenco art\u00edstico de TGW, cuando el Director de TGW era el se\u00f1or Sergio Armando Lorenzana.<\/span><\/p>\n<p style=\"text-align: justify;\"><span style=\"color: #003366;\"><b>\u00bfCon qu\u00e9 locutores de esos muy recordados compartiste tu carrera? <\/b>Con Cesar Romero; Carlos De Triana; Otto Ren\u00e9 Mansilla, Marco Antonio Puga; Rafael Contreras V\u00e9lez; Gloria Bocaletti de Le\u00f3n; Magda Villegas; Anabella Portilla;\u00a0 Heidy Sandoval de Ordo\u00f1ez; Otto Soberanis; Rafael Ovalle;\u00a0 V\u00edctor Molina, Manuel Marroqu\u00edn; Chaly Barrios; Mario David Garc\u00eda;\u00a0 Ana Mar\u00eda Morales; Lu\u00eds Morales; Roberto Bocaletti de Leon, Enrique Arce Berhens; Roberto Betancourt; Ara Fialco; Gilda Pinto Bonilla; Rolando Cord\u00f3n; H\u00e9ctor Gayt\u00e1n; Rodolfo Mendoza;\u00a0 Mario Piedrasanta\u00a0 Arandi; Chalo Hern\u00e1ndez, Fredy Azurdia; Carlos Azurdia; Marco Tulio De La Roca; y estoy segura que m\u00e1s de alguien no he nombrado pero lo llevo muy dentro de mi coraz\u00f3n.<\/span><\/p>\n<p style=\"text-align: justify;\"><span style=\"color: #003366;\"><b>Hablemos de tus presentaciones \u00bfEn qu\u00e9 lugares te presentabas? <\/b>Fueron varios, pero recuerdo el\u00a0 Hotel Sheraton; el Hotel Cortijo Reforma que estuve trabajando por 5 a\u00f1os,\u00a0 en Honduras que trabaj\u00e9 en la Ceiba.<\/span><\/p>\n<p style=\"text-align: justify;\"><b style=\"color: #003366;\">\u00bfCu\u00e1l de esos lugares es el qu\u00e9 recuerdas con m\u00e1s cari\u00f1o y por qu\u00e9? <\/b><span style=\"color: #003366;\">Todos, porque me permitieron expresarme, recuerdo como an\u00e9cdota muy bonita, esto fue en el\u00a0 Refugio del Hotel Sheraton, acompa\u00f1ada por el Maestro Quique Men\u00e9ndez, era d\u00eda viernes, y el Bar Refugio estaba lleno, y\u00a0 a lo largo de la noche, canto\u00a0 una canci\u00f3n muy rom\u00e1ntica y de pronto cierro los ojos y me entrego en la interpretaci\u00f3n de la canci\u00f3n, y voy caminando lentamente, y\u00a0 cuando finaliza la canci\u00f3n estaba\u00a0 en el centro del Bar, y\u00a0 todo el p\u00fablico estaba muy atento escuch\u00e1ndome y\u00a0 naturalmente, los aplausos no se hicieron esperar.<\/span><\/p>\n<p style=\"text-align: justify;\"><span style=\"color: #003366;\"><b>\u00bfCu\u00e1ndo llega el momento de grabar discos y bajo que sello lo haces? <\/b>Casi a finales del a\u00f1o de\u00a0 1975 grabo Nocturnal,\u00a0 y todas las emisoras, a nivel nacional como programa de televisi\u00f3n me apoyaron en darle todo el realce a esta grabaci\u00f3n, disco que fue muy bien vendido y que a lo largo de los a\u00f1os, me\u00a0 he encontrado\u00a0 con much\u00edsimas personas que me contaron que lo hab\u00edan comprado y que lo guardan muy especialmente, pues fue muy gustado.<\/span><\/p>\n<p style=\"text-align: justify;\"><span style=\"color: #003366;\"><b>\u00bfC\u00f3mo recuerdas las famosas caravanas art\u00edsticas? <\/b>Inolvidables recuerdos que est\u00e1n\u00a0 fijos en mi mente, recordando a todos mis compa\u00f1eros con quienes compartimos lindos momentos as\u00ed como tantos escenarios, por ejemplo: Neto Avalos, Karim May; Carmen Yolanda; Blanca Lidia; Carlos Franco; Fredy Monterroso, Edwin grupos musicales,\u00a0 cantantes, orquestas, marimbas,\u00a0 y para todos mis amigos con quienes compart\u00ed\u00a0 la Caravana Art\u00edstica del Ej\u00e9rcito, va todo mi recuerdo y mi cari\u00f1o.<a href=\"https:\/\/heidysandovalruiz.com\/wp-content\/uploads\/2014\/11\/10347480_759834507371626_725870798630618139_n.jpg\"><img loading=\"lazy\" decoding=\"async\" class=\"size-thumbnail wp-image-2172 alignright\" alt=\"10347480_759834507371626_725870798630618139_n\" src=\"https:\/\/heidysandovalruiz.com\/wp-content\/uploads\/2014\/11\/10347480_759834507371626_725870798630618139_n-150x150.jpg\" width=\"150\" height=\"150\" \/><\/a><\/span><\/p>\n<p style=\"text-align: justify;\"><span style=\"color: #003366;\"><b>Hay un m\u00fasico muy importante en tu carrera \u00e9l es C\u00e9sar Augusto Hern\u00e1ndez, c\u00f3mo se conocen? <\/b>Yo recuerdo al maestro Cesar Augusto Hern\u00e1ndez desde hace much\u00edsimo a\u00f1os,\u00a0 no recuerdo en qu\u00e9 momento lo conoc\u00ed,\u00a0\u00a0 \u00e9l estuvo acompa\u00f1ando a los cantantes durante mucho tiempo tambi\u00e9n en TGW.\u00a0\u00a0 Al pasar el tiempo,\u00a0 yo quer\u00eda grabar nuevo material discogr\u00e1fico y le habl\u00e9 al maestro para que me acompa\u00f1ara y as\u00ed fue, como tambi\u00e9n grab\u00e9 preciosos boleros con el acompa\u00f1amiento del Maestro C\u00e9sar Augusto Hern\u00e1ndez, as\u00ed como tambi\u00e9n grabo su canci\u00f3n\u00a0 de su propia autor\u00eda, \u201cRecuerda\u201d.<\/span><\/p>\n<p style=\"text-align: justify;\"><span style=\"color: #003366;\"><b>Pero TGW tambi\u00e9n es importante para ti pues te has desempe\u00f1ado como locutora y productora de programas, qu\u00e9 nos cuentas de esta faceta? <\/b>En 1991 me quedo ya\u00a0 trabajando en TGW, cuando el Director de entonces era el se\u00f1or Jacobo Alcahe,\u00a0 luego al correr del tiempo,\u00a0 me desarrollo\u00a0\u00a0 como presentadora de much\u00edsimos programas\u00a0 que fueron producci\u00f3n m\u00eda,\u00a0 conduci\u00e9ndolos como\u00a0 locutora y productora, por ejemplo:\u00a0 \u201cEnerg\u00eda Musical\u201d \u201cAs\u00ed canta Guatemala\u201d; \u201cAtardecer Rom\u00e1ntico\u201d que se presentaba de 17:00 a 18:00 horas, de este programa guardo una an\u00e9cdota muy bonita, sal\u00eda a las 18:00 horas del Edificio de la Tipograf\u00eda Nacional, que es en donde se encuentran los Estudios de TGW,\u00a0 en la 18 calle 6-72, zona 1, en el 3r. Nivel, cuando de pronto veo un taxi parqueado , y me apresuro para que no se me fuera a ir y camino hacia el, y\u00a0 le hablo a su conductor,\u00a0\u00a0 para que me lleve a mi casa, y me dice el joven como de 18 a\u00f1os, disculpe usted es Paola, sii le digo, pues que gusto saludarla,\u00a0 le cuento me dice que yo era muy ni\u00f1o cuando mis pap\u00e1s\u00a0 la miraban a usted en la televisi\u00f3n especialmente en el Programa Campi\u00f1a, y se llamaban uno a otro y se dec\u00edan, ap\u00farate que va a cantar Paola, y la recuerdo muy bien porque todos est\u00e1bamos frente al televisor vi\u00e9ndola atendiendo al llamado de mis pap\u00e1s. Otro de los programas es \u201cMus\u00ed conversando\u201d que dur\u00f3 12 a\u00f1os\u00a0 y que me permiti\u00f3 conocer a much\u00edsimos artistas nacionales, y\u00a0 en el inicio lo compart\u00ed con Roberto Betancourt y Roberto Paz Loreto,\u00a0\u00a0 luego\u00a0 el mismo programa, lo altern\u00f3 conmigo V\u00edctor Molina, y luego estuvo por varios a\u00f1os, la destacada locutora, Hosanna Castillo, y Musi conversando estuvo en el aire durante m\u00e1s de una d\u00e9cada, de lunes a viernes, hasta el a\u00f1o 2012.\u00a0<\/span><\/p>\n<p style=\"text-align: justify;\"><span style=\"color: #003366;\"><b>\u00bfCon qu\u00e9 artistas has compartido escenario? <\/b>Recuerdo a Daniel Chinchilla, Mildred y Manolo, Anabella Portilla en Ritmos de Juventud, a Daniel Salazar, Paco C\u00e1ceres; Mariana; Elizabeth; Gustavo VII, Giovanny Sola; Ar\u00edstides Paz, Julio Enrique; Giovanny Blanco;\u00a0 Karim May, Blanca Lidia, Alicia Azurdia; Roberto Rey, Reb\u00e9salsa\u00a0 Brenda Leticia;\u00a0 Recuerdo con mucho cari\u00f1o a Ricardo Vaccaro,; bueno Heidy eso de nombrar es bastante dif\u00edcil pues siempre dejamos sin mencionar a algunos compa\u00f1eros porque han sido much\u00edsimos\u00a0 con quienes he alternado escenarios; en la Ceiba Honduras alterne con Virginia L\u00f3pez y su Tr\u00edo, como tambi\u00e9n con otros artistas.<\/span><\/p>\n<p style=\"text-align: justify;\"><span style=\"color: #003366;\"><b>\u00bfQu\u00e9 cantantes estaban en su apogeo cuando t\u00fa empezaste a triunfar? <\/b>Recuerdo a Neto Avalos; Dora Ren\u00e9; Carmen Yolanda; Alicia Azurdia;\u00a0 Juan de Dios Quezada,\u00a0 Onelia Sosa; Arturo D Arci;\u00a0 y muchos m\u00e1s.;<\/span><\/p>\n<p style=\"text-align: justify;\"><span style=\"color: #003366;\"><b>Pero tambi\u00e9n has presentado el \u201cConcierto de tr\u00edos\u201d, cu\u00e1l ha sido tu experiencia al respecto? <\/b>Pues fue y ha sido\u00a0 una experiencia muy especial, ya que\u00a0 El Gran Concierto de Tr\u00edos naci\u00f3 en el a\u00f1o de 1996, celebrando el d\u00eda de la madre, al a\u00f1o siguiente ya lo ampli\u00e9 present\u00e1ndolo\u00a0 en varias fechas muy importantes,\u00a0 durante 12 a\u00f1os consecutivos\u00a0 se realiz\u00f3 en el Conservatorio Nacional de M\u00fasica, en fechas muy significativas como el D\u00eda del Cari\u00f1o; el D\u00eda de la Madre; el D\u00eda del Padre; en Agosto; en Septiembre para celebrar el mes de la Patria; para finalizar con el Convivio Navide\u00f1o.<\/span><\/p>\n<p style=\"text-align: justify;\"><span style=\"color: #003366;\"><b>\u00bfQu\u00e9 opini\u00f3n te merece la \u201cGala de la Canci\u00f3n Guatemalteca\u201d? <\/b>La Gala de la Canci\u00f3n Guatemalteca, es un evento muy querido por todo Guatemala, pues ya a lo largo de tantos a\u00f1os, tu p\u00fablico lo espera con ansias, pues la Gala de la Canci\u00f3n Guatemalteca, es una fiesta art\u00edstica, celebrando el mes de la Patria, por lo que yo muy especialmente te agradezco todo el apoyo al artista nacional y especialmente la oportunidad que me has dado a m\u00ed\u00a0 de\u00a0 haberme presentado en el,\u00a0 durante varios a\u00f1os.<\/span><\/p>\n<p style=\"text-align: justify;\"><span style=\"color: #003366;\"><b>\u00bfCu\u00e1les para ti son las canciones preferidas y que por supuesto te gusta interpretar? <\/b>Hay muchas canciones, que me gustan y si estoy en mi casa, no me importa que me escuchen los vecinos, yo las canto, las interpreto como si estuviera en un escenario.<\/span><\/p>\n<p style=\"text-align: justify;\"><b style=\"color: #003366;\">\u00bfArt\u00edsticamente te has pensado retirar en alg\u00fan momento? <\/b><span style=\"color: #003366;\">No Heidy, gracias a mi Dios Amado, mi voz all\u00ed esta, y ser\u00e1 cuando Dios lo indique.<\/span><\/p>\n<p style=\"text-align: justify;\"><span style=\"color: #003366;\"><b>\u00bfA qu\u00e9 locutores y cantantes extra\u00f1as mucho? <\/b>Siempre me ha gustado, aprovechar cada momento de mi vida, cuando he alternado con locutores y artistas, dar lo mejor de m\u00ed,\u00a0 para que siempre est\u00e9n\u00a0 vivos\u00a0 y presentes en mi pensamiento.<\/span><\/p>\n<p style=\"text-align: justify;\"><span style=\"color: #003366;\"><b>\u00bfC\u00f3mo definir\u00edas esta entrevista en cuanto a los recuerdos que hice se movieran en tu mente y coraz\u00f3n? <\/b>Hiciste que me transportara a cada momento de mi vida y he vuelto a vivir todos estos momentos.<\/span><\/p>\n<p style=\"text-align: justify;\"><span style=\"color: #003366;\"><b>\u00bfPuedes compartir un mensaje para los lectores de \u201cLa cara amiga de los invitados de Heidy\u201d? <\/b>Agradezco a cada uno de los lectores de la \u201cCara amiga de los Invitados de Heidy\u201d, por estar pendientes de estas entrevistas y enterarse de la historia de sus artistas, de su\u00a0 m\u00fasica y\u00a0 sus\u00a0 an\u00e9cdotas,\u00a0 invit\u00e1ndoles para que lo compartan con sus amigos y amistades.\u00a0 Y a ti Heidy, mi profundo agradecimiento por todos los recuerdos, por estar siempre all\u00ed, recuerdas cuando t\u00fa fuiste parte importante\u00a0 de reunir a tantos cantantes, en el homenaje que se realiz\u00f3 hace muchisimos a\u00f1os al cantautor, destacado compositor\u00a0 Amando Parrilla en el Teatro de C\u00e1mara, Hugo Carrillo en donde varios cantantes interpretamos sus bellas canciones.\u00a0\u00a0 OH, tantos recuerdos Heidy.\u00a0 Mi correo electr\u00f3nico es:\u00a0 <a href=\"mailto:granconciertodetrios@gmail.com\"><span style=\"color: #003366;\">granconciertodetrios@gmail.com<\/span><\/a><\/span><\/p>\n<p style=\"text-align: justify;\"><span style=\"color: #003366;\">Como una an\u00e9cdota muy personal, quiero comentarles que fue Paola precisamente es la que hizo el papel de \u201cCupido\u201d pues ella fue quien me presento a Gustavo Ord\u00f3\u00f1ez, con quien ya llevamos 17 a\u00f1os de casados.<\/span><\/p>\n<p style=\"text-align: justify;\"><b style=\"color: #003366;\">Agradezco a Paola el habernos compartido su maravillosa historia, la cual invitamos a los j\u00f3venes a leerla pues ella es parte ya de nuestra historia musical.<\/b><\/p>\n<p><b>Las entrevistas las pueden leer en los siguientes links:<\/b><\/p>\n<p><a href=\"http:\/\/www.heidysandovalruiz.com\/\" data-blogger-escaped-data-mce-href=\"http:\/\/www.heidysandovalruiz.com\/\">http:\/\/www.heidysandovalruiz.com<\/a><\/p>\n<p><a href=\"http:\/\/losinvitadosdeheidy.blogspot.com\/\" data-blogger-escaped-data-mce-href=\"http:\/\/losinvitadosdeheidy.blogspot.com\/\"><\/a><a href=\"http:\/\/losinvitadosdeheidy.blogspot.com\/\" data-blogger-escaped-data-mce-href=\"http:\/\/losinvitadosdeheidy.blogspot.com\/\">http:\/\/lasentrevistasdeheidy.blogspot.com<\/a><\/p>\n<p><a href=\"https:\/\/www.facebook.com\/pages\/Los-invitados-de-Heidy\/892159284204965?ref=hl\" data-blogger-escaped-data-mce-href=\"https:\/\/www.facebook.com\/pages\/Los-invitados-de-Heidy\/892159284204965?ref=hl\">https:\/\/www.facebook.com\/pages\/Los-invitados-de-Heidy\/892159284204965?ref=hl<\/a><\/p>\n<p><span style=\"color: #003366;\"><b>Entrevista realizada por Heidy Sandoval Ruiz<\/b><\/span><\/p>\n<p><b>\u00a0<\/b><\/p>\n","protected":false},"excerpt":{"rendered":"<div class=\"mh-excerpt\"><p>Hoy les invito a leer en \u201cLa cara amiga de nuestros invitados\u201d, la historia de una de las artistas m\u00e1s queridas de Guatemala, con m\u00e1s <a class=\"mh-excerpt-more\" href=\"https:\/\/heidysandovalruiz.com\/?p=2166\" title=\"La cara amiga de \u00abPaola\u00bb\">[&#8230;]<\/a><\/p>\n<\/div>","protected":false},"author":4,"featured_media":2167,"comment_status":"closed","ping_status":"closed","sticky":false,"template":"","format":"standard","meta":{"footnotes":""},"categories":[16],"tags":[191],"class_list":["post-2166","post","type-post","status-publish","format-standard","has-post-thumbnail","hentry","category-la-cara-amiga","tag-la-cara-amiga-de-paola"],"_links":{"self":[{"href":"https:\/\/heidysandovalruiz.com\/index.php?rest_route=\/wp\/v2\/posts\/2166","targetHints":{"allow":["GET"]}}],"collection":[{"href":"https:\/\/heidysandovalruiz.com\/index.php?rest_route=\/wp\/v2\/posts"}],"about":[{"href":"https:\/\/heidysandovalruiz.com\/index.php?rest_route=\/wp\/v2\/types\/post"}],"author":[{"embeddable":true,"href":"https:\/\/heidysandovalruiz.com\/index.php?rest_route=\/wp\/v2\/users\/4"}],"replies":[{"embeddable":true,"href":"https:\/\/heidysandovalruiz.com\/index.php?rest_route=%2Fwp%2Fv2%2Fcomments&post=2166"}],"version-history":[{"count":4,"href":"https:\/\/heidysandovalruiz.com\/index.php?rest_route=\/wp\/v2\/posts\/2166\/revisions"}],"predecessor-version":[{"id":2210,"href":"https:\/\/heidysandovalruiz.com\/index.php?rest_route=\/wp\/v2\/posts\/2166\/revisions\/2210"}],"wp:featuredmedia":[{"embeddable":true,"href":"https:\/\/heidysandovalruiz.com\/index.php?rest_route=\/wp\/v2\/media\/2167"}],"wp:attachment":[{"href":"https:\/\/heidysandovalruiz.com\/index.php?rest_route=%2Fwp%2Fv2%2Fmedia&parent=2166"}],"wp:term":[{"taxonomy":"category","embeddable":true,"href":"https:\/\/heidysandovalruiz.com\/index.php?rest_route=%2Fwp%2Fv2%2Fcategories&post=2166"},{"taxonomy":"post_tag","embeddable":true,"href":"https:\/\/heidysandovalruiz.com\/index.php?rest_route=%2Fwp%2Fv2%2Ftags&post=2166"}],"curies":[{"name":"wp","href":"https:\/\/api.w.org\/{rel}","templated":true}]}}