{"id":2187,"date":"2014-11-27T02:41:09","date_gmt":"2014-11-27T02:41:09","guid":{"rendered":"http:\/\/heidysandovalruiz.com\/?p=2187"},"modified":"2014-11-27T03:55:19","modified_gmt":"2014-11-27T03:55:19","slug":"la-cara-amiga-de-hector-moran-ocana","status":"publish","type":"post","link":"https:\/\/heidysandovalruiz.com\/?p=2187","title":{"rendered":"La cara amiga de \u00abH\u00e9ctor Mor\u00e1n Oca\u00f1a\u00bb"},"content":{"rendered":"<p style=\"text-align: justify;\"><span style=\"color: #003366;\">En la \u201c<b>Cara amiga de los invitados de Heidy<\/b>\u201d, en esta oportunidad conoceremos la trayectoria de <b>H\u00e9ctor Alfredo Mor\u00e1n Oca\u00f1a<\/b>, quien se inici\u00f3 como actor en \u201cCuadro de costumbres\u201d, una filmaci\u00f3n especial que se realizara para Canal 5 y donde \u00e9l caracteriz\u00f3\u00a0 a Jos\u00e9 Milla y Vidaurre.\u00a0 Ha participado en m\u00e1s de 50 obras de teatro, ha hecho cine, anuncios para televisi\u00f3n, adem\u00e1s, es locutor y labora en Emisoras Unidas.<\/span><\/p>\n<p style=\"text-align: justify;\"><span style=\"color: #003366;\">Es un gusto compartir con H\u00e9ctor Alfredo en este espacio donde se puede decir lo que se quiere y en lo que en otros no se puede.<\/span><\/p>\n<p style=\"text-align: justify;\"><span style=\"color: #003366;\"><b>Para iniciar la entrevista quiero preguntarte en \u00bfqu\u00e9 momento surge la inquietud de ser actor y de qu\u00e9 edad hablamos?<\/b> En honor a la verdad, por mi mente jam\u00e1s hab\u00eda pasado la inquietud por ser actor, hacer teatro, nunca lo pens\u00e9 o lo imagin\u00e9.<\/span><\/p>\n<p style=\"text-align: justify;\"><span style=\"color: #003366;\"><b>\u00bfC\u00f3mo recuerdas tus a\u00f1os en el Colegio Don Bosco y en el Central para Varones?<\/b> Los recuerdo con mucho cari\u00f1o, fueron los primeros 3 a\u00f1os de primaria, y los padres salesianos eran muy cari\u00f1osos y juguetones, pero lo que m\u00e1s recuerdo es que los j\u00f3venes que estaban en la carrera de bachillerato les gustaba que en los recreos jugara con ellos, y por supuesto lo que jug\u00e1bamos era futbol y tengo presente que algunos de los que integraban la selecci\u00f3n del colegio llegaron a ser estrellas jugando para el equipo Municipal, y tengo nombres en mi mente como: Nacho Gonz\u00e1lez, Rolando Valdez, Alberto L\u00f3pez Oliva (el inventor de la famosa hoja seca, que era el efecto que le daba a la pelota cuando hacia los tiros libres y casi siempre eran gol), Filipi, Hugo Montoya, si mal no recuerdo.<\/span><\/p>\n<p style=\"text-align: justify;\"><span style=\"color: #003366;\"><b>\u00bfQu\u00e9 fue lo m\u00e1s dif\u00edcil que a principios de tu carrera pudieras haber vivido?<\/b> Creo que lo m\u00e1s dif\u00edcil fue, cre\u00e9rmela, el darme cuenta que s\u00ed pod\u00eda actuar, que Dios, en su infinita misericordia, me hab\u00eda regalado el talento de la actuaci\u00f3n y lo otro el aprender a dominar los nervios y tener mucha concentraci\u00f3n en las entradas y salidas de escena.<\/span><\/p>\n<p style=\"text-align: justify;\"><span style=\"color: #003366;\"><b>\u00bfA qu\u00e9 maestros de la actuaci\u00f3n recuerdas con especial cari\u00f1o?<\/b> Bueno mis maestros fueron los directores y actores que ya ten\u00edan una larga trayectoria en las tablas.\u00a0 Te puedo mencionar como directores a Don Manuel Lisandro Ch\u00e1vez (Don Meme), Oscar de la Vega, el Luis Pedro Abril, Antonio Crespo, Arturo D\u2019arcy, de los actores puedo recordar a Salom\u00f3n G\u00f3mez, quien tambi\u00e9n me dirigi\u00f3 posteriormente, Rafa Pineda, Marito Aval, Herbert Meneses, Juan Luis Donis, Lidia McDonald, Magnolia, Pablito, Rolando Cord\u00f3n, y otros nombres que se me escapan.<\/span><\/p>\n<p style=\"text-align: justify;\"><span style=\"color: #003366;\"><b><a href=\"https:\/\/heidysandovalruiz.com\/wp-content\/uploads\/2014\/11\/292622_10151707291010587_1901063132_n.jpg\"><img loading=\"lazy\" decoding=\"async\" class=\"size-thumbnail wp-image-2192 alignleft\" alt=\"292622_10151707291010587_1901063132_n\" src=\"https:\/\/heidysandovalruiz.com\/wp-content\/uploads\/2014\/11\/292622_10151707291010587_1901063132_n-150x150.jpg\" width=\"150\" height=\"150\" \/><\/a>\u00bfCu\u00e1ndo te inicias como actor?<\/b> A finales del a\u00f1o 1989, representando a Jos\u00e9 Milla y Vidaurre, en Cuadros de Costumbres de Pepe Milla, Canal 5, paralelo a la filmaci\u00f3n me invita C\u00e9sar Chupina QEPD, para que le haga el papel del lobo feroz, en una fusi\u00f3n que hizo de dos obras cl\u00e1sicas para ni\u00f1os, y el montaje se llam\u00f3 Caperucita Roja y Hansel y Gretel en el Teatro de C\u00e1mara del CCMAA, y luego se vino Zipacn\u00e1 toma tu lanza, El blanco que ten\u00eda el asma negra, etc. ect. etc.<\/span><\/p>\n<p style=\"text-align: justify;\"><span style=\"color: #003366;\"><b>\u00bfQu\u00e9 nos puedes comentar de tu experiencia en \u201cPalabra de Honorio\u201d?<\/b> El haber conocido a un cantante que yo admiraba y que cuando se puso en escena en el Teatro Abril la obra para ni\u00f1os, El Reino del Bomb\u00f3n, me sorprendi\u00f3 que era actor y director de teatro.\u00a0 Bueno como yo ven\u00eda actuando como por 5 a\u00f1os en el Teatro Abril con varias obras, nos avisan que Luis Aguil\u00e9 iba a montar esa obra y que ya nos hab\u00eda visto y que quer\u00eda que fu\u00e9ramos parte del elenco que formaba parte de la obra, se dieron algunos problemas con Luis Pedro y Luis Aguil\u00e9, en relaci\u00f3n a la escenograf\u00eda y el vestuario, lo que dio pie a un fuerte disgusto por parte de Aguil\u00e9, que recuerdo muy bien que una noche le dijo a Luis Pedro Abril que \u00e9l no estrenaba la obra porque no iba a sacar a sus actores con un vestuario que no era el adecuado, pues se trataba de una obra que ten\u00eda que ir muy bien vestida, elegante y con una escenograf\u00eda que no cumpl\u00eda con el requerimiento del libreto en relaci\u00f3n al dise\u00f1o.<\/span><\/p>\n<p style=\"text-align: justify;\"><span style=\"color: #003366;\">Te puedes imaginar c\u00f3mo nos sent\u00edamos el elenco despu\u00e9s de haber ensayado por casi 2 meses o un poco m\u00e1s y que no estren\u00e1ramos, hab\u00edamos sacrificado la Semana Santa de ese a\u00f1o, algunos compa\u00f1eros ya ten\u00edan reservado a donde iban a ir y cancelaron con tal de ensayar, pero bueno al final de cuentas nos pusimos de acuerdo todo y le hablamos a Luis que si nosotros consegu\u00edamos un teatro donde presentar la obra el nos autorizaba y nos dej\u00f3 un documento donde nos facultaba a ponerla en escena, logramos espacio en la gran sala de Teatro Nacional, y pudimos hacer 2 fines de semana y luego una presentaci\u00f3n en Cob\u00e1n.\u00a0 Naturalmente la reacci\u00f3n de Luis Pedro Abril fue tremenda, se enoj\u00f3, se puso rabioso, hasta nos tach\u00f3 de traidores y que no quer\u00eda saber nada de nosotros, por lo que ya no volv\u00ed a poner un pie en el Abril, a la fecha no se si los otros compa\u00f1eros si volvieron alg\u00fan d\u00eda, no lo s\u00e9. Eso es lo que te puedo contar de esa experiencia, el trato del Sr. Aguil\u00e9 fue muy especial, un trato reconociendo nuestro trabajo, el talento por lo que no dudo en autorizarnos a poner en escena la obra.<\/span><\/p>\n<p style=\"text-align: justify;\"><span style=\"color: #003366;\"><b>\u00bfCu\u00e1l de los g\u00e9neros prefieres la comedia o el drama?<\/b> Te s\u00e9 decir que los dos me gustan, y es el reto de todo actor y actriz, el ver hasta donde su versatilidad para desempe\u00f1arse en ambos g\u00e9neros.<\/span><\/p>\n<p style=\"text-align: justify;\"><span style=\"color: #003366;\"><b>\u00bfCu\u00e1les son las\u00a0 comedias y tragedias en las que has participado?<\/b> Comedias son muchas, puedo enumerar algunas, El blanco que ten\u00eda el asma negra, Los 2 virgos, La doncella es peligrosa, El mejor tesoro, Busco novio con referencias, Se infiel y no mires con qui\u00e9n, No te vistas para cenar, Mi t\u00eda y sus cosas, Las cr\u00f3nicas de don Macho sin empacho, A oscuras no veo pero tanteo, Tamarindal de pasiones, La mujer que no so\u00f1\u00e9, As\u00ed es la vida, Chuchu mi amor, Un loteriazo en plena crisis, Los rabo verde, Lo que callamos los hombres y en escena actualmente, 2 huitecos deportados. En drama puedo incluir Do\u00f1a B\u00e1rbara, Feliz cumplea\u00f1os se\u00f1or Ministro.\u00a0<a href=\"https:\/\/heidysandovalruiz.com\/wp-content\/uploads\/2014\/11\/El-Romeo.jpg\"><img loading=\"lazy\" decoding=\"async\" class=\"size-thumbnail wp-image-2193 alignright\" alt=\"El Romeo\" src=\"https:\/\/heidysandovalruiz.com\/wp-content\/uploads\/2014\/11\/El-Romeo-150x150.jpg\" width=\"150\" height=\"150\" \/><\/a><\/span><\/p>\n<p style=\"text-align: justify;\"><span style=\"color: #003366;\"><b>\u00bfCu\u00e1les son las obras a las que m\u00e1s cari\u00f1o le tienes y por qu\u00e9?<\/b> Me cuesta mucho enumerar una o algunas, a todas les guardo cari\u00f1o porque me han permitido estar vigente desde que me inici\u00e9 en 1989, por la gracias de Dios no he dejado de estar arriba de un escenario desde entonces, todos los a\u00f1os he tenido el privilegio de hacer lo que amo.<\/span><\/p>\n<p style=\"text-align: justify;\"><span style=\"color: #003366;\"><b>Por ah\u00ed me enter\u00e9 que has hecho teatro para ni\u00f1os, \u00bfen qu\u00e9 obras has participado?<\/b> Claro que he hecho teatro para ni\u00f1os y es el que m\u00e1s me ha gustado porque representa la verdadera prueba del actor, al ni\u00f1o no se le puede enga\u00f1ar y si tu personaje o la obra no captan su atenci\u00f3n, el no tiene la delicadeza de aguantarse la obra y esperar que termine aunque no le haya gustado, para nada el si se pone inquieto, es una alerta para los actores y director para ver que est\u00e1 mal y uno como actor estudiar si no es el personaje que est\u00e1 representando el que est\u00e1 mal, en fin en mi apreciaci\u00f3n, el teatro para ni\u00f1os es la prueba de fuego para el actor. He podido estar en La caperucita roja, Hansel y Gretel, El cocorico m\u00e1gico show, La caperucita roja, Mowgli en ni\u00f1o de la selva, Aventuras en la Selva, La princesa que cuido su coraz\u00f3n, Robin Hood, Sanita y Malsano, Un sue\u00f1o de navidad,\u00a0 Ni\u00f1os al rescate del planeta tierra, Marcelino Pan y Vino y m\u00e1s\u2026<\/span><\/p>\n<p style=\"text-align: justify;\"><span style=\"color: #003366;\"><b>Tengo entendido que has hecho cine \u00bfEn qu\u00e9 pel\u00edculas has actuado?<\/b> Justicia, Donde acaban los caminos y Trip, y aunque no lo formula la pregunta, te cuento que he participado en la serie de tv, la primera serie del g\u00e9nero comedia de situaci\u00f3n que se transmiti\u00f3 en Guatevisi\u00f3n, Nunca te so\u00f1\u00e9 en la reciente Mini serie de Aceite Ideal, El Sabor del Amor.<\/span><\/p>\n<p style=\"text-align: justify;\"><span style=\"color: #003366;\"><b><a href=\"https:\/\/heidysandovalruiz.com\/wp-content\/uploads\/2014\/11\/2643_148093760586_2969159_n.jpg\"><img loading=\"lazy\" decoding=\"async\" class=\"size-thumbnail wp-image-2194 alignleft\" alt=\"2643_148093760586_2969159_n\" src=\"https:\/\/heidysandovalruiz.com\/wp-content\/uploads\/2014\/11\/2643_148093760586_2969159_n-150x150.jpg\" width=\"150\" height=\"150\" \/><\/a>\u00bfDesde tu punto de vista cu\u00e1l es la diferencia entre el cine, teatro y televisi\u00f3n?<\/b> En primer lugar la forma de actuar, como se act\u00faa en teatro no se puede actuar en cine y tv. Luego para m\u00ed la actuaci\u00f3n en teatro es mucho m\u00e1s impactante, podr\u00eda decir, no encuentro otra palabra, porque vas en vivo, tu exigencia es mayor, el representar bien tu personaje, no equivocarte en tus textos, en tus reacciones, los movimientos marcados por el director, y el reto de atraer al p\u00fablico al 100%, por eso considero que el teatro tendr\u00eda que estar por sobre la actuaci\u00f3n de cine y tv, porque si te equivocas lo repites, as\u00ed de f\u00e1cil, el teatro no, no s\u00e9 si logro explicarme.<\/span><\/p>\n<p style=\"text-align: justify;\"><span style=\"color: #003366;\"><b>\u00bfCu\u00e1les anuncios de radio y tv recuerdas en los que hayas participado?<\/b> En uno de Bco. G&amp;T, Movistar, Claro de Honduras, El de una loter\u00eda que no recuerdo, Farmacias Batres, Cementos Progreso, Az\u00facar Ca\u00f1a Real, Nuestro Diario, los que recuerdo.<\/span><\/p>\n<p style=\"text-align: justify;\"><span style=\"color: #003366;\"><b>\u00bfPero como locutor has realizado varias actividades, cu\u00e9ntanos en qu\u00e9 emisoras has laborado?<\/b> Tuve la bendici\u00f3n de iniciarme en la que en su momento era la mejor radio en Guatemala, Radio Panamericana, a esta radio llegu\u00e9 por recomendaci\u00f3n de la se\u00f1o Marinita Prado Bola\u00f1os, hija de la fundadora del Radio Teatro Infantil \u201cMartha Bola\u00f1os de Prado\u201d, la que ser\u00eda mi escuela de locuci\u00f3n, la que me ense\u00f1\u00f3 a hacer un buen uso del micr\u00f3fono en todas sus arias, luego estuve en Radio Tic Tac, Radio Faro Aviateca, ahora Radio Faro Cultural, Stereo 102, la emisora de Jazz que hubo en su momento, Stereo Visi\u00f3n, y actualmente vuelvo despu\u00e9s de casi 17 a\u00f1os a Emisoras Unidas 89.7 FM.<\/span><\/p>\n<p style=\"text-align: justify;\"><span style=\"color: #003366;\"><b>\u00bfQu\u00e9 es lo que m\u00e1s te gusta cuando est\u00e1s en la cabina de la radio?<\/b> Poder compartir con los oyentes, leer frases, pensamientos, reflexiones, poemas, historias de vida, notas de toda \u00edndole, noticias, saludos, presentar canciones\u2026 ese contacto a trav\u00e9s de las ondas et\u00e9reas, me fascina, es mi vida.<\/span><\/p>\n<p style=\"text-align: justify;\"><span style=\"color: #003366;\"><b>\u00bfQu\u00e9 es lo que no te gusta hacer de plano, que digas eso no lo hago?<\/b> De plano no a transmitir cosas que vayan en contra\u00a0 de la moral, de la \u00e9tica e integridad del oyente, en si del ser humano. Por ejemplo hacer publicidad pol\u00edtica no me gusta, no lo hago.\u00a0<\/span><\/p>\n<p style=\"text-align: justify;\"><span style=\"color: #003366;\"><b>\u00bfA qu\u00e9 personaje te gustar\u00eda caracterizar?<\/b> Al que me pongan, porque yo siempre he considerado que cualquier personaje que lo propongan a uno es un reto para poder ver hasta donde se es vers\u00e1til en la actuaci\u00f3n, no tengo algo preferido, porque hay quienes no hacen un papel de gay, lesbiana, prostituta, y otros m\u00e1s por el que dir\u00e1n, pero hay que tener claro que arriba de un escenario, por ejemplo en mi caso lo tengo muy claro, no soy yo Alfredo Mor\u00e1n, es un personaje x, por lo tanto no tengo por qu\u00e9 preocuparme por el que dir\u00e1n mi familia y amigos, debo preocuparme que el p\u00fablico quede impresionado por lo bien que se act\u00faa y se presenta cualquier personaje o papel como se dice en teatro que le ha sido asignado a uno.<a href=\"https:\/\/heidysandovalruiz.com\/wp-content\/uploads\/2014\/11\/61467_10151316264036257_262582034_n.jpg\"><img loading=\"lazy\" decoding=\"async\" class=\"size-thumbnail wp-image-2196 alignright\" alt=\"61467_10151316264036257_262582034_n\" src=\"https:\/\/heidysandovalruiz.com\/wp-content\/uploads\/2014\/11\/61467_10151316264036257_262582034_n-150x150.jpg\" width=\"150\" height=\"150\" \/><\/a><\/span><\/p>\n<p style=\"text-align: justify;\"><span style=\"color: #003366;\"><b>\u00bfA qu\u00e9 artistas en la rama del canto admiras?<\/b> Gaby Moreno, Ricardo Arjona, Roberto Rey, Tanya Zea, Anabella Portilla, Anabi, Gloria Marina, C\u00e9sar de Guatemala, Daniel Chinchilla, Hugo Leonel Vaccaro y otros m\u00e1s que se me escapan puros chapines.\u00a0 Extranjeros hay mucho que prefiero no enumerar.<\/span><\/p>\n<p style=\"text-align: justify;\"><span style=\"color: #003366;\"><b>\u00bfC\u00f3mo vives\u00a0 las fiestas de Navidad?<\/b> \u00daltimamente trabajando en la radio, pero en los momentos que tengo en familia.<\/span><\/p>\n<p style=\"text-align: justify;\"><span style=\"color: #003366;\"><b>\u00bfQu\u00e9 opinas de los convivios?<\/b> Que es una bonita forma de convivencia, pero donde no se sobrepasen con las bebidas, para no lamentar tragedias. La verdad si me gustan, pero que no haya de por medio el exceso de bebidas embriagantes, bueno eso es lo que yo pienso, respeto como lo celebran algunos, pero no lo comparto.<\/span><\/p>\n<p style=\"text-align: justify;\"><span style=\"color: #003366;\"><b>\u00bfTienes ya proyectos para el 2015?<\/b> En esas estoy\u2026 esperando en Dios se den.<\/span><\/p>\n<p style=\"text-align: justify;\"><span style=\"color: #003366;\"><b>\u00bfPuedes compartir un mensaje con las personas que leen las \u201cEntrevistas de Heidy\u201d?<\/b>\u00a0 Lo que puedo decirles es que, la vida es corta, que tratemos de vivirla en buena armon\u00eda, compartiendo amor a nuestros semejantes, en especial a la familia, que pensemos que tenemos un Dios que nos ama, pero que desea que llevemos una vida ordenada de acuerdo a sus preceptos, recordemos que Dios es amor y que bueno poder llevar ese reflejo de su amor en cualquier lugar donde nos toque estar, que se sienta que lo tenemos en nuestro coraz\u00f3n. Aprovecho para desearles una feliz y bendecida Navidad, que preparemos en nuestro coraz\u00f3n el mejor pesebre para que nazca all\u00ed el Ni\u00f1o Jes\u00fas, y que Dios llene de m\u00faltiples bendiciones en su vida personal, familiar y laboral en el 2015\u2026 Dios les bendiga grandemente.<\/span><\/p>\n<p style=\"text-align: justify;\"><span style=\"color: #003366;\">Agradezco a H\u00e9ctor Alfredo Mor\u00e1n Oca\u00f1a. Por haber compartido su historia con nuestros lectores y al mismo tiempo,\u00a0 le deseamos una feliz celebraci\u00f3n en el \u201cD\u00eda del locutor\u201d que est\u00e1 pr\u00f3ximo a celebrarse.<\/span><\/p>\n<p><iframe loading=\"lazy\" src=\"\/\/www.youtube.com\/embed\/HRgJcsFSQRU\" height=\"315\" width=\"560\" allowfullscreen=\"\" frameborder=\"0\"><\/iframe><\/p>\n<p><iframe loading=\"lazy\" src=\"\/\/www.youtube.com\/embed\/V6k-Z61WzZs\" height=\"315\" width=\"560\" allowfullscreen=\"\" frameborder=\"0\"><\/iframe><\/p>\n<p><span style=\"color: #003366;\"><b>Las entrevistas las pueden leer en los siguientes links:<\/b><\/span><\/p>\n<p><a href=\"http:\/\/www.heidysandovalruiz.com\/\" data-blogger-escaped-data-mce-href=\"http:\/\/www.heidysandovalruiz.com\/\">http:\/\/www.heidysandovalruiz.com<\/a><\/p>\n<p><a href=\"http:\/\/losinvitadosdeheidy.blogspot.com\/\" data-blogger-escaped-data-mce-href=\"http:\/\/losinvitadosdeheidy.blogspot.com\/\">http:\/\/lasentrevistasdeheidy.blogspot.com<\/a><\/p>\n<p><a href=\"https:\/\/www.facebook.com\/pages\/Los-invitados-de-Heidy\/892159284204965?ref=hl\" data-blogger-escaped-data-mce-href=\"https:\/\/www.facebook.com\/pages\/Los-invitados-de-Heidy\/892159284204965?ref=hl\">https:\/\/www.facebook.com\/pages\/Los-invitados-de-Heidy\/892159284204965?ref=hl<\/a><\/p>\n<p><span style=\"color: #003366;\"><b>Entrevista realizada por Heidy Sandoval Ruiz<\/b><\/span><\/p>\n","protected":false},"excerpt":{"rendered":"<div class=\"mh-excerpt\"><p>En la \u201cCara amiga de los invitados de Heidy\u201d, en esta oportunidad conoceremos la trayectoria de H\u00e9ctor Alfredo Mor\u00e1n Oca\u00f1a, quien se inici\u00f3 como actor <a class=\"mh-excerpt-more\" href=\"https:\/\/heidysandovalruiz.com\/?p=2187\" title=\"La cara amiga de \u00abH\u00e9ctor Mor\u00e1n Oca\u00f1a\u00bb\">[&#8230;]<\/a><\/p>\n<\/div>","protected":false},"author":4,"featured_media":2190,"comment_status":"closed","ping_status":"closed","sticky":false,"template":"","format":"standard","meta":{"footnotes":""},"categories":[16],"tags":[193],"class_list":["post-2187","post","type-post","status-publish","format-standard","has-post-thumbnail","hentry","category-la-cara-amiga","tag-la-cara-amiga-de-hector-moran-ocana"],"_links":{"self":[{"href":"https:\/\/heidysandovalruiz.com\/index.php?rest_route=\/wp\/v2\/posts\/2187","targetHints":{"allow":["GET"]}}],"collection":[{"href":"https:\/\/heidysandovalruiz.com\/index.php?rest_route=\/wp\/v2\/posts"}],"about":[{"href":"https:\/\/heidysandovalruiz.com\/index.php?rest_route=\/wp\/v2\/types\/post"}],"author":[{"embeddable":true,"href":"https:\/\/heidysandovalruiz.com\/index.php?rest_route=\/wp\/v2\/users\/4"}],"replies":[{"embeddable":true,"href":"https:\/\/heidysandovalruiz.com\/index.php?rest_route=%2Fwp%2Fv2%2Fcomments&post=2187"}],"version-history":[{"count":6,"href":"https:\/\/heidysandovalruiz.com\/index.php?rest_route=\/wp\/v2\/posts\/2187\/revisions"}],"predecessor-version":[{"id":2199,"href":"https:\/\/heidysandovalruiz.com\/index.php?rest_route=\/wp\/v2\/posts\/2187\/revisions\/2199"}],"wp:featuredmedia":[{"embeddable":true,"href":"https:\/\/heidysandovalruiz.com\/index.php?rest_route=\/wp\/v2\/media\/2190"}],"wp:attachment":[{"href":"https:\/\/heidysandovalruiz.com\/index.php?rest_route=%2Fwp%2Fv2%2Fmedia&parent=2187"}],"wp:term":[{"taxonomy":"category","embeddable":true,"href":"https:\/\/heidysandovalruiz.com\/index.php?rest_route=%2Fwp%2Fv2%2Fcategories&post=2187"},{"taxonomy":"post_tag","embeddable":true,"href":"https:\/\/heidysandovalruiz.com\/index.php?rest_route=%2Fwp%2Fv2%2Ftags&post=2187"}],"curies":[{"name":"wp","href":"https:\/\/api.w.org\/{rel}","templated":true}]}}