{"id":225,"date":"2013-11-10T02:36:44","date_gmt":"2013-11-10T02:36:44","guid":{"rendered":"http:\/\/heidysandovalruiz.com\/?p=225"},"modified":"2014-10-18T21:51:29","modified_gmt":"2014-10-18T21:51:29","slug":"la-cara-amiga-de-ernesto-nunez","status":"publish","type":"post","link":"https:\/\/heidysandovalruiz.com\/?p=225","title":{"rendered":"La cara amiga de \u00abErnesto Nu\u00f1ez\u00bb"},"content":{"rendered":"<div>\n<p style=\"text-align: justify;\"><span style=\"font-family: Arial, sans-serif; color: #000080;\">En \u201c<strong>La cara amiga de nuestros invitados\u201d<\/strong>, este d\u00eda presentamos a uno de esos artistas que con su trompeta ha logrado internacionalizarse, \u00e9l es <strong>Ernesto Nu\u00f1ez<\/strong> de Costa Rica y vivi\u00f3 en Guatemala alrededor de 8 a\u00f1os, hoy nos da la oportunidad de conocer esos detalles de su vida profesional que no conocemos pero que nos sorprender\u00e1n.\u00a0 Hace unos a\u00f1os invit\u00e9 a Ernesto a una entrevista en Cuesti\u00f3n de Minutos y hoy acept\u00f3 conversar con nosotros en este espacio, donde se puede decir lo que se quiere y lo que en otros medios no se puede.<\/span><\/p>\n<\/div>\n<div style=\"text-align: justify;\">\n<p><span style=\"font-family: Arial, sans-serif; color: #000080;\">Mi estimad\u00edsimo Ernesto bienvenido y gracias por aceptar esta entrevista.<\/span><\/p>\n<\/div>\n<div style=\"text-align: justify;\">\n<p><span style=\"color: #000080;\"><strong><span style=\"font-family: Arial, sans-serif;\">Cu\u00e9ntanos que recuerdas de tu ni\u00f1ez y d\u00f3nde naciste?\u00a0<\/span><\/strong><span style=\"font-family: Arial, sans-serif;\">Nac\u00ed en San Jos\u00e9 Costa Rica. De una familia normal, en la que pasamos muchas precariedades<\/span><span lang=\"ES-DO\" style=\"font-family: Arial, sans-serif;\">, pero era feliz. Soy el mayor de cuatro hermanos, o sea que a m\u00ed me toco cuidarlos, darles de comer, cambiar pa\u00f1ales y pelear mucho con ellos. Lo que m\u00e1s recuerdo era la valent\u00eda con que mi mam\u00e1 enfrent\u00f3 la vida y ahora que soy mayor, entiendo muchas cosas que en ese momento no ten\u00edan sentido o simplemente ignoraba. Me toc\u00f3 una mujer valiente, noble y en extremo honesta como madre, y doy muchas gracias a Dios por eso.<\/span><\/span><\/p>\n<\/div>\n<div style=\"text-align: justify;\">\n<p><span style=\"color: #000080;\"><b><\/b><span style=\"font-family: Arial, sans-serif;\"><strong>C\u00f3mo fue que te inclinaste a tocar la trompeta y no otro instrumento?<\/strong>\u00a0<\/span>En C.R hab\u00eda un famoso grupo de ni\u00f1os que se llamaba los Abejorros y todos los ni\u00f1os deseaban tocar como ellos y salir en televisi\u00f3n y \u00a0todo eso. Tendr\u00eda yo como 8 a\u00f1os cuando un d\u00eda me levant\u00e9 con la ilusi\u00f3n de ser m\u00fasico y tocar la trompeta. Nunca supe porque ese instrumento pero creo que fue inspiraci\u00f3n divina, pues en mi familia no hay un solo m\u00fasico, Al principio nadie me hizo caso, pero despu\u00e9s de unos meses, alguien me habl\u00f3 de una banda municipal, y fui a hacer la prueba, y me aceptaron.<\/span><\/p>\n<\/div>\n<div style=\"text-align: justify;\">\n<p><span style=\"color: #000080;\"><b><\/b><strong><span style=\"font-family: Arial, sans-serif;\">C\u00f3mo obtuviste la primera trompeta?\u00a0<\/span><\/strong>Mi primera trompeta fue prestada por el director de la banda que te mencion\u00e9. El primer d\u00eda se me ocurri\u00f3 limpiarla por dentro y la desarm\u00e9 entera, y cuando la volv\u00ed a armar me sobraron piezas, ya te imaginas como estaba, hasta llor\u00e9. Cuando lo llam\u00e9 por tel\u00e9fono para decirle lo que pas\u00f3, se ri\u00f3 mucho, porque yo estaba llorando a moco tendido.<\/span><\/p>\n<\/div>\n<div style=\"text-align: justify;\">\n<p><span style=\"color: #000080;\"><b><\/b><span style=\"font-family: Arial, sans-serif;\">Pero mi primera trompeta que compr\u00e9 con mi trabajo, fue a los 15 a\u00f1os. Tocaba en un grupo de m\u00fasica popular y uno de los trompetistas ten\u00eda una vieja trompeta. Se la fui pagando semanalmente, y cuando le pagu\u00e9 la mitad el me la entreg\u00f3. Lamentablemente no la tengo conmigo ya, pero me encantar\u00eda, pues fue el primer fruto de mi trabajo profesional.<\/span><\/span><\/p>\n<\/div>\n<div style=\"text-align: justify;\">\n<p><span style=\"color: #000080;\"><strong><span style=\"font-family: Arial, sans-serif;\"><a href=\"https:\/\/heidysandovalruiz.com\/wp-content\/uploads\/2013\/11\/561853_10150831670442463_344020688_n.jpg\"><span style=\"color: #000080;\"><img loading=\"lazy\" decoding=\"async\" class=\"size-medium wp-image-226 alignleft\" alt=\"561853_10150831670442463_344020688_n\" src=\"https:\/\/heidysandovalruiz.com\/wp-content\/uploads\/2013\/11\/561853_10150831670442463_344020688_n-300x235.jpg\" width=\"300\" height=\"235\" \/><\/span><\/a>Porqu\u00e9 te vienes a vivir a Guatemala?\u00a0<\/span><\/strong><span style=\"font-family: Arial, sans-serif;\">En el 95, toqu\u00e9 con el grupo\u00a0 telonero de Alux Nahual en CR, que se llamaba Inconsciente Colectivo. En los camerinos me encontr\u00e9 con un m\u00fasico percusionista que iba invitado de Alux. Un tipo muy simp\u00e1tico y platicador. Empezamos a hablar de m\u00fasica y conectamos inmediatamente. Al final de la pl\u00e1tica, me pregunt\u00f3 si yo conoc\u00eda un trompetista que le hab\u00eda recomendado Victor Mendoza, quien es profesor de vibr\u00e1fono en Berklee School, pues el organizaba conciertos de jazz y Victor le hab\u00eda hablado de un joven que tocaba trompeta y era muy bueno y quer\u00eda invitarlo a ir a Guatemala. <\/span><\/span><\/p>\n<p><span style=\"color: #000080;\"><span style=\"font-family: Arial, sans-serif;\">Cuando le pregunt\u00e9 por el nombre me dijo: Creo que se llama Eduardo Nu\u00f1ez o algo as\u00ed\u2026yo me re\u00ed, y le dije Ernesto Nu\u00f1ez, y \u00e9l me dijo ese mismo, lo conoces? Pues si soy yo jajaja. Nos re\u00edmos un buen rato. El percusionista era Fernando P\u00e9rez, y en noviembre de ese mismo a\u00f1o me llev\u00f3 por primera vez a Guatemala, sin o\u00edrme tocar una nota ni nada, solo por la referencia y solo regres\u00e9 a CR a buscar mi ropa para irme. A Fer le agradezco mucho, pues aprend\u00ed mucho con \u00e9l, pas\u00e9 muy buenos momentos y le quiero como un hermano.<\/span><\/span><\/p>\n<\/div>\n<div style=\"text-align: justify;\">\n<p><span style=\"color: #000080;\"><strong><span style=\"font-family: Arial, sans-serif;\">En Guatemala participaste en varios grupos recuerdas cu\u00e1les?\u00a0<\/span><\/strong>Bueno en Guatemala toqu\u00e9 con casi todos los grupos que hab\u00edan en ese momento. Desde la Sinf\u00f3nica Nacional, hasta Fidel Funes. Pero uno de las cosas que guardo con m\u00e1s cari\u00f1o fue las veces que toque con Alux Nahual, incluyendo su despedida de los escenarios, fue incre\u00edble, pues Alux en CR son una leyenda, y al verme ah\u00ed tocando su despedida fue emotivo para mi, creo que hasta llore ese d\u00eda en el escenario.<b><a href=\"https:\/\/heidysandovalruiz.com\/wp-content\/uploads\/2013\/11\/428048_10150712149127463_1637398635_n.jpg\"><span style=\"color: #000080;\"><img loading=\"lazy\" decoding=\"async\" class=\"size-medium wp-image-227 alignright\" alt=\"428048_10150712149127463_1637398635_n\" src=\"https:\/\/heidysandovalruiz.com\/wp-content\/uploads\/2013\/11\/428048_10150712149127463_1637398635_n-300x209.jpg\" width=\"300\" height=\"209\" \/><\/span><\/a><\/b><\/span><\/p>\n<\/div>\n<div style=\"text-align: justify;\">\n<p><span style=\"color: #000080;\"><b><\/b>Pero tuve la oportunidad de estar con grandes m\u00fasicos y trabajar y sobretodo compartir la amistad. Recuerdo a German Giordano, a Leonel Franco, Javier Garc\u00eda, Minor Garc\u00eda, Roberto Estrada, Fernando P\u00e9rez \u00a0y sobre todo a Arturito Xicay, que es un hombre excepcional y le debo mi amistad y agradecimiento eterno. Tambi\u00e9n estuve con el Grupo Rana, con el que hice mi primer viaje a los USA.<\/span><\/p>\n<\/div>\n<div style=\"text-align: justify;\">\n<p><span style=\"color: #000080;\"><b><\/b><strong><span style=\"font-family: Arial, sans-serif;\">Cu\u00e1ntos discos grabaste en Guatemala?\u00a0<\/span><\/strong>Grab\u00e9 tres discos bajo el sello Difosa.<\/span><\/p>\n<\/div>\n<div style=\"text-align: justify;\">\n<p><span style=\"color: #000080;\"><b><\/b><strong><span style=\"font-family: Arial, sans-serif;\">Qu\u00e9 te gust\u00f3 m\u00e1s de nuestra tierra?\u00a0<\/span><\/strong>Definitivamente Guatemela es un pa\u00eds hermos\u00edsimo, el cual me encanta visitar. Mi hija mayor, Roc\u00edo, naci\u00f3 y vive en Guatemala, y eso me une para siempre con ustedes, adem\u00e1s, muchos de mis mejores amigos son guatemaltecos. Extra\u00f1o la comida, que es deliciosa, los tamalitos\u00a0 y el fri\u00edto de diciembre\u2026y el Pollo Campero por supuesto que es el mejor del mundo jaja.<\/span><\/p>\n<\/div>\n<div style=\"text-align: justify;\">\n<p><span style=\"color: #000080;\"><b><\/b><strong><span style=\"font-family: Arial, sans-serif;\">Ahora, se que vives en la Rep\u00fablica Dominicana desde cu\u00e1ndo?\u00a0<\/span><\/strong>Sal\u00ed de Guatemala en el 2004, por una oportunidad de trabajo con Chichi Peralta y resido en Santo Domingo desde ese entonces.<\/span><\/p>\n<\/div>\n<div style=\"text-align: justify;\">\n<p><span style=\"color: #000080;\"><b><\/b><strong><span style=\"font-family: Arial, sans-serif;\">Tu profesionalismo y calidad art\u00edstica te ha llevado a trabajar con uno de los grandes artistas del mundo, Juan Luis Guerra, desde cu\u00e1ndo est\u00e1s en su grupo? <\/span><\/strong><span style=\"font-family: Arial, sans-serif;\">\u00a0<\/span>Si. Con Juan Luis Guerra y 4 40 tengo aproximadamente 4 a\u00f1os, anteriormente trabajaba ocasionalmente con \u00e9l.<\/span><\/p>\n<\/div>\n<div style=\"text-align: justify;\">\n<p><span style=\"color: #000080;\"><b><\/b><strong><span style=\"font-family: Arial, sans-serif;\">Qu\u00e9 pa\u00edses has visitado con el grupo de Juan Luis Guerra?<\/span><\/strong><span style=\"font-family: Arial, sans-serif;\">\u00a0<\/span>Ufff\u2026mejor te digo que pa\u00edses no he visitado jaja. Pr\u00e1cticamente he conocido el mundo, desde China hasta Australia, pasando por todo Latinoam\u00e9rica y Europa. Este a\u00f1o tenemos programado ir a \u00c1frica e Israel.<\/span><\/p>\n<\/div>\n<div style=\"text-align: justify;\">\n<p><span style=\"color: #000080;\"><b><\/b><strong><span style=\"font-family: Arial, sans-serif;\">Alguna vez pensaste en trabajar con un artista tan internacionalmente conocido?\u00a0<\/span><\/strong>Realmente s\u00ed. Siempre mis sue\u00f1os se han cumplido. Dios me ha dado un don, y Su Misericordia me ha permitido trabajar con mucha gente en el mundo de la m\u00fasica. Adem\u00e1s, el trabajar con Juan Luis me ha abierto muchas puertas. He tocado con Alejandro Sanz, Juanes, Luis Fonsi, Millie Quezada, Johnny Ventura, Chris Botti entre otros, y he estado en escenarios de todo el mundo. Pero quiero ser claro en esto: no es por mi capacidad, ni porque sea el mejor, sino simplemente porque a Dios le placi\u00f3 y permiti\u00f3 todo esto.<\/span><\/p>\n<\/div>\n<div style=\"text-align: justify;\">\n<p><span style=\"color: #000080;\"><b><\/b><strong><span style=\"font-family: Arial, sans-serif;\">Admiras a Danny Rivera?\u00a0<\/span><\/strong>Claro. Danny es uno de mis preferidos y hemos trabajado muchas veces juntos. Un hombre sencillo, humilde y a la vez un artista extraordinario.<\/span><\/p>\n<\/div>\n<div style=\"text-align: justify;\">\n<p><span style=\"color: #000080;\"><b><\/b><strong><span style=\"font-family: Arial, sans-serif;\">Qu\u00e9 proyectos tienes a corto plazo?\u00a0<\/span><\/strong>Ahora mismo estoy concentrado en promocionar mi nuevo disco, Cuando suene la trompeta, que tiene una selecci\u00f3n de himnos cristianos, en versi\u00f3n instrumental y estoy preparando un disco de jazz, que tendr\u00eda invitados a muchos de los m\u00fasicos con los que he trabajado.<\/span><\/p>\n<\/div>\n<div style=\"text-align: justify;\">\n<p><span style=\"color: #000080;\"><b><\/b><strong><span style=\"font-family: Arial, sans-serif;\">C\u00f3mo combinas el tiempo entre tu familia y el trabajo?<\/span><\/strong><span style=\"font-family: Arial, sans-serif;\">\u00a0<\/span>A veces es muy dif\u00edcil, pues paso mucho tiempo fuera de casa, pero tambi\u00e9n trato de estar mi tiempo libre en ella. Me encanta cocinar y pasar tiempo con mi hijo y mi esposa. Trato de equilibrar eso, pues a veces las ausencias son prolongadas.<\/span><\/p>\n<\/div>\n<div style=\"text-align: justify;\">\n<p><span style=\"color: #000080;\"><b><\/b><span style=\"font-family: Arial, sans-serif;\">Y bueno para despedirme te deseo muchos \u00e9xitos y ojal\u00e1 que cuando vengas a Guatemala podamos saludarnos personalmente.<\/span><\/span><br \/>\n<iframe loading=\"lazy\" src=\"\/\/www.youtube.com\/embed\/mdA9p5apMxg\" height=\"315\" width=\"420\" allowfullscreen=\"\" frameborder=\"0\"><\/iframe><\/p>\n<\/div>\n<div style=\"text-align: justify;\">\n<p><span style=\"color: #000080;\">\u00a0<\/span><\/p>\n<p><span style=\"color: #0000ff;\"><b>\u00a0<\/b><\/span><\/p>\n<\/div>\n<div style=\"text-align: justify;\">\n<p>Las entrevistas las pueden leer en los siguientes links:<\/p>\n<p>http:\/\/www.heidysandovalruiz.com<\/p>\n<p>http:\/\/losinvitadosdeheidy.blogspot.com<\/p>\n<p>https:\/\/www.facebook.com\/pages\/Los-invitados-de-Heidy\/892159284204965?ref=hl<\/p>\n<p><span style=\"color: #000080;\"><strong><i>Entrevista realizada por Heidy Sandoval Ruiz<\/i><\/strong><\/span><\/p>\n<\/div>\n","protected":false},"excerpt":{"rendered":"<div class=\"mh-excerpt\"><p>En \u201cLa cara amiga de nuestros invitados\u201d, este d\u00eda presentamos a uno de esos artistas que con su trompeta ha logrado internacionalizarse, \u00e9l es Ernesto <a class=\"mh-excerpt-more\" href=\"https:\/\/heidysandovalruiz.com\/?p=225\" title=\"La cara amiga de \u00abErnesto Nu\u00f1ez\u00bb\">[&#8230;]<\/a><\/p>\n<\/div>","protected":false},"author":4,"featured_media":228,"comment_status":"closed","ping_status":"closed","sticky":false,"template":"","format":"standard","meta":{"footnotes":""},"categories":[16],"tags":[27],"class_list":["post-225","post","type-post","status-publish","format-standard","has-post-thumbnail","hentry","category-la-cara-amiga","tag-la-cara-amiga-de-ernesto-nunez"],"_links":{"self":[{"href":"https:\/\/heidysandovalruiz.com\/index.php?rest_route=\/wp\/v2\/posts\/225","targetHints":{"allow":["GET"]}}],"collection":[{"href":"https:\/\/heidysandovalruiz.com\/index.php?rest_route=\/wp\/v2\/posts"}],"about":[{"href":"https:\/\/heidysandovalruiz.com\/index.php?rest_route=\/wp\/v2\/types\/post"}],"author":[{"embeddable":true,"href":"https:\/\/heidysandovalruiz.com\/index.php?rest_route=\/wp\/v2\/users\/4"}],"replies":[{"embeddable":true,"href":"https:\/\/heidysandovalruiz.com\/index.php?rest_route=%2Fwp%2Fv2%2Fcomments&post=225"}],"version-history":[{"count":9,"href":"https:\/\/heidysandovalruiz.com\/index.php?rest_route=\/wp\/v2\/posts\/225\/revisions"}],"predecessor-version":[{"id":599,"href":"https:\/\/heidysandovalruiz.com\/index.php?rest_route=\/wp\/v2\/posts\/225\/revisions\/599"}],"wp:featuredmedia":[{"embeddable":true,"href":"https:\/\/heidysandovalruiz.com\/index.php?rest_route=\/wp\/v2\/media\/228"}],"wp:attachment":[{"href":"https:\/\/heidysandovalruiz.com\/index.php?rest_route=%2Fwp%2Fv2%2Fmedia&parent=225"}],"wp:term":[{"taxonomy":"category","embeddable":true,"href":"https:\/\/heidysandovalruiz.com\/index.php?rest_route=%2Fwp%2Fv2%2Fcategories&post=225"},{"taxonomy":"post_tag","embeddable":true,"href":"https:\/\/heidysandovalruiz.com\/index.php?rest_route=%2Fwp%2Fv2%2Ftags&post=225"}],"curies":[{"name":"wp","href":"https:\/\/api.w.org\/{rel}","templated":true}]}}