{"id":2285,"date":"2015-01-21T22:09:53","date_gmt":"2015-01-21T22:09:53","guid":{"rendered":"http:\/\/heidysandovalruiz.com\/?p=2285"},"modified":"2015-01-30T04:06:47","modified_gmt":"2015-01-30T04:06:47","slug":"la-cara-amiga-de-fernando-scheel","status":"publish","type":"post","link":"https:\/\/heidysandovalruiz.com\/?p=2285","title":{"rendered":"La cara amiga de \u00abFernando Scheel\u00bb"},"content":{"rendered":"<p style=\"text-align: justify;\"><span style=\"color: #003366;\">En \u201c<b>La cara amiga de nuestros invitados<\/b>\u201d, hoy presento a ustedes una de esas figuras que se mantiene en constante evoluci\u00f3n y eso se demuestra en uno de los videos m\u00e1s recientes Pa\u00b4Capital (video que pueden ver al final de la entrevista) y quien desde 1982 empieza a componer sus canciones. Les hablo de <b>Fernando Scheel<\/b> un artista prol\u00edfico que entre otros es autor, compositor, arreglista, int\u00e9rprete y productor guatemalteco.\u00a0<\/span><\/p>\n<p style=\"text-align: justify;\"><span style=\"color: #003366;\">Los temas son tan diversos como los artistas y estilos: composiciones para artistas infantiles, juveniles, pop, electr\u00f3nico, Pop rock, rock, reggaet\u00f3n, baladas, experimental, Ambiente, Drum n\u2019 Bass, Techno, R&amp;B, progresivo, cumbia, vallenato etc.\u00a0<\/span><\/p>\n<p style=\"text-align: justify;\"><span style=\"color: #003366;\">Actualmente cuenta con un repertorio de m\u00e1s de dos mil composiciones.\u00a0Su trabajo como productor inicia en 1989 con la producci\u00f3n del EP Un Hombre m\u00e1s con su proyecto Mentes Ocultas.\u00a0<\/span><\/p>\n<p style=\"text-align: justify;\"><span style=\"color: #003366;\">Presento a ustedes a Fernando en este espacio donde se puede decir lo que se quiere y en otros lugares no se puede.<\/span><\/p>\n<p style=\"text-align: justify;\"><span style=\"color: #003366;\">Bienvenido y gracias por compartir tu maravillosa historia con nosotros.\u00a0<\/span><\/p>\n<p style=\"text-align: justify;\"><span style=\"color: #003366;\"><b>Dime \u00bfC\u00f3mo recuerdas tu ni\u00f1ez, ya te gustaba esto de la m\u00fasica? <\/b>Desde muy peque\u00f1o me gust\u00f3 la m\u00fasica y experimentar a trav\u00e9s del juego. El juego en libertad es el que me permiti\u00f3 desarrollar la creatividad. <b><\/b><\/span><\/p>\n<p style=\"text-align: justify;\"><span style=\"color: #003366;\"><b>\u00bfEn d\u00f3nde realizas tus estudios? \u00bfTe gustaba participar en las actividades del colegio? <\/b>Estudi\u00e9 en el Instituto Austriaco Guatemalteco. En la secundaria form\u00e9 parte de la Orquesta Pop del Colegio y es all\u00ed donde interpretaron mi primera composici\u00f3n con la ayuda de mi profesor Gerald Schweretberger. El me motiv\u00f3 a seguir componiendo.<b><\/b><\/span><\/p>\n<p style=\"text-align: justify;\"><span style=\"color: #003366;\"><b>\u00bfTuviste oportunidad de realizar estudios en el Conservatorio Nacional? <\/b>Efectivamente estudi\u00e9 algo de piano, solfeo y armon\u00eda.<b><\/b><\/span><\/p>\n<p style=\"text-align: justify;\"><span style=\"color: #003366;\"><b>\u00bfDentro de tus diferentes etapas qu\u00e9 haces primero cantar, componer o producir? <\/b>Componer. No me llamaba la atenci\u00f3n cantar. La producci\u00f3n vino luego por a\u00f1adidura a la composici\u00f3n y los arreglos.<b><\/b><\/span><\/p>\n<p><span style=\"color: #003366;\"><b>\u00bfCu\u00e1ndo empiezas a componer canciones? <\/b>Desde ni\u00f1o compon\u00eda peque\u00f1as melod\u00edas pero oficialmente desde los 14 a\u00f1os.<b><\/b><\/span><\/p>\n<p style=\"text-align: justify;\"><span style=\"color: #003366;\"><b><a href=\"https:\/\/heidysandovalruiz.com\/wp-content\/uploads\/2015\/01\/10945467_10204306526475830_1778011066_n.jpg\"><img loading=\"lazy\" decoding=\"async\" class=\"size-thumbnail wp-image-2291 alignleft\" alt=\"10945467_10204306526475830_1778011066_n\" src=\"https:\/\/heidysandovalruiz.com\/wp-content\/uploads\/2015\/01\/10945467_10204306526475830_1778011066_n-150x150.jpg\" width=\"150\" height=\"150\" \/><\/a>A prop\u00f3sito \u00bfcu\u00e1ntas canciones has compuesto a la fecha? <\/b>Tengo alrededor de 2500 composiciones entre canciones y temas instrumentales.<b><\/b><\/span><\/p>\n<p style=\"text-align: justify;\"><span style=\"color: #003366;\"><b>\u00bfCu\u00e1ndo sale al mercado tu primer material discogr\u00e1fico? <\/b>En 1995. \u201cPor fuera y por Dentro\u201d que incluye 11 temas originales.<b><\/b><\/span><\/p>\n<p style=\"text-align: justify;\"><span style=\"color: #003366;\"><b>\u00bfQui\u00e9n fue tu primer int\u00e9rprete y que tema seleccionaste? <\/b>Si te refieres a la primera cantante que interpret\u00f3 alguna de mis composiciones fueron Michelle Flores y Cherokee.<b><\/b><\/span><\/p>\n<p style=\"text-align: justify;\"><span style=\"color: #003366;\"><b>\u00bfCu\u00e1ntos artistas han interpretado tus canciones y puedes mencionarnos algunos de ellos? <\/b>A m\u00e1s de 100 entre ellos\u00a0<\/span><span style=\"color: #003366;\">Peque\u00f1as Estrellas,\u00a0Anneliese Magermans,\u00a0Cherokee,\u00a0Georgina Pontaza,\u00a0Giovanni Passarelli,\u00a0Gloria C\u00e1ceres,\u00a0Raquel Pajoc,\u00a0Magda Ang\u00e9lica,\u00a0Michelle Flores,\u00a0Mynor McKnight,\u00a0Nancy Recinos,\u00a0Noris Barrios,\u00a0Proyecto Suburbio,\u00a0Francisco Calvillo y\u00a0Lico Vadelli entre otros.<\/span><\/p>\n<p style=\"text-align: justify;\"><span style=\"color: #003366;\"><b>\u00bfQu\u00e9 premios has recibido a lo largo de tu carrera? <\/b>En 1995 el premio<b> \u00a0<\/b>T\u2019zij como Mejor Interprete Masculino otorgado por la C\u00e1mara de Locutores de Guatemala\u00a0y en 1998 como\u00a0Mejor Interprete Destacado y el Arco iris Maya como Voz Masculina con Trayectoria.\u00a0\u00a0<b><\/b><\/span><\/p>\n<p style=\"text-align: justify;\"><span style=\"color: #003366;\"><b>\u00bfQu\u00e9 recuerdos tienes de la OTI y en qu\u00e9 a\u00f1os participaste y donde se realizaron? <\/b>Momentos inolvidables, tuve la oportunidad de conocer muchos artistas de toda Latinoam\u00e9rica. Particip\u00e9 como compositor en el 97 en Lima, Per\u00fa y en el 2000 en Acapulco, M\u00e9xico.\u00a0\u00a0<a href=\"https:\/\/heidysandovalruiz.com\/wp-content\/uploads\/2015\/01\/10933323_10204306527155847_842734259_n.jpg\"><img loading=\"lazy\" decoding=\"async\" class=\"size-thumbnail wp-image-2289 alignright\" alt=\"10933323_10204306527155847_842734259_n\" src=\"https:\/\/heidysandovalruiz.com\/wp-content\/uploads\/2015\/01\/10933323_10204306527155847_842734259_n-150x150.jpg\" width=\"150\" height=\"150\" \/><\/a> <b><\/b><\/span><\/p>\n<p style=\"text-align: justify;\"><span style=\"color: #003366;\"><b>\u00bfA qu\u00e9 te dedicas actualmente? <\/b>A desarrollar varios proyectos musicales que esperemos pronto los conozcan.<b><\/b><\/span><\/p>\n<p style=\"text-align: justify;\"><span style=\"color: #003366;\"><b>\u00bfSiempre has sido solista o participaste en alg\u00fan grupo? <\/b>He participado en varios grupos a lo largo de mi carrera como Why you, No Parking, Colisi\u00f3n, Metal Axes y Sapiens entre otros.<b><\/b><\/span><\/p>\n<p style=\"text-align: justify;\"><span style=\"color: #003366;\"><b>\u00bfC\u00f3mo surge la inquietud de mezclar m\u00fasica electr\u00f3nica con la cl\u00e1sica? <\/b>Desde siempre me ha gustado fusionar todo tipo de estilos musicales<b><\/b><\/span><\/p>\n<p style=\"text-align: justify;\"><span style=\"color: #003366;\"><b>\u00bfAlguna vez has pensado grabar un disco de duetos? <\/b>S\u00ed, de hecho es una de las ideas pendientes de realizar aunque a lo largo de mi carrera he grabado varios d\u00faos con cantantes como Gloria C\u00e1ceres, Anneliese Magermans, Yazmin Di Maio, Luciano Alves, Mar\u00eda Elisa Urrutia y Noris Barrios.<b><\/b><\/span><\/p>\n<p style=\"text-align: justify;\"><span style=\"color: #003366;\"><b>\u00bfC\u00f3mo surge la idea de realizar el video Pa\u00b4Capital? <\/b>Luego de grabar la canci\u00f3n pensamos que era importante tener un video de la misma.<b><\/b><\/span><\/p>\n<p style=\"text-align: justify;\"><span style=\"color: #003366;\"><b><a href=\"https:\/\/heidysandovalruiz.com\/wp-content\/uploads\/2015\/01\/10872693_10204306420433179_370577081_n.jpg\"><img loading=\"lazy\" decoding=\"async\" class=\"size-thumbnail wp-image-2292 alignleft\" alt=\"10872693_10204306420433179_370577081_n\" src=\"https:\/\/heidysandovalruiz.com\/wp-content\/uploads\/2015\/01\/10872693_10204306420433179_370577081_n-150x150.jpg\" width=\"150\" height=\"150\" \/><\/a>\u00bfQu\u00e9 le falta hacer a Fernando en su carrera art\u00edstica? <\/b>Solo pienso en seguir teniendo la oportunidad de seguir componiendo, grabando y experimentando.<b><\/b><\/span><\/p>\n<p style=\"text-align: justify;\"><span style=\"color: #003366;\"><b>\u00bfC\u00f3mo defines tu car\u00e1cter? <\/b>Entre apasionado, sangu\u00edneo y flem\u00e1tico. <b><\/b><\/span><\/p>\n<p style=\"text-align: justify;\"><span style=\"color: #003366;\"><b>\u00bfCrees que los medios de comunicaci\u00f3n apoyan al artista nacional? <\/b>No lo suficiente.<b><\/b><\/span><\/p>\n<p style=\"text-align: justify;\"><span style=\"color: #003366;\"><b>\u00bfC\u00f3mo puedes resumir el a\u00f1o 2014? <\/b>Mayormente positivo, apasionante, diferente.<b><\/b><\/span><\/p>\n<p><span style=\"color: #003366;\"><b>\u00bfTienes proyectos para el 2015 en puerta? <\/b>Tengo varios proyectos en proceso que a\u00fan no he presentado y espero presentar en los dos pr\u00f3ximos a\u00f1os. <b><\/b><\/span><\/p>\n<ul style=\"text-align: justify;\">\n<li><span style=\"color: #003366;\">4 Cds de mi proyecto de relajaci\u00f3n Canto Natura<\/span><\/li>\n<li><span style=\"color: #003366;\">Otra canci\u00f3n\u00a0 con Raquel Pajoc<\/span><\/li>\n<li><span style=\"color: #003366;\">Un Cd recopilatorio de mi trabajo como solista con 4 o 5 temas in\u00e9ditos<\/span><\/li>\n<li><span style=\"color: #003366;\">Varias colaboraciones con otros artistas<\/span><\/li>\n<li><span style=\"color: #003366;\">Un Cd con colaboraciones con artistas urbano<\/span><\/li>\n<\/ul>\n<p style=\"text-align: justify;\"><span style=\"color: #003366;\"><b>\u00bfPuedes enviar un mensaje para las personas que leer \u201cLas entrevistas de Heidy\u201d? <\/b>Es importante explorar, no conformarse, cuestionar, ir m\u00e1s all\u00e1, desafiar lo establecido, salirse de la zona c\u00f3moda, luchar por hacer lo que nos gusta. Solo tenemos una vida y se pasa muy r\u00e1pido.<b><\/b><\/span><\/p>\n<p>&nbsp;<\/p>\n<p style=\"text-align: justify;\"><span style=\"color: #003366;\">Entre otras actividades que ha realizado nuestro invitado de hoy les podemos contar que en el 2009 lanza 3 discos de sus proyectos personales Eterum, Canto Natura y Sapiens. Canto Natura (Hadas del Agua), m\u00fasica de Relajaci\u00f3n y Meditaci\u00f3n\u00a0Eterum (El Sue\u00f1o de\u00a0la Laguna), una fusi\u00f3n de Ambient, New Age y folk inspirada en la naturaleza guatemalteca y Sapiens (Lleg\u00f3 la Hora) Rock progresivo y experimental. Adem\u00e1s funda la casa disquera independiente FAS RECORDS que tiene como objetivos promover la preservaci\u00f3n del medio ambiente, la salud mental y la educaci\u00f3n.<a href=\"https:\/\/heidysandovalruiz.com\/wp-content\/uploads\/2015\/01\/1.jpg\"><img loading=\"lazy\" decoding=\"async\" class=\"size-thumbnail wp-image-2294 alignright\" alt=\"1\" src=\"https:\/\/heidysandovalruiz.com\/wp-content\/uploads\/2015\/01\/1-150x150.jpg\" width=\"150\" height=\"150\" \/><\/a><\/span><\/p>\n<p style=\"text-align: justify;\"><span style=\"color: #003366;\">Paralelamente se dedica a la creaci\u00f3n de instrumentos originales a partir de elementos de percusi\u00f3n tradicionales guatemaltecos y de campanillas de viento, dando origen a una bater\u00eda guatemalteca y a un campanillero que incorpora en la m\u00fasica de sus nuevas producciones.<\/span><\/p>\n<p style=\"text-align: justify;\"><span style=\"color: #003366;\">En el 2010 es seleccionado para figurar en el libro \u201cHechos en Guate\u201d por su aporte al desarrollo de la m\u00fasica en Guatemala.<\/span><\/p>\n<p style=\"text-align: justify;\"><span style=\"color: #003366;\">Fue nominado\u00a0\u00a0con\u00a0\u00a0Sapiens para los premios al artista nacional BATZ 2011 en la categor\u00eda de M\u00fasica Instrumental.\u00a0<\/span><\/p>\n<p><span style=\"color: #003366;\">Agradezco a Fernando Scheel la oportunidad de conocer su historia, y de saber que hay guatemaltecos que buscan el \u00e9xito y nuestro invitado lo ha logrado.<\/span><\/p>\n<p style=\"text-align: justify;\"><span style=\"color: #003366;\">Les invitamos para que se unan al grupo de \u00ab<\/span><b><span style=\"color: #003366;\">Artistas de Guatemala para el Mundo\u00bb en este link<\/span>\u00a0<\/b><b><a href=\"http:\/\/on.fb.me\/1sn2wSf\">http:\/\/on.fb.me\/1sn2wSf<\/a><\/b>,\u00a0<span style=\"color: #003366;\">el cual tiene como prop\u00f3sito compartir videos, fotos, an\u00e9cdotas y todo lo de nuestros artistas en las diferentes d\u00e9cadas.<\/span><\/p>\n<p><iframe loading=\"lazy\" src=\"\/\/www.youtube.com\/embed\/N4evy_IMFKQ\" height=\"315\" width=\"560\" allowfullscreen=\"\" frameborder=\"0\"><\/iframe><\/p>\n<p><iframe loading=\"lazy\" src=\"\/\/www.youtube.com\/embed\/eyxQaOrcels\" height=\"315\" width=\"560\" allowfullscreen=\"\" frameborder=\"0\"><\/iframe><\/p>\n<p><iframe loading=\"lazy\" src=\"\/\/www.youtube.com\/embed\/7CYsOLebM7s\" height=\"315\" width=\"560\" allowfullscreen=\"\" frameborder=\"0\"><\/iframe><\/p>\n<p><span style=\"color: #003366;\"><b>Las entrevistas las pueden leer en los siguientes links:<\/b><\/span><\/p>\n<p><a title=\"http:\/\/lasentrevistasdeheidy.blogspot.com\" href=\"http:\/\/lasentrevistasdeheidy.blogspot.com\" data-blogger-escaped-data-mce-href=\"http:\/\/losinvitadosdeheidy.blogspot.com\/\">http:\/\/lasentrevistasdeheidy.blogspot.com<\/a><\/p>\n<p><a title=\"Los invitados de Heidy\" href=\"https:\/\/www.facebook.com\/pages\/Los-invitados-de-Heidy\/892159284204965?ref=hl\" data-blogger-escaped-data-mce-href=\"https:\/\/www.facebook.com\/pages\/Los-invitados-de-Heidy\/892159284204965?ref=hl\">https:\/\/www.facebook.com\/pages\/Los-invitados-de-Heidy\/892159284204965?ref=hl<\/a><\/p>\n<p>&nbsp;<\/p>\n<p style=\"text-align: justify;\"><span style=\"color: #003366;\"><b>Entrevista realizada por Heidy Sandoval Ruiz<\/b><\/span><\/p>\n<p><span style=\"color: #003366;\">\u00a0<\/span><\/p>\n","protected":false},"excerpt":{"rendered":"<div class=\"mh-excerpt\"><p>En \u201cLa cara amiga de nuestros invitados\u201d, hoy presento a ustedes una de esas figuras que se mantiene en constante evoluci\u00f3n y eso se demuestra <a class=\"mh-excerpt-more\" href=\"https:\/\/heidysandovalruiz.com\/?p=2285\" title=\"La cara amiga de \u00abFernando Scheel\u00bb\">[&#8230;]<\/a><\/p>\n<\/div>","protected":false},"author":4,"featured_media":2288,"comment_status":"closed","ping_status":"closed","sticky":false,"template":"","format":"standard","meta":{"footnotes":""},"categories":[16],"tags":[199],"class_list":["post-2285","post","type-post","status-publish","format-standard","has-post-thumbnail","hentry","category-la-cara-amiga","tag-la-cara-amiga-de-fernando-scheel"],"_links":{"self":[{"href":"https:\/\/heidysandovalruiz.com\/index.php?rest_route=\/wp\/v2\/posts\/2285","targetHints":{"allow":["GET"]}}],"collection":[{"href":"https:\/\/heidysandovalruiz.com\/index.php?rest_route=\/wp\/v2\/posts"}],"about":[{"href":"https:\/\/heidysandovalruiz.com\/index.php?rest_route=\/wp\/v2\/types\/post"}],"author":[{"embeddable":true,"href":"https:\/\/heidysandovalruiz.com\/index.php?rest_route=\/wp\/v2\/users\/4"}],"replies":[{"embeddable":true,"href":"https:\/\/heidysandovalruiz.com\/index.php?rest_route=%2Fwp%2Fv2%2Fcomments&post=2285"}],"version-history":[{"count":14,"href":"https:\/\/heidysandovalruiz.com\/index.php?rest_route=\/wp\/v2\/posts\/2285\/revisions"}],"predecessor-version":[{"id":2352,"href":"https:\/\/heidysandovalruiz.com\/index.php?rest_route=\/wp\/v2\/posts\/2285\/revisions\/2352"}],"wp:featuredmedia":[{"embeddable":true,"href":"https:\/\/heidysandovalruiz.com\/index.php?rest_route=\/wp\/v2\/media\/2288"}],"wp:attachment":[{"href":"https:\/\/heidysandovalruiz.com\/index.php?rest_route=%2Fwp%2Fv2%2Fmedia&parent=2285"}],"wp:term":[{"taxonomy":"category","embeddable":true,"href":"https:\/\/heidysandovalruiz.com\/index.php?rest_route=%2Fwp%2Fv2%2Fcategories&post=2285"},{"taxonomy":"post_tag","embeddable":true,"href":"https:\/\/heidysandovalruiz.com\/index.php?rest_route=%2Fwp%2Fv2%2Ftags&post=2285"}],"curies":[{"name":"wp","href":"https:\/\/api.w.org\/{rel}","templated":true}]}}