{"id":2305,"date":"2015-01-24T18:22:03","date_gmt":"2015-01-24T18:22:03","guid":{"rendered":"http:\/\/heidysandovalruiz.com\/?p=2305"},"modified":"2021-03-01T18:44:47","modified_gmt":"2021-03-01T18:44:47","slug":"la-cara-amiga-de-ana-maria-rosales","status":"publish","type":"post","link":"https:\/\/heidysandovalruiz.com\/?p=2305","title":{"rendered":"La cara amiga de \u00abAna Mar\u00eda Rosales\u00bb"},"content":{"rendered":"<p style=\"text-align: justify;\"><span style=\"color: #000080;\">En \u201c<b>La cara amiga de nuestros invitados<\/b>\u201d, comparto con ustedes en esta oportunidad la historia de una mujer que sin duda alguna el campo de las Relaciones P\u00fablicas ha sido su fuerte desde hace muchos a\u00f1os, ella <b>Ana Mar\u00eda Rosales <\/b>una profesional en lo que realiza, es una mujer alegre, buena madre, buena hija y\u00a0 adem\u00e1s es una excelente bailadora.<\/span><\/p>\n<p style=\"text-align: justify;\"><span style=\"color: #000080;\">En este espacio hoy Ana Mar\u00eda compartir\u00e1 datos de su vida en muchos aspectos, los cuales algunos por primera vez revelar\u00e1 y tambi\u00e9n har\u00e9 que los recuerdos vengan a su memoria.. Bienvenida a este espacio donde se puede decir lo que se quiere y en otros lugares no se puede.<\/span><\/p>\n<p style=\"text-align: justify;\"><span style=\"color: #000080;\">Hola querida amiga para dar inicio a esta entrevista me gustar\u00eda saber <b>\u00bfC\u00f3mo fueron tus a\u00f1os de estudiante en la Casa Central, te da nostalgia recordar esos momentos?<\/b> Realmente me gusta recordar mucho los a\u00f1os de mi ni\u00f1ez, fueron la base de mi formaci\u00f3n.\u00a0 La Secundaria estudiada en la Casa Central como alumna interna me dej\u00f3 muy bellos recuerdos.\u00a0 En la Iglesia de Mar\u00eda Auxiliadora tambi\u00e9n se celebr\u00f3 la misa que conmemor\u00f3 mis 15 a\u00f1os.\u00a0 La formaci\u00f3n religiosa y la disciplina fueron factores que nunca olvidar\u00e9. La primaria la estudie tambi\u00e9n Interna en sus \u00faltimos 3 a\u00f1os en el Colegio Europeo, ambos colegios de Se\u00f1oritas.\u00a0 En la Casa Central adem\u00e1s estudie fuera de mis horas de clases, el curso de Corte y Confecci\u00f3n, en el cual aprend\u00ed a hacer, entre otros,\u00a0 la canastilla completa de un beb\u00e9. Cuando tuve a mi primer hijo Oscar Rodolfo, yo hice a mano todo su ajuar. Es un bello recuerdo. Admire mucho a Sor Elizabeth, quien fue Inspectora por muchos a\u00f1os y a quien todas las alumnas la quer\u00edamos mucho\u2026Tantos recuerdos, llevar\u00eda toda la entrevista\u2026<b><\/b><\/span><\/p>\n<p style=\"text-align: justify;\"><span style=\"color: #000080;\"><strong>Y c\u00f3mo surge en ti la inquietud de estudiar Comunicaci\u00f3n Social \u00bf Recuerdas como fue esa etapa?<\/strong>\u00a0<\/span><span style=\"color: #000080;\">Por supuesto que la recuerdo. Viviendo en Puerto Barrios, por razones de familia, mi hermano Ren\u00e9 Rosales Garcia Salas (q.e.p.d.) tuvo la inquietud de editar un Semanario que informara del acontecer local de la comunidad portuaria; entusiasmo a mi esposo Oscar H. Casta\u00f1eda S. y a m\u00ed y fundamos el Semanario \u2018La Calle\u2019 que se edit\u00f3 semanalmente. \u00a0<\/span><\/p>\n<figure style=\"width: 296px\" class=\"wp-caption alignright\"><img loading=\"lazy\" decoding=\"async\" class=\"\" src=\"https:\/\/heidysandovalruiz.com\/wp-content\/uploads\/2021\/03\/1-web.jpg\" alt=\"La imagen tiene un atributo ALT vac\u00edo; su nombre de archivo es 1-web.jpg\" width=\"296\" height=\"195\" \/><figcaption class=\"wp-caption-text\"><strong>Reporteando para el Semanario La Calle; en un conflicto laboral en la Empresa Portuaria Santo Tom\u00e1s de Castilla<\/strong><\/figcaption><\/figure>\n<p style=\"text-align: justify;\">Tanto<span style=\"color: #000080;\"> mi hermano como mi esposo tuvieron que dejar la batuta del Semanario y yo fui su Directora por 5 a\u00f1os.\u00a0 Paralelamente al Semanario La Calle se fund\u00f3 el Radioperi\u00f3dico \u2018El Hurac\u00e1n\u2019, que se transmit\u00eda en Radio Atl\u00e1ntida en una emisi\u00f3n diaria a las 7 de la noche.\u00a0 Contaba con la locuci\u00f3n de Edgar Arch\u00edla Marroquin, Carlos Israel Rivas Galeano y Jorge Lainfiesta (q.e.p.d.) Con esas credenciales y luego el dirigir la \u2018Revista Empresa\u2019, revista de negocios en Guatemala, por 6 a\u00f1os; ingres\u00e9 a la Asociaci\u00f3n de Periodistas de Guatemala -A.P.G.-; justo a tiempo cuando esa asociaci\u00f3n period\u00edstica estaba culminando negociaciones con la Facultad de Humanidades de la Universidad de San Carlos de Guatemala, para crear la Escuela Centroamericana de Periodismo, adscrita a esa Facultad.\u00a0 Las clases se impart\u00edan en la Casa Flavio Herrera en la zona 2, por Lo de Bran.<\/span><\/p>\n<p style=\"text-align: justify;\"><span style=\"color: #000080;\">As\u00ed fue como un gran grupo de periodistas emp\u00edricos miembros de la Asociaci\u00f3n de Periodistas de Guatemala ingresamos a la USAC, conformando la primera promoci\u00f3n de Periodistas profesionales. Con el tiempo la carrera cambio al nombre de Licenciatura en Ciencias de la Comunicaci\u00f3n.<b><\/b><\/span><\/p>\n<p style=\"text-align: justify;\"><span style=\"color: #000080;\"><strong>\u00bfQu\u00e9 pasa por tu mente cuando decides fundar la primera Agencia de Relaciones Publicas en Guatemala?<\/strong>\u00a0<\/span><span style=\"color: #000080;\">Luego de trabajar como Ejecutiva, Gerente, Directora, en la agencia de publicidad, Publicentro de Guatemala, S.A.; tres hoteles, el Hotel Guatemala Fiesta, ahora Holliday Inn; El Hotel Ramada Inn, ahora Hotel Solei; El Hotel Westing Camino Real, Diario El Grafico y Noticiero 7 dias; conclu\u00ed que hab\u00eda adquirido la suficiente experiencia durante esos 17 a\u00f1os, para poder brindar asesor\u00edas en el campo de las Relaciones Publicas, Manejo de Crisis etc. \u00a0Consult\u00e9 con mi familia la posibilidad de fundar mi propia empresa, y luego de un Estudio de Factivilidad que le encargue a la firma Arag\u00f3n &amp; Asociados, que confirm\u00f3 entre 100 empresas de las m\u00e1s importantes en Centro Am\u00e9rica que exist\u00eda la necesidad de una empresa seria que ofreciera esos servicios tan importantes dentro del sector empresarial, tom\u00e9 la m\u00e1s importante decisi\u00f3n de mi carrera profesional, fundar mi propia empresa y as\u00ed es que nace \u2018Strada Relaciones Publicas\u2019 el 18 de Marzo de 1988. \u00a0<\/span><\/p>\n<figure style=\"width: 410px\" class=\"wp-caption alignright\"><img loading=\"lazy\" decoding=\"async\" src=\"https:\/\/heidysandovalruiz.com\/wp-content\/uploads\/2021\/03\/2-web.jpg\" alt=\"La imagen tiene un atributo ALT vac\u00edo; su nombre de archivo es 2-web.jpg\" width=\"410\" height=\"276\" \/><figcaption class=\"wp-caption-text\">Carnet de ingreso a la USAC<\/figcaption><\/figure>\n<p style=\"text-align: justify;\"><span style=\"color: #000080;\">Cont\u00e9 para ese ambicioso proyecto con la confianza del Banco Agr\u00edcola Mercantil, S.A., que me prest\u00f3 el dinero para principiar esa aventura empresarial. \u00a0Luego de contratar a una secretaria, un contador y un mensajero, inici\u00e9 la tarea de visitar a las personas con las que hab\u00eda tenido relaci\u00f3n comercial en las diferentes empresas en las que labor\u00e9. \u00a0Publicidad, periodismo, turismo, lanzamientos de productos nuevos, manejo de crisis empresarial, etc., en fin, ese fue el abanico de servicios que ofreci\u00f3 la Agencia y que logr\u00f3 satisfacer las necesidades de ese entonces. \u00a0<\/span><\/p>\n<p style=\"text-align: justify;\"><span style=\"color: #000080;\">A los tres meses de haber inaugurado con un coctel, la agencia; ya cont\u00e1bamos con firmas muy importantes entre nuestros clientes. Lo que pas\u00f3 por mi mente, dejar de ser una ejecutiva bien pagada a ser la socia principal de mi empresa, se cumpli\u00f3 con creces.<\/span><\/p>\n<p style=\"text-align: justify;\"><span style=\"color: #000080;\"><b>\u00bfCrees que eres una mujer visionaria?<\/b> SI. Tuve la visi\u00f3n de triunfar y lo logr\u00e9. Claro que puse alma, vida y coraz\u00f3n para lograrlo\u2026<b><\/b><\/span><\/p>\n<figure style=\"width: 275px\" class=\"wp-caption alignleft\"><img loading=\"lazy\" decoding=\"async\" src=\"https:\/\/heidysandovalruiz.com\/wp-content\/uploads\/2021\/03\/10-web.jpg\" alt=\"La imagen tiene un atributo ALT vac\u00edo; su nombre de archivo es 10-web.jpg\" width=\"275\" height=\"206\" \/><figcaption class=\"wp-caption-text\"><strong>Mi boda con Julio Estrada de la Hoz en 1979<\/strong><\/figcaption><\/figure>\n<p style=\"text-align: justify;\"><span style=\"color: #000080;\"><b>\u00bfQu\u00e9 nos cuentas de la Agencia STRADA RELACIONES P\u00daBLICAS?<\/b> Surgimos en el momento apropiado, para cubrir una necesidad existente. Logramos la confianza de empresas de mucho prestigio que nos dieron la oportunidad de servirles en todos los campos que la agencia estaba preparada. \u00a0Atendimos cuentas muy importantes, la primera fue Upjon de Centroam\u00e9rica, S.A., con su producto Regaine. Luego vino Aviateca, su privatizaci\u00f3n conllev\u00f3 a la atenci\u00f3n de Taca, Tambi\u00e9n atendimos Sam, la l\u00ednea a\u00e9rea de Colombia y Avianca, Cementos Progreso, Pepsico, Banco de Guatemala en la emisi\u00f3n de los Cenib\u00e1cus, preparaci\u00f3n de un instructivo para nuevos empleados del Banco, campa\u00f1a del cuidado de los billetes y otras m\u00e1s.<\/span><\/p>\n<p style=\"text-align: justify;\"><span style=\"color: #000080;\">La Asociaci\u00f3n de Azucareros, Bayer con su producto Aspirina, Microsoft, la Business Software Alliance con su campa\u00f1a para combatir la pirater\u00eda, Guillete con su producto Mach 3 y lanzamiento de las plumas Montblanc; atendimos la campa\u00f1a patrocinada por la Asociaci\u00f3n Konrad Adenaer, la de la Consulta Popular. Esta \u00faltima fue una campa\u00f1a completa en radio, prensa y tv.; materiales promocionales, etc.; el resultado fue el SI.<\/span><\/p>\n<p style=\"text-align: justify;\"><span style=\"color: #000080;\">Creo sin lugar a equivocarme que fue la campa\u00f1a que m\u00e1s promoci\u00f3n tuvo y de la cual nosotros logramos los r\u00e9ditos correspondientes. Atendimos la imagen de don Juan Arturo Guti\u00e9rrez y los 100 a\u00f1os de la Familia Guti\u00e9rrez en Guatemala. Tambi\u00e9n recuerdo nuestro aporte a campa\u00f1as de imagen de connotados pol\u00edticos como don Alvaro Arz\u00fa y Oscar Berger, en las diferentes oportunidades que atendimos sus proyectos. \u00a0Es largo enumerar las actividades que por m\u00e1s de 20 a\u00f1os. Lo que s\u00ed puedo afirmar con toda propiedad, es que nunca estuvimos equivocados, al poco tiempo surgieron otras Agencias brindando estos servicios.<\/span><\/p>\n<figure style=\"width: 308px\" class=\"wp-caption alignright\"><img loading=\"lazy\" decoding=\"async\" src=\"https:\/\/heidysandovalruiz.com\/wp-content\/uploads\/2021\/03\/3-web.jpg\" alt=\"La imagen tiene un atributo ALT vac\u00edo; su nombre de archivo es 3-web.jpg\" width=\"308\" height=\"206\" \/><figcaption class=\"wp-caption-text\"><strong>Entrevistando al entonces candidato, Coronel Carlos Manuel Arana Osorio<\/strong><\/figcaption><\/figure>\n<p style=\"text-align: justify;\"><span style=\"color: #000080;\"><b>\u00bfQu\u00e9 recuerdos tienes de tu \u00e9poca de periodista?<\/b> Mis actividades en el Semanario La Calle y el Radioperi\u00f3dico El Hurac\u00e1n, as\u00ed como la Revista Empresa, me permitieron ahondar en la problem\u00e1tica nacional. En los primeros hac\u00eda de reportera, editorialista y coordinaba las secciones editoriales con periodistas colaboradores. Adem\u00e1s, me encargaba de las ventas de publicidad y circulaci\u00f3n. En \u201cEmpresa\u201d, me encargaba de la Direcci\u00f3n, secci\u00f3n editorial, entrevistas y todo lo administrativo. \u00a0Visitaba las agencias de publicidad para que anunciaran en la Revista Empresa, conoc\u00ed a connotados publicistas que con los a\u00f1os formaron parte de mis grandes amigos.<\/span><\/p>\n<p style=\"text-align: justify;\"><span style=\"color: #000080;\">Tengo recuerdos de entrevistas a diferentes candidatos presidenciales y otras actividades que sucedieron en ese entonces.<\/span><\/p>\n<p style=\"text-align: justify;\"><span style=\"color: #000080;\"><b>A prop\u00f3sito \u00bfC\u00f3mo te enteras del asesinato de Jorge Carpio? \u00bfC\u00f3mo fue tu relaci\u00f3n con \u00e9l cuando estabas en El Gr\u00e1fico?<\/b> Me enter\u00e9 por una llamada telef\u00f3nica a las 4 de la ma\u00f1ana, del periodista y gran amigo Jorge Palmieri. Fue una conmoci\u00f3n. Jorge (q.e.p.d.) fue uno de mis mejores amigos. \u00a0Me hab\u00eda pedido que fuera, entre otros, fundadora de su partido UCN su gran proyecto pol\u00edtico. Y compart\u00ed con el, sus sue\u00f1os de cambiar esta bella naci\u00f3n que nos vio nacer.<\/span><\/p>\n<p style=\"text-align: justify;\"><span style=\"color: #000080;\">Mi relaci\u00f3n con \u00e9l, siempre fue de mucho respeto y admiraci\u00f3n mutua. Cuando me retir\u00e9 del Westing Camino Real, por problemas de salud, Jorge me invit\u00f3 a que me uniera al equipo de El Gr\u00e1fico como Directora de Ventas, cargo que ocup\u00e9 por 4 a\u00f1os. \u00a0KLM lo invit\u00f3 al viaje inaugural de su Business Class a Amsterdam y al no poder asistir por compromisos adquiridos para la fecha de la invitaci\u00f3n, deleg\u00f3 en mi esa representaci\u00f3n. \u00a0<\/span><\/p>\n<p style=\"text-align: justify;\"><span style=\"color: #000080;\">Realic\u00e9 un trabajo period\u00edstico promocional de KLM en un Suplemento de 8 p\u00e1ginas que al a\u00f1o de publicado, fue premiado por el Departamento de Promoci\u00f3n de la l\u00ednea a\u00e9rea, con el premio KASPAR como el \u201cMejor trabajo promocional\u201d; fue motivo de gran satisfacci\u00f3n personal. Durante su campa\u00f1a pol\u00edtica coadyuve en las actividades en que me lo requiri\u00f3. Un gran recuerdo a mi amigo Jorge Carpio Nicolle.<\/span><\/p>\n<p style=\"text-align: justify;\"><span style=\"color: #000080;\"><b>\u00bfA qu\u00e9 periodistas recuerdas con los que hayas compartido varios momentos?<\/b> Son muchos los que recuerdo. Mis Padrinos en APG, soy la socia 311; Francisco Montenegro Sierra y Julio Santos. Pero guardo gratos recuerdos de Luis Hurtado Aguilar, Rafael Mata Retana, Rigoberto Bran Azmitia, Ramiro MacDonald Blanco; David Vela, Pedro Julio Garc\u00eda, Jorge Carpio Nicolle, Mario Antonio Sandoval, solo para mencionar algunos.<\/span><\/p>\n<figure style=\"width: 176px\" class=\"wp-caption alignleft\"><img loading=\"lazy\" decoding=\"async\" src=\"https:\/\/heidysandovalruiz.com\/wp-content\/uploads\/2021\/03\/6-web.jpg\" alt=\"La imagen tiene un atributo ALT vac\u00edo; su nombre de archivo es 6-web.jpg\" width=\"176\" height=\"226\" \/><figcaption class=\"wp-caption-text\"><strong>Recibiendo el bot\u00f3n de la Asociaci\u00f3n General de Publicistas de Guatemala, AGPG<\/strong><\/figcaption><\/figure>\n<p style=\"text-align: justify;\"><span style=\"color: #000080;\"><b>\u00bfEntre otras actividades que realizaste est\u00e1 la de Presidenta de la Asociaci\u00f3n de Publicistas, esta es otra etapa en tu vida profesional, que recuerdos te trae?<\/b><i> <\/i>As\u00ed es y muy importante.\u00a0 Ingres\u00e9 a la Asociaci\u00f3n General de Publicistas de Guatemala en 1972 siendo Directora de la Revista Empresa. Particip\u00e9 en todas las actividades de dicha Asociaci\u00f3n gremial del sector importante de la publicidad. Form\u00e9 parte de 7 Juntas Directivas ocupando diferentes cargos y en 1984 se cumpli\u00f3 mi sue\u00f1o de ser la primera mujer en dirigir la Asociaci\u00f3n. Mi colega y amigo Rub\u00e9n Rossell me impuso el bot\u00f3n correspondiente como Presidente de AGPG. \u00a0Al a\u00f1o siguiente me eligieron Presidente de la Asociaci\u00f3n Interamericana de Publicistas, cargo que ocupe por un a\u00f1o.<\/span><\/p>\n<p style=\"text-align: justify;\"><span style=\"color: #000080;\"><b>Un pajarito me coment\u00f3 que fuiste asesora de Taca \u00bfQu\u00e9 an\u00e9cdota nos cuentas en esta otra etapa de tu vida profesional?<\/b><i> <\/i>Mi contrataci\u00f3n en la Asesor\u00eda de Comunicaci\u00f3n para TACA se decidi\u00f3 en El Salvador por recomendaci\u00f3n de su Agencia de Publicidad local quien me conoc\u00eda por relaciones profesionales del pasado. \u00a0En ese tiempo estaba entre las actividades inmediatas de la l\u00ednea a\u00e9rea, participar en la licitaci\u00f3n de la venta de Aviateca, en Strada contribuimos por largo tiempo a atender las necesidades de Taca, tanto antes como durante y tiempo despu\u00e9s de la compra de Aviateca. Promovimos sus nuevos destinos entre personalidades del periodismo, arte, funcionarios etc.<\/span><\/p>\n<figure style=\"width: 247px\" class=\"wp-caption alignright\"><img loading=\"lazy\" decoding=\"async\" src=\"https:\/\/heidysandovalruiz.com\/wp-content\/uploads\/2021\/03\/9-web.jpg\" alt=\"La imagen tiene un atributo ALT vac\u00edo; su nombre de archivo es 9-web.jpg\" width=\"247\" height=\"164\" \/><figcaption class=\"wp-caption-text\"><strong>Viajando de Tokio a Shangai<\/strong><\/figcaption><\/figure>\n<p style=\"text-align: justify;\"><span style=\"color: #000080;\">Muchos recuerdos inolvidables, como el del d\u00eda en que aterriz\u00f3 el primer vuelo de la nueva compa\u00f1\u00eda.<\/span><\/p>\n<p style=\"text-align: justify;\"><span style=\"color: #000080;\"><b>\u00bfCu\u00e9ntanos en qu\u00e9 Hoteles trabajaste?<\/b><i> <\/i>En el Hotel Guatemala Fiesta, ahora Holliday Inn, trabaj\u00e9 la campa\u00f1a de apertura del hotel y luego fui contratada como Gerente de Mercadeo, Ventas y Relaciones P\u00fablicas. \u00a0En el Hotel Ramada Inn en Antigua, ahora Hotel Solei, fui su Gerente General y en el Westing Camino Real, fui Gerente de Mercadeo, Ventas y Relaciones P\u00fablicas para Centro Am\u00e9rica.<b><\/b><\/span><\/p>\n<p style=\"text-align: justify;\"><span style=\"color: #000080;\"><b>A prop\u00f3sito \u00bfQu\u00e9 de especial ten\u00eda el Hotel Guatemala Fiesta que la juventud quer\u00eda conocer?<\/b><i> <\/i>Su discoteca en el segundo nivel llamada \u201cLas Maracas\u201d, el atractivo adem\u00e1s de ser muy moderna y de moda en esa \u00e9poca, ten\u00eda un vidrio que dejaba ver parte de la piscina del hotel localizada en el tercer piso. En la noche era toda una atracci\u00f3n\u2026<b><\/b><\/span><\/p>\n<p style=\"text-align: justify;\"><span style=\"color: #000080;\"><b>\u00bfQu\u00e9 pa\u00edses has conocido y cu\u00e1l es el que te ha cautivado y por qu\u00e9?<\/b><i> <\/i>Tengo la dicha y satisfacci\u00f3n de haber viajado mucho y conocer lugares de Am\u00e9rica, Europa, Asia y Africa, as\u00ed como Islas Griegas y la mayor\u00eda de las del Caribe. En mi primer viaje a Europa en 1976 a los 6 meses del terremoto, me impresion\u00f3 Paris. Tambi\u00e9n me han impresionado Marruecos, China y Mosc\u00fa.<\/span><\/p>\n<p style=\"text-align: justify;\"><span style=\"color: #000080;\">Creo que me ha cautivado mucho San Petersburgo, por su inigualable ambiente cultural y por supuesto Buenos Aires. De cada lugar tengo recuerdos y vivencias inolvidables. Doy gracias a la vida por haberme permitido disfrutar de tantos lugares bellos.<\/span><\/p>\n<p style=\"text-align: justify;\"><span style=\"color: #000080;\"><b>\u00bfC\u00f3mo definir\u00edas tu personalidad?<\/b> Soy una persona definida que sabe lo que quiere, y ha luchado para lograrlo. Honesta, leal, trabajadora, transparente, agradecida, alegre. Amo la vida.!!!<\/span><\/p>\n<p style=\"text-align: justify;\"><span style=\"color: #000080;\"><b>\u00bfHas tenido momentos dif\u00edciles y que lo hayas superado?<\/b><i> <\/i>S\u00ed. Hace 22 a\u00f1os sufr\u00ed la p\u00e9rdida de tres seres queridos, uno por a\u00f1o, mi padre Rodolfo Rosales Mena, mi hermana Raquel Rosales de Ugalde y mi esposo Julio Estrada de la Hoz. Hace 4 a\u00f1os mi hermano Ren\u00e9 Rosales Garc\u00eda Salas y un a\u00f1o y meses mi sobrino Rodolfo Rosales Caballeros. Han sido cada uno en su momento y su dimensi\u00f3n, momentos muy dolorosos.<\/span><\/p>\n<figure style=\"width: 195px\" class=\"wp-caption alignleft\"><img loading=\"lazy\" decoding=\"async\" src=\"https:\/\/heidysandovalruiz.com\/wp-content\/uploads\/2021\/03\/5-web.jpg\" alt=\"La imagen tiene un atributo ALT vac\u00edo; su nombre de archivo es 5-web.jpg\" width=\"195\" height=\"257\" \/><figcaption class=\"wp-caption-text\"><strong>Con Jos\u00e9 Luis Rodr\u00edguez \u2013El Puma- en su visita a Guatemala<\/strong><\/figcaption><\/figure>\n<p style=\"text-align: justify;\"><span style=\"color: #000080;\">Hace 6 a\u00f1os fui diagnosticada de c\u00e1ncer de mama grado III. Sufr\u00ed una Mastectom\u00eda Radical y tratamiento de seis meses de Quimioterapia y Radioterapia. \u00a0Las consecuencias de ello son devastadoras, pero Dios me dio la fortaleza para luchar y una nueva oportunidad de vivir y el C\u00e1ncer fue erradicado. <\/span><\/p>\n<p style=\"text-align: justify;\"><b style=\"color: #000080;\">\u00bfTe gustan las canciones de Amando Parrilla o de otro autor nacional?<\/b><i style=\"color: #000080;\"> <\/i><span style=\"color: #000080;\">Siempre me gust\u00f3 mucho la m\u00fasica de Amando Parrilla y aunque no llegu\u00e9 a tener amistad con el, si la tuve con personas muy queridas que compartieron su vida y sus canciones. De mis preferidas Este af\u00e1n de quererte, Noche, Luna y Sombras y Que verg\u00fcenza\u2026me encanta \u201cQue tenias esa noche \u201c<\/span><\/p>\n<p style=\"text-align: justify;\"><span style=\"color: #000080;\">Soy amante de los boleros, pero disfruto todo tipo de m\u00fasica, de acuerdo al lugar y la ocasi\u00f3n. En mi vida diaria escucho mucho m\u00fasica cl\u00e1sica.<\/span><\/p>\n<p style=\"text-align: justify;\"><span style=\"color: #000080;\"><b>\u00bfCu\u00e9ntanos de lo que gusta bailar, que estilo prefieres un tango, un bolero, marimba, qu\u00e9 es lo que te ha gustado?<\/b><i> <\/i>Siempre he sido muy bailadora. Soy de la \u00e9poca del mambo y el cha cha cha. Pero tambi\u00e9n me gusta bailar con marimba, boleros, samba en fin, de acuerdo a la persona y el lugar. Lo que si te digo es que muchas veces bailo sola pues disfruto mucho hacerlo.<b><\/b><\/span><\/p>\n<figure style=\"width: 359px\" class=\"wp-caption aligncenter\"><img loading=\"lazy\" decoding=\"async\" src=\"https:\/\/heidysandovalruiz.com\/wp-content\/uploads\/2021\/03\/8-web.jpg\" alt=\"La imagen tiene un atributo ALT vac\u00edo; su nombre de archivo es 8-web.jpg\" width=\"359\" height=\"296\" \/><figcaption class=\"wp-caption-text\"><strong>Como Presidente de la Asociaci\u00f3n Interamericana de Publicistas, disfrutando de la fiesta de clausura<\/strong><\/figcaption><\/figure>\n<p style=\"text-align: justify;\"><span style=\"color: #000080;\"><b>\u00bfDime, te gusta la luna qu\u00e9 te inspira?<\/b> La luna siempre me ha gustado igual que el sol. Muchos a\u00f1os de mi vida tom\u00e9 sol y mantuve una tez bronceada\u2026 La luna me inspira una sensaci\u00f3n de cercan\u00eda; la puedo ver desde que principia su crecimiento hasta que est\u00e1 llena en todo su esplendor. La veo muy cerca por mi ventana, a eso se debe que me tiene encandilada\u2026<b><\/b><\/span><\/p>\n<p style=\"text-align: justify;\"><span style=\"color: #000080;\"><b>\u00bfCu\u00e1ndo llega el amor a tu vida? <\/b>Llega en muy temprana edad cuando me cas\u00e9 teniendo solo 16 a\u00f1os\u2026 Hay ilusiones, quimeras, sue\u00f1os\u2026\u00a0 De ese amor tengo mis tres hijos que llenan mi vida y que son mi orgullo.<b><\/b><\/span><\/p>\n<p style=\"text-align: justify;\"><span style=\"color: #000080;\"><b>\u00bfC\u00f3mo recuerdas a Julio Estrada de la Hoz, un hombre muy importante en tu vida?<\/b><i> <\/i>Lo recuerdo, como lo que fue y dices bien\u2026 \u201dUn hombre muy importante en mi vida\u201d Despu\u00e9s de mi padre, que marc\u00f3 mi vida con su disciplina y amor por m\u00ed, Julio ocupa un lugar especial. Fue mi amigo, mi colega, mi socio, mi esposo, pero sobre todo mi mentor.<\/span><\/p>\n<p style=\"text-align: justify;\"><span style=\"color: #000080;\">Recorr\u00ed de su brazo, muchos pa\u00edses de Am\u00e9rica y Europa y nuestra querida Guatemala y contempl\u00e9 a su lado, por a\u00f1os el lago m\u00e1s bello del mundo, Atitl\u00e1n\u2026\u00a0 Fui autentica, alegre, tal cual soy\u2026\u00a0 No tuve que cambiar, Julio me amaba y admiraba; a Marruecos y China, fui despu\u00e9s de su fallecimiento\u2026\u00a0 Me hizo muy feliz. El pr\u00f3ximo 14 de mayo se cumplen 20 a\u00f1os de su partida. Es otro de los momentos dif\u00edciles que tuve que superar\u2026<\/span><\/p>\n<p style=\"text-align: justify;\"><span style=\"color: #000080;\"><b>\u00bfActualmente a qu\u00e9 te dedicas?<\/b><i> <\/i>Al terminar el tratamiento del c\u00e1ncer, que llev\u00f3 casi un a\u00f1o, decid\u00ed retirarme y dedicarme a mi familia. \u00a0Lejos quedan ya los largos viajes de trabajo o de placer, las jornadas de trabajo, el protagonismo en las diferentes asociaciones en las cuales particip\u00e9\u00a0 como la Asociaci\u00f3n de Gerentes de Guatemala, en donde llegu\u00e9 a ser la Primer Vice-Presidente y los aportes que pude dar en todos los largos a\u00f1os de mi vida profesional.<\/span><\/p>\n<p style=\"text-align: justify;\"><span style=\"color: #000080;\">He logrado disfrutar de la compa\u00f1\u00eda de mis 3 hijos y sus familias que ya me han dado 4 bisnietos y otro\/a que esperamos para septiembre. Leo mucho, temas cl\u00e1sicos, hist\u00f3ricos, el acontecer mundial y nacional, no se queda de lado. Escucho m\u00fasica y comparto con mis amigos por medio de las redes sociales.<\/span><\/p>\n<p style=\"text-align: justify;\"><span style=\"color: #000080;\">He empezado a incursionar en la fotograf\u00eda y cada vez disfruto m\u00e1s de mis avances con la tecnolog\u00eda y lo que Dios me ha permitido disfrutar. Mis d\u00edas son plenos y en paz.<\/span><\/p>\n<p style=\"text-align: justify;\"><span style=\"color: #000080;\"><b>Puedes compartir un mensaje para quienes leen \u201cLas entrevistas de Heidy\u201d?<\/b> LA VIDA ES BELLA,\u00a0 frase que ha acu\u00f1ado mi querido amigo Jorge Carro, me permite transmitir a los lectores de este espacio, que es una gran verdad. Podemos tener muchas luchas que librar, muchos sufrimientos que superar, muchas batallas por salud que vencer, pero si tenemos la convicci\u00f3n que la \u2018vida es bella\u2019, trataremos de lograr cumplir nuestros objetivos impuestos. Alguien dijo que \u201cNada es gratis \u201cy es una gran verdad\u2026 Todo cuesta en esta vida, pero si nos lo proponemos y hacemos todo lo que debemos hacer, disfrutaremos del triunfo. \u00a0Lo digo por experiencia.<\/span><\/p>\n<p style=\"text-align: justify;\"><span style=\"color: #000080;\">Agradezco a Ana Mar\u00eda Rosales el haber compartido su extraordinaria historia, una mujer que se propuso metas y las cumpli\u00f3.\u00a0 Hoy est\u00e1 dedicada a su familia, a gozar de la vida relajada y sobretodo apasionada con la luna.<\/span><\/p>\n<p style=\"text-align: justify;\">\u00a0<\/p>\n<p style=\"text-align: justify;\"><span style=\"color: #000080;\">\u00a0<\/span><\/p>\n<p style=\"text-align: justify;\"><span style=\"color: #000080;\"><b>Las entrevistas las pueden leer en los siguientes links:<\/b><\/span><\/p>\n<p><a title=\"http:\/\/lasentrevistasdeheidy.blogspot.com\" href=\"http:\/\/lasentrevistasdeheidy.blogspot.com\" data-blogger-escaped-data-mce-href=\"http:\/\/losinvitadosdeheidy.blogspot.com\/\">http:\/\/lasentrevistasdeheidy.blogspot.com<\/a><\/p>\n<p>\u00a0<\/p>\n<p style=\"text-align: justify;\"><span style=\"color: #000080;\"><b>Entrevista realizada por Heidy Sandoval Ruiz<\/b><\/span><\/p>\n\n\n<ul class=\"wp-block-gallery columns-3 is-cropped wp-block-gallery-1 is-layout-flex wp-block-gallery-is-layout-flex\"><li class=\"blocks-gallery-item\"><figure><img loading=\"lazy\" decoding=\"async\" width=\"360\" height=\"480\" src=\"https:\/\/heidysandovalruiz.com\/wp-content\/uploads\/2021\/03\/12-web.jpg\" alt=\"\" data-id=\"7081\" data-link=\"https:\/\/heidysandovalruiz.com\/?attachment_id=7081\" class=\"wp-image-7081\" srcset=\"https:\/\/heidysandovalruiz.com\/wp-content\/uploads\/2021\/03\/12-web.jpg 360w, https:\/\/heidysandovalruiz.com\/wp-content\/uploads\/2021\/03\/12-web-225x300.jpg 225w\" sizes=\"auto, (max-width: 360px) 100vw, 360px\" \/><\/figure><\/li><li class=\"blocks-gallery-item\"><figure><img loading=\"lazy\" decoding=\"async\" width=\"149\" height=\"212\" src=\"https:\/\/heidysandovalruiz.com\/wp-content\/uploads\/2021\/03\/7-web.jpg\" alt=\"\" data-id=\"7076\" data-link=\"https:\/\/heidysandovalruiz.com\/?attachment_id=7076\" class=\"wp-image-7076\"\/><\/figure><\/li><li class=\"blocks-gallery-item\"><figure><img loading=\"lazy\" decoding=\"async\" width=\"304\" height=\"289\" src=\"https:\/\/heidysandovalruiz.com\/wp-content\/uploads\/2021\/03\/4-web-1.jpg\" alt=\"\" data-id=\"7087\" data-link=\"https:\/\/heidysandovalruiz.com\/?attachment_id=7087\" class=\"wp-image-7087\" srcset=\"https:\/\/heidysandovalruiz.com\/wp-content\/uploads\/2021\/03\/4-web-1.jpg 304w, https:\/\/heidysandovalruiz.com\/wp-content\/uploads\/2021\/03\/4-web-1-300x285.jpg 300w\" sizes=\"auto, (max-width: 304px) 100vw, 304px\" \/><figcaption> <em>D\u00e1maso P\u00e9rez Prado<\/em> <\/figcaption><\/figure><\/li><li class=\"blocks-gallery-item\"><figure><img loading=\"lazy\" decoding=\"async\" width=\"216\" height=\"155\" src=\"https:\/\/heidysandovalruiz.com\/wp-content\/uploads\/2021\/03\/11-web-1.jpg\" alt=\"\" data-id=\"7088\" data-link=\"https:\/\/heidysandovalruiz.com\/?attachment_id=7088\" class=\"wp-image-7088\"\/><\/figure><\/li><\/ul>\n\n\n\n\n","protected":false},"excerpt":{"rendered":"<div class=\"mh-excerpt\"><p>En \u201cLa cara amiga de nuestros invitados\u201d, comparto con ustedes en esta oportunidad la historia de una mujer que sin duda alguna el campo de <a class=\"mh-excerpt-more\" href=\"https:\/\/heidysandovalruiz.com\/?p=2305\" title=\"La cara amiga de \u00abAna Mar\u00eda Rosales\u00bb\">[&#8230;]<\/a><\/p>\n<\/div>","protected":false},"author":4,"featured_media":7085,"comment_status":"closed","ping_status":"closed","sticky":false,"template":"","format":"standard","meta":{"footnotes":""},"categories":[16],"tags":[200],"class_list":["post-2305","post","type-post","status-publish","format-standard","has-post-thumbnail","hentry","category-la-cara-amiga","tag-la-cara-amiga-de-ana-maria-rosales"],"_links":{"self":[{"href":"https:\/\/heidysandovalruiz.com\/index.php?rest_route=\/wp\/v2\/posts\/2305","targetHints":{"allow":["GET"]}}],"collection":[{"href":"https:\/\/heidysandovalruiz.com\/index.php?rest_route=\/wp\/v2\/posts"}],"about":[{"href":"https:\/\/heidysandovalruiz.com\/index.php?rest_route=\/wp\/v2\/types\/post"}],"author":[{"embeddable":true,"href":"https:\/\/heidysandovalruiz.com\/index.php?rest_route=\/wp\/v2\/users\/4"}],"replies":[{"embeddable":true,"href":"https:\/\/heidysandovalruiz.com\/index.php?rest_route=%2Fwp%2Fv2%2Fcomments&post=2305"}],"version-history":[{"count":14,"href":"https:\/\/heidysandovalruiz.com\/index.php?rest_route=\/wp\/v2\/posts\/2305\/revisions"}],"predecessor-version":[{"id":7090,"href":"https:\/\/heidysandovalruiz.com\/index.php?rest_route=\/wp\/v2\/posts\/2305\/revisions\/7090"}],"wp:featuredmedia":[{"embeddable":true,"href":"https:\/\/heidysandovalruiz.com\/index.php?rest_route=\/wp\/v2\/media\/7085"}],"wp:attachment":[{"href":"https:\/\/heidysandovalruiz.com\/index.php?rest_route=%2Fwp%2Fv2%2Fmedia&parent=2305"}],"wp:term":[{"taxonomy":"category","embeddable":true,"href":"https:\/\/heidysandovalruiz.com\/index.php?rest_route=%2Fwp%2Fv2%2Fcategories&post=2305"},{"taxonomy":"post_tag","embeddable":true,"href":"https:\/\/heidysandovalruiz.com\/index.php?rest_route=%2Fwp%2Fv2%2Ftags&post=2305"}],"curies":[{"name":"wp","href":"https:\/\/api.w.org\/{rel}","templated":true}]}}