{"id":237,"date":"2013-11-10T03:01:56","date_gmt":"2013-11-10T03:01:56","guid":{"rendered":"http:\/\/heidysandovalruiz.com\/?p=237"},"modified":"2014-01-16T22:51:57","modified_gmt":"2014-01-16T22:51:57","slug":"la-cara-amiga-de-norman-pardo","status":"publish","type":"post","link":"https:\/\/heidysandovalruiz.com\/?p=237","title":{"rendered":"La cara amiga de \u00abNorman Pardo\u00bb"},"content":{"rendered":"<div>\n<p style=\"text-align: justify;\"><span style=\"color: #000000; font-family: Arial, sans-serif;\">En \u201c<strong>La cara amiga de nuestros invitados\u201d<\/strong> hoy presentamos a ustedes a una de esas figuras que por su constante trabajo y amor a lo que realiza, se mantiene vigente.\u00a0 Actualmente reside en-\u00a0\u00a0 MAUI , HAWAII-y vive felizmente casado con Letty C\u00f3rdova, \u00e9l es el actor\u00a0<strong>Norman Pardo\u00a0<\/strong>quien hoy nos contar\u00e1 algunas de esas intimidades que no se conocen de su vida personal y art\u00edstica y que estoy segura nos enriquecer\u00e1 con lo que hoy nos comenta.<\/span><\/p>\n<\/div>\n<div style=\"text-align: justify;\">\n<p><span style=\"color: #000000;\"><strong><span style=\"font-family: Arial, sans-serif;\">D\u00f3nde naces y como es la convivencia con tu familia? \u00a0\u00a0<\/span><\/strong>Nac\u00ed en Mazatenango, Suchitep\u00e9quez , un 2 de octubre pero por cosas de la vida , mi pap\u00e1 se tard\u00f3 dos d\u00edas en ir a inscribirme al Registro Civil , entonces! para asuntos legales y por las mismas razones, todos mis amigos siempre me felicitan , el 4 de octubre, as\u00ed que tengo dos cumplea\u00f1os jajajajajajajaj, pero como la mayor\u00eda de mis amigos tambi\u00e9n cumplen en octubre y mi pap\u00e1 y dos hermanos , entonces\u00a0 hay que celebrar todo el mes y\u00a0 como dec\u00eda el difunto Tono Crespo una semana cultural no caer\u00eda mal, y tambi\u00e9n es el mes de la Virgencita del Rosario no est\u00e1 mal. Y con mi familia ah\u00ed nos llevamos somos tantos hermanos \u00a0(14) te imaginar\u00e1s unos bien , otros tambi\u00e9n y los dem\u00e1s tambi\u00e9n , somos muy felices cada uno con lo suyo , mis padres ya se adelantaron en el camino,Dios los guarde.<\/span><\/p>\n<\/div>\n<div style=\"text-align: justify;\">\n<div>\n<p><span style=\"color: #000000;\"><strong><span style=\"font-family: Arial, sans-serif;\"><a href=\"https:\/\/heidysandovalruiz.com\/wp-content\/uploads\/2013\/11\/28927_10201680385310226_1758907538_n.jpg\"><span style=\"color: #000000;\"><img loading=\"lazy\" decoding=\"async\" class=\"size-medium wp-image-238 alignleft\" alt=\"28927_10201680385310226_1758907538_n\" src=\"https:\/\/heidysandovalruiz.com\/wp-content\/uploads\/2013\/11\/28927_10201680385310226_1758907538_n-200x300.jpg\" width=\"200\" height=\"300\" \/><\/span><\/a>En la adolescencia participaste en obras del colegio? \u00a0\u00a0<\/span><\/strong>Realmente nunca, pero si siempre me ha gustado participar o ayudar a los dem\u00e1s \u00a0(shute dijera mi mama ), alguna vez de ni\u00f1o no s\u00e9 5 o 7 a\u00f1os quise ser cantante y participe en unos actos de la escuela en Mazate, pero creo que me tiraron tomates jajajajajajja , no ,no es cierto; creo no cant\u00e9 bien y para ser honesto lo del canto se lo dejo a los que estudian para eso. \u00a0\u00a0<\/span><\/p>\n<\/div>\n<\/div>\n<div style=\"text-align: justify;\">\n<p><span style=\"color: #000000;\"><strong><span style=\"font-family: Arial, sans-serif;\">En qu\u00e9 momento cruza por tu mente dedicarte al teatro y quien fue tu influencia?\u00a0<\/span><\/strong>No s\u00e9 si fue el destino o porque en las venas me corre un apellido art\u00edstico, pero resulta que viv\u00edamos en la casona de una t\u00eda en la 6a calle entre 9\u00aa. y 10\u00aa. Av. zona 1.<\/span><\/p>\n<p><span style=\"color: #000000;\">All\u00ed viv\u00eda mi prima Eva Ninfa Mej\u00eda Pardo y me dijo lo invito para que vaya a ver una obra de teatro y fui, en ese entonces estaban presentando en la U.P. una obra o m\u00e1s bien una trilog\u00eda de obras, se llamaba (Tres en un Solo Pat\u00edn). Como se llamaban las obras, preg\u00fantame , no se me viene a la mente los nombres ; pas\u00f3 el tiempo y nos mudamos de casa nos fuimos a vivir por la 20 calle y 12 av. zona 1 y una noche de aquellas , que por esos tiempos muy tranquilas, pod\u00edas caminar\u00a0 a toda hora y no te pasaba nada, le dije a un amigo, vos quer\u00e9s estudiar teatro? y me dijo que es eso vos?, vamos ya te vas enterar, y nos\u00a0 fuimos\u00a0 a inscribir a la U.P. 1972 y desde ese entonces me enraic\u00e9 y aqu\u00ed estoy tratando de no olvidar o que no me olviden pues ahora vivo un poco lejos.<\/span><\/p>\n<\/div>\n<div style=\"text-align: justify;\">\n<p><span style=\"color: #000000;\"><strong><span style=\"font-family: Arial, sans-serif;\">En cu\u00e1ntas obras has participado y en cu\u00e1l de ellas te has quedado con los mejores recuerdos por su elenco, tu papel y la aceptaci\u00f3n del p\u00fablico?\u00a0<\/span><\/strong>La cantidad no s\u00e9, pero si te digo que han sido muchas desde actor, t\u00e9cnico, asistente de director, director y productor, ha sido muy variada mi vida en las tablas, gracias\u00a0 a Dios en la U.P. aprendimos mucho, gracias\u00a0 a mi maestro Rub\u00e9n Morales, se nos ense\u00f1\u00f3 desde lo actoral, maquillaje, escenograf\u00eda, luminotecnia, tramoya y sonidista. Todas la obras han sido muy importantes en mi vida aqu\u00ed les menciono algunas: \u00bb El Sr. Presidente, primera puesta en escena, La Chalana, Torotumbo ambas de mucho \u00e9xito, imponiendo un record en la historia del teatro de Guatemala eso como actor.<\/span><\/p>\n<\/div>\n<div style=\"text-align: justify;\">\n<p><span style=\"color: #000000;\"><span style=\"font-family: Arial, sans-serif;\">Como director la primera puesta en escena de la obra de el lic. Douglas Gonzalez Dubon ,La Epopeya de las Indias Espa\u00f1olas, Sangre sudor y l\u00e1grimas,\u00a0 Ricitos de oro, Un cuento en Navidad, El ni\u00f1o en el bosque, Cenicienta, Good bye Belize \u00a0\u00a0\u00a0\u00a0\u00a0(para escolares ) y otras que se me escapan de la mente. \u00a0<\/span><span style=\"font-family: Arial, sans-serif;\">Como parte de mi vida art\u00edstica fui miembro de los primeros trabajadores<\/span><span style=\"font-family: Arial, sans-serif;\">\u00a0\u00a0<\/span><span style=\"font-family: Arial, sans-serif;\">del gran Centro Cultural Miguel \u00c1ngel Asturias donde tuvimos un rol importante en el departamento t\u00e9cnico art\u00edstico (1979 &#8211; 1995 ).<\/span><b><span style=\"font-family: Arial, sans-serif;\"><a href=\"https:\/\/heidysandovalruiz.com\/wp-content\/uploads\/2013\/11\/995956_10201680384430204_251864931_n.jpg\"><span style=\"color: #000000;\"><img loading=\"lazy\" decoding=\"async\" class=\"size-medium wp-image-239 alignright\" alt=\"995956_10201680384430204_251864931_n\" src=\"https:\/\/heidysandovalruiz.com\/wp-content\/uploads\/2013\/11\/995956_10201680384430204_251864931_n-300x266.jpg\" width=\"300\" height=\"266\" \/><\/span><\/a><\/span><\/b><\/span><\/p>\n<\/div>\n<p style=\"text-align: justify;\"><span style=\"color: #000000;\">\u00a0<strong>Qui\u00e9nes son tus actores preferidos de nuestra Guatemala? <\/strong>Primero y como parte importante de mi vida por ser la que siempre me ha apoyado en todo lo que he querido hacer la actriz y esposa Lety C\u00f3rdova,\u00a0 actores\u00a0 preferidos no hay pero si hay mejores actores, algunos como: Do\u00f1a Mildred Ch\u00e1vez de Almorza, Manuel Lizandro Ch\u00e1vez , Herbert Meneces , Salom\u00f3n G\u00f3mez, Rafael Pineda y Juan Luis Donis, por supuesto el maestro\u00a0 Rub\u00e9n Morales Monrroy\u00a0 y mi amigaza Rosita Rodr\u00edguez .<\/span><\/p>\n<div style=\"text-align: justify;\">\n<p><span style=\"color: #000000;\"><strong><span style=\"font-family: Arial, sans-serif;\">Qu\u00e9 opinas de las personas que hacen teatro en las calles? <\/span><\/strong><span style=\"font-family: Arial, sans-serif;\">\u00a0<\/span>A ellos\u00a0 mis felicitaciones, hacen un trabajo muy especial digno de aplausos, es de admirarse porque van a los lugares m\u00e1s obscuros de mi bella Guatemala, no es f\u00e1cil ir a donde la gente no sabes c\u00f3mo te va a tratar o recibir, a ellos se les deber\u00eda de dar un reconocimiento de parte del gobierno de la Rep\u00fablica, a esos compa\u00f1eros de teatro de los barrios , de los departamentos que se ponen los pantalones\u00a0 y van a contar sus historias a ellos como dije aplausos.<\/span><\/p>\n<\/div>\n<div style=\"text-align: justify;\">\n<p><span style=\"color: #000000;\"><strong><span style=\"font-family: Arial, sans-serif;\">Eres Optometrista y como has conjugado esta carrera con la de teatro?<\/span><\/strong>Pues no s\u00e9,\u00a0 ves como es la vida no se puede vivir solo del arte hay que prepararse en\u00a0 otras ramas de la educaci\u00f3n, pero actualmente no hago ninguna de las dos cosas\u00a0 por circunstancias de\u00a0 la vida. Tambi\u00e9n soy maestro de arte especializado en teatro y con estudios de\u00a0 Ciencias de la Comunicaci\u00f3n.<\/span><\/p>\n<\/div>\n<div style=\"text-align: justify;\">\n<p><span style=\"color: #000000;\"><span style=\"font-family: Arial, sans-serif;\"><strong>D\u00f3nde resides actualmente y cu\u00e1l fue el motivo de haber decidido viajar fuera de Guatemala?<\/strong>\u00a0<\/span>Actualmente vivimos Lety mi hijo Steve y yo en la isla de Maui, Hawaii, tuvimos que emigrar hacia estos lares porque ya no pod\u00eda vivir en Guatemala, fui secuestrado en mi propia casa con mi familia, tres veces asaltado y otra vez estuve a punto morir por El J\u00edcaro, por eso tuvimos que abandonar nuestro pa\u00eds.<\/span><\/p>\n<\/div>\n<div style=\"text-align: justify;\">\n<p><span style=\"color: #000000;\"><span style=\"font-family: Arial, sans-serif;\"><strong>En el pa\u00eds donde resides trabajas en teatro?<\/strong>\u00a0<\/span>No, no me queda tiempo aqu\u00ed la vida es distinta y trabajo en otras cosas (restaurante, cocina ) aprendiendo siempre, de repente y regresamos y ponemos algo por all\u00e1.<\/span><\/p>\n<\/div>\n<div style=\"text-align: justify;\">\n<p><span style=\"color: #000000;\"><strong><span style=\"font-family: Arial, sans-serif;\">En la lejan\u00eda que m\u00e1s extra\u00f1as de Guatemala a parte de tu familia, comida y amigos? \u00a0<\/span><\/strong>Todo,\u00a0 nuestra\u00a0 familia\u00a0 a nuestros 5 nietos, 2 de ellos no conocemos, nuestra\u00a0 hija Ericka, nuestros hijos pol\u00edticos (Karina y Daniel) amigos, comida y a ustedes gente de teatro.<\/span><\/p>\n<\/div>\n<div style=\"text-align: justify;\">\n<p><span style=\"color: #000000;\"><strong><span style=\"font-family: Arial, sans-serif;\">Cu\u00e1ndo tienes programado tu regreso a tu patria?\u00a0<\/span><\/strong>No sabemos cu\u00e1ndo , pero si queremos regresar.<\/span><\/p>\n<\/div>\n<div style=\"text-align: justify;\">\n<p><span style=\"color: #000000;\"><strong><span style=\"font-family: Arial, sans-serif;\">Qu\u00e9 le dir\u00edas a tus amigos a trav\u00e9s del FB?\u00a0<\/span><\/strong>Que siempre los recordamos, tratemos de\u00a0 cambiar a Guatemala para que no haya m\u00e1s violencia , un fuerte abrazo para todos .<span style=\"font-family: Arial, sans-serif;\">\u00a0<\/span><\/span><\/p>\n<\/div>\n<div>\n<p style=\"text-align: justify;\"><span style=\"color: #000000;\">\u00a0<\/span><\/p>\n<\/div>\n<div><span style=\"color: #000000;\"><strong>\u00a0Entrevista realizada por Heidy Sandoval Ruiz<\/strong><\/span><\/div>\n","protected":false},"excerpt":{"rendered":"<div class=\"mh-excerpt\"><p>En \u201cLa cara amiga de nuestros invitados\u201d hoy presentamos a ustedes a una de esas figuras que por su constante trabajo y amor a lo <a class=\"mh-excerpt-more\" href=\"https:\/\/heidysandovalruiz.com\/?p=237\" title=\"La cara amiga de \u00abNorman Pardo\u00bb\">[&#8230;]<\/a><\/p>\n<\/div>","protected":false},"author":4,"featured_media":240,"comment_status":"closed","ping_status":"closed","sticky":false,"template":"","format":"standard","meta":{"footnotes":""},"categories":[16],"tags":[29],"class_list":["post-237","post","type-post","status-publish","format-standard","has-post-thumbnail","hentry","category-la-cara-amiga","tag-la-cara-amiga-de-norman-pardo"],"_links":{"self":[{"href":"https:\/\/heidysandovalruiz.com\/index.php?rest_route=\/wp\/v2\/posts\/237","targetHints":{"allow":["GET"]}}],"collection":[{"href":"https:\/\/heidysandovalruiz.com\/index.php?rest_route=\/wp\/v2\/posts"}],"about":[{"href":"https:\/\/heidysandovalruiz.com\/index.php?rest_route=\/wp\/v2\/types\/post"}],"author":[{"embeddable":true,"href":"https:\/\/heidysandovalruiz.com\/index.php?rest_route=\/wp\/v2\/users\/4"}],"replies":[{"embeddable":true,"href":"https:\/\/heidysandovalruiz.com\/index.php?rest_route=%2Fwp%2Fv2%2Fcomments&post=237"}],"version-history":[{"count":3,"href":"https:\/\/heidysandovalruiz.com\/index.php?rest_route=\/wp\/v2\/posts\/237\/revisions"}],"predecessor-version":[{"id":603,"href":"https:\/\/heidysandovalruiz.com\/index.php?rest_route=\/wp\/v2\/posts\/237\/revisions\/603"}],"wp:featuredmedia":[{"embeddable":true,"href":"https:\/\/heidysandovalruiz.com\/index.php?rest_route=\/wp\/v2\/media\/240"}],"wp:attachment":[{"href":"https:\/\/heidysandovalruiz.com\/index.php?rest_route=%2Fwp%2Fv2%2Fmedia&parent=237"}],"wp:term":[{"taxonomy":"category","embeddable":true,"href":"https:\/\/heidysandovalruiz.com\/index.php?rest_route=%2Fwp%2Fv2%2Fcategories&post=237"},{"taxonomy":"post_tag","embeddable":true,"href":"https:\/\/heidysandovalruiz.com\/index.php?rest_route=%2Fwp%2Fv2%2Ftags&post=237"}],"curies":[{"name":"wp","href":"https:\/\/api.w.org\/{rel}","templated":true}]}}