{"id":254,"date":"2013-11-10T05:26:17","date_gmt":"2013-11-10T05:26:17","guid":{"rendered":"http:\/\/heidysandovalruiz.com\/?p=254"},"modified":"2014-01-16T22:51:51","modified_gmt":"2014-01-16T22:51:51","slug":"entrevista-con-alberto-vasquez","status":"publish","type":"post","link":"https:\/\/heidysandovalruiz.com\/?p=254","title":{"rendered":"Entrevista con Alberto V\u00e1squez"},"content":{"rendered":"<p><span style=\"color: #008080;\">Alberto V\u00e1squez fue desde mi ni\u00f1ez uno de esos artistas que marcan tu vida. \u00a0Siempre tuve el deseo de conocerle y que sorpresa me llev\u00e9 cuando por julio de 1995 vino a Guatemala. \u00a0Mis amigos Jorge Raudales y Paquito D\u00edaz, hicieron que ese sue\u00f1o de ni\u00f1a se convirtiera en realidad. \u00a0Entrevist\u00e9 a Alberto y compart\u00ed con \u00e9l an\u00e9cdotas de su vida. \u00a0Adem\u00e1s me goc\u00e9 su concierto.<\/span><\/p>\n<div id='gallery-1' class='gallery galleryid-254 gallery-columns-3 gallery-size-thumbnail'><figure class='gallery-item'>\n\t\t\t<div class='gallery-icon portrait'>\n\t\t\t\t<a href='https:\/\/heidysandovalruiz.com\/?attachment_id=255'><img loading=\"lazy\" decoding=\"async\" width=\"150\" height=\"150\" src=\"https:\/\/heidysandovalruiz.com\/wp-content\/uploads\/2013\/11\/Alberto-V\u00e1squez-150x150.jpg\" class=\"attachment-thumbnail size-thumbnail no-lazy\" alt=\"\" \/><\/a>\n\t\t\t<\/div><\/figure><figure class='gallery-item'>\n\t\t\t<div class='gallery-icon landscape'>\n\t\t\t\t<a href='https:\/\/heidysandovalruiz.com\/?attachment_id=256'><img loading=\"lazy\" decoding=\"async\" width=\"150\" height=\"150\" src=\"https:\/\/heidysandovalruiz.com\/wp-content\/uploads\/2013\/11\/Alberto-y-yo-150x150.jpg\" class=\"attachment-thumbnail size-thumbnail no-lazy\" alt=\"\" \/><\/a>\n\t\t\t<\/div><\/figure><figure class='gallery-item'>\n\t\t\t<div class='gallery-icon landscape'>\n\t\t\t\t<a href='https:\/\/heidysandovalruiz.com\/?attachment_id=257'><img loading=\"lazy\" decoding=\"async\" width=\"150\" height=\"150\" src=\"https:\/\/heidysandovalruiz.com\/wp-content\/uploads\/2013\/11\/968895_443508869078585_2018541238_n-150x150.jpg\" class=\"attachment-thumbnail size-thumbnail no-lazy\" alt=\"\" \/><\/a>\n\t\t\t<\/div><\/figure>\n\t\t<\/div>\n\n","protected":false},"excerpt":{"rendered":"<div class=\"mh-excerpt\"><p>Alberto V\u00e1squez fue desde mi ni\u00f1ez uno de esos artistas que marcan tu vida. \u00a0Siempre tuve el deseo de conocerle y que sorpresa me llev\u00e9 <a class=\"mh-excerpt-more\" href=\"https:\/\/heidysandovalruiz.com\/?p=254\" title=\"Entrevista con Alberto V\u00e1squez\">[&#8230;]<\/a><\/p>\n<\/div>","protected":false},"author":4,"featured_media":257,"comment_status":"closed","ping_status":"closed","sticky":false,"template":"","format":"standard","meta":{"footnotes":""},"categories":[5],"tags":[30],"class_list":["post-254","post","type-post","status-publish","format-standard","has-post-thumbnail","hentry","category-entrevistas","tag-entrevista-con-alberto-vasquez"],"_links":{"self":[{"href":"https:\/\/heidysandovalruiz.com\/index.php?rest_route=\/wp\/v2\/posts\/254","targetHints":{"allow":["GET"]}}],"collection":[{"href":"https:\/\/heidysandovalruiz.com\/index.php?rest_route=\/wp\/v2\/posts"}],"about":[{"href":"https:\/\/heidysandovalruiz.com\/index.php?rest_route=\/wp\/v2\/types\/post"}],"author":[{"embeddable":true,"href":"https:\/\/heidysandovalruiz.com\/index.php?rest_route=\/wp\/v2\/users\/4"}],"replies":[{"embeddable":true,"href":"https:\/\/heidysandovalruiz.com\/index.php?rest_route=%2Fwp%2Fv2%2Fcomments&post=254"}],"version-history":[{"count":3,"href":"https:\/\/heidysandovalruiz.com\/index.php?rest_route=\/wp\/v2\/posts\/254\/revisions"}],"predecessor-version":[{"id":260,"href":"https:\/\/heidysandovalruiz.com\/index.php?rest_route=\/wp\/v2\/posts\/254\/revisions\/260"}],"wp:featuredmedia":[{"embeddable":true,"href":"https:\/\/heidysandovalruiz.com\/index.php?rest_route=\/wp\/v2\/media\/257"}],"wp:attachment":[{"href":"https:\/\/heidysandovalruiz.com\/index.php?rest_route=%2Fwp%2Fv2%2Fmedia&parent=254"}],"wp:term":[{"taxonomy":"category","embeddable":true,"href":"https:\/\/heidysandovalruiz.com\/index.php?rest_route=%2Fwp%2Fv2%2Fcategories&post=254"},{"taxonomy":"post_tag","embeddable":true,"href":"https:\/\/heidysandovalruiz.com\/index.php?rest_route=%2Fwp%2Fv2%2Ftags&post=254"}],"curies":[{"name":"wp","href":"https:\/\/api.w.org\/{rel}","templated":true}]}}