{"id":2630,"date":"2015-04-19T02:02:57","date_gmt":"2015-04-19T02:02:57","guid":{"rendered":"http:\/\/heidysandovalruiz.com\/?p=2630"},"modified":"2015-04-19T02:03:45","modified_gmt":"2015-04-19T02:03:45","slug":"la-cara-amiga-de-brenda-monzon","status":"publish","type":"post","link":"https:\/\/heidysandovalruiz.com\/?p=2630","title":{"rendered":"La cara amiga de \u00abBrenda Monz\u00f3n\u00bb"},"content":{"rendered":"<p style=\"text-align: justify;\">En la <strong>\u201cCara amiga de los invitados de Heidy<\/strong>\u201d, presento en esta oportunidad la historia de una mujer multifac\u00e9tica, poetisa, escritora, promotora cultural, periodista, Relacionista P\u00fablica, locutora, publicista, actriz de teatro y productora creativa de Radio Y TV. Adem\u00e1s de ser madre y directora de FILGUA, ella es <strong>Brenda Zacnict\u00e9 Monz\u00f3n de la Pe\u00f1a<\/strong>. Nuestra invitada ha aceptado contarnos parte de su vida, sus inquietudes, sus sue\u00f1os y los \u00e9xitos que ha logrado.<\/p>\n<p style=\"text-align: justify;\">Bienvenida Brenda a este espacio donde se puede decir lo que se quiere y en otros lados no se puede.<\/p>\n<p style=\"text-align: justify;\">Hija de uno de los m\u00fasicos m\u00e1s queridos por miles de guatemaltecos don Jos\u00e9 Ernesto Monz\u00f3n Reyna el \u201cCantor del paisaje\u201d. Y es precisamente con esta pregunta que iniciamos nuestra entrevista.<\/p>\n<p style=\"text-align: justify;\"><strong>\u00bfCu\u00e9ntanos como recuerdas tu ni\u00f1ez al lado de tus padres?<\/strong> Tuve una maravillosa infancia que marc\u00f3 mi vida, crecimos en Huehuetenango, a las orillas, la ciudad no era tan grande como lo es actualmente. Alrededor nuestro hab\u00eda pocas casas, pero mucho bosque, mucho lugar donde correr, brincar, se podr\u00eda decir que nuestra \u00e1rea de juegos med\u00eda varias hect\u00e1reas porque cerca nace parte de la Sierra de los Cuchumatanes, as\u00ed que crecimos rodeados de la naturaleza, todo era muy tranquilo, muy limpio, en ese entonces no hab\u00eda maldad, pod\u00edamos salir caminando por kil\u00f3metros enteros sin miedo a alg\u00fan peligro.<\/p>\n<p style=\"text-align: justify;\">Mi pap\u00e1 trabajaba ac\u00e1 en la ciudad capital y llegaba cada fin de semana o cada quince d\u00edas a la casa, esperarlo era una verdadera fiesta para todos los hermanos, reserv\u00e1bamos con varias horas de anticipaci\u00f3n el lugar de la mesa a la par de \u00e9l, en la terraza de la casa hac\u00edamos vig\u00eda para esperarlo, casi siempre llegaba en la moto y nunca con las manos vac\u00edas, eso s\u00ed, generalmente acompa\u00f1ado porque se encontraba a m\u00e1s de alg\u00fan turista perdido o alg\u00fan amigo en la carretera y siempre lo invitaba a la casa, ped\u00eda a mi mam\u00e1 que le tuviera preparado joc\u00f3n huehueteco con lengua de vaca, frijoles volteados, un buen postre de manjar y caf\u00e9 muy caliente.<\/p>\n<p style=\"text-align: justify;\">Vivimos la infancia entre an\u00e9cdotas huelgueras, canciones, poes\u00eda, casi todos los hermanos aprendimos varios poemas y a recitar desde muy peque\u00f1os, \u00e9l nos correg\u00eda la interpretaci\u00f3n, la dicci\u00f3n, la intensidad y sonoridad de la voz. Mi pap\u00e1 no se perd\u00eda las tradicionales serenatas huehuetecas, y casi siempre invitaba a varios de sus amigos a visitar la casa y disfrutar, m\u00e1s de alguna vez lleg\u00f3 con Manuel Jos\u00e9 Arce, Alfonso Bauer Paiz, Roberto Paz y Paz, Rigoberto Bran Azmitia, Lencho Patas Planas entre algunos de sus tantos amigos.<a href=\"https:\/\/heidysandovalruiz.com\/wp-content\/uploads\/2015\/04\/10955690_10203759928259915_4196157958911136379_n.jpg\"><img loading=\"lazy\" decoding=\"async\" class=\"wp-image-2631 alignleft\" alt=\"10955690_10203759928259915_4196157958911136379_n\" src=\"https:\/\/heidysandovalruiz.com\/wp-content\/uploads\/2015\/04\/10955690_10203759928259915_4196157958911136379_n-225x300.jpg\" width=\"126\" height=\"168\" srcset=\"https:\/\/heidysandovalruiz.com\/wp-content\/uploads\/2015\/04\/10955690_10203759928259915_4196157958911136379_n-225x300.jpg 225w, https:\/\/heidysandovalruiz.com\/wp-content\/uploads\/2015\/04\/10955690_10203759928259915_4196157958911136379_n.jpg 720w\" sizes=\"auto, (max-width: 126px) 100vw, 126px\" \/><\/a><\/p>\n<p style=\"text-align: justify;\">Nuestra infancia sucedi\u00f3 entre juegos de b\u00e9isbol, tertulias de canciones, an\u00e9cdotas y poes\u00eda, entre entrevistas en programas de radio, televisi\u00f3n y prensa, entre invitaciones a m\u00faltiples homenajes que recib\u00eda mi pap\u00e1, entre su biblioteca personal donde correg\u00eda tres diccionarios, ese era su mayor pasatiempo, buscar errores ortogr\u00e1ficos y de redacci\u00f3n a los libros que le\u00eda.<\/p>\n<p style=\"text-align: justify;\"><strong>\u00bfTu pap\u00e1 te cantaba canciones y cu\u00e1l es la que m\u00e1s recuerdas?<\/strong> La naturaleza de mi pap\u00e1 era ser un hombre muy cari\u00f1oso, muy tierno, muy humano. A todos los hermanos nos cantaba canciones, a todos nos quer\u00eda mucho, no creo que tuviera a alg\u00fan hijo favorito, pero l\u00f3gicamente las distintas edades hacen tener tratos diferentes con cada uno, con los m\u00e1s peque\u00f1os jugaba y bromeaba, con los m\u00e1s grandes era m\u00e1s c\u00f3mplice, ya hab\u00eda otra comprensi\u00f3n del mundo.<\/p>\n<p style=\"text-align: justify;\">Mi pap\u00e1 nos cantaba muchas canciones de Cri-Cri, y algunas de \u00e9l, a m\u00ed, por ser la m\u00e1s morena de la casa \u00e9l me dec\u00eda de cari\u00f1o \u201cla negrita\u201d, entonces me cantaba una canci\u00f3n de \u00e9l que se llama \u201cNegrita Pamb\u00e1\u201d, y una de CriCri que se llama \u201cNegrita Cucurrumb\u00e9\u201d.<\/p>\n<p style=\"text-align: justify;\"><strong>A prop\u00f3sito \u00bfC\u00f3mo recuerdas tu etapa en el colegio en Huehuetenango?<\/strong> Alegre, muy divertida, muy tranquila, con muchas aventuras. Estudio en los colegios La Salle y Asturias. Siempre me llev\u00e9 mejor con los amigos varones que con las mujeres. Nunca fui la mejor alumna, tampoco perd\u00eda clases, quiz\u00e1 porque no me requer\u00eda mucho esfuerzo estudiar, mis promedios eran de entre 75 a 85 puntos, me recuerdo jugando al f\u00fatbol y a los cincos y no muchas mu\u00f1ecas. En clase era muy distra\u00edda, un poco hablantina, no importara si me escuchaban o no.<\/p>\n<p style=\"text-align: justify;\">Al momento de socializar fuera de clase era muy introvertida, un poco solitaria, siempre andaba navegando en mi mundo tal como lo hago ahora, no ha cambiado nada (jajajaja). Eso s\u00ed, al estar sobre un escenario o al frente de la clase cambiaba totalmente, mi pap\u00e1 nos ense\u00f1\u00f3 mucho la improvisaci\u00f3n, y la mejor improvisaci\u00f3n es aquella que no se improvisa, es decir le\u00edamos mucho, investig\u00e1bamos, analiz\u00e1bamos, pero siempre hac\u00edamos las cosas a nuestro modo, a nuestro ritmo, a nuestra forma y si nos formulaban alguna preguntaba sab\u00edamos qu\u00e9 responder.<\/p>\n<p style=\"text-align: justify;\">Siempre que hab\u00eda concursos de canto, poes\u00eda, disfraces, todos los hermanos particip\u00e1bamos y siempre los primeros lugares quedaban entre nosotros, algunas veces los compa\u00f1eros dec\u00edan: ya no vamos a participar, ya est\u00e1n los Monz\u00f3n (jajaja)<\/p>\n<p style=\"text-align: justify;\"><strong>\u00bfPor qu\u00e9 se vienen a radicar a Guatemala?<\/strong> No es que nos vini\u00e9ramos a radicar a Guatemala, salimos de uno en uno sin planearlo. En ese entonces en Huehuetenango no hab\u00eda muchas carreras de diversificado, hab\u00eda m\u00e1s en Quetzaltenango, era el centro de los estudios del occidente, primero se fue mi hermana Ixmucan\u00e9 a estudiar al Colegio Encarnaci\u00f3n Rosal, despu\u00e9s Renato al Liceo Guatemala. \u00a0Yo me vine a los 15 a\u00f1os a estudiar Perito Agr\u00f3nomo al ITPA.<\/p>\n<p style=\"text-align: justify;\"><strong>\u00bfDe qu\u00e9 te grad\u00faas en el colegio y que estudios contin\u00faas inmediatamente?<\/strong> Estudi\u00e9 muchas cosas pero me gradu\u00e9 de pocas jajajaja. Siempre he sido una mujer rebelde, con mis ideas muy marcadas y con tal franqueza y honestidad que si creo estar en lo correcto las defiendo a morir, no me gusta que me impongan nada, ni que me quieran convencer de cosas que no me parecen justas, marco mi propio camino, hago mi propio sendero y si algo no me llama lo suficiente la atenci\u00f3n me aburro r\u00e1pido.<\/p>\n<p style=\"text-align: justify;\">Volviendo al tema, estudi\u00e9 Perito Agr\u00f3nomo en el ITPA pero no me gradu\u00e9, estudi\u00e9 Secretariado Oficinista en el Teresa Mart\u00ed de Xela, tampoco me gradu\u00e9, estudi\u00e9 Bachillerato en Artes Escenicas en la ENAD, tampoco me gradu\u00e9 jajajaja, pero eso s\u00ed, aprend\u00ed muchas, muchas cosas y conoc\u00ed mucha gente.<\/p>\n<p style=\"text-align: justify;\"><a href=\"https:\/\/heidysandovalruiz.com\/wp-content\/uploads\/2015\/04\/10497229_10202571151141230_1548925327664517894_o.jpg\"><img loading=\"lazy\" decoding=\"async\" class=\"wp-image-2632 alignright\" alt=\"10497229_10202571151141230_1548925327664517894_o\" src=\"https:\/\/heidysandovalruiz.com\/wp-content\/uploads\/2015\/04\/10497229_10202571151141230_1548925327664517894_o-300x168.jpg\" width=\"210\" height=\"118\" srcset=\"https:\/\/heidysandovalruiz.com\/wp-content\/uploads\/2015\/04\/10497229_10202571151141230_1548925327664517894_o-300x168.jpg 300w, https:\/\/heidysandovalruiz.com\/wp-content\/uploads\/2015\/04\/10497229_10202571151141230_1548925327664517894_o.jpg 741w\" sizes=\"auto, (max-width: 210px) 100vw, 210px\" \/><\/a>Me gradu\u00e9 de Bachiller en Ciencias y Letras en el Colegio Italiano de Guatemala. Inmediatamente inicio estudios de T\u00e9cnico en Publicidad en la USAC, trabajo temas de publicidad y luego conformo un grupo de periodistas para sacar de nuevo el t\u00e9cnico en periodismo y luego la licenciatura en periodismo en la Universidad Panamericana. \u00a0Actualmente estudio la Maestr\u00eda en Medios de Comunicaci\u00f3n.<\/p>\n<p style=\"text-align: justify;\"><strong>\u00bfAlguna vez participaste en concursos de belleza?<\/strong> Si, algunas, m\u00e1s por complacer a mi mam\u00e1 o mis compa\u00f1eras de estudio. Fui se\u00f1orita deportes en el Colegio Teresa Mart\u00ed de Quetzaltenango, recuerdo que yo ten\u00eda 17 a\u00f1os y particip\u00e1bamos 14 j\u00f3venes de la costa y del occidente del pa\u00eds, yo era la m\u00e1s bajita de todas, creo que me ayud\u00f3 el que siempre hice alg\u00fan deporte y la facilidad de palabra.<\/p>\n<p style=\"text-align: justify;\">Fui Se\u00f1orita Hospital Nacional en Huehuetenango y particip\u00e9 para Se\u00f1orita Fiestas Julias qued\u00e9 de primera finalista. \u00a0Fui reina y madrina de tres asociaciones m\u00e1s que no recuerdo jajajajaja.<\/p>\n<p style=\"text-align: justify;\"><strong>Tienes tantas actividades que vamos a pedirte que nos compartas como ha sido tu experiencia en algunas de ellas, por ejemplo, \u00bfC\u00f3mo surge la inquietud de ser poetisa, escritora y periodista?<\/strong> Desde muy peque\u00f1a ve\u00eda maravillada como mi pap\u00e1 pr\u00e1cticamente devoraba los libros, entonces cada libro que \u00e9l iba terminando yo lo iba leyendo, aunque no entendiera nada de ellos, a los 9 a\u00f1os no pod\u00eda entender a Jos\u00e9 Mar\u00eda Vargas Vila con los C\u00e9sares de la Decadencia o el Minotauro, pero me enamor\u00f3 Cien a\u00f1os de soledad de Garc\u00eda M\u00e1rquez, Relato de un n\u00e1ufrago, etc. Antes, a los 8 a\u00f1os cuando ya sab\u00eda leer y escribir le\u00eda poes\u00eda de Rub\u00e9n Dar\u00edo y Jos\u00e9 Mart\u00ed, a m\u00ed me enamor\u00f3 la poes\u00eda, los versos, es el g\u00e9nero literario que m\u00e1s me gusta, me apasiona. Conforme fui creciendo fui reuniendo mis propios libros, ya a los 17 a\u00f1os ten\u00eda mi propia colecci\u00f3n personal.<\/p>\n<p style=\"text-align: justify;\">A los 12 a\u00f1os escribo mis primeros versos, y segu\u00ed experimentando con las letras.<\/p>\n<p style=\"text-align: justify;\">Periodista fue por azares de la vida, una cosa me ha llevado a la otra, el propio tema cultural en el que siempre me he desenvuelto, mi pap\u00e1 era periodista, nuestra casa ac\u00e1 en Guatemala pr\u00e1cticamente era la APG, algunas veces hasta dorm\u00edamos all\u00ed.<\/p>\n<p style=\"text-align: justify;\">Tambi\u00e9n me di cuenta que hay un vac\u00edo en el periodismo cultural, no solo ac\u00e1 en Guatemala sino en varios pa\u00edses de Am\u00e9rica Latina, es un fen\u00f3meno que se est\u00e1 dando, los medios de comunicaci\u00f3n poco a poco van quit\u00e1ndole espacio a la secci\u00f3n cultural, van releg\u00e1ndola a un tercer plano, hay escasos periodistas especializados en el tema, los mismo pueden cubrir una nota pol\u00edtica, roja, social o cultural. El hecho de trabajar 4 a\u00f1os en la misma secci\u00f3n no los hace especialistas, el tema cultural es complejo, profundo, tiene su terminolog\u00eda propia, sus propios conceptos, tiempos, espacios.<a href=\"https:\/\/heidysandovalruiz.com\/wp-content\/uploads\/2015\/04\/10501948_10202601534860804_1266894175004035162_n.jpg\"><img loading=\"lazy\" decoding=\"async\" class=\"wp-image-2634 alignleft\" alt=\"10501948_10202601534860804_1266894175004035162_n\" src=\"https:\/\/heidysandovalruiz.com\/wp-content\/uploads\/2015\/04\/10501948_10202601534860804_1266894175004035162_n-200x300.jpg\" width=\"140\" height=\"210\" srcset=\"https:\/\/heidysandovalruiz.com\/wp-content\/uploads\/2015\/04\/10501948_10202601534860804_1266894175004035162_n-200x300.jpg 200w, https:\/\/heidysandovalruiz.com\/wp-content\/uploads\/2015\/04\/10501948_10202601534860804_1266894175004035162_n.jpg 640w\" sizes=\"auto, (max-width: 140px) 100vw, 140px\" \/><\/a><\/p>\n<p style=\"text-align: justify;\"><strong>\u00bfY qu\u00e9 nos cuentas de tu incursi\u00f3n en la locuci\u00f3n, el teatro, la publicidad y la producci\u00f3n de Radio y TV?<\/strong> En la locuci\u00f3n fue por mera casualidad, nunca lo pens\u00e9 ni lo imagin\u00e9, en 1994 en diciembre, fui a Radio La Voz de Huehuetenango a dejar un disco de canciones de mi pap\u00e1, ya conoc\u00eda por tel\u00e9fono al locutor pues le ped\u00eda algunas canciones, esa vez lo conoc\u00ed y me dijo tienes un bonito timbre de voz hazte una prueba de locuci\u00f3n, no quise pero me convenci\u00f3, entr\u00e9 al estudio de grabaci\u00f3n, hice una primer prueba, me dijo que yo ten\u00eda posibilidades de trabajar en radio, desde ese d\u00eda me qued\u00e9, fui aprendiz, llegaba todas las ma\u00f1anas, programaba anuncios, buscaba discos en acetato no hab\u00eda CDs, conoc\u00ed toda la biblioteca musical de memoria, no hab\u00eda computadoras que programaran, a los 6 meses de estar all\u00ed me dejaron hablar por primera vez al aire, a los pocos d\u00edas se enferm\u00f3 el locutor que sacaba el turno de las 6 de la ma\u00f1ana en StereoMam y me pidieron que lo cubriera, llegaba emocionada en mi bicicleta a las 05:30 am, empec\u00e9 a animar el espacio, a los oyentes les gust\u00f3, el due\u00f1o de la radio me ofreci\u00f3 mi primer sueldo Q 150 mensuales, yo era feliz.<\/p>\n<p style=\"text-align: justify;\">En el a\u00f1o 1995 me vine a vivir a Guatemala, sent\u00ed que me qued\u00f3 peque\u00f1o Huehue, ac\u00e1 trabaj\u00e9 en un banco, \u201cEl Continental\u201d, mi hermano Renato me consigui\u00f3 una entrevista con los Herbruger due\u00f1os de MetroStereo, llegu\u00e9 y me dieron un peque\u00f1o espacio, as\u00ed incursion\u00e9 en las radios de Guatemala, estuve all\u00ed un tiempo, despu\u00e9s en Ke Buena de Radio Grupo Alius, luego me voy a Estereo Cadena Grande por 7 a\u00f1os y empec\u00e9 a grabar comerciales de radio y tv.<\/p>\n<p style=\"text-align: justify;\">En el a\u00f1o 1996 estudi\u00e9 Arte Dram\u00e1tico en la ENAD bajo la direcci\u00f3n de Luis Tuch\u00e1n, canto en la escuela Maria Callas del maestro Navas, despu\u00e9s estuve en radio teatro con Hilda Castro. Poco a poco me fueron llamando para hacer comerciales publicitarios, despu\u00e9s yo misma los iba produciendo y dirigiendo, tuve una peque\u00f1a agencia de publicidad que funcionaba para Quetzaltenango y Huehuetenango.<\/p>\n<p style=\"text-align: justify;\">Conoc\u00ed al Gerente de Cable Sur en Guatemala y le traslad\u00e9 un proyecto para tener un programa de TV por cable, y por tres a\u00f1os produc\u00eda, dirig\u00ed, y conduc\u00eda Planeta Musical.<\/p>\n<p style=\"text-align: justify;\"><strong>A prop\u00f3sito tambi\u00e9n tengo entendido has sido entrevistadora \u00bfQu\u00e9 nos cuentas de esta faceta?<\/strong> Mi trabajo en radio y en tv me dio la oportunidad de entrevistar a varios artistas.<br \/>\nViaj\u00e9 con los Tigres del Norte a Centro Am\u00e9rica a distintas presentaciones y les hice varias entrevistas.<\/p>\n<p style=\"text-align: justify;\">Tambi\u00e9n entrevist\u00e9 a: Alux Nahual; Viento en Contra; Marco Antonio Solis \u201cEl Buki\u201d; Soraya; Alex Sintex; Magneto; Jos\u00e9 Jos\u00e9; Julio Iglesias; entre otros. \u00a0Ahora he entrevistado pero a escritores.<\/p>\n<p style=\"text-align: justify;\"><strong>\u00bfC\u00f3mo logras compaginar todas estas profesiones?<\/strong> Primero porque amo lo que hago, lo hago con pasi\u00f3n, no tengo un horario de 8 horas de trabajo, creo que hasta dormida estoy haciendo la estrategia y planificaci\u00f3n de mis actividades.<\/p>\n<p style=\"text-align: justify;\">Tengo el apoyo, tolerancia y comprensi\u00f3n de mi esposo y de mis hijas, sin eso no fuera posible desarrollar todas estas cosas, ellos me acompa\u00f1an en todo y se meten de cabeza en los proyectos.<br \/>\n\u00bfSi te digo \u201cUna Guatemala por conocer\u201d que traigo a tu mente? Un proyecto muy lindo organizado por Byron V\u00e1squez de la Casa de la Cultura de Guatemala en los \u00c1ngeles, me invit\u00f3 a apoyarlo y a trabajar.<\/p>\n<p style=\"text-align: justify;\"><strong>\u00bfAl mencionarte el nombre de Roberto Santandrea con qu\u00e9 lo relacionas?<\/strong> Un gran amigo, un excelente actor y director de teatro. Me ha dirigido y me ha dado la oportunidad de pertenecer a su elenco teatral. Me ha apoyado en varios proyectos, una persona clave en mi vida profesional, siempre me ha acompa\u00f1ado y me ha aconsejado, he aprendido mucho de \u00e9l.<\/p>\n<figure id=\"attachment_2635\" aria-describedby=\"caption-attachment-2635\" style=\"width: 210px\" class=\"wp-caption alignright\"><a href=\"https:\/\/heidysandovalruiz.com\/wp-content\/uploads\/2015\/04\/10968537_630833127023326_1131687235775492684_n.jpg\"><img loading=\"lazy\" decoding=\"async\" class=\" wp-image-2635 \" alt=\"Con el Cr\u00f3nista de la Ciudad Miguel Alvarez\" src=\"https:\/\/heidysandovalruiz.com\/wp-content\/uploads\/2015\/04\/10968537_630833127023326_1131687235775492684_n-300x225.jpg\" width=\"210\" height=\"158\" srcset=\"https:\/\/heidysandovalruiz.com\/wp-content\/uploads\/2015\/04\/10968537_630833127023326_1131687235775492684_n-300x225.jpg 300w, https:\/\/heidysandovalruiz.com\/wp-content\/uploads\/2015\/04\/10968537_630833127023326_1131687235775492684_n.jpg 604w\" sizes=\"auto, (max-width: 210px) 100vw, 210px\" \/><\/a><figcaption id=\"caption-attachment-2635\" class=\"wp-caption-text\">Con el Cr\u00f3nista de la Ciudad Miguel Alvarez<\/figcaption><\/figure>\n<p style=\"text-align: justify;\"><strong>\u00bfQu\u00e9 puedes compartirnos del disco de poemas \u201cMujer de trigo tierra y agua\u201d?<\/strong> Una locura po\u00e9tica m\u00eda, la mayor\u00eda de los poemas que lo componen los escrib\u00ed entre los 18 a los 20 a\u00f1os. Los ten\u00eda anotados en un cuaderno pero ped\u00edan a gritos salir. No entend\u00eda mucho el mundo de la publicaci\u00f3n de libros, as\u00ed que decid\u00ed presentarlos en un formato que para m\u00ed era muy familiar, el formato sonoro, habl\u00e9 con Julio San Juan que ten\u00eda un estudio de grabaci\u00f3n para que me hiciera un super precio, le ped\u00ed a Roberto Santandrea y a Javier Peralta que recitaran conmigo, busqu\u00e9 a Luis Arturo Gramajo \u201cCurly\u201d para que le hiciera un melod\u00eda especial a cada poema, ellos tres me apoyaron sin ning\u00fan costo, me regalaron su tiempo y su talento.<\/p>\n<p style=\"text-align: justify;\">Al tener el master de grabaci\u00f3n busqu\u00e9 a Ren\u00e9 Piril y le ped\u00ed si \u00e9l pod\u00eda hacer la reproducci\u00f3n de los discos pues yo no ten\u00eda dinero, Ren\u00e9 me dijo que si.<\/p>\n<p style=\"text-align: justify;\">En febrero del a\u00f1o 2000 present\u00e9 el disco en el Teatro Espa\u00f1a de la Avenida Reforma, Roberto me ayud\u00f3 d\u00e1ndome el espacio y con algunos de sus alumnos de teatro haciendo la representaci\u00f3n de los poemas.<\/p>\n<p style=\"text-align: justify;\"><strong>Hablando de tu pap\u00e1 \u00bfCu\u00e1l de sus canciones te gustaba m\u00e1s y por qu\u00e9?<\/strong> No tengo una favorita, me gustan todas, lo tengo presente escuch\u00e1ndolo cantarlas, todas con mucha entrega, todas con el alma. Pero recuerdo Puerto de San Jos\u00e9; La Sanjuanerita; Milagroso Se\u00f1or de Esquipulas; Canto a Mi Guatemala; Livingston; El Burrito; El Chonguengue; Ah Puchis que de ha Sombrero; Viva San Marcos; y la lista sigue.<\/p>\n<p style=\"text-align: justify;\"><strong><a href=\"https:\/\/heidysandovalruiz.com\/wp-content\/uploads\/2015\/04\/10312139_10202120479474720_6293437454054534742_n.jpg\"><img loading=\"lazy\" decoding=\"async\" class=\"wp-image-2636 alignleft\" alt=\"10312139_10202120479474720_6293437454054534742_n\" src=\"https:\/\/heidysandovalruiz.com\/wp-content\/uploads\/2015\/04\/10312139_10202120479474720_6293437454054534742_n-199x300.jpg\" width=\"139\" height=\"210\" srcset=\"https:\/\/heidysandovalruiz.com\/wp-content\/uploads\/2015\/04\/10312139_10202120479474720_6293437454054534742_n-199x300.jpg 199w, https:\/\/heidysandovalruiz.com\/wp-content\/uploads\/2015\/04\/10312139_10202120479474720_6293437454054534742_n.jpg 417w\" sizes=\"auto, (max-width: 139px) 100vw, 139px\" \/><\/a>\u00bfQu\u00e9 actividades has realizado para mantener vivo el recuerdo de tu padre?<\/strong> Varias actividades, cuando mi pap\u00e1 muri\u00f3 mi primo Jos\u00e9 Luis Monz\u00f3n me dijo que ser\u00eda bueno que yo hiciera algo para mantener viva la memoria musical de \u00e9l, y con eso me marc\u00f3 para toda la vida.<br \/>\nHe investigado, recogido datos, compilado letras, an\u00e9cdotas, m\u00fasica, fotograf\u00edas de mi pap\u00e1, un trabajo que llevo ya por 12 a\u00f1os.<\/p>\n<p style=\"text-align: justify;\">Por iniciativa propia he organizado y producido una serie de homenajes, entre ellos:<\/p>\n<p style=\"text-align: justify;\">\u2022 2004, 10 de septiembre en Palacio Nacional de la Cultura,<br \/>\n1era. Exposici\u00f3n Fotogr\u00e1fica \u201cJos\u00e9 Ernesto Monz\u00f3n\u201d.<\/p>\n<p style=\"text-align: justify;\">\u2022 2005, Septiembre organiza y produce el festival \u201cJos\u00e9 Ernesto Monz\u00f3n\u201d<br \/>\nConmemorando el 2do. Aniversario de la muerte del Maestro en el Paraninfo Universitario.<\/p>\n<p style=\"text-align: justify;\">\u2022 2006 Septiembre organiza y Produce en el Museo del Ferrocarril el 3er. Festival \u201cJos\u00e9 Ernesto Monz\u00f3n\u201d El Cantor del Paisaje.<\/p>\n<p style=\"text-align: justify;\">\u2022 2008, octubre en Casa Scout Nacional inaugura la p\u00e1gina electr\u00f3nica<br \/>\nwww.joseernestomonzon.com<\/p>\n<p style=\"text-align: justify;\">2009 Presentadora y apoyo en la producci\u00f3n de la presentaci\u00f3n del Sello Postal Jos\u00e9 Ernesto Monz\u00f3n Reyna, emitido por la Direcci\u00f3n General de Correos y Tel\u00e9grafos de Guatemala, bajo la direcci\u00f3n del licenciado Joaqu\u00edn Flores Espa\u00f1a.<\/p>\n<p style=\"text-align: justify;\">2010: Octubre: Curadora y Co-organizadora de la colecci\u00f3n fotogr\u00e1fica de Jos\u00e9 Ernesto Monz\u00f3n en una de las salas del Museo Nacional de Historia.<\/p>\n<p style=\"text-align: justify;\">\u2022 2012, trabaja el Bolet\u00edn tradici\u00f3n musical de Guatemala \u201cJos\u00e9 Ernesto Monz\u00f3n\u201d El Cantor del Paisaje, en apoyo al investigador Alfonso Arrivillaga Cort\u00e9s del CEFOL de la Universidad de San Carlos de Guatemala.<\/p>\n<p style=\"text-align: justify;\">\u2022 2012: Festival de m\u00fasica Jos\u00e9 Ernesto Monz\u00f3n, en el Centro Cultural de la Procuradur\u00eda de los Derechos Humanos de Guatemala.<\/p>\n<p style=\"text-align: justify;\">\u2022 2013: Pinceladas Musicales de Jos\u00e9 Ernesto Monz\u00f3n en el Teatro de C\u00e1mara del Centro Cultural Miguel \u00c1ngel Asturias.<\/p>\n<p style=\"text-align: justify;\"><strong>\u00bfC\u00f3mo llegas al cargo de Directora Ejecutiva de la Gremial de Editores de Guatemala y de la Feria Internacional del Libro en Guatemala, FILGUA?<\/strong> Nunca imagin\u00e9 que podr\u00eda dirigir una feria de este tama\u00f1o y de tanta importancia.<a href=\"https:\/\/heidysandovalruiz.com\/wp-content\/uploads\/2015\/04\/1426524_10201217943831893_792165549_n.jpg\"><img loading=\"lazy\" decoding=\"async\" class=\" wp-image-2637 alignright\" alt=\"1426524_10201217943831893_792165549_n\" src=\"https:\/\/heidysandovalruiz.com\/wp-content\/uploads\/2015\/04\/1426524_10201217943831893_792165549_n-300x225.jpg\" width=\"210\" height=\"158\" srcset=\"https:\/\/heidysandovalruiz.com\/wp-content\/uploads\/2015\/04\/1426524_10201217943831893_792165549_n-300x225.jpg 300w, https:\/\/heidysandovalruiz.com\/wp-content\/uploads\/2015\/04\/1426524_10201217943831893_792165549_n.jpg 960w\" sizes=\"auto, (max-width: 210px) 100vw, 210px\" \/><\/a><\/p>\n<p style=\"text-align: justify;\">Yo trabajaba en el Centro Cultural de la Procuradur\u00eda de los Derechos Humanos de Guatemala, alternaba mi trabajo con algunos proyectos culturales que he apoyado, presentaciones de libros, temas culturales, entre otros. El 9 de mayo de 2013 me llam\u00f3 una amiga me dijo que era necesario que le enviar\u00e1 en ese momento mi hoja de vida, pregunt\u00e9 \u00bfpara qu\u00e9? No estaba buscando trabajo en ese momento, me dijo que requer\u00eda a alguien con el perfil que yo tengo, me qued\u00e9 un poco desconcertada pero por la amistad se lo envi\u00e9, por la tarde me llam\u00f3 alguien pidiendo tener una reuni\u00f3n conmigo al d\u00eda siguiente, 10 de mayo, fui a la reuni\u00f3n y me pidi\u00f3 llegara al d\u00eda siguiente a una reuni\u00f3n m\u00e1s donde me entrevistar\u00edan 3 personas, al llegar al lugar vi que hab\u00eda m\u00e1s personas a quienes estaban entrevistando, yo era la \u00faltima en espera, me hablaron durante casi una hora, me explicaron el proyecto, me qued\u00e9 seria, pensativa, me dije, yo estoy bien ahora, tengo un trabajo seguro y estable, no sab\u00eda qu\u00e9 hacer, pens\u00e9 en decirles que era por gusto que me entrevistaran pero igual cre\u00ed que no me escoger\u00edan, la feria estaba muy pr\u00f3xima a menos de un mes y medio y yo no la conoc\u00eda.<\/p>\n<p style=\"text-align: justify;\">El d\u00eda 14 de mayo por la tarde me llamaron me dijeron que era necesario que me presentara a trabajar al d\u00eda siguiente pues hab\u00edan votado por unanimidad por m\u00ed; mi reacci\u00f3n fue de sorpresa, no sab\u00eda qu\u00e9 hacer, yo estaba trabajando en la PDH, les expliqu\u00e9 eso, me dijeron, pues ma\u00f1ana renuncie all\u00e1 y empieza el 16 con nosotros, me comentaron que sopesaron el estudio acad\u00e9mico pero sobre todo la experiencia en gesti\u00f3n cultural, en organizar eventos, en relaciones p\u00fablicas, en manejo de informaci\u00f3n en medios de comunicaci\u00f3n; al final me di cuenta que todo ese trabajo que muchas veces hice sin un centavo, solo con la ilusi\u00f3n de hacer las cosas, con pasi\u00f3n y entrega, muchas veces yendo y viniendo en bus, o bajo la lluvia, todo eso me ense\u00f1\u00f3, aprend\u00ed a tratar el tema cultural, a lograr espacios, creo que son bendiciones que mi pap\u00e1 me env\u00edo, recompensas por el trabajo hecho sin esperar nada a cambio, as\u00ed fue como llegu\u00e9 a dirigir la Filgua.<\/p>\n<p style=\"text-align: justify;\"><strong>Hablando de este tema \u00bfQu\u00e9 es lo m\u00e1s dif\u00edcil que te ha tocado vivir en la organizaci\u00f3n de este evento?<\/strong> Quiz\u00e1 el menosprecio que el Estado y las empresas privadas tienen por el tema cultural, no le dan importancia, hay escaso apoyo, tampoco hay p\u00fablicos para las actividades, la poca cultura del aprecio a las expresiones art\u00edsticas, literarias, culturales, a las tradiciones, hay poca comprensi\u00f3n del tema.<\/p>\n<p style=\"text-align: justify;\">Es una tarea tit\u00e1nica sacar adelante proyectos culturales en un pa\u00eds donde no se aprecia la cultura y no se destinan apoyos econ\u00f3micos y las pol\u00edticas p\u00fablicas se engavetan.<\/p>\n<p style=\"text-align: justify;\"><strong>\u00bfSiendo directora de FILGUA qu\u00e9 pa\u00edses has tenido la oportunidad de visitar y qu\u00e9 beneficios se han logrado para Guatemala?<\/strong> Como Directora de Filgua el primer pa\u00eds fue Chile, en Santiago se realiz\u00f3 una reuni\u00f3n de Directores de Ferias de Iberoam\u00e9rica promovida por CERLALC Unesco en el marco de la Feria de Santiago, FILSA.<\/p>\n<p style=\"text-align: justify;\">Yo era novata en el tema, no conoc\u00eda a nadie, en la mesa les expliqu\u00e9 la importancia de nuestra regi\u00f3n, la necesidad de apoyo, le dije que si ellos no volteaban a ver a las ferias m\u00e1s peque\u00f1as nunca \u00edbamos a pasar de ser eso, que ten\u00edamos gran potencial pero necesit\u00e1bamos que dirigieran esfuerzos hacia nuestra regi\u00f3n. Hice contacto con Mario Espinoza de LIBREARTE Chile, \u00e9l e Ivonne Guzm\u00e1n empezaron la gesti\u00f3n para que Pro Chile autorizara un apoyo econ\u00f3mico y viniera a la Filgua una delegaci\u00f3n chilena, trabajaron duro all\u00e1 y lo lograron, en 2014 nos visitaron y para el 2015 el embajador de Chile en Guatemala se sum\u00f3 a todo el esfuerzo y por primera vez tendremos una presencia chilena fuerte, con todo un pabell\u00f3n, escritores, literatura, artesan\u00edas.<\/p>\n<p style=\"text-align: justify;\"><a href=\"https:\/\/heidysandovalruiz.com\/wp-content\/uploads\/2015\/04\/IMG_0419.jpg\"><img loading=\"lazy\" decoding=\"async\" class=\" wp-image-2638 alignleft\" alt=\"IMG_0419\" src=\"https:\/\/heidysandovalruiz.com\/wp-content\/uploads\/2015\/04\/IMG_0419-200x300.jpg\" width=\"140\" height=\"210\" srcset=\"https:\/\/heidysandovalruiz.com\/wp-content\/uploads\/2015\/04\/IMG_0419-200x300.jpg 200w, https:\/\/heidysandovalruiz.com\/wp-content\/uploads\/2015\/04\/IMG_0419-682x1024.jpg 682w, https:\/\/heidysandovalruiz.com\/wp-content\/uploads\/2015\/04\/IMG_0419.jpg 855w\" sizes=\"auto, (max-width: 140px) 100vw, 140px\" \/><\/a>En noviembre de 2013 viaj\u00e9 a Fil Guadalajara, la feria del libro m\u00e1s importante del mundo, la visitan 670 escritores de todo el planeta, m\u00e1s de 600 mil personas, se hacen muchas ruedas de negocios. All\u00ed solidifiqu\u00e9 una amistad que inici\u00f3 en Chile y ha ido creciendo con el tiempo, con Boris Faingola de Uruguay, Presidente del Grupo Iberoamericano de Editores, a quien conoc\u00ed en la FILSA, y hemos compartido ya en dos ocasiones en Guadalajara, ha visitado FILGUA, se ha vuelto un gran amigo y un gran apoyo.<\/p>\n<p style=\"text-align: justify;\">En Guadalajara tambi\u00e9n conoc\u00ed a la gran Gioconda Belli, quien ya visit\u00f3 Filgua, con ella me une una inmensa amistad.<\/p>\n<p style=\"text-align: justify;\">En Chiapas conoc\u00ed a Juan Villoro, Chary Gumeta.<\/p>\n<p style=\"text-align: justify;\">Son muchos los amigos que he ido conociendo de todas parte de Am\u00e9rica Latina, muchos de ellos me han dado gran apoyo, desde Argentina, Brasil, Uruguay, Chile, Colombia, Costa Rica, Nicaragua, M\u00e9xico, Dominicana y muchos otros pa\u00edses, pero definitivamente todo esto no podr\u00eda darse sin el respaldo y el apoyo de la Gremial de Editores de Guatemala, sin su confianza en mi trabajo.<\/p>\n<p style=\"text-align: justify;\"><strong>\u00bfQu\u00e9 significa la familia para ti?<\/strong> Son mi fuerza gravitacional. Mi raz\u00f3n de ser y existir, mi lucha, mi energ\u00eda. Amo a mi familia sin ellos no soy nadie.<\/p>\n<p style=\"text-align: justify;\"><strong>\u00bfQu\u00e9 proyectos tienes para este 2015?<\/strong> Proyectos profesionales, en primer lugar la FILGUA 2015, el equipo de trabajo est\u00e1 dando todo su esfuerzo para organizar una bonita feria.<br \/>\nPrecisamente este 23 y 24 presentar\u00e9 dos recitales de poes\u00eda en Rep\u00fablica Dominicana, invitada por el Director de la Feria Pedro Valdez, en el marco de la XVIII Feria Internacional del Libro Santo Domingo 2015.<\/p>\n<p style=\"text-align: justify;\">Este mismo recital lo presentar\u00e9 ac\u00e1 en Guatemala, posiblemente en el Centro Cultural de la Embajada de M\u00e9xico \u201cLuis Cardoza y Arag\u00f3n\u201d.<\/p>\n<p style=\"text-align: justify;\">Espero poder presentar mi libro de cuentos infantiles ac\u00e1 en Guatemala y en Chiapas M\u00e9xico.<br \/>\nViajar\u00e9 a Guadalajara, a la Fil para hacer m\u00e1s contactos con escritores, editores y gente del mundo del libro.<\/p>\n<p style=\"text-align: justify;\"><strong>\u00bfPuedes compartir un mensaje con las personas que leen \u201cLas entrevistas de Heidy\u201d?<\/strong> Nunca, jam\u00e1s pierdan la fe, pero al mismo tiempo deben estudiar, profesionalizarse, buscar oportunidades. No desmayen, sue\u00f1en, sue\u00f1en en grande y crean en sus sue\u00f1os, los l\u00edmites uno se los pone, f\u00edjense metas, pero no quieran alcanzarlas de una zancada, todo lleva su tiempo, nada ocurre ni antes ni despu\u00e9s. Mantengan los pies en la tierra, no pierdan la humildad, sean siempre agradecidos y educados.<\/p>\n<p style=\"text-align: justify;\">Hoy hemos conocido la historia de una guatemalteca que ha logrado sobresalir en cada una de las actividades que realiza. Es un ejemplo de constancia y adem\u00e1s, el ingrediente que le da el \u00e9xito se llama pasi\u00f3n por todo lo que se propone. Deseamos muchos \u00e9xitos a Brenda Monz\u00f3n y que FILGUA 2015 sea todo un \u00e9xito.<\/p>\n<p style=\"text-align: justify;\">Les invitamos para que se unan al grupo de \u00abArtistas de Guatemala para el Mundo\u00bb en este link <a href=\"http:\/\/on.fb.me\/1sn2wSf\">http:\/\/on.fb.me\/1sn2wSf<\/a>, el cual tiene como prop\u00f3sito compartir videos, fotos, an\u00e9cdotas y todo lo de nuestros artistas en las diferentes d\u00e9cadas.<\/p>\n<p style=\"text-align: justify;\">Tambi\u00e9n ponemos a su disposici\u00f3n el grupo \u201cUn siglo de anuncios\u201d, un espacio donde pueden compartir o comentar los post que se publiquen <a href=\"http:\/\/on.fb.me\/1vASm2g\">http:\/\/on.fb.me\/1vASm2g<\/a><\/p>\n<p>Las entrevistas las pueden leer en los siguientes links:<br \/>\n<a href=\"http:\/\/lasentrevistasdeheidy.blogspot.com\">http:\/\/lasentrevistasdeheidy.blogspot.com<\/a><br \/>\n<a href=\"https:\/\/www.facebook.com\/pages\/Los-invitados-de-Heidy\/892159284204965?ref=hl\">https:\/\/www.facebook.com\/pages\/Los-invitados-de-Heidy\/892159284204965?ref=hl<\/a><\/p>\n<p><em><strong>Entrevista realizada por Heidy Sandoval Ruiz<\/strong><\/em><\/p>\n","protected":false},"excerpt":{"rendered":"<div class=\"mh-excerpt\"><p>En la \u201cCara amiga de los invitados de Heidy\u201d, presento en esta oportunidad la historia de una mujer multifac\u00e9tica, poetisa, escritora, promotora cultural, periodista, Relacionista <a class=\"mh-excerpt-more\" href=\"https:\/\/heidysandovalruiz.com\/?p=2630\" title=\"La cara amiga de \u00abBrenda Monz\u00f3n\u00bb\">[&#8230;]<\/a><\/p>\n<\/div>","protected":false},"author":4,"featured_media":2633,"comment_status":"closed","ping_status":"closed","sticky":false,"template":"","format":"standard","meta":{"footnotes":""},"categories":[16],"tags":[222],"class_list":["post-2630","post","type-post","status-publish","format-standard","has-post-thumbnail","hentry","category-la-cara-amiga","tag-la-cara-amiga-de-brenda-monzon"],"_links":{"self":[{"href":"https:\/\/heidysandovalruiz.com\/index.php?rest_route=\/wp\/v2\/posts\/2630","targetHints":{"allow":["GET"]}}],"collection":[{"href":"https:\/\/heidysandovalruiz.com\/index.php?rest_route=\/wp\/v2\/posts"}],"about":[{"href":"https:\/\/heidysandovalruiz.com\/index.php?rest_route=\/wp\/v2\/types\/post"}],"author":[{"embeddable":true,"href":"https:\/\/heidysandovalruiz.com\/index.php?rest_route=\/wp\/v2\/users\/4"}],"replies":[{"embeddable":true,"href":"https:\/\/heidysandovalruiz.com\/index.php?rest_route=%2Fwp%2Fv2%2Fcomments&post=2630"}],"version-history":[{"count":1,"href":"https:\/\/heidysandovalruiz.com\/index.php?rest_route=\/wp\/v2\/posts\/2630\/revisions"}],"predecessor-version":[{"id":2639,"href":"https:\/\/heidysandovalruiz.com\/index.php?rest_route=\/wp\/v2\/posts\/2630\/revisions\/2639"}],"wp:featuredmedia":[{"embeddable":true,"href":"https:\/\/heidysandovalruiz.com\/index.php?rest_route=\/wp\/v2\/media\/2633"}],"wp:attachment":[{"href":"https:\/\/heidysandovalruiz.com\/index.php?rest_route=%2Fwp%2Fv2%2Fmedia&parent=2630"}],"wp:term":[{"taxonomy":"category","embeddable":true,"href":"https:\/\/heidysandovalruiz.com\/index.php?rest_route=%2Fwp%2Fv2%2Fcategories&post=2630"},{"taxonomy":"post_tag","embeddable":true,"href":"https:\/\/heidysandovalruiz.com\/index.php?rest_route=%2Fwp%2Fv2%2Ftags&post=2630"}],"curies":[{"name":"wp","href":"https:\/\/api.w.org\/{rel}","templated":true}]}}