{"id":2655,"date":"2015-04-22T22:10:14","date_gmt":"2015-04-22T22:10:14","guid":{"rendered":"http:\/\/heidysandovalruiz.com\/?p=2655"},"modified":"2015-04-22T22:10:52","modified_gmt":"2015-04-22T22:10:52","slug":"poeta-chiapaneca-chary-gumeta-muy-pronto-en-guatemala","status":"publish","type":"post","link":"https:\/\/heidysandovalruiz.com\/?p=2655","title":{"rendered":"Poeta chiapaneca Chary Gumeta muy pronto en Guatemala"},"content":{"rendered":"<p style=\"text-align: center;\">\u00a0<span style=\"color: #000080;\"><b>Pronto en Guatemala la poeta chiapaneca Chary Gumeta<\/b><\/span><\/p>\n<p style=\"text-align: justify;\"><span style=\"color: #000080;\">Naci\u00f3 en Villa Flores, Chiapas, Estudi\u00f3 Licenciaturas y Maestr\u00eda enfocada a la Educaci\u00f3n y Letras latinoamericanas. Desde 1977 se ha interesado en las letras tomando talleres con Joaqu\u00edn V\u00e1squez Aguilar, Oscar Oliva y Ricardo Cuellar Valencia. Perteneci\u00f3 a uno de los grupos m\u00e1s representativos de la Poes\u00eda Chiapaneca \u201cHeliKon Dorado\u201d del poeta Gustavo Ruiz Pascacio, junto a los poetas: Blanca Margarita L\u00f3pez Alegr\u00eda, Uvel V\u00e1squez, Israel Gonz\u00e1lez, Ariel P\u00e9rez Anzueto, Manuel Ca\u00f1as, por mencionar algunos.<\/span><\/p>\n<p style=\"text-align: justify;\"><span style=\"color: #000080;\">Su poes\u00eda ha aparecido en diversas publicaciones como Finisterra de Sinaloa, Universa, Cronistas de Chiapas, Inn Magazine; en la prensa local as\u00ed como en publicaciones universitarias del pa\u00eds. Ha publicado en Revistas de Per\u00fa, Guatemala y Costa Rica. Es coautora de los libros \u201cChiapas S\u00edntesis Hist\u00f3rica: Pa\u00eds de los Mayas Tierra del Mestizo\u201d Y \u201cJoaqu\u00edn Miguel Guti\u00e9rrez Canales S\u00edntesis Biogr\u00e1fica\u201d; ambos de investigaci\u00f3n hist\u00f3rica.<a href=\"https:\/\/heidysandovalruiz.com\/wp-content\/uploads\/2015\/04\/chary.jpg\"><img loading=\"lazy\" decoding=\"async\" class=\"size-thumbnail wp-image-2657 alignright\" alt=\"chary\" src=\"https:\/\/heidysandovalruiz.com\/wp-content\/uploads\/2015\/04\/chary-150x150.jpg\" width=\"150\" height=\"150\" \/><\/a><\/span><\/p>\n<p style=\"text-align: justify;\"><span style=\"color: #000080;\">\u00a0En poes\u00eda form\u00f3 parte de la antolog\u00eda \u201cVoces Chiapanecas\u201d (CONECULTA); sus m\u00e1s recientes publicaciones son \u201cVeneno para la Ausencia\u201d (Copainalan 2012; Public Pervert 2012); \u201cPerlas de Obsidiana\u201d (Ed. Espantap\u00e1jaros 2013); y \u201cPoemas para domar Pulpos Callejeros\u201d (2013). Ha participado en diversos Festivales de poes\u00eda desde 1986 y en su calidad de Promotora Cultural de las artes y la literatura ha sido directora de diversos festivales y eventos art\u00edsticos en el estado de Chiapas y fuera de \u00e9ste.<\/span><\/p>\n<p style=\"text-align: justify;\"><span style=\"color: #000080;\">\u00a0Su Trabajo se ha distinguido principalmente por promover a j\u00f3venes creadores de artes visuales y literatura. Actualmente prepara el poemario \u201cPoemas muy Violetas\u201d y es parte de la organizaci\u00f3n del Festival Mesoamericano de Poes\u00eda y del Festival Internacional de Poes\u00eda San Crist\u00f3bal de las Casas. Es coordinadora del \u00e1rea de Artes Literarias y encabeza el Consejo Editorial del Festival Internacional de Expresiones Culturales de la Nueva Generaci\u00f3n \u201cProyecto Posh\u201d desde el a\u00f1o 2012.<\/span><\/p>\n","protected":false},"excerpt":{"rendered":"<div class=\"mh-excerpt\"><p>\u00a0Pronto en Guatemala la poeta chiapaneca Chary Gumeta Naci\u00f3 en Villa Flores, Chiapas, Estudi\u00f3 Licenciaturas y Maestr\u00eda enfocada a la Educaci\u00f3n y Letras latinoamericanas. Desde <a class=\"mh-excerpt-more\" href=\"https:\/\/heidysandovalruiz.com\/?p=2655\" title=\"Poeta chiapaneca Chary Gumeta muy pronto en Guatemala\">[&#8230;]<\/a><\/p>\n<\/div>","protected":false},"author":4,"featured_media":2656,"comment_status":"closed","ping_status":"closed","sticky":false,"template":"","format":"standard","meta":{"footnotes":""},"categories":[63],"tags":[224],"class_list":["post-2655","post","type-post","status-publish","format-standard","has-post-thumbnail","hentry","category-varios","tag-poeta-chiapaneca-chary-gumeta-muy-pronto-en-guatemala"],"_links":{"self":[{"href":"https:\/\/heidysandovalruiz.com\/index.php?rest_route=\/wp\/v2\/posts\/2655","targetHints":{"allow":["GET"]}}],"collection":[{"href":"https:\/\/heidysandovalruiz.com\/index.php?rest_route=\/wp\/v2\/posts"}],"about":[{"href":"https:\/\/heidysandovalruiz.com\/index.php?rest_route=\/wp\/v2\/types\/post"}],"author":[{"embeddable":true,"href":"https:\/\/heidysandovalruiz.com\/index.php?rest_route=\/wp\/v2\/users\/4"}],"replies":[{"embeddable":true,"href":"https:\/\/heidysandovalruiz.com\/index.php?rest_route=%2Fwp%2Fv2%2Fcomments&post=2655"}],"version-history":[{"count":1,"href":"https:\/\/heidysandovalruiz.com\/index.php?rest_route=\/wp\/v2\/posts\/2655\/revisions"}],"predecessor-version":[{"id":2658,"href":"https:\/\/heidysandovalruiz.com\/index.php?rest_route=\/wp\/v2\/posts\/2655\/revisions\/2658"}],"wp:featuredmedia":[{"embeddable":true,"href":"https:\/\/heidysandovalruiz.com\/index.php?rest_route=\/wp\/v2\/media\/2656"}],"wp:attachment":[{"href":"https:\/\/heidysandovalruiz.com\/index.php?rest_route=%2Fwp%2Fv2%2Fmedia&parent=2655"}],"wp:term":[{"taxonomy":"category","embeddable":true,"href":"https:\/\/heidysandovalruiz.com\/index.php?rest_route=%2Fwp%2Fv2%2Fcategories&post=2655"},{"taxonomy":"post_tag","embeddable":true,"href":"https:\/\/heidysandovalruiz.com\/index.php?rest_route=%2Fwp%2Fv2%2Ftags&post=2655"}],"curies":[{"name":"wp","href":"https:\/\/api.w.org\/{rel}","templated":true}]}}