{"id":2670,"date":"2015-04-27T03:17:42","date_gmt":"2015-04-27T03:17:42","guid":{"rendered":"http:\/\/heidysandovalruiz.com\/?p=2670"},"modified":"2017-07-31T02:24:41","modified_gmt":"2017-07-31T02:24:41","slug":"la-cara-amiga-de-edgar-alvarado","status":"publish","type":"post","link":"https:\/\/heidysandovalruiz.com\/?p=2670","title":{"rendered":"La cara amiga de \u00abEdgar Alvarado\u00bb"},"content":{"rendered":"<p style=\"text-align: justify;\">En la \u201c<b>Cara amiga de los invitados de Heidy<\/b>\u201d presento en esta oportunidad a un guitarrista que a trav\u00e9s de su instrumento ha disfrutado de la vida acompa\u00f1ando a muchos artistas tanto nacionales como internacionales.\u00a0\u00a0Con m\u00e1s de 4 d\u00e9cadas en el ambiente art\u00edstico nuestro invitado Edgar Alvarado Mota \u201c<b>Edgar Alvarado<\/b>\u201d, nos comentar\u00e1 su historia y como fue que se involucr\u00f3 en el ambiente musical.<\/p>\n<p style=\"text-align: justify;\">Bienvenido a este espacio donde se puede decir lo que se quiere y en otros lados no se puede.<\/p>\n<p style=\"text-align: justify;\"><b>Para dar inicio a la entrevista te har\u00e9 viajar en el tiempo a los primeros a\u00f1os de tu vida \u00bfC\u00f3mo recuerdas a tu familia? \u00bfCu\u00e1ntos hermanos tuviste? \u00bfQu\u00e9 jugaban?<\/b>\u00a0Hola Heidy antes que nada gracias a ti por esta oportunidad que me das de contarle a mis amigos y a los lectores parte de mi vida.<\/p>\n<p style=\"text-align: justify;\">Te se decir que tengo muy buenos recuerdos de mi familia, especialmente de mi madre ya que ella fue padre y madre para mi, somos una familia muy peque\u00f1a y a la vez muy unidos. Tengo una hermana solamente a la cual quiero mucho.<\/p>\n<p style=\"text-align: justify;\">Jug\u00e1bamos con ella al escondite, tenta, al avi\u00f3n , hasta jaxs jugaba con ella para entretenernos, que recuerdos me has tra\u00eddo de una etapa de mi vida maravillosa.<\/p>\n<p style=\"text-align: justify;\"><b>\u00bfC\u00f3mo recuerdas tu etapa en el colegio la primaria y secundaria?<\/b>\u00a0Recuerdo muy bien la primaria, empec\u00e9 estudiando en la Escuela 25 de Septiembre en la Colonia Land\u00edvar en la zona 7, luego nos cambiamos de casa a la zona 12 a la colonia Reformita y termin\u00e9 la primaria en la Escuela Jos\u00e9 Batres Mont\u00fafar, luego termin\u00e9 los b\u00e1sicos y bachillerato en el I.N.C.V. Instituto Nacional Central para Varones.\u00a0\u00a0Jugu\u00e9 basquet ball en la selecci\u00f3n menor de dicho plantel, muy buenos recuerdos de mi infancia y adolescencia.<\/p>\n<p style=\"text-align: justify;\"><b>\u00bfPor qu\u00e9 te atrae la m\u00fasica y en qu\u00e9 momento sientes la atracci\u00f3n, alg\u00fan familiar artista?<\/b>\u00a0La m\u00fasica me atrae porque cerca de la casa de la zona 12, hab\u00eda un grupo musical que se llamaban Los Yoguis, y cada vez que ensayaban yo tocaba la puerta y les ped\u00eda permiso para o\u00edrlos tocar, me recuerdo que ensayaban como 3 o 4 horas y no me aburr\u00eda de escucharlos ,el problema era que los ensayos eran en la noche y me esperaba un gran rega\u00f1o de parte de mi madre, pero val\u00eda la pena, yo ten\u00eda como 12 a\u00f1os.<a href=\"https:\/\/heidysandovalruiz.com\/wp-content\/uploads\/2015\/04\/1378173_10151832665208022_269262755_n.jpg\"><img loading=\"lazy\" decoding=\"async\" class=\"wp-image-2672 alignright\" src=\"https:\/\/heidysandovalruiz.com\/wp-content\/uploads\/2015\/04\/1378173_10151832665208022_269262755_n-300x300.jpg\" alt=\"1378173_10151832665208022_269262755_n\" width=\"180\" height=\"180\" srcset=\"https:\/\/heidysandovalruiz.com\/wp-content\/uploads\/2015\/04\/1378173_10151832665208022_269262755_n-300x300.jpg 300w, https:\/\/heidysandovalruiz.com\/wp-content\/uploads\/2015\/04\/1378173_10151832665208022_269262755_n-150x150.jpg 150w, https:\/\/heidysandovalruiz.com\/wp-content\/uploads\/2015\/04\/1378173_10151832665208022_269262755_n.jpg 540w\" sizes=\"auto, (max-width: 180px) 100vw, 180px\" \/><\/a><\/p>\n<p style=\"text-align: justify;\"><b>\u00bfPor qu\u00e9 decides ejecutar la guitarra?<\/b>\u00a0\u00a0Me llam\u00f3 la atenci\u00f3n la primera guitarra o sea la que lleva la melod\u00eda, y recuerdo muy bien que el due\u00f1o del grupo Los Yoguis me dijo una vez te gusta la m\u00fasica verdad vos patojo? Y yo le dije no, no me gusta me encanta, y \u00e9l se empez\u00f3 a re\u00edr y me dijo ten\u00e9 agarr\u00e1 mi guitarra, era una el\u00e9ctrica marca Teisco, y yo me puse muy contento, pero solo la charrangueaba sin sacarle melod\u00eda alguna, el se llamaba Carlos Collado, recuerdo muy bien cuando me dijo: quer\u00e9s aprender a tocar guitarra, yo r\u00e1pido le conteste siiiiii, el me ense\u00f1\u00f3 a tocar la primera canci\u00f3n que se llama \u201cLa guitarra y el mar\u201d, instrumental por supuesto, la aprend\u00ed muy r\u00e1pido y me dijo vos patojo vas a ser guitarrista, y \u00e9l fue el culpable de que yo aprendiera a tocar jajajajaja<\/p>\n<p style=\"text-align: justify;\"><b>\u00bfQu\u00e9 otros instrumentos ejecutas?<\/b>\u00a0Toco guitarra, guitarra bajo y bater\u00eda, piano toco muy poco, necesito practicarlo m\u00e1s.<\/p>\n<p style=\"text-align: justify;\"><b>\u00bfQui\u00e9n fue tu maestro musicalmente hablando?<\/b>\u00a0Mi maestro fue Carlos Collado, luego en armon\u00eda y escalas Paquito M\u00e9ndez (QDEP) del cual tengo muy buenos recuerdos, el me daba los papeles de escalas que el estudiaba.<\/p>\n<p style=\"text-align: justify;\"><b>\u00bfQu\u00e9 traigo a tu mente si te menciono a\u00f1o 1972?<\/b>\u00a0El a\u00f1o 1972 me trae muchos recuerdos ya que ese fue cuando toqu\u00e9 en el primer grupo que se llamaba : Paz y Amor, ellos eran de la zona 12 La Reformita.<\/p>\n<p style=\"text-align: justify;\"><b><a href=\"https:\/\/heidysandovalruiz.com\/wp-content\/uploads\/2015\/04\/1385603_10151809522253022_198056260_n.jpg\"><img loading=\"lazy\" decoding=\"async\" class=\"size-thumbnail wp-image-2673 alignleft\" src=\"https:\/\/heidysandovalruiz.com\/wp-content\/uploads\/2015\/04\/1385603_10151809522253022_198056260_n-150x150.jpg\" alt=\"1385603_10151809522253022_198056260_n\" width=\"150\" height=\"150\" srcset=\"https:\/\/heidysandovalruiz.com\/wp-content\/uploads\/2015\/04\/1385603_10151809522253022_198056260_n-150x150.jpg 150w, https:\/\/heidysandovalruiz.com\/wp-content\/uploads\/2015\/04\/1385603_10151809522253022_198056260_n-300x300.jpg 300w, https:\/\/heidysandovalruiz.com\/wp-content\/uploads\/2015\/04\/1385603_10151809522253022_198056260_n.jpg 718w\" sizes=\"auto, (max-width: 150px) 100vw, 150px\" \/><\/a>\u00bfQu\u00e9 recuerdas con esta canci\u00f3n \u201cIf you leave me now you&#8217;ll take away the biggest part of me oooh no, baby please don&#8217;t go?<\/b>\u00a0Wow, esa canci\u00f3n me recuerda cuando toqu\u00e9 con el grupo Sal y Pimienta de don Manolo o Manuel Berducido, con ese grupo toc\u00e1bamos m\u00fasica en ingl\u00e9s y pocas en espa\u00f1ol, Bee Gees, Erick Clapton, Santana, Banda Chicago, Eagles, etc ,etc, en espa\u00f1ol por decirte Camilo Sesto, Miguel Gallardo eran pocas las que toc\u00e1bamos porque el cantante primera voz cantaba muy bien y ten\u00eda una tesitura alta y las chicas nos ped\u00edan esa clase de m\u00fasica en las fiestas o kermesses que nos present\u00e1bamos.<\/p>\n<p style=\"text-align: justify;\"><b>A prop\u00f3sito \u00bfC\u00f3mo recuerdas el momento que subiste al escenario?<\/b>\u00a0Recuerdo ese momento como que fue ayer, un poco nervioso, pero solo fue pasajero, despu\u00e9s ya no me quer\u00eda bajar del escenario.<\/p>\n<p><b>\u00bfC\u00f3mo definir\u00edas la \u00e9poca de los a\u00f1os 70s?<\/b>\u00a0La \u00e9poca de los 70&#8217;s fue una muy buena \u00e9poca para la m\u00fasica y para los grupos musicales tambi\u00e9n, y para m\u00ed fue excelente porque fue cuando me inici\u00e9 tocando.<a href=\"https:\/\/heidysandovalruiz.com\/wp-content\/uploads\/2015\/04\/316089_10150347115663022_1370374153_n.jpg\"><img loading=\"lazy\" decoding=\"async\" class=\"size-thumbnail wp-image-2674 alignright\" src=\"https:\/\/heidysandovalruiz.com\/wp-content\/uploads\/2015\/04\/316089_10150347115663022_1370374153_n-150x150.jpg\" alt=\"316089_10150347115663022_1370374153_n\" width=\"150\" height=\"150\" \/><\/a><\/p>\n<p style=\"text-align: justify;\"><b>\u00bfA qui\u00e9nes de tus colegas artistas recuerdas y que tuviste una amistad cercana?<\/b>\u00a0Recuerdo con mucho cari\u00f1o a Paquito M\u00e9ndez tremendo guitarrista (QDEP), Danilo Mart\u00ednez (Bajista) Raulito Maqu\u00edn, Rigo P\u00e9rez Maqu\u00edn, Ra\u00fal Fuentes, Tommy de Le\u00f3n, Fernando Quijivix, Hugo Duarte, Emilio Guerrero, Julio Tejada, Carlos Molina, Chofo (QDEP) y Sa\u00fal Gir\u00f3n del Grupo Comanche, y muchos m\u00e1s los llevo siempre en mi mente.<\/p>\n<p style=\"text-align: justify;\"><b>\u00bfA qu\u00e9 artistas nacionales acompa\u00f1aste y de que a\u00f1os hablamos?<\/b>\u00a0Artistas nacionales, recuerdo que el due\u00f1o del grupo Los Cardenales, Tadeo Alvizures me habl\u00f3 para ir a acompa\u00f1ar a Jorge Mario Paredes y Alicia Azurdia, el no ten\u00eda guitarrista y yo estaba disponible, ellos fueron los primeros artistas que yo acompa\u00f1\u00e9, tambi\u00e9n a Elizabeth de Guatemala, Lynda Sard\u00e1, Cherokee, Maritza Estrada, Yanina, Silvia Elizabeth, Mariana, Karin May, Jos\u00e9 Emilio, Sergio Iv\u00e1n, Blanca Lidia, Daniel Salazar, Roberto Rey, Arkangel de Le\u00f3n, Annaby, Carmen Yolanda, Ruth Levy, Otto Maradiaga, Orlando Coronado y varios m\u00e1s, de las fechas no me acuerdo, pero te puedo decir que fue en hoteles y night clubs muy famosos de Guatemala.<\/p>\n<p style=\"text-align: justify;\"><b>\u00bfQu\u00e9 guitarrista marc\u00f3 tu vida y tu carrera profesional?<\/b>\u00a0Carlos Santana, el fue mi inspiraci\u00f3n.<\/p>\n<p style=\"text-align: justify;\"><b><a href=\"https:\/\/heidysandovalruiz.com\/wp-content\/uploads\/2015\/04\/18409_10152808789268022_6860957772959390425_n.jpg\"><img loading=\"lazy\" decoding=\"async\" class=\"size-thumbnail wp-image-2675 alignleft\" src=\"https:\/\/heidysandovalruiz.com\/wp-content\/uploads\/2015\/04\/18409_10152808789268022_6860957772959390425_n-150x150.jpg\" alt=\"18409_10152808789268022_6860957772959390425_n\" width=\"150\" height=\"150\" srcset=\"https:\/\/heidysandovalruiz.com\/wp-content\/uploads\/2015\/04\/18409_10152808789268022_6860957772959390425_n-150x150.jpg 150w, https:\/\/heidysandovalruiz.com\/wp-content\/uploads\/2015\/04\/18409_10152808789268022_6860957772959390425_n-300x300.jpg 300w, https:\/\/heidysandovalruiz.com\/wp-content\/uploads\/2015\/04\/18409_10152808789268022_6860957772959390425_n.jpg 960w\" sizes=\"auto, (max-width: 150px) 100vw, 150px\" \/><\/a>Y hablando del amor \u00bfCu\u00e1ndo llega a tu vida?<\/b>\u00a0El amor, el amor, estoy muy feliz con mi esposa, ella y mis hijos son mi inspiraci\u00f3n.<\/p>\n<p style=\"text-align: justify;\"><b>\u00bfEres rom\u00e1ntico?<\/b>\u00a0Siiiiii\u2026soy s\u00faper rom\u00e1ntico.<\/p>\n<p style=\"text-align: justify;\"><b>La guitarra es un instrumento con el que se pueden lograr varios ritmos \u00bfCu\u00e1les son los que m\u00e1s te gustan?<\/b>\u00a0Baladas, rock, flamenco, jazz y blues.<\/p>\n<p style=\"text-align: justify;\"><b>\u00bfEn qu\u00e9 a\u00f1o decides irte a radicar a Estados Unidos y cu\u00e1l fue la raz\u00f3n?<\/b>\u00a0Decid\u00ed venirme aqu\u00ed a Estados Unidos en 1995, buscando nuevos horizontes y siguiendo al amor tambi\u00e9n (mi adorada esposa).<\/p>\n<p style=\"text-align: justify;\"><b>\u00bfQu\u00e9 es lo que m\u00e1s extra\u00f1as de Guatemala?<\/b>\u00a0De Guatemala extra\u00f1o a mi familia a mis amig@s, la exquisita comida ya que soy de muy buen comer, su cultura, con decirte que hasta extra\u00f1o el humo de las camionetas jajajajaja<\/p>\n<p style=\"text-align: justify;\"><b>Hablando de Guatemala \u00bfC\u00f3mo lo pasaste porque s\u00e9 que estuviste recientemente de visita?<\/b>\u00a0Si fui por un mes a mi bello pa\u00eds y me lo pas\u00e9 muy bien, visitando como siempre la Antigua Guatemala y varios departamentos, visitando a mis amigos bueno&#8230; a los que pude visitar y cada vez estoy m\u00e1s impresionado de ir a mi bella Guatemala.<\/p>\n<p style=\"text-align: justify;\"><b>\u00bfPuedes compartir un mensaje con quienes leen \u201cLas entrevistas de Heidy\u201d?\u00a0<\/b>Siiii claro, todo en la vida es posible, todos nuestros sue\u00f1os y metas podemos hacerlos realidad, nada m\u00e1s es de accionar, y saber vivir d\u00eda a d\u00eda a plenitud.<\/p>\n<p style=\"text-align: justify;\">Agradezco a \u201cEntrevistas de Heidy\u201d por esta oportunidad que me ha dado de compartir un poco de mi vida musical amor, paz y bienestar.<\/p>\n<p style=\"text-align: justify;\">Hoy compartimos la historia de \u201cEdgar Alvarado\u201d un m\u00fasico que a trav\u00e9s de su guitarra expresa sus sentimientos, sus emociones.\u00a0\u00a0Esperamos que la hayan disfrutado.<\/p>\n<p><iframe loading=\"lazy\" width=\"560\" height=\"315\" src=\"https:\/\/www.youtube.com\/embed\/XfeYHFgv7J8?ecver=1\" frameborder=\"0\" allowfullscreen><\/iframe><\/p>\n<p style=\"text-align: justify;\">\n<p style=\"text-align: justify;\">Les invitamos para que se unan al grupo de \u00ab<b>Artistas de Guatemala para el Mundo<\/b>\u00bb en este link<b>\u00a0<\/b><a href=\"http:\/\/on.fb.me\/1sn2wSf\"><b>http:\/\/on.fb.me\/1sn2wSf<\/b><\/a>,\u00a0el cual tiene como prop\u00f3sito compartir videos, fotos, an\u00e9cdotas y todo lo de nuestros artistas en las diferentes d\u00e9cadas.<\/p>\n<p style=\"text-align: justify;\">Tambi\u00e9n ponemos a su disposici\u00f3n el grupo \u201c<b>Un siglo de anuncios<\/b>\u201d, un espacio donde pueden compartir o comentar los post que se publiquen\u00a0<a href=\"http:\/\/on.fb.me\/1vASm2g\">http:\/\/on.fb.me\/1vASm2g<\/a><\/p>\n<p><b>\u00a0<\/b><\/p>\n<p><b>Las entrevistas las pueden leer en los siguientes links:<\/b><\/p>\n<p><a title=\"La cara amiga de Fernando Scheel\" href=\"http:\/\/www.heidysandovalruiz.com\/\">http:\/\/www.heidysandovalruiz.com<\/a><\/p>\n<p><a title=\"La Cara amiga de &quot;Fernando Scheel&quot;\" href=\"http:\/\/losinvitadosdeheidy.blogspot.com\/\">http:\/\/lasentrevistasdeheidy.blogspot.com<\/a><\/p>\n<p><a title=\"Los invitados de Heidy\" href=\"https:\/\/www.facebook.com\/pages\/Los-invitados-de-Heidy\/892159284204965?ref=hl\">https:\/\/www.facebook.com\/pages\/Los-invitados-de-Heidy\/892159284204965?ref=hl<\/a><\/p>\n<p>&nbsp;<\/p>\n<p>&nbsp;<\/p>\n<p><b>Entrevista realizada por Heidy Sandoval Ruiz<\/b><\/p>\n","protected":false},"excerpt":{"rendered":"<div class=\"mh-excerpt\"><p>En la \u201cCara amiga de los invitados de Heidy\u201d presento en esta oportunidad a un guitarrista que a trav\u00e9s de su instrumento ha disfrutado de <a class=\"mh-excerpt-more\" href=\"https:\/\/heidysandovalruiz.com\/?p=2670\" title=\"La cara amiga de \u00abEdgar Alvarado\u00bb\">[&#8230;]<\/a><\/p>\n<\/div>","protected":false},"author":4,"featured_media":2671,"comment_status":"closed","ping_status":"closed","sticky":false,"template":"","format":"standard","meta":{"footnotes":""},"categories":[16],"tags":[225],"class_list":["post-2670","post","type-post","status-publish","format-standard","has-post-thumbnail","hentry","category-la-cara-amiga","tag-la-cara-amiga-de-edgar-alvarado"],"_links":{"self":[{"href":"https:\/\/heidysandovalruiz.com\/index.php?rest_route=\/wp\/v2\/posts\/2670","targetHints":{"allow":["GET"]}}],"collection":[{"href":"https:\/\/heidysandovalruiz.com\/index.php?rest_route=\/wp\/v2\/posts"}],"about":[{"href":"https:\/\/heidysandovalruiz.com\/index.php?rest_route=\/wp\/v2\/types\/post"}],"author":[{"embeddable":true,"href":"https:\/\/heidysandovalruiz.com\/index.php?rest_route=\/wp\/v2\/users\/4"}],"replies":[{"embeddable":true,"href":"https:\/\/heidysandovalruiz.com\/index.php?rest_route=%2Fwp%2Fv2%2Fcomments&post=2670"}],"version-history":[{"count":3,"href":"https:\/\/heidysandovalruiz.com\/index.php?rest_route=\/wp\/v2\/posts\/2670\/revisions"}],"predecessor-version":[{"id":5098,"href":"https:\/\/heidysandovalruiz.com\/index.php?rest_route=\/wp\/v2\/posts\/2670\/revisions\/5098"}],"wp:featuredmedia":[{"embeddable":true,"href":"https:\/\/heidysandovalruiz.com\/index.php?rest_route=\/wp\/v2\/media\/2671"}],"wp:attachment":[{"href":"https:\/\/heidysandovalruiz.com\/index.php?rest_route=%2Fwp%2Fv2%2Fmedia&parent=2670"}],"wp:term":[{"taxonomy":"category","embeddable":true,"href":"https:\/\/heidysandovalruiz.com\/index.php?rest_route=%2Fwp%2Fv2%2Fcategories&post=2670"},{"taxonomy":"post_tag","embeddable":true,"href":"https:\/\/heidysandovalruiz.com\/index.php?rest_route=%2Fwp%2Fv2%2Ftags&post=2670"}],"curies":[{"name":"wp","href":"https:\/\/api.w.org\/{rel}","templated":true}]}}