{"id":2843,"date":"2015-05-30T04:54:58","date_gmt":"2015-05-30T04:54:58","guid":{"rendered":"http:\/\/heidysandovalruiz.com\/?p=2843"},"modified":"2015-08-12T22:05:57","modified_gmt":"2015-08-12T22:05:57","slug":"la-cara-amiga-de-estuardo-yela","status":"publish","type":"post","link":"https:\/\/heidysandovalruiz.com\/?p=2843","title":{"rendered":"La cara amiga de \u00abEstuardo Yela\u00bb"},"content":{"rendered":"<p style=\"text-align: justify;\">En la \u201c<b>Cara amiga de los invitados de Heidy<\/b>\u201d en esta oportunidad compartir\u00e9 la historia de un artista que desde los seis a\u00f1os ya\u00a0 sent\u00eda inquietud por la m\u00fasica.\u00a0 Es el quinto de seis hermanos, es cantante solista, compositor.\u00a0 Fue baterista, bajista y guitarrista de varios grupos desde finales de los 70s hasta 1996 que se independiz\u00f3 para lanzarse como solista.<\/p>\n<p style=\"text-align: justify;\">Presento a ustedes a \u201c<b>Estuardo Yela\u201d<\/b> en este espacio que ha nacido con el objeto de recordar y\/o dar a conocer a los guatemaltecos que se han esmerado por hacer de su trabajo su pasi\u00f3n.<\/p>\n<p style=\"text-align: justify;\"><b>Inicio la entrevista pregunt\u00e1ndote \u00bfCon cinco hermanos, c\u00f3mo recuerdas que era la vida familiar, te llevabas mejor con alguno de ellos? <\/b>Mi ni\u00f1ez fue muy buena, muchos lindos recuerdos, mucha hermandad y apoyado por mis hermanos mayores.<b><\/b><\/p>\n<p style=\"text-align: justify;\"><b>\u00bfC\u00f3mo recuerdas que llamas la atenci\u00f3n de tu familia en cuanto a la inquietud musical se refiere? <\/b>Siempre fui t\u00edmido pero al o\u00edr m\u00fasica me transformaba. Me encerraba en el garaje de mi casa a sacar ritmo y percusiones con las paletas y ollas de la cocina. Por supuesto que r\u00e1pido mi madrecita se daba cuenta y terminaba rega\u00f1ando. Poco despu\u00e9s al percatarse de mi vocaci\u00f3n empec\u00e9 a recibir apoyo de mi familia especialmente de mi padrastro Jos\u00e9 Eduardo \u201cPepe\u201d Ram\u00edrez, conocido por pertenecer a las orquestas m\u00e1s famosas de esa \u00e9poca. Fue un ejemplo para m\u00ed y aprend\u00ed mucho de \u00e9l sobre todo el buen gusto musical,<b><\/b><\/p>\n<figure id=\"attachment_2845\" aria-describedby=\"caption-attachment-2845\" style=\"width: 150px\" class=\"wp-caption alignright\"><a href=\"https:\/\/heidysandovalruiz.com\/wp-content\/uploads\/2015\/05\/Con-hermano-Fernando-Yela.jpg\"><img loading=\"lazy\" decoding=\"async\" class=\"size-thumbnail wp-image-2845 \" alt=\"Con hermano Fernando Yela\" src=\"https:\/\/heidysandovalruiz.com\/wp-content\/uploads\/2015\/05\/Con-hermano-Fernando-Yela-150x150.jpg\" width=\"150\" height=\"150\" \/><\/a><figcaption id=\"caption-attachment-2845\" class=\"wp-caption-text\">Con Fernando Yela<\/figcaption><\/figure>\n<p style=\"text-align: justify;\"><b>A prop\u00f3sito \u00bfEn qu\u00e9 momento dices la m\u00fasica es lo m\u00edo? <\/b>Mi vocaci\u00f3n es innata y desde muy ni\u00f1o dije esto es lo m\u00edo a pesar de que ten\u00eda mi profesi\u00f3n principal como Tecn\u00f3logo M\u00e9dico que desempe\u00f1\u00e9 durante 22 a\u00f1os en el Instituto Guatemalteco de Seguridad Social. Al terminar mis labores sal\u00eda el verdadero yo y me iba a trabajar en la m\u00fasica, Trabaj\u00e9 para los m\u00e1s prestigiosos hoteles, Night Clubs y el Club de Oficiales en mi querida Guatemala, as\u00ed como en M\u00e9xico, El Salvador y en los \u00faltimos 13 a\u00f1os en California USA.<b><\/b><\/p>\n<p style=\"text-align: justify;\"><b>\u00bfRecibiste clases de m\u00fasica? <\/b>Aprend\u00ed de los grandes m\u00fasicos con los cuales trabaje y adem\u00e1s creamos talleres de m\u00fasica con compa\u00f1eros de mucho talento.<b><\/b><\/p>\n<p style=\"text-align: justify;\"><b>\u00bfQu\u00e9 instrumentos ejecutas? <\/b>Bater\u00eda, bajo, guitarra y teclados siendo mi especialidad la percusi\u00f3n.<b><\/b><\/p>\n<p style=\"text-align: justify;\"><b>\u00bfPor qu\u00e9 te inclinas por la bater\u00eda para ser parte de varios grupos.\u00a0 Puedes mencionarnos donde participaste? <\/b>Como te mencion\u00e9, la bater\u00eda y percusiones me apasionan pero tambi\u00e9n tuve la satisfacci\u00f3n y grata experiencia de ser guitarrista y bajista en mi propio grupo. Fui integrante de grupos destacados como: Panela, Oro S\u00f3lido, Grupo Verano, Grupo Caf\u00e9, Grupo Santa Mar\u00eda adem\u00e1s de peque\u00f1os grupos entre amigos y \u00faltimamente funde el Grupo Equinox aqu\u00ed en California donde adem\u00e1s tuve la suerte que mi hermano Fernando Yela fuera integrante.<b><\/b><\/p>\n<p style=\"text-align: justify;\">Nos toc\u00f3 tambi\u00e9n abrir shows y compartir con Wilfido Vargas, July Mateo, Los Bukis, Enrique Guzm\u00e1n, las Chicas Del Can y nacionales Rana, FM Zacapa, La Gran Familia entre otros<\/p>\n<figure id=\"attachment_2852\" aria-describedby=\"caption-attachment-2852\" style=\"width: 143px\" class=\"wp-caption alignleft\"><a href=\"https:\/\/heidysandovalruiz.com\/wp-content\/uploads\/2015\/05\/Recien-llegado-a-USA-2002.jpg\"><img loading=\"lazy\" decoding=\"async\" class=\" wp-image-2852 \" alt=\"Recien llegado a USA 2002\" src=\"https:\/\/heidysandovalruiz.com\/wp-content\/uploads\/2015\/05\/Recien-llegado-a-USA-2002-204x300.jpg\" width=\"143\" height=\"210\" srcset=\"https:\/\/heidysandovalruiz.com\/wp-content\/uploads\/2015\/05\/Recien-llegado-a-USA-2002-204x300.jpg 204w, https:\/\/heidysandovalruiz.com\/wp-content\/uploads\/2015\/05\/Recien-llegado-a-USA-2002.jpg 471w\" sizes=\"auto, (max-width: 143px) 100vw, 143px\" \/><\/a><figcaption id=\"caption-attachment-2852\" class=\"wp-caption-text\">Recien llegado a USA 2002<\/figcaption><\/figure>\n<p style=\"text-align: justify;\"><b>\u00bfAlguna vez estuvieron juntos con tu hermano Rodolfo Yela en conciertos? <\/b>Durante el 1983-84 fuimos el grupo Oro S\u00f3lido acompa\u00f1ando a mi hermano Rodolfo Yela. Lo integraban grandes m\u00fasicos como Franklin Lara QEPD (Guitarra), Paquito M\u00e9ndez (guitarra) QEPD, Renato Calvinisti (Bajo) y yo en la bater\u00eda. Hicimos programas con Rodolfo como solistas y un dueto en la televisi\u00f3n y en California compartimos escenario en muchas ocasiones.<b><\/b><\/p>\n<p style=\"text-align: justify;\"><b>\u00bfCu\u00e1ndo compones tu primera canci\u00f3n y en qu\u00e9 te inspiras? <\/b>He compuesto muchas canciones de variados g\u00e9neros y diversos motivos, algunas ya grabadas por el grupo texano Windy y Los Dragones De El Norte (Voy a rogarle al Cielo) as\u00ed como otras que forman parte del cat\u00e1logo de Univisi\u00f3n\/Universal.<b><\/b><\/p>\n<p style=\"text-align: justify;\"><b>\u00bfDentro de la m\u00fasica hay diversidad de g\u00e9neros cu\u00e1les son tus preferidos y cu\u00e1les de plano no? <\/b>Dentro de mis shows ejecuto casi toda clase de m\u00fasica incluyendo en ingl\u00e9s.<b> <\/b>No me disgusta pero no se me da el Rap ni el Regetton. De plano soy de la vieja guardia\u00a0 ja,ja,ja<b><\/b><\/p>\n<p style=\"text-align: justify;\"><b>\u00bfQu\u00e9 artistas han tenido influencia en tu vida musical? <\/b>Los Iracundos, Leonardo Favio, Los \u00c1ngeles Negros, Eddie Herrera, Wilfrido Vargas y toda la m\u00fasica en Ingles de los 70s.<b><\/b><\/p>\n<p style=\"text-align: justify;\"><b>\u00bfDespu\u00e9s de la m\u00fasica que otra cosa te apasiona? <\/b>El futbol y soy CREMA!<b><\/b><\/p>\n<p style=\"text-align: justify;\"><b>\u00bfAlguna vez pas\u00f3 por tu mente hacer un grupo con tus hermanos por ejemplo TheBrothersYela\u00b4s? <\/b>Siempre me gust\u00f3 la idea pero no se ha concretado, alg\u00fan d\u00eda no muy lejano se dar\u00e1, ojala con m\u00fasica cristiana.<\/p>\n<figure id=\"attachment_2848\" aria-describedby=\"caption-attachment-2848\" style=\"width: 150px\" class=\"wp-caption alignright\"><a href=\"https:\/\/heidysandovalruiz.com\/wp-content\/uploads\/2015\/05\/Grupo-Equinox-en-accion.jpg\"><img loading=\"lazy\" decoding=\"async\" class=\"size-thumbnail wp-image-2848\" alt=\"Grupo Equinox en accion\" src=\"https:\/\/heidysandovalruiz.com\/wp-content\/uploads\/2015\/05\/Grupo-Equinox-en-accion-150x150.jpg\" width=\"150\" height=\"150\" \/><\/a><figcaption id=\"caption-attachment-2848\" class=\"wp-caption-text\">Grupo Equinox en accion<\/figcaption><\/figure>\n<p style=\"text-align: justify;\"><b>\u00bfTienes material grabado Cds y videos? <\/b>Claro que si, la mayor\u00eda se encuentran en youtube. Espero los vean y sean de su agrado.<b><\/b><\/p>\n<p style=\"text-align: justify;\"><b>\u00bfQu\u00e9 te da nostalgia de tu \u00e9poca de juventud? <\/b>Extra\u00f1o mis vivencias musicales en Guatemala y a mis compa\u00f1eros m\u00fasicos.<b><\/b><\/p>\n<p style=\"text-align: justify;\"><b>\u00bfDesde cu\u00e1ndo y por qu\u00e9 decides radicar fuera de Guatemala? <\/b>A ra\u00edz de la muerte de mi madrecita hace un poco mas de 12 a\u00f1os, decid\u00ed vivir cerca de mis tres hermanos y una hermana que radican en California desde hace casi treinta a\u00f1os con la idea de aprender en el campo de la grabaci\u00f3n y producci\u00f3n musical.<b><\/b><\/p>\n<p style=\"text-align: justify;\"><b>\u00bfDe qu\u00e9 manera viven los guatemaltecos que residen fuera de su patria los acontecimientos que se han generado \u00faltimamente en tu patria? <\/b>Con muchos sentimientos encontrados porque la PATRIA nunca se olvida.<b><\/b><\/p>\n<p style=\"text-align: justify;\"><b>\u00bfPuedes compartir un mensaje para quienes leen \u201cLas entrevistas de Heidy\u201d? <\/b>Que vivan a plenitud sus experiencias, compartan lo aprendido y disfruten los logros por peque\u00f1os o grandes que sean.<b><\/b><\/p>\n<p style=\"text-align: justify;\">Te agradezco profundamente el haberme dedicado este espacio, valoro mucho tu contribuci\u00f3n al arte guatemalteco, te admiro as\u00ed como a cada uno de los personajes que han compartido sus vidas y sue\u00f1os a trav\u00e9s de tu espacio. Mil gracias Heidy. Gracias, gracias\u2026<\/p>\n<p style=\"text-align: justify;\">Ha sido un gusto compartir con ustedes la historia maravillosa de Estuardo Yela un ser humano extraordinario y querido por sus compa\u00f1eros artistas.<\/p>\n<p style=\"text-align: justify;\">Les invitamos para que se unan al grupo de \u00ab<b>Artistas de Guatemala para el Mundo<\/b>\u00bb en este link<b>\u00a0<\/b><a href=\"http:\/\/on.fb.me\/1sn2wSf\"><b>http:\/\/on.fb.me\/1sn2wSf<\/b><\/a>,\u00a0el cual tiene como prop\u00f3sito compartir videos, fotos, an\u00e9cdotas y todo lo de nuestros artistas en las diferentes d\u00e9cadas.<\/p>\n<p style=\"text-align: justify;\">Hemos creado el grupo \u201cLas entrevistas de Heidy\u201d que pueden localizar en <a href=\"http:\/\/on.fb.me\/1QxKypc\">http:\/\/on.fb.me\/1QxKypc<\/a><\/p>\n<p style=\"text-align: justify;\">Tambi\u00e9n ponemos a su disposici\u00f3n el grupo \u201c<b>Un siglo de anuncios<\/b>\u201d, un espacio donde pueden compartir o comentar los post que se publiquen <a href=\"http:\/\/on.fb.me\/1vASm2g\">http:\/\/on.fb.me\/1vASm2g<\/a><\/p>\n<figure id=\"attachment_2853\" aria-describedby=\"caption-attachment-2853\" style=\"width: 300px\" class=\"wp-caption aligncenter\"><a href=\"https:\/\/heidysandovalruiz.com\/wp-content\/uploads\/2015\/05\/Retaurant-Casa-Latina.jpg\"><img loading=\"lazy\" decoding=\"async\" class=\"size-medium wp-image-2853\" alt=\"Restaurant Casa Latina\" src=\"https:\/\/heidysandovalruiz.com\/wp-content\/uploads\/2015\/05\/Retaurant-Casa-Latina-300x225.jpg\" width=\"300\" height=\"225\" srcset=\"https:\/\/heidysandovalruiz.com\/wp-content\/uploads\/2015\/05\/Retaurant-Casa-Latina-300x225.jpg 300w, https:\/\/heidysandovalruiz.com\/wp-content\/uploads\/2015\/05\/Retaurant-Casa-Latina.jpg 720w\" sizes=\"auto, (max-width: 300px) 100vw, 300px\" \/><\/a><figcaption id=\"caption-attachment-2853\" class=\"wp-caption-text\">Restaurant Casa Latina<\/figcaption><\/figure>\n<figure id=\"attachment_2854\" aria-describedby=\"caption-attachment-2854\" style=\"width: 210px\" class=\"wp-caption aligncenter\"><a href=\"https:\/\/heidysandovalruiz.com\/wp-content\/uploads\/2015\/05\/Feria-Chapina-Inglewood-CA.jpg\"><img loading=\"lazy\" decoding=\"async\" class=\" wp-image-2854\" alt=\"Feria Chapina Inglewood CA\" src=\"https:\/\/heidysandovalruiz.com\/wp-content\/uploads\/2015\/05\/Feria-Chapina-Inglewood-CA-262x300.jpg\" width=\"210\" height=\"240\" srcset=\"https:\/\/heidysandovalruiz.com\/wp-content\/uploads\/2015\/05\/Feria-Chapina-Inglewood-CA-262x300.jpg 262w, https:\/\/heidysandovalruiz.com\/wp-content\/uploads\/2015\/05\/Feria-Chapina-Inglewood-CA.jpg 425w\" sizes=\"auto, (max-width: 210px) 100vw, 210px\" \/><\/a><figcaption id=\"caption-attachment-2854\" class=\"wp-caption-text\">Feria Chapina Inglewood CA<\/figcaption><\/figure>\n<figure id=\"attachment_2855\" aria-describedby=\"caption-attachment-2855\" style=\"width: 270px\" class=\"wp-caption aligncenter\"><a href=\"https:\/\/heidysandovalruiz.com\/wp-content\/uploads\/2015\/05\/Reconocimiento-de-el-Consulado-General-de-Guatemala-en-los-Angeles.jpg\"><img loading=\"lazy\" decoding=\"async\" class=\" wp-image-2855\" alt=\"Reconocimiento de el Consulado General de Guatemala en los Angeles\" src=\"https:\/\/heidysandovalruiz.com\/wp-content\/uploads\/2015\/05\/Reconocimiento-de-el-Consulado-General-de-Guatemala-en-los-Angeles-300x225.jpg\" width=\"270\" height=\"203\" srcset=\"https:\/\/heidysandovalruiz.com\/wp-content\/uploads\/2015\/05\/Reconocimiento-de-el-Consulado-General-de-Guatemala-en-los-Angeles-300x225.jpg 300w, https:\/\/heidysandovalruiz.com\/wp-content\/uploads\/2015\/05\/Reconocimiento-de-el-Consulado-General-de-Guatemala-en-los-Angeles.jpg 720w\" sizes=\"auto, (max-width: 270px) 100vw, 270px\" \/><\/a><figcaption id=\"caption-attachment-2855\" class=\"wp-caption-text\">Reconocimiento de el Consulado General de Guatemala en los Angeles<\/figcaption><\/figure>\n<figure id=\"attachment_2856\" aria-describedby=\"caption-attachment-2856\" style=\"width: 204px\" class=\"wp-caption aligncenter\"><a href=\"https:\/\/heidysandovalruiz.com\/wp-content\/uploads\/2015\/05\/Restaurante-El-Portal.jpg\"><img loading=\"lazy\" decoding=\"async\" class=\" wp-image-2856 \" alt=\"Restaurante El Portal\" src=\"https:\/\/heidysandovalruiz.com\/wp-content\/uploads\/2015\/05\/Restaurante-El-Portal-292x300.jpg\" width=\"204\" height=\"210\" srcset=\"https:\/\/heidysandovalruiz.com\/wp-content\/uploads\/2015\/05\/Restaurante-El-Portal-292x300.jpg 292w, https:\/\/heidysandovalruiz.com\/wp-content\/uploads\/2015\/05\/Restaurante-El-Portal.jpg 477w\" sizes=\"auto, (max-width: 204px) 100vw, 204px\" \/><\/a><figcaption id=\"caption-attachment-2856\" class=\"wp-caption-text\">Restaurante El Portal<\/figcaption><\/figure>\n<figure id=\"attachment_2851\" aria-describedby=\"caption-attachment-2851\" style=\"width: 300px\" class=\"wp-caption aligncenter\"><a href=\"https:\/\/heidysandovalruiz.com\/wp-content\/uploads\/2015\/05\/Portada-CD-Equinox.jpg\"><img loading=\"lazy\" decoding=\"async\" class=\"size-medium wp-image-2851\" alt=\"Portada CD Equinox\" src=\"https:\/\/heidysandovalruiz.com\/wp-content\/uploads\/2015\/05\/Portada-CD-Equinox-300x212.jpg\" width=\"300\" height=\"212\" srcset=\"https:\/\/heidysandovalruiz.com\/wp-content\/uploads\/2015\/05\/Portada-CD-Equinox-300x212.jpg 300w, https:\/\/heidysandovalruiz.com\/wp-content\/uploads\/2015\/05\/Portada-CD-Equinox.jpg 960w\" sizes=\"auto, (max-width: 300px) 100vw, 300px\" \/><\/a><figcaption id=\"caption-attachment-2851\" class=\"wp-caption-text\">Portada CD Equinox<\/figcaption><\/figure>\n<figure id=\"attachment_2850\" aria-describedby=\"caption-attachment-2850\" style=\"width: 300px\" class=\"wp-caption aligncenter\"><a href=\"https:\/\/heidysandovalruiz.com\/wp-content\/uploads\/2015\/05\/Grupo-Verano.jpg\"><img loading=\"lazy\" decoding=\"async\" class=\"size-medium wp-image-2850\" alt=\"Grupo Verano\" src=\"https:\/\/heidysandovalruiz.com\/wp-content\/uploads\/2015\/05\/Grupo-Verano-300x225.jpg\" width=\"300\" height=\"225\" srcset=\"https:\/\/heidysandovalruiz.com\/wp-content\/uploads\/2015\/05\/Grupo-Verano-300x225.jpg 300w, https:\/\/heidysandovalruiz.com\/wp-content\/uploads\/2015\/05\/Grupo-Verano.jpg 640w\" sizes=\"auto, (max-width: 300px) 100vw, 300px\" \/><\/a><figcaption id=\"caption-attachment-2850\" class=\"wp-caption-text\">Grupo Verano<\/figcaption><\/figure>\n<figure id=\"attachment_2849\" aria-describedby=\"caption-attachment-2849\" style=\"width: 300px\" class=\"wp-caption aligncenter\"><a href=\"https:\/\/heidysandovalruiz.com\/wp-content\/uploads\/2015\/05\/De-planta-en-restaurant-brasileiro-Oba-Oba1.jpg\"><img loading=\"lazy\" decoding=\"async\" class=\"size-medium wp-image-2849\" alt=\"De planta en restaurant brasileiro Oba-Oba\" src=\"https:\/\/heidysandovalruiz.com\/wp-content\/uploads\/2015\/05\/De-planta-en-restaurant-brasileiro-Oba-Oba1-300x225.jpg\" width=\"300\" height=\"225\" srcset=\"https:\/\/heidysandovalruiz.com\/wp-content\/uploads\/2015\/05\/De-planta-en-restaurant-brasileiro-Oba-Oba1-300x225.jpg 300w, https:\/\/heidysandovalruiz.com\/wp-content\/uploads\/2015\/05\/De-planta-en-restaurant-brasileiro-Oba-Oba1.jpg 720w\" sizes=\"auto, (max-width: 300px) 100vw, 300px\" \/><\/a><figcaption id=\"caption-attachment-2849\" class=\"wp-caption-text\">De planta en restaurant brasileiro Oba-Oba<\/figcaption><\/figure>\n<p>&nbsp;<\/p>\n<p>&nbsp;<\/p>\n<p><iframe loading=\"lazy\" src=\"https:\/\/www.youtube.com\/embed\/kKLY14l4MIo\" height=\"315\" width=\"460\" allowfullscreen=\"\" frameborder=\"0\"><\/iframe><\/p>\n<p><iframe loading=\"lazy\" src=\"https:\/\/www.youtube.com\/embed\/iUnyrGFFwpQ\" height=\"315\" width=\"460\" allowfullscreen=\"\" frameborder=\"0\"><\/iframe><\/p>\n<p><iframe loading=\"lazy\" src=\"https:\/\/www.youtube.com\/embed\/tymaiY_0C6w\" height=\"315\" width=\"460\" allowfullscreen=\"\" frameborder=\"0\"><\/iframe><\/p>\n<p><b>Las entrevistas las pueden leer en los siguientes links:<\/b><\/p>\n<p><a href=\"http:\/\/lasentrevistasdeheidy.blogspot.com\">http:\/\/lasentrevistasdeheidy.blogspot.com<\/a><\/p>\n<p><a title=\"Los invitados de Heidy\" href=\"https:\/\/www.facebook.com\/pages\/Los-invitados-de-Heidy\/892159284204965?ref=hl\">https:\/\/www.facebook.com\/pages\/Los-invitados-de-Heidy\/892159284204965?ref=hl<\/a><\/p>\n<p>&nbsp;<\/p>\n<p>&nbsp;<\/p>\n<p><b>Entrevista realizada por Heidy Sandoval Ruiz<\/b><\/p>\n","protected":false},"excerpt":{"rendered":"<div class=\"mh-excerpt\"><p>En la \u201cCara amiga de los invitados de Heidy\u201d en esta oportunidad compartir\u00e9 la historia de un artista que desde los seis a\u00f1os ya\u00a0 sent\u00eda <a class=\"mh-excerpt-more\" href=\"https:\/\/heidysandovalruiz.com\/?p=2843\" title=\"La cara amiga de \u00abEstuardo Yela\u00bb\">[&#8230;]<\/a><\/p>\n<\/div>","protected":false},"author":4,"featured_media":2844,"comment_status":"closed","ping_status":"closed","sticky":false,"template":"","format":"standard","meta":{"footnotes":""},"categories":[16],"tags":[235],"class_list":["post-2843","post","type-post","status-publish","format-standard","has-post-thumbnail","hentry","category-la-cara-amiga","tag-la-cara-amiga-de-estuardo-yela"],"_links":{"self":[{"href":"https:\/\/heidysandovalruiz.com\/index.php?rest_route=\/wp\/v2\/posts\/2843","targetHints":{"allow":["GET"]}}],"collection":[{"href":"https:\/\/heidysandovalruiz.com\/index.php?rest_route=\/wp\/v2\/posts"}],"about":[{"href":"https:\/\/heidysandovalruiz.com\/index.php?rest_route=\/wp\/v2\/types\/post"}],"author":[{"embeddable":true,"href":"https:\/\/heidysandovalruiz.com\/index.php?rest_route=\/wp\/v2\/users\/4"}],"replies":[{"embeddable":true,"href":"https:\/\/heidysandovalruiz.com\/index.php?rest_route=%2Fwp%2Fv2%2Fcomments&post=2843"}],"version-history":[{"count":5,"href":"https:\/\/heidysandovalruiz.com\/index.php?rest_route=\/wp\/v2\/posts\/2843\/revisions"}],"predecessor-version":[{"id":2861,"href":"https:\/\/heidysandovalruiz.com\/index.php?rest_route=\/wp\/v2\/posts\/2843\/revisions\/2861"}],"wp:featuredmedia":[{"embeddable":true,"href":"https:\/\/heidysandovalruiz.com\/index.php?rest_route=\/wp\/v2\/media\/2844"}],"wp:attachment":[{"href":"https:\/\/heidysandovalruiz.com\/index.php?rest_route=%2Fwp%2Fv2%2Fmedia&parent=2843"}],"wp:term":[{"taxonomy":"category","embeddable":true,"href":"https:\/\/heidysandovalruiz.com\/index.php?rest_route=%2Fwp%2Fv2%2Fcategories&post=2843"},{"taxonomy":"post_tag","embeddable":true,"href":"https:\/\/heidysandovalruiz.com\/index.php?rest_route=%2Fwp%2Fv2%2Ftags&post=2843"}],"curies":[{"name":"wp","href":"https:\/\/api.w.org\/{rel}","templated":true}]}}