{"id":2863,"date":"2015-06-10T05:03:09","date_gmt":"2015-06-10T05:03:09","guid":{"rendered":"http:\/\/heidysandovalruiz.com\/?p=2863"},"modified":"2015-08-12T05:04:42","modified_gmt":"2015-08-12T05:04:42","slug":"a-dos-anos-de-las-entrevistas-de-heidy","status":"publish","type":"post","link":"https:\/\/heidysandovalruiz.com\/?p=2863","title":{"rendered":"A dos a\u00f1os de \u00abLas entrevistas de Heidy\u00bb"},"content":{"rendered":"<p style=\"text-align: justify;\">Bienvenidos amigos al espacio de <b>\u201cLas entrevistas de Heidy\u201d,<\/b> nuevamente tengo la oportunidad de realizar un papel de periodista y que mejor que hacerlo con una persona que a lo largo de m\u00e1s de 3 d\u00e9cadas ha contribuido para que los artistas de Guatemala, tengan una ventana a la promoci\u00f3n de su trabajo.<\/p>\n<p style=\"text-align: justify;\">Hace unos meses tuve la oportunidad de entrevistarte, y cr\u00e9eme que fue un honor el ser yo quien compartiera parte de tu historia.\u00a0 Sin embargo, ha pasado el tiempo y hay cosas nuevas que tienes que contarnos.\u00a0 As\u00ed que me aventuro una vez a preguntarte algunos aspectos de lo que has hecho en tus a\u00f1os de periodista.<\/p>\n<p style=\"text-align: justify;\">Bienvenida <strong>Heidy Sandoval Rui<\/strong>z.<\/p>\n<p style=\"text-align: justify;\"><b>Como si nada han pasado dos a\u00f1os desde que iniciaste tu espacio de \u201cLas entrevistas de Heidy\u201d, \u00bfQu\u00e9 te motiv\u00f3 a abrir esta ventana tan importante para los artistas?<\/b> Pues gracias Luigi, jajajaja me sorprende tu profesionalismo cuando decida retirarme ya se a quien le pasar\u00e9 la batuta para que las entrevistas tengan para mucho rato.<\/p>\n<p style=\"text-align: justify;\">Pues te cuento que surgi\u00f3 la idea y platiqu\u00e9 con Gustavo y le dije: \u201cAhora que ya estoy jubilada y joven todav\u00eda, quiero iniciar un nuevo proyecto\u2026un espacio donde pueda entrevistar a locutores, periodistas, pintores, cantantes, poetas y todo guatemalteco que realice una actividad diferente y que sea interesante conocer su historia\u201d.\u00a0 Y mira quien me iba a decir que t\u00fa siendo mi primer invitado publiqu\u00e9 la primera entrevista el 10 de junio de 2013.\u00a0 He de contar que con Luigi eramos amigos por FB pero que a ra\u00edz de esa entrevista nuestra amistad de ha consolidado y sigue creciendo.<\/p>\n<div>\n<p style=\"text-align: justify;\"><b>\u00bfC\u00f3mo seleccionas a tus invitados?<\/b>\u00a0Pues fijate que hay varios aspectos, entre ellos, que sean guatemaltecos y que realicen algo que puedan compartir con nosotros por ejemplo Euda Morales es una chef destacada y su historia es extraordinaria, as\u00ed como Ren\u00e9 Corado \u00abEl Lustrador\u00bb una persona que es ejemplo de que cuando se quieren las cosas,se pueden lograr. \u00a0Por cierto uno de los invitados que nos impresion\u00f3 con sus pron\u00f3sticos fue Luis Fernando Mencos quien por cierto pronto estar\u00e1 con nosotros en nuestros espacios. Artistas, locutores, pintores, entre muchos m\u00e1s han sido parte de mis espacios. \u00a0Aprovecho para agradecer a cada uno de mis invitados de quienes he conocido historias maravillosas.<\/p>\n<\/div>\n<p style=\"text-align: justify;\"><b><a href=\"https:\/\/heidysandovalruiz.com\/wp-content\/uploads\/2015\/06\/4.jpg\"><img loading=\"lazy\" decoding=\"async\" class=\"size-thumbnail wp-image-2865 alignleft\" alt=\"4\" src=\"https:\/\/heidysandovalruiz.com\/wp-content\/uploads\/2015\/06\/4-150x150.jpg\" width=\"150\" height=\"150\" \/><\/a>\u00bfC\u00f3mo ha crecido tu espacio en estos a\u00f1os?<\/b> Te soy sincera, sab\u00eda que algo as\u00ed tendr\u00eda el respaldo de muchos guatemaltecos que quisieran contar su historia, por lo que en estos dos a\u00f1os y gracias a Dios y a todas las personas que nos dan su apoyo, hemos con Gustavo ampliado los espacios por ejemplo tenemos nuestro sitio web, el blog, una FanPage y un grupo dedicado a la promoci\u00f3n de cada persona o instituci\u00f3n que lo solicite.<\/p>\n<p style=\"text-align: justify;\">Por aparte tenemos una FanPage de la Gala de la Canci\u00f3n Guatemalteca, dos grupos m\u00e1s uno donde se comparten las entrevistas de Heidy y el otro de anuncios.\u00a0 Ahhhh y por si fuera poco el FB y el blog de Cerdilandia (esto por mi afici\u00f3n a la colecci\u00f3n de cerditos).<\/p>\n<p style=\"text-align: justify;\">Como se dar\u00e1n cuenta me mantengo bastante entretenida y me encanta, a veces paso m\u00e1s de 8 horas en la computadora, dise\u00f1ando, coordinando y compartiendo publicaciones.<\/p>\n<p style=\"text-align: justify;\"><b>\u00bfY solo t\u00fa realizas todo esto?<\/b> Jajajaja me gusta que preguntes al respecto.\u00a0 Te soy sincera he logrado el apoyo de personas muy responsables y amigos que de alguna manera tenemos el mismo inter\u00e9s y a quienes por cierto agradezco su colaboraci\u00f3n.\u00a0 Por ejemplo en el grupo de \u201cLas entrevistas de Heidy\u201d <a href=\"http:\/\/on.fb.me\/1PEGFvl\">http:\/\/on.fb.me\/1PEGFvl<\/a> es Marisol Solares la responsable de las publicaciones, aqu\u00ed lo \u00fanico que se comparten son entrevistas, no anuncios, ni fotos, solo el trabajo que se realiza para compartir las historias de los guatemaltecos, nos da pena pero en este espacio no se aceptan publicaciones, solo comentarios a las entrevistas y por supuesto me gusta, y si cada entrevista se comparte estoy m\u00e1s que satisfecha, pues de esa manera se logra una buena promoci\u00f3n.<a href=\"https:\/\/heidysandovalruiz.com\/wp-content\/uploads\/2015\/06\/1.jpg\"><img loading=\"lazy\" decoding=\"async\" class=\"size-thumbnail wp-image-2866 alignright\" alt=\"1\" src=\"https:\/\/heidysandovalruiz.com\/wp-content\/uploads\/2015\/06\/1-150x150.jpg\" width=\"150\" height=\"150\" \/><\/a><\/p>\n<p style=\"text-align: justify;\">En el grupo de \u201cArtistas de Guatemala para el mundo\u201d, <a href=\"http:\/\/on.fb.me\/1sn2wSf\">http:\/\/on.fb.me\/1sn2wSf<\/a> se publican las entrevistas, videos, fotos, car\u00e1tulas de discos de nuestros artistas, anuncios de los eventos a realizarse y tengo el apoyo de los administradores Ludwin Aguilar, Sergio Cajas Cuestas y Lucrecia May\u00e9n, que son las personas que junto conmigo decidimos quienes ingresan o no.\u00a0 En \u201cUn siglo de anuncios y algo m\u00e1s\u2026\u201d <a href=\"http:\/\/on.fb.me\/1HbRTW0\">http:\/\/on.fb.me\/1HbRTW0<\/a> la cosa es muy distinta, pues aqu\u00ed se comparten anuncios publicados de 1901 al a\u00f1o 2000 en cualquier medio de comunicaci\u00f3n y cualquier parte del mundo, adem\u00e1s, revistas, afiches, tarjetas de presentaci\u00f3n entre otros.\u00a0 Recibo el apoyo de los administradores Lucrecia May\u00e9n, Ricardo Ceballos, Sergio Cajas Cuestas y Ricardo Mendoza.<\/p>\n<p style=\"text-align: justify;\">En el FB de Cerdilandia <a href=\"http:\/\/on.fb.me\/1KFsep3\">http:\/\/on.fb.me\/1KFsep3<\/a> ese lo manejo sola pues ah\u00ed comparto mi\u00a0 colecci\u00f3n, videos y fotos.<\/p>\n<p style=\"text-align: justify;\">Pero el papel que juega Gustavo Ord\u00f3\u00f1ez es muy importante en cada espacio pues el es quien dise\u00f1a las portadas de cada uno.<\/p>\n<p style=\"text-align: justify;\"><b>\u00bfY qu\u00e9 compartes en tus FanPage? <\/b>En una de ellas que es la \u201cGala de la canci\u00f3n guatemalteca\u201d compartimos solo momentos en videos y fotos de las galas que se han presentado en estos 21 a\u00f1os <a href=\"http:\/\/on.fb.me\/1AkmX25\">http:\/\/on.fb.me\/1AkmX25<\/a><\/p>\n<p style=\"text-align: justify;\">En la FanPage de \u201cLos invitados de Heidy\u201d tambi\u00e9n se comparten las entrevistas, anuncios, temas en general de Guatemala, es decir no es tan estricto lo que se publica <a href=\"http:\/\/on.fb.me\/1uA1UpC\">http:\/\/on.fb.me\/1uA1UpC<\/a><\/p>\n<p style=\"text-align: justify;\"><b><a href=\"https:\/\/heidysandovalruiz.com\/wp-content\/uploads\/2015\/06\/2.jpg\"><img loading=\"lazy\" decoding=\"async\" class=\"size-thumbnail wp-image-2867 alignleft\" alt=\"2\" src=\"https:\/\/heidysandovalruiz.com\/wp-content\/uploads\/2015\/06\/2-150x150.jpg\" width=\"150\" height=\"150\" \/><\/a>Me llama la atenci\u00f3n cuando comentas quienes ingresan o no a los grupos \u00bfpor qu\u00e9? <\/b>Ahhhhh pues porque f\u00edjate que hay personas que cuando ves su perfil dice miembro de 250 o m\u00e1s grupos, entonces eso no nos interesa.\u00a0 Queremos calidad y no cantidad.\u00a0 Hubo alguien que era miembro de 1474 grupos jajajaja\u2026imaginate!!!\u00a0\u00a0 Adem\u00e1s para m\u00ed hay tres tipos de personas que son miembros de un grupo:\u00a0 Las que comentan, las que publican y las que dan me gusta.\u00a0 Por lo que hemos decidido que en las pr\u00f3ximas semanas haremos una reestructura y por supuesto iremos depurando los grupos.\u00a0 Es por eso que insisto que lean las reglas antes de formar parte de una agrupaci\u00f3n.<\/p>\n<p style=\"text-align: justify;\"><b>\u00bfSabes a que lugares del mundo llegan \u201cLas entrevistas de Heidy\u201d?<\/b> Por las estad\u00edsticas y por los comentarios recibidos sabemos que \u00a0llegamos a muchos lugares y por eso seguimos adelante y a\u00fan as\u00ed fuera solo en Guatemala.\u00a0 Nos leen en: M\u00e9xico, Colombia, Honduras, Espa\u00f1a, Canad\u00e1, Chile, Per\u00fa, Nicaragua, Estados Unidos, India, Rusia, Alemania, Bolivia, Argentina, Rep\u00fablica Dominicana, Egipto, El Salvador y China.<a href=\"https:\/\/heidysandovalruiz.com\/wp-content\/uploads\/2015\/06\/3.jpg\"><img loading=\"lazy\" decoding=\"async\" class=\"wp-image-2873 alignright\" alt=\"3\" src=\"https:\/\/heidysandovalruiz.com\/wp-content\/uploads\/2015\/06\/3-300x168.jpg\" width=\"240\" height=\"134\" srcset=\"https:\/\/heidysandovalruiz.com\/wp-content\/uploads\/2015\/06\/3-300x168.jpg 300w, https:\/\/heidysandovalruiz.com\/wp-content\/uploads\/2015\/06\/3-1024x576.jpg 1024w, https:\/\/heidysandovalruiz.com\/wp-content\/uploads\/2015\/06\/3.jpg 1920w\" sizes=\"auto, (max-width: 240px) 100vw, 240px\" \/><\/a><\/p>\n<p style=\"text-align: justify;\"><b>\u00bfQu\u00e9 aspectos positivos le ves a tus espacios y las entrevistas? <\/b>En M\u00e9xico y en muchos otros pa\u00edses sus artistas son ampliamente conocidos pues cuentan con unos archivos incre\u00edbles, por ejemplo puedes leer la revista SOMOS que cada mes se lo dedican a un artista.\u00a0 Aqu\u00ed en Guatemala como que la gente no ha comprendido que todos esos cantantes, escritores, pintores entre otros, son los que han hecho la historia art\u00edstica de Guatemala, pero si se le pregunta a un joven de hoy sobre Daniel Chinchilla, Karim May, Los Hermanitos Dard\u00f3n, Mellina, Rodolfo Yela por mencionar \u00a0algunos son muy pocos los que responden quienes con y que han hecho.\u00a0 Por eso considero que el trabajo que hacemos en estos espacios es una actividad de rescate pues en ellos encuentran la historia de todos estos artistas contada por ellos mismos.\u00a0 Pueden visitar <a href=\"https:\/\/heidysandovalruiz.com\/\">https:\/\/heidysandovalruiz.com<\/a> y <a href=\"http:\/\/lasentrevistasdeheidy.blogspot.com\/\">http:\/\/lasentrevistasdeheidy.blogspot.com<\/a> donde ya existe un archivo con m\u00e1s de 170 historias, m\u00e1s videos y temas en general.<\/p>\n<p style=\"text-align: justify;\"><b>Hablando de tus diversas actividades \u00bfCu\u00e1l fue tu experiencia <a href=\"https:\/\/heidysandovalruiz.com\/wp-content\/uploads\/2015\/06\/perfil.jpg\"><img loading=\"lazy\" decoding=\"async\" class=\"size-thumbnail wp-image-2871 alignleft\" alt=\"perfil\" src=\"https:\/\/heidysandovalruiz.com\/wp-content\/uploads\/2015\/06\/perfil-150x150.jpg\" width=\"150\" height=\"150\" \/><\/a>participando en la realizaci\u00f3n de \u201cLa m\u00e1quina de escribir\u201d y \u201cEl Se\u00f1or de Esquipulas\u201d?\u00a0 <\/b>Pues gracias a ti que me diste la oportunidad\u00a0 de participar, en cada una tuve una grata experiencia pues las personas que fueron parte de tu proyecto me hicieron sentir relajada y confiada, sobretodo t\u00fa que me diste \u00e1nimos jajajajaja y Gustavo que me apoy\u00f3 mucho para que se me quedar\u00e1n los papeles pues aunque peque\u00f1os \u2026ya cuesta memorizar jajajaj, la pr\u00f3xima mejor de muda jajajajaja<\/p>\n<p style=\"text-align: justify;\"><b>Y dinos \u00bfhabr\u00e1 Gala este a\u00f1o?<\/b> Por supuesto presentaremos la \u201cXXII Gala de la Canci\u00f3n Guatemalteca\u201d y agradezco el apoyo que como cada a\u00f1o nos brinda el se\u00f1or Gobernador de Guatemala, sus asesores y personal.\u00a0 Quiero comentarte que esta ser\u00e1 una gala \u201cRetro\u201d, es decir solo se escuchar\u00e1n las canciones que se popularizaron en el siglo pasado.\u00a0 Te doy la primicia participar\u00e1n artistas de la talla de Rolando Ortega, Tito Santis, Thelma Dard\u00f3n, Gloria Marina, Sergio Iv\u00e1n, Mario Vides, D\u00fao Guatelinda y Tres Latinos.\u00a0 Como siempre en la conducci\u00f3n Carlos de Triana, Luis Pellecer y Luis Garist\u00fa, queridos amigos que se unieron hace m\u00e1s de 10 a\u00f1os.\u00a0 Carlitos cumple 16 de estar al frente.<\/p>\n<p style=\"text-align: justify;\">Heidy a nombre de much\u00edsimos artistas te doy las gracias por ese apoyo incondicional que nos brindas para dar a conocer nuestro trabajo, por tu profesionalismo y sobretodo porque tienes un extraordinario sentido del humor y eso pues te hace muy especial.\u00a0 Gracias por darme la oportunidad de llevarle a los lectores esta parte de lo que haces y a nombre de todos te digo que sigas adelante y que no desmayes, recuerda que t\u00fa tambi\u00e9n cuentas con nuestro apoyo.<\/p>\n<p style=\"text-align: justify;\">Aprovecho para desearte que este 17 de junio tengas un maravilloso cumplea\u00f1os al lado de Gustavo y tu se\u00f1ora madre.\u00a0 Y que tengamos Heidy para rato\u2026<\/p>\n<p style=\"text-align: justify;\">Les invitamos para que se unan al grupo de \u00ab<b>Artistas de Guatemala para el Mundo<\/b>\u00bb en este link<b>\u00a0<\/b><a href=\"http:\/\/on.fb.me\/1sn2wSf\"><b>http:\/\/on.fb.me\/1sn2wSf<\/b><\/a>,\u00a0el cual tiene como prop\u00f3sito compartir videos, fotos, an\u00e9cdotas y todo lo de nuestros artistas en las diferentes d\u00e9cadas.<\/p>\n<figure id=\"attachment_2868\" aria-describedby=\"caption-attachment-2868\" style=\"width: 300px\" class=\"wp-caption aligncenter\"><a href=\"https:\/\/heidysandovalruiz.com\/wp-content\/uploads\/2015\/06\/UN-SIGLO-DE-ANUNCIOS.jpg\"><img loading=\"lazy\" decoding=\"async\" class=\"size-medium wp-image-2868 \" alt=\"UN SIGLO DE ANUNCIOS\" src=\"https:\/\/heidysandovalruiz.com\/wp-content\/uploads\/2015\/06\/UN-SIGLO-DE-ANUNCIOS-300x95.jpg\" width=\"300\" height=\"95\" srcset=\"https:\/\/heidysandovalruiz.com\/wp-content\/uploads\/2015\/06\/UN-SIGLO-DE-ANUNCIOS-300x95.jpg 300w, https:\/\/heidysandovalruiz.com\/wp-content\/uploads\/2015\/06\/UN-SIGLO-DE-ANUNCIOS.jpg 954w\" sizes=\"auto, (max-width: 300px) 100vw, 300px\" \/><\/a><figcaption id=\"caption-attachment-2868\" class=\"wp-caption-text\">\u00abUn siglo de anuncios ya algo m\u00e1s&#8230;\u00bb<\/figcaption><\/figure>\n<figure id=\"attachment_2872\" aria-describedby=\"caption-attachment-2872\" style=\"width: 300px\" class=\"wp-caption aligncenter\"><a href=\"https:\/\/heidysandovalruiz.com\/wp-content\/uploads\/2015\/06\/heidy-y-gus.jpg\"><img loading=\"lazy\" decoding=\"async\" class=\"size-medium wp-image-2872\" alt=\"heidy y gus\" src=\"https:\/\/heidysandovalruiz.com\/wp-content\/uploads\/2015\/06\/heidy-y-gus-300x200.jpg\" width=\"300\" height=\"200\" srcset=\"https:\/\/heidysandovalruiz.com\/wp-content\/uploads\/2015\/06\/heidy-y-gus-300x200.jpg 300w, https:\/\/heidysandovalruiz.com\/wp-content\/uploads\/2015\/06\/heidy-y-gus.jpg 800w\" sizes=\"auto, (max-width: 300px) 100vw, 300px\" \/><\/a><figcaption id=\"caption-attachment-2872\" class=\"wp-caption-text\">Gustavo comparte mi vidam y mis proyectos<\/figcaption><\/figure>\n<p>&nbsp;<\/p>\n<p><iframe loading=\"lazy\" src=\"https:\/\/www.youtube.com\/embed\/anfCB08pxeE\" height=\"315\" width=\"420\" allowfullscreen=\"\" frameborder=\"0\"><\/iframe><\/p>\n<p><iframe loading=\"lazy\" src=\"https:\/\/www.youtube.com\/embed\/fGeAYd5YeV0\" height=\"315\" width=\"420\" allowfullscreen=\"\" frameborder=\"0\"><\/iframe><\/p>\n<p><iframe loading=\"lazy\" src=\"https:\/\/www.youtube.com\/embed\/R33Nm9wrkRw\" height=\"315\" width=\"420\" allowfullscreen=\"\" frameborder=\"0\"><\/iframe><\/p>\n<p><iframe loading=\"lazy\" src=\"https:\/\/www.youtube.com\/embed\/rf-8egoEYW0\" height=\"315\" width=\"420\" allowfullscreen=\"\" frameborder=\"0\"><\/iframe><\/p>\n<p><iframe loading=\"lazy\" src=\"https:\/\/www.youtube.com\/embed\/LYYzVbASEqY\" height=\"315\" width=\"420\" allowfullscreen=\"\" frameborder=\"0\"><\/iframe><\/p>\n<p style=\"text-align: justify;\">Hemos creado el grupo \u201cLas entrevistas de Heidy\u201d que pueden localizar en <a href=\"http:\/\/on.fb.me\/1QxKypc\">http:\/\/on.fb.me\/1QxKypc<\/a><\/p>\n<p style=\"text-align: justify;\">Tambi\u00e9n ponemos a su disposici\u00f3n el grupo \u201c<b>Un siglo de anuncios<\/b>\u201d, un espacio donde pueden compartir o comentar los post que se publiquen <a href=\"http:\/\/on.fb.me\/1vASm2g\">http:\/\/on.fb.me\/1vASm2g<\/a><\/p>\n<p style=\"text-align: justify;\"><b>\u00a0<\/b><\/p>\n<p><b>Las entrevistas las pueden leer en los siguientes links:<\/b><\/p>\n<p><a title=\"La Cara amiga de &quot;Fernando Scheel&quot;\" href=\"http:\/\/lasentrevistasdeheidy.blogspot.com\">http:\/\/lasentrevistasdeheidy.blogspot.com<\/a><\/p>\n<p><a title=\"Los invitados de Heidy\" href=\"https:\/\/www.facebook.com\/pages\/Los-invitados-de-Heidy\/892159284204965?ref=hl\">https:\/\/www.facebook.com\/pages\/Los-invitados-de-Heidy\/892159284204965?ref=hl<\/a><\/p>\n<p>&nbsp;<\/p>\n<p><b>Entrevista realizada por Luigi Lanuza<\/b><\/p>\n","protected":false},"excerpt":{"rendered":"<div class=\"mh-excerpt\"><p>Bienvenidos amigos al espacio de \u201cLas entrevistas de Heidy\u201d, nuevamente tengo la oportunidad de realizar un papel de periodista y que mejor que hacerlo con <a class=\"mh-excerpt-more\" href=\"https:\/\/heidysandovalruiz.com\/?p=2863\" title=\"A dos a\u00f1os de \u00abLas entrevistas de Heidy\u00bb\">[&#8230;]<\/a><\/p>\n<\/div>","protected":false},"author":4,"featured_media":3059,"comment_status":"closed","ping_status":"closed","sticky":false,"template":"","format":"standard","meta":{"footnotes":""},"categories":[16],"tags":[236],"class_list":["post-2863","post","type-post","status-publish","format-standard","has-post-thumbnail","hentry","category-la-cara-amiga","tag-a-dos-anos-de-las-entrevistas-de-heidy"],"_links":{"self":[{"href":"https:\/\/heidysandovalruiz.com\/index.php?rest_route=\/wp\/v2\/posts\/2863","targetHints":{"allow":["GET"]}}],"collection":[{"href":"https:\/\/heidysandovalruiz.com\/index.php?rest_route=\/wp\/v2\/posts"}],"about":[{"href":"https:\/\/heidysandovalruiz.com\/index.php?rest_route=\/wp\/v2\/types\/post"}],"author":[{"embeddable":true,"href":"https:\/\/heidysandovalruiz.com\/index.php?rest_route=\/wp\/v2\/users\/4"}],"replies":[{"embeddable":true,"href":"https:\/\/heidysandovalruiz.com\/index.php?rest_route=%2Fwp%2Fv2%2Fcomments&post=2863"}],"version-history":[{"count":5,"href":"https:\/\/heidysandovalruiz.com\/index.php?rest_route=\/wp\/v2\/posts\/2863\/revisions"}],"predecessor-version":[{"id":2877,"href":"https:\/\/heidysandovalruiz.com\/index.php?rest_route=\/wp\/v2\/posts\/2863\/revisions\/2877"}],"wp:featuredmedia":[{"embeddable":true,"href":"https:\/\/heidysandovalruiz.com\/index.php?rest_route=\/wp\/v2\/media\/3059"}],"wp:attachment":[{"href":"https:\/\/heidysandovalruiz.com\/index.php?rest_route=%2Fwp%2Fv2%2Fmedia&parent=2863"}],"wp:term":[{"taxonomy":"category","embeddable":true,"href":"https:\/\/heidysandovalruiz.com\/index.php?rest_route=%2Fwp%2Fv2%2Fcategories&post=2863"},{"taxonomy":"post_tag","embeddable":true,"href":"https:\/\/heidysandovalruiz.com\/index.php?rest_route=%2Fwp%2Fv2%2Ftags&post=2863"}],"curies":[{"name":"wp","href":"https:\/\/api.w.org\/{rel}","templated":true}]}}